{"id":112,"date":"2023-09-10T17:59:00","date_gmt":"2023-09-10T17:59:00","guid":{"rendered":"https:\/\/galerijakaptol.hr\/?p=112"},"modified":"2023-09-10T18:06:19","modified_gmt":"2023-09-10T18:06:19","slug":"humanitarna-akcija-autori-za-petrovu-jutarnji-list-svibanj-2020","status":"publish","type":"post","link":"https:\/\/galerijakaptol.hr\/index.php\/2023\/09\/10\/humanitarna-akcija-autori-za-petrovu-jutarnji-list-svibanj-2020\/","title":{"rendered":"HUMANITARNA AKCIJA &#8216;AUTORI ZA PETROVU&#8217;, JUTARNJI LIST, SVIBANJ 2020."},"content":{"rendered":"<p style=\"text-align: justify;\"><span style=\"font-family: 'Open Sans',sans-serif; color: #77777e;\">UMJETNI\u010cKA LUTRIJA ZA OBNOVU PETROVE BOLNICE<\/span><\/p>\n<p style=\"text-align: justify;\"><span style=\"font-family: 'Open Sans',sans-serif; color: #77777e;\">Gra\u0111ani upla\u0107uju po 300 kuna, a potom se izvla\u010denjem odabiru oni koji su osvojili pojedini rad<\/span><\/p>\n<p style=\"text-align: justify;\"><strong><span style=\"font-family: 'Open Sans',sans-serif; color: #77777e;\">Lucia Jeri\u010d<\/span><\/strong><span style=\"font-family: 'Open Sans',sans-serif; color: #77777e;\">\u00a0u Zagreb se vratila nakon magisterija u Rimu na temu kulturnog i umjetni\u010dkog managementa. Tijekom pandemije koronavirusa, izolacije i potresa do\u0161la je na ideju da organizira humanitarnu akciju u vidu umjetni\u010dke lutrije kako bi pomogla obnovi Petrove bolnice koja je stradala u potresu.<\/span><\/p>\n<p style=\"text-align: justify;\"><span style=\"font-family: 'Open Sans',sans-serif; color: #77777e;\">Pozvala je na sudjelovanje tridesetak umjetnika. Svaki od tih autora donira po jedan svoj rad. Sve se umjetnine stavljaju \u201cu bubanj\u201d. Nakon toga se izvla\u010de dobitnici. Svi se radovi mogu pogledati na stranici\u00a0<\/span><a href=\"https:\/\/www.autorizapetrovu.com\/\"><b><span style=\"font-family: 'Open Sans',sans-serif; color: #77777e; text-decoration: none; text-underline: none;\">www.autorizapetrovu.com<\/span><\/b><\/a><span style=\"font-family: 'Open Sans',sans-serif; color: #77777e;\">.<\/span><\/p>\n<p style=\"text-align: justify;\"><strong><span style=\"font-family: 'Open Sans',sans-serif; color: #77777e;\">Ideja za projekt<\/span><\/strong><\/p>\n<p style=\"text-align: justify;\"><span style=\"font-family: 'Open Sans',sans-serif; color: #77777e;\">Sudionici akcije \u201cAutori za Petrovu\u201d, a pozivaju se svi gra\u0111ani na sudjelovanje, uplatili bi po 300 kuna, na ra\u010dun posebne namjene. Akcija traje mjesec dana, nakon \u010dega se izvla\u010denjem odabiru imena onih koji su osvojili pojedini rad. Tridesetak najsretnijih donatora, oni koji budu izvu\u010deni, na kraju \u0107e dobiti po jedan rad, pa za malu cifru mogu do\u0107i u posjed vrijednog umjetni\u010dkog djela. Kako govori na\u0161a sugovornica:<\/span><\/p>\n<p style=\"text-align: justify;\"><span style=\"font-family: 'Open Sans',sans-serif; color: #77777e;\">\u00a0\u201cIdeja za projekt sinula mi je dok sam radila od doma. Kako sam \u010ditav svoj \u017eivot u umjetnosti, \u017eeljela sam upravo umjetnost spojiti s humanitarnom akcijom. Petrova bolnica koja je stradala u potresu mnogima od nas predstavlja po\u010detak \u017eivota, va\u017ena je institucija grada i dr\u017eave te se \u010dinila kao idealan odabir. I sama sam, ina\u010de, ro\u0111ena u ovoj bolnici.<\/span><\/p>\n<p style=\"text-align: justify;\"><span style=\"font-family: 'Open Sans',sans-serif; color: #77777e;\">Okupila sam etablirane autore poput\u00a0<strong><span style=\"font-family: 'Open Sans',sans-serif;\">Stipe Nobila\u00a0<\/span><\/strong>ili\u00a0<strong><span style=\"font-family: 'Open Sans',sans-serif;\">Vatroslava Kuli\u0161a<\/span><\/strong>, ali i one mlade koji su jo\u0161 studenti Likovne akademije. Na taj bi se na\u010din i mladima dali vidljivost. Oni su donirali djela koja \u0107emo dodijeliti, no na na\u010din igara za sre\u0107u. Ljudi mogu novce uplatiti na poseban \u017eiro ra\u010dun. Svi koji su uplatili donaciju za obnovu Petrove imaju \u0161ansu pomo\u0107i, u\u010diniti dobro djelo, i pri tom osvojiti umjetninu koja vrijedi vi\u0161e od uplate.\u201d<\/span><\/p>\n<p style=\"text-align: justify;\"><span style=\"font-family: 'Open Sans',sans-serif; color: #77777e;\">U Rimu je, dakle, magistrirala, a paralelno je radila u jednoj lokalnoj galeriji: \u201cTo je galerija koja sudjeluje me\u0111u ostalim i na Art Baselu, jednom od najva\u017enijih sajmova umjetnina. Tamo sam u\u010dila o managementu na globalnoj razini. Sada sam, do kraja lipnja, u timu koji se bavi kulturom u povodu predsjedanja Vije\u0107em Europske unije. Ve\u0107inom smo imali online projekte, sve je u fizi\u010dkom obliku otkazano. Iako je to sjajno \u017eivotno iskustvo, srce me vu\u010de ka umjetnosti. Vjerujem da se sve u \u017eivotu doga\u0111a s razlogom.\u201d<\/span><\/p>\n<p style=\"text-align: justify;\"><span style=\"font-family: 'Open Sans',sans-serif; color: #77777e;\">Novi web za galeriju<\/span><\/p>\n<p style=\"text-align: justify;\"><span style=\"font-family: 'Open Sans',sans-serif; color: #77777e;\">Lucia Jeri\u010d u ovaj se posao zaljubila uz tatu, poznatog zagreba\u010dkog galerista Ivu Jeri\u010da, vlasnika Galerije Kaptol. Njegov posao planira pro\u0161iriti: \u201c\u017delja mi je povezati se s mladim umjetnicima kojima je potrebna podr\u0161ka i plasirati ih na vanjsko tr\u017ei\u0161te, to mi je neki dugoro\u010dni plan. Kada je krenuo koronavirus, na Instagramu sam pokazivala presjek umjetnosti 20. stolje\u0107a, no kroz specifi\u010dan pogled kao \u0161to su primjerice prikazi medicinskih sestara kroz povijest.<\/span><\/p>\n<p style=\"text-align: justify;\"><span style=\"font-family: 'Open Sans',sans-serif; color: #77777e;\">Znanstveno je dokazano da umjetnost podi\u017ee na\u0161e raspolo\u017eenje i kreativnost. Nekako sam \u017eeljela da se fokusiramo na lijepo nakon svega \u0161to se dogodilo, a ne na tu\u0111e selfije na dru\u0161tvenim mre\u017eama. Drago mi je da smo uspjeli izvu\u0107i ne\u0161to pozitivno. I da, da odgovorim na va\u0161e pitanje: odrastanje uz oca definitivno me je formiralo. Brat i ja \u010ditav smo se \u017eivot igrali u galeriji, od malih sam nogu znala prepoznati je li sliku naslikao\u00a0<strong><span style=\"font-family: 'Open Sans',sans-serif;\">Bane Milenkovi\u0107,\u00a0<\/span><\/strong>Stipe Nobilo ili\u00a0<strong><span style=\"font-family: 'Open Sans',sans-serif;\">\u0110uro Pulitika.<\/span><\/strong><\/span><\/p>\n<p style=\"text-align: justify;\"><span style=\"font-family: 'Open Sans',sans-serif; color: #77777e;\">Nakon srednje \u0161kole odlu\u010divala sam izme\u0111u povijesti umjetnosti i me\u0111unarodnih odnosa. Nisam po\u017ealila \u0161to sam upisala me\u0111unarodne odnose jer mi je studij dao jednu \u0161irinu, diplomaciju. Nakon toga sam magistrirala u Rimu na temu umjetnosti.\u201d<\/span><\/p>\n<p style=\"text-align: justify;\"><span style=\"font-family: 'Open Sans',sans-serif; color: #77777e;\">\u0160to se ti\u010de promocije mladih autora, postoje me\u0111unarodne online platforme poput Saatchi arta. Planira li ih i tako promovirati: \u201cUpravo izra\u0111ujem novi web za tatinu galeriju. Imam neke dobre kontakte u Rimu i voljela bih na\u0161e umjetnike izlagati u tamo\u0161njim galerijama. I neke njihove dovesti ovdje, mada na\u0161i kolekcionari ve\u0107inom kupuju doma\u0107u umjetnost.<\/span><\/p>\n<p style=\"text-align: justify;\"><span style=\"font-family: 'Open Sans',sans-serif; color: #77777e;\">Vjerujem da \u0107e se tr\u017ei\u0161te umjetnina brzo po\u010deti vra\u0107ati na svoje, da ne\u0107e biti dulje krize na ovom polju, da se ne\u0107e mo\u0107i usporediti s krizom od prije deset godina. Optimist sam u tom pogledu.\u201d<\/span><\/p>\n<p style=\"text-align: justify;\"><span style=\"font-family: 'Open Sans',sans-serif; color: #77777e;\">Po kojem je klju\u010du birala autore za lutriju, pitamo je. \u201cPrema osobnom afinitetu. Imamo zreliju gardu poput spomenutih Nobila i Kuli\u0161a, autore srednje generacije kao \u0161to su\u00a0<strong><span style=\"font-family: 'Open Sans',sans-serif;\">Paulina Jazvi\u0107<\/span><\/strong>\u00a0i\u00a0<strong><span style=\"font-family: 'Open Sans',sans-serif;\">Tisja Kljakovi\u0107<\/span><\/strong>\u00a0koja ima tu zaigranu crtu po kojoj je prepoznata me\u0111u publikom, od mla\u0111ih su\u00a0<strong><span style=\"font-family: 'Open Sans',sans-serif;\">Laura Brckovi\u0107, Aleksandar Bezinovi\u0107<\/span><\/strong>. Me\u0111u njima se svakako mo\u017ee na\u0107i poveznica, naslije\u0111e od starijih ka mla\u0111ima.\u201d<\/span><\/p>\n<p style=\"text-align: justify;\"><span style=\"font-family: 'Open Sans',sans-serif; color: #77777e;\">Svi su, nastavlja na\u0161a sugovornica, pristali od prve. \u201c<strong><span style=\"font-family: 'Open Sans',sans-serif;\">Branka Ri\u0111i\u010dki\u00a0<\/span><\/strong>koja \u017eivi u New Delhiju poku\u0161ava nam napraviti sve \u0161to je u njihovoj mo\u0107i da daju donaciju jer nisu fizi\u010dki u Zagrebu. Anga\u017eirali su ljude da odu u njihove ateljee, potra\u017ee neki rad, jako su zainteresirani i \u010dine sve \u0161to je mogu\u0107e\u201d, govori dalje. Mnogi umjetnici su donirali ulja na platnu, skulpture, fotoprinteve&#8230;<\/span><\/p>\n<p style=\"text-align: justify;\"><span style=\"font-family: 'Open Sans',sans-serif; color: #77777e;\">Online izlo\u017eba<\/span><\/p>\n<p style=\"text-align: justify;\"><span style=\"font-family: 'Open Sans',sans-serif; color: #77777e;\">I\u0161lo se prema mogu\u0107nostima, oni kojima su stradali ateljei u potresu, nemaju pristup slikama pa su donirali crte\u017ee. \u201cDrago mi je da ima razli\u010ditih medija.<strong><span style=\"font-family: 'Open Sans',sans-serif;\">\u00a0Laura Brckovi\u0107<\/span><\/strong>\u00a0donirala je skulpturu u obliku prekrasnog trodimenzionalnog srca. U velikom je formatu \u0161to izgleda jako efektno. \u0160ansa da dobijete umjetninu je samo neki stimulans, primarna bi trebala biti \u017eelja da se pomogne Petrovoj bolnici. Minimalna uplata je 300 kuna, no tko mo\u017ee donirati i vi\u0161e, bit \u0107e nam drago\u201d.<\/span><\/p>\n<p style=\"text-align: justify;\"><span style=\"font-family: 'Open Sans',sans-serif; color: #77777e;\">Je li je inspirirala akcija \u201c1 Picasso 100 euros\u201d, ljudi uplate 100 eura, a jedan dobije rad Pabla Picassa vrijedan milijun eura, pri \u010demu uplate idu u dobrotvorne svrhe? \u201cIzme\u0111u ostalog. Pratim stalno \u0161to se odvija vani. U Italiji je bilo posljednjih mjeseci mno\u0161tvo dobrotvornih umjetni\u010dkih aukcija, no sve je bilo nekako crno, vezano uz koronu, maske, ljude u rukavicama.<\/span><\/p>\n<p style=\"text-align: justify;\"><span style=\"font-family: 'Open Sans',sans-serif; color: #77777e;\">Mi \u017eelimo suprotno, stvoriti novi optimizam, vjeru da nas \u010dekaju bolja vremena, da sve bude \u0161areno i veselo. Sve \u0107e trajati mjesec dana, web stranica je u izradi, a ljudi mogu pogledati i virtualnu izlo\u017ebu u me\u0111uvremenu, da vide koja su sva djela donirana\u201d.<\/span><\/p>\n<p style=\"text-align: justify;\"><span style=\"font-family: 'Open Sans',sans-serif; color: #77777e;\">Akcija \u0107e trajati mjesec dana, a virtualnu izlo\u017ebu, kao i sve detaljnije informacije mo\u017eete pogledati na web stranici\u00a0<\/span><a href=\"https:\/\/www.autorizapetrovu.com\/\" target=\"_blank\" rel=\"noopener\"><span style=\"font-family: 'Open Sans',sans-serif; color: #77777e; text-decoration: none; text-underline: none;\">www.autorizapetrovu.com<\/span><\/a><span style=\"font-family: 'Open Sans',sans-serif; color: #77777e;\">.<\/span><\/p>\n<p style=\"text-align: justify;\"><span style=\"font-family: 'Open Sans',sans-serif; color: #77777e;\">Uplate za akciju \u2018Autori za Petrovu\u2019 mogu se izvr\u0161iti na ra\u010dun:IBAN HR5323400093510978683.\u00a0<strong><span style=\"font-family: 'Open Sans',sans-serif;\">Po izvr\u0161enoj uplati, ostavite svoje kontakt podatke kako biste sudjelovali u izvla\u010denju. Podatke mo\u017eete ostaviti ili na samom webu\u00a0<\/span><\/strong><\/span><a href=\"http:\/\/www.autorizapetrovu.com\/\"><b><span style=\"font-family: 'Open Sans',sans-serif; color: #77777e; text-decoration: none; text-underline: none;\">www.autorizapetrovu.com<\/span><\/b><\/a><strong><span style=\"font-family: 'Open Sans',sans-serif; color: #77777e;\">\u00a0ili na\u00a0<\/span><\/strong><a href=\"mailto:autorizapetrovu@gmail.com\"><b><span style=\"font-family: 'Open Sans',sans-serif; color: #77777e; text-decoration: none; text-underline: none;\">autorizapetrovu@gmail.com<\/span><\/b><\/a><\/p>\n<h3 style=\"text-align: justify;\"><span style=\"font-family: 'Open Sans',sans-serif; color: #282b3a;\">Galerija<\/span><\/h3>\n<div id='gallery-1' class='gallery galleryid-112 gallery-columns-4 gallery-size-full'><figure class='gallery-item'>\n\t\t\t<div class='gallery-icon portrait'>\n\t\t\t\t<a href='https:\/\/galerijakaptol.hr\/index.php\/2023\/09\/10\/humanitarna-akcija-autori-za-petrovu-jutarnji-list-svibanj-2020\/autori-za-petrinju-1\/'><img loading=\"lazy\" decoding=\"async\" width=\"624\" height=\"832\" src=\"https:\/\/galerijakaptol.hr\/wp-content\/uploads\/2023\/09\/Autori-za-Petrinju-1.jpg\" class=\"attachment-full size-full\" alt=\"\" srcset=\"https:\/\/galerijakaptol.hr\/wp-content\/uploads\/2023\/09\/Autori-za-Petrinju-1.jpg 624w, https:\/\/galerijakaptol.hr\/wp-content\/uploads\/2023\/09\/Autori-za-Petrinju-1-225x300.jpg 225w\" sizes=\"auto, (max-width: 624px) 100vw, 624px\" \/><\/a>\n\t\t\t<\/div><\/figure><figure class='gallery-item'>\n\t\t\t<div class='gallery-icon portrait'>\n\t\t\t\t<a href='https:\/\/galerijakaptol.hr\/index.php\/2023\/09\/10\/humanitarna-akcija-autori-za-petrovu-jutarnji-list-svibanj-2020\/autori-za-petrinju-10\/'><img loading=\"lazy\" decoding=\"async\" width=\"624\" height=\"809\" src=\"https:\/\/galerijakaptol.hr\/wp-content\/uploads\/2023\/09\/Autori-za-Petrinju-10.jpg\" class=\"attachment-full size-full\" alt=\"\" srcset=\"https:\/\/galerijakaptol.hr\/wp-content\/uploads\/2023\/09\/Autori-za-Petrinju-10.jpg 624w, https:\/\/galerijakaptol.hr\/wp-content\/uploads\/2023\/09\/Autori-za-Petrinju-10-231x300.jpg 231w\" sizes=\"auto, (max-width: 624px) 100vw, 624px\" \/><\/a>\n\t\t\t<\/div><\/figure><figure class='gallery-item'>\n\t\t\t<div class='gallery-icon landscape'>\n\t\t\t\t<a href='https:\/\/galerijakaptol.hr\/index.php\/2023\/09\/10\/humanitarna-akcija-autori-za-petrovu-jutarnji-list-svibanj-2020\/autori-za-petrinju-9\/'><img loading=\"lazy\" decoding=\"async\" width=\"624\" height=\"393\" src=\"https:\/\/galerijakaptol.hr\/wp-content\/uploads\/2023\/09\/Autori-za-Petrinju-9.jpg\" class=\"attachment-full size-full\" alt=\"\" srcset=\"https:\/\/galerijakaptol.hr\/wp-content\/uploads\/2023\/09\/Autori-za-Petrinju-9.jpg 624w, https:\/\/galerijakaptol.hr\/wp-content\/uploads\/2023\/09\/Autori-za-Petrinju-9-300x189.jpg 300w\" sizes=\"auto, (max-width: 624px) 100vw, 624px\" \/><\/a>\n\t\t\t<\/div><\/figure><figure class='gallery-item'>\n\t\t\t<div class='gallery-icon landscape'>\n\t\t\t\t<a href='https:\/\/galerijakaptol.hr\/index.php\/2023\/09\/10\/humanitarna-akcija-autori-za-petrovu-jutarnji-list-svibanj-2020\/autori-za-petrinju-8\/'><img loading=\"lazy\" decoding=\"async\" width=\"624\" height=\"466\" src=\"https:\/\/galerijakaptol.hr\/wp-content\/uploads\/2023\/09\/Autori-za-Petrinju-8.jpg\" class=\"attachment-full size-full\" alt=\"\" srcset=\"https:\/\/galerijakaptol.hr\/wp-content\/uploads\/2023\/09\/Autori-za-Petrinju-8.jpg 624w, https:\/\/galerijakaptol.hr\/wp-content\/uploads\/2023\/09\/Autori-za-Petrinju-8-300x224.jpg 300w\" sizes=\"auto, (max-width: 624px) 100vw, 624px\" \/><\/a>\n\t\t\t<\/div><\/figure><figure class='gallery-item'>\n\t\t\t<div class='gallery-icon portrait'>\n\t\t\t\t<a href='https:\/\/galerijakaptol.hr\/index.php\/2023\/09\/10\/humanitarna-akcija-autori-za-petrovu-jutarnji-list-svibanj-2020\/autori-za-petrinju-7\/'><img loading=\"lazy\" decoding=\"async\" width=\"598\" height=\"864\" src=\"https:\/\/galerijakaptol.hr\/wp-content\/uploads\/2023\/09\/Autori-za-Petrinju-7.jpg\" class=\"attachment-full size-full\" alt=\"\" srcset=\"https:\/\/galerijakaptol.hr\/wp-content\/uploads\/2023\/09\/Autori-za-Petrinju-7.jpg 598w, https:\/\/galerijakaptol.hr\/wp-content\/uploads\/2023\/09\/Autori-za-Petrinju-7-208x300.jpg 208w\" sizes=\"auto, (max-width: 598px) 100vw, 598px\" \/><\/a>\n\t\t\t<\/div><\/figure><figure class='gallery-item'>\n\t\t\t<div class='gallery-icon landscape'>\n\t\t\t\t<a href='https:\/\/galerijakaptol.hr\/index.php\/2023\/09\/10\/humanitarna-akcija-autori-za-petrovu-jutarnji-list-svibanj-2020\/autori-za-petrinju-6\/'><img loading=\"lazy\" decoding=\"async\" width=\"624\" height=\"591\" src=\"https:\/\/galerijakaptol.hr\/wp-content\/uploads\/2023\/09\/Autori-za-Petrinju-6.jpg\" class=\"attachment-full size-full\" alt=\"\" srcset=\"https:\/\/galerijakaptol.hr\/wp-content\/uploads\/2023\/09\/Autori-za-Petrinju-6.jpg 624w, https:\/\/galerijakaptol.hr\/wp-content\/uploads\/2023\/09\/Autori-za-Petrinju-6-300x284.jpg 300w\" sizes=\"auto, (max-width: 624px) 100vw, 624px\" \/><\/a>\n\t\t\t<\/div><\/figure><figure class='gallery-item'>\n\t\t\t<div class='gallery-icon portrait'>\n\t\t\t\t<a href='https:\/\/galerijakaptol.hr\/index.php\/2023\/09\/10\/humanitarna-akcija-autori-za-petrovu-jutarnji-list-svibanj-2020\/autori-za-petrinju-5\/'><img loading=\"lazy\" decoding=\"async\" width=\"605\" height=\"864\" src=\"https:\/\/galerijakaptol.hr\/wp-content\/uploads\/2023\/09\/Autori-za-Petrinju-5.jpg\" class=\"attachment-full size-full\" alt=\"\" srcset=\"https:\/\/galerijakaptol.hr\/wp-content\/uploads\/2023\/09\/Autori-za-Petrinju-5.jpg 605w, https:\/\/galerijakaptol.hr\/wp-content\/uploads\/2023\/09\/Autori-za-Petrinju-5-210x300.jpg 210w\" sizes=\"auto, (max-width: 605px) 100vw, 605px\" \/><\/a>\n\t\t\t<\/div><\/figure><figure class='gallery-item'>\n\t\t\t<div class='gallery-icon landscape'>\n\t\t\t\t<a href='https:\/\/galerijakaptol.hr\/index.php\/2023\/09\/10\/humanitarna-akcija-autori-za-petrovu-jutarnji-list-svibanj-2020\/autori-za-petrinju-4\/'><img loading=\"lazy\" decoding=\"async\" width=\"650\" height=\"486\" src=\"https:\/\/galerijakaptol.hr\/wp-content\/uploads\/2023\/09\/Autori-za-Petrinju-4.jpg\" class=\"attachment-full size-full\" alt=\"\" srcset=\"https:\/\/galerijakaptol.hr\/wp-content\/uploads\/2023\/09\/Autori-za-Petrinju-4.jpg 650w, https:\/\/galerijakaptol.hr\/wp-content\/uploads\/2023\/09\/Autori-za-Petrinju-4-300x224.jpg 300w\" sizes=\"auto, (max-width: 650px) 100vw, 650px\" \/><\/a>\n\t\t\t<\/div><\/figure><figure class='gallery-item'>\n\t\t\t<div class='gallery-icon landscape'>\n\t\t\t\t<a href='https:\/\/galerijakaptol.hr\/index.php\/2023\/09\/10\/humanitarna-akcija-autori-za-petrovu-jutarnji-list-svibanj-2020\/autori-za-petrinju-3\/'><img loading=\"lazy\" decoding=\"async\" width=\"1430\" height=\"1430\" src=\"https:\/\/galerijakaptol.hr\/wp-content\/uploads\/2023\/09\/Autori-za-Petrinju-3.jpg\" class=\"attachment-full size-full\" alt=\"\" srcset=\"https:\/\/galerijakaptol.hr\/wp-content\/uploads\/2023\/09\/Autori-za-Petrinju-3.jpg 1430w, https:\/\/galerijakaptol.hr\/wp-content\/uploads\/2023\/09\/Autori-za-Petrinju-3-300x300.jpg 300w, https:\/\/galerijakaptol.hr\/wp-content\/uploads\/2023\/09\/Autori-za-Petrinju-3-1024x1024.jpg 1024w, https:\/\/galerijakaptol.hr\/wp-content\/uploads\/2023\/09\/Autori-za-Petrinju-3-150x150.jpg 150w, https:\/\/galerijakaptol.hr\/wp-content\/uploads\/2023\/09\/Autori-za-Petrinju-3-768x768.jpg 768w\" sizes=\"auto, (max-width: 1430px) 100vw, 1430px\" \/><\/a>\n\t\t\t<\/div><\/figure><figure class='gallery-item'>\n\t\t\t<div class='gallery-icon portrait'>\n\t\t\t\t<a href='https:\/\/galerijakaptol.hr\/index.php\/2023\/09\/10\/humanitarna-akcija-autori-za-petrovu-jutarnji-list-svibanj-2020\/autori-za-petrinju-2\/'><img loading=\"lazy\" decoding=\"async\" width=\"377\" height=\"864\" src=\"https:\/\/galerijakaptol.hr\/wp-content\/uploads\/2023\/09\/Autori-za-Petrinju-2.jpg\" class=\"attachment-full size-full\" alt=\"\" srcset=\"https:\/\/galerijakaptol.hr\/wp-content\/uploads\/2023\/09\/Autori-za-Petrinju-2.jpg 377w, https:\/\/galerijakaptol.hr\/wp-content\/uploads\/2023\/09\/Autori-za-Petrinju-2-131x300.jpg 131w\" sizes=\"auto, (max-width: 377px) 100vw, 377px\" \/><\/a>\n\t\t\t<\/div><\/figure>\n\t\t<\/div>\n\n","protected":false},"excerpt":{"rendered":"<p>UMJETNI\u010cKA LUTRIJA ZA OBNOVU PETROVE BOLNICE Gra\u0111ani upla\u0107uju po 300 kuna, a potom se izvla\u010denjem odabiru oni koji su osvojili pojedini rad Lucia Jeri\u010d\u00a0u Zagreb se vratila nakon magisterija u Rimu na temu kulturnog i umjetni\u010dkog managementa. Tijekom pandemije koronavirusa, izolacije i potresa do\u0161la je na ideju da organizira humanitarnu akciju u vidu umjetni\u010dke lutrije [&hellip;]<\/p>\n","protected":false},"author":1,"featured_media":113,"comment_status":"closed","ping_status":"open","sticky":false,"template":"single-no-separators","format":"standard","meta":{"_jetpack_memberships_contains_paid_content":false,"footnotes":""},"categories":[1],"tags":[],"class_list":["post-112","post","type-post","status-publish","format-standard","has-post-thumbnail","hentry","category-uncategorized"],"yoast_head":"<!-- This site is optimized with the Yoast SEO plugin v27.5 - https:\/\/yoast.com\/product\/yoast-seo-wordpress\/ -->\n<title>HUMANITARNA AKCIJA &#039;AUTORI ZA PETROVU&#039;, JUTARNJI LIST, SVIBANJ 2020. - Galerija umjetnina<\/title>\n<meta name=\"robots\" content=\"index, follow, max-snippet:-1, max-image-preview:large, max-video-preview:-1\" \/>\n<link rel=\"canonical\" href=\"https:\/\/galerijakaptol.hr\/index.php\/2023\/09\/10\/humanitarna-akcija-autori-za-petrovu-jutarnji-list-svibanj-2020\/\" \/>\n<meta property=\"og:locale\" content=\"hr_HR\" \/>\n<meta property=\"og:type\" content=\"article\" \/>\n<meta property=\"og:title\" content=\"HUMANITARNA AKCIJA &#039;AUTORI ZA PETROVU&#039;, JUTARNJI LIST, SVIBANJ 2020. - Galerija umjetnina\" \/>\n<meta property=\"og:description\" content=\"UMJETNI\u010cKA LUTRIJA ZA OBNOVU PETROVE BOLNICE Gra\u0111ani upla\u0107uju po 300 kuna, a potom se izvla\u010denjem odabiru oni koji su osvojili pojedini rad Lucia Jeri\u010d\u00a0u Zagreb se vratila nakon magisterija u Rimu na temu kulturnog i umjetni\u010dkog managementa. Tijekom pandemije koronavirusa, izolacije i potresa do\u0161la je na ideju da organizira humanitarnu akciju u vidu umjetni\u010dke lutrije [&hellip;]\" \/>\n<meta property=\"og:url\" content=\"https:\/\/galerijakaptol.hr\/index.php\/2023\/09\/10\/humanitarna-akcija-autori-za-petrovu-jutarnji-list-svibanj-2020\/\" \/>\n<meta property=\"og:site_name\" content=\"Galerija umjetnina\" \/>\n<meta property=\"article:published_time\" content=\"2023-09-10T17:59:00+00:00\" \/>\n<meta property=\"article:modified_time\" content=\"2023-09-10T18:06:19+00:00\" \/>\n<meta property=\"og:image\" content=\"https:\/\/galerijakaptol.hr\/wp-content\/uploads\/2023\/09\/Autori-za-Petrinju-1.jpg\" \/>\n\t<meta property=\"og:image:width\" content=\"624\" \/>\n\t<meta property=\"og:image:height\" content=\"832\" \/>\n\t<meta property=\"og:image:type\" content=\"image\/jpeg\" \/>\n<meta name=\"author\" content=\"admin\" \/>\n<meta name=\"twitter:card\" content=\"summary_large_image\" \/>\n<meta name=\"twitter:label1\" content=\"Napisao\/la\" \/>\n\t<meta name=\"twitter:data1\" content=\"admin\" \/>\n\t<meta name=\"twitter:label2\" content=\"Procijenjeno vrijeme \u010ditanja\" \/>\n\t<meta name=\"twitter:data2\" content=\"6 minuta\" \/>\n<script type=\"application\/ld+json\" class=\"yoast-schema-graph\">{\"@context\":\"https:\\\/\\\/schema.org\",\"@graph\":[{\"@type\":\"Article\",\"@id\":\"https:\\\/\\\/galerijakaptol.hr\\\/index.php\\\/2023\\\/09\\\/10\\\/humanitarna-akcija-autori-za-petrovu-jutarnji-list-svibanj-2020\\\/#article\",\"isPartOf\":{\"@id\":\"https:\\\/\\\/galerijakaptol.hr\\\/index.php\\\/2023\\\/09\\\/10\\\/humanitarna-akcija-autori-za-petrovu-jutarnji-list-svibanj-2020\\\/\"},\"author\":{\"name\":\"admin\",\"@id\":\"https:\\\/\\\/galerijakaptol.hr\\\/#\\\/schema\\\/person\\\/f3d1dc228981eca5894740a7ccd795df\"},\"headline\":\"HUMANITARNA AKCIJA &#8216;AUTORI ZA PETROVU&#8217;, JUTARNJI LIST, SVIBANJ 2020.\",\"datePublished\":\"2023-09-10T17:59:00+00:00\",\"dateModified\":\"2023-09-10T18:06:19+00:00\",\"mainEntityOfPage\":{\"@id\":\"https:\\\/\\\/galerijakaptol.hr\\\/index.php\\\/2023\\\/09\\\/10\\\/humanitarna-akcija-autori-za-petrovu-jutarnji-list-svibanj-2020\\\/\"},\"wordCount\":1154,\"publisher\":{\"@id\":\"https:\\\/\\\/galerijakaptol.hr\\\/#organization\"},\"image\":{\"@id\":\"https:\\\/\\\/galerijakaptol.hr\\\/index.php\\\/2023\\\/09\\\/10\\\/humanitarna-akcija-autori-za-petrovu-jutarnji-list-svibanj-2020\\\/#primaryimage\"},\"thumbnailUrl\":\"https:\\\/\\\/galerijakaptol.hr\\\/wp-content\\\/uploads\\\/2023\\\/09\\\/Autori-za-Petrinju-1.jpg\",\"articleSection\":[\"Blog\"],\"inLanguage\":\"hr\"},{\"@type\":\"WebPage\",\"@id\":\"https:\\\/\\\/galerijakaptol.hr\\\/index.php\\\/2023\\\/09\\\/10\\\/humanitarna-akcija-autori-za-petrovu-jutarnji-list-svibanj-2020\\\/\",\"url\":\"https:\\\/\\\/galerijakaptol.hr\\\/index.php\\\/2023\\\/09\\\/10\\\/humanitarna-akcija-autori-za-petrovu-jutarnji-list-svibanj-2020\\\/\",\"name\":\"HUMANITARNA AKCIJA 'AUTORI ZA PETROVU', JUTARNJI LIST, SVIBANJ 2020. - Galerija umjetnina\",\"isPartOf\":{\"@id\":\"https:\\\/\\\/galerijakaptol.hr\\\/#website\"},\"primaryImageOfPage\":{\"@id\":\"https:\\\/\\\/galerijakaptol.hr\\\/index.php\\\/2023\\\/09\\\/10\\\/humanitarna-akcija-autori-za-petrovu-jutarnji-list-svibanj-2020\\\/#primaryimage\"},\"image\":{\"@id\":\"https:\\\/\\\/galerijakaptol.hr\\\/index.php\\\/2023\\\/09\\\/10\\\/humanitarna-akcija-autori-za-petrovu-jutarnji-list-svibanj-2020\\\/#primaryimage\"},\"thumbnailUrl\":\"https:\\\/\\\/galerijakaptol.hr\\\/wp-content\\\/uploads\\\/2023\\\/09\\\/Autori-za-Petrinju-1.jpg\",\"datePublished\":\"2023-09-10T17:59:00+00:00\",\"dateModified\":\"2023-09-10T18:06:19+00:00\",\"breadcrumb\":{\"@id\":\"https:\\\/\\\/galerijakaptol.hr\\\/index.php\\\/2023\\\/09\\\/10\\\/humanitarna-akcija-autori-za-petrovu-jutarnji-list-svibanj-2020\\\/#breadcrumb\"},\"inLanguage\":\"hr\",\"potentialAction\":[{\"@type\":\"ReadAction\",\"target\":[\"https:\\\/\\\/galerijakaptol.hr\\\/index.php\\\/2023\\\/09\\\/10\\\/humanitarna-akcija-autori-za-petrovu-jutarnji-list-svibanj-2020\\\/\"]}]},{\"@type\":\"ImageObject\",\"inLanguage\":\"hr\",\"@id\":\"https:\\\/\\\/galerijakaptol.hr\\\/index.php\\\/2023\\\/09\\\/10\\\/humanitarna-akcija-autori-za-petrovu-jutarnji-list-svibanj-2020\\\/#primaryimage\",\"url\":\"https:\\\/\\\/galerijakaptol.hr\\\/wp-content\\\/uploads\\\/2023\\\/09\\\/Autori-za-Petrinju-1.jpg\",\"contentUrl\":\"https:\\\/\\\/galerijakaptol.hr\\\/wp-content\\\/uploads\\\/2023\\\/09\\\/Autori-za-Petrinju-1.jpg\",\"width\":624,\"height\":832},{\"@type\":\"BreadcrumbList\",\"@id\":\"https:\\\/\\\/galerijakaptol.hr\\\/index.php\\\/2023\\\/09\\\/10\\\/humanitarna-akcija-autori-za-petrovu-jutarnji-list-svibanj-2020\\\/#breadcrumb\",\"itemListElement\":[{\"@type\":\"ListItem\",\"position\":1,\"name\":\"Po\u010detna stranica\",\"item\":\"https:\\\/\\\/galerijakaptol.hr\\\/\"},{\"@type\":\"ListItem\",\"position\":2,\"name\":\"HUMANITARNA AKCIJA &#8216;AUTORI ZA PETROVU&#8217;, JUTARNJI LIST, SVIBANJ 2020.\"}]},{\"@type\":\"WebSite\",\"@id\":\"https:\\\/\\\/galerijakaptol.hr\\\/#website\",\"url\":\"https:\\\/\\\/galerijakaptol.hr\\\/\",\"name\":\"Galerija umjetnina\",\"description\":\"\",\"publisher\":{\"@id\":\"https:\\\/\\\/galerijakaptol.hr\\\/#organization\"},\"potentialAction\":[{\"@type\":\"SearchAction\",\"target\":{\"@type\":\"EntryPoint\",\"urlTemplate\":\"https:\\\/\\\/galerijakaptol.hr\\\/?s={search_term_string}\"},\"query-input\":{\"@type\":\"PropertyValueSpecification\",\"valueRequired\":true,\"valueName\":\"search_term_string\"}}],\"inLanguage\":\"hr\"},{\"@type\":\"Organization\",\"@id\":\"https:\\\/\\\/galerijakaptol.hr\\\/#organization\",\"name\":\"Galerija umjetnina\",\"url\":\"https:\\\/\\\/galerijakaptol.hr\\\/\",\"logo\":{\"@type\":\"ImageObject\",\"inLanguage\":\"hr\",\"@id\":\"https:\\\/\\\/galerijakaptol.hr\\\/#\\\/schema\\\/logo\\\/image\\\/\",\"url\":\"https:\\\/\\\/galerijakaptol.hr\\\/wp-content\\\/uploads\\\/2023\\\/09\\\/logo-Kaptol-Galerija.png\",\"contentUrl\":\"https:\\\/\\\/galerijakaptol.hr\\\/wp-content\\\/uploads\\\/2023\\\/09\\\/logo-Kaptol-Galerija.png\",\"width\":342,\"height\":72,\"caption\":\"Galerija umjetnina\"},\"image\":{\"@id\":\"https:\\\/\\\/galerijakaptol.hr\\\/#\\\/schema\\\/logo\\\/image\\\/\"}},{\"@type\":\"Person\",\"@id\":\"https:\\\/\\\/galerijakaptol.hr\\\/#\\\/schema\\\/person\\\/f3d1dc228981eca5894740a7ccd795df\",\"name\":\"admin\",\"sameAs\":[\"https:\\\/\\\/galerijakaptol.hr\"],\"url\":\"https:\\\/\\\/galerijakaptol.hr\\\/index.php\\\/author\\\/admin_gk\\\/\"}]}<\/script>\n<!-- \/ Yoast SEO plugin. -->","yoast_head_json":{"title":"HUMANITARNA AKCIJA 'AUTORI ZA PETROVU', JUTARNJI LIST, SVIBANJ 2020. - Galerija umjetnina","robots":{"index":"index","follow":"follow","max-snippet":"max-snippet:-1","max-image-preview":"max-image-preview:large","max-video-preview":"max-video-preview:-1"},"canonical":"https:\/\/galerijakaptol.hr\/index.php\/2023\/09\/10\/humanitarna-akcija-autori-za-petrovu-jutarnji-list-svibanj-2020\/","og_locale":"hr_HR","og_type":"article","og_title":"HUMANITARNA AKCIJA 'AUTORI ZA PETROVU', JUTARNJI LIST, SVIBANJ 2020. - Galerija umjetnina","og_description":"UMJETNI\u010cKA LUTRIJA ZA OBNOVU PETROVE BOLNICE Gra\u0111ani upla\u0107uju po 300 kuna, a potom se izvla\u010denjem odabiru oni koji su osvojili pojedini rad Lucia Jeri\u010d\u00a0u Zagreb se vratila nakon magisterija u Rimu na temu kulturnog i umjetni\u010dkog managementa. Tijekom pandemije koronavirusa, izolacije i potresa do\u0161la je na ideju da organizira humanitarnu akciju u vidu umjetni\u010dke lutrije [&hellip;]","og_url":"https:\/\/galerijakaptol.hr\/index.php\/2023\/09\/10\/humanitarna-akcija-autori-za-petrovu-jutarnji-list-svibanj-2020\/","og_site_name":"Galerija umjetnina","article_published_time":"2023-09-10T17:59:00+00:00","article_modified_time":"2023-09-10T18:06:19+00:00","og_image":[{"width":624,"height":832,"url":"https:\/\/galerijakaptol.hr\/wp-content\/uploads\/2023\/09\/Autori-za-Petrinju-1.jpg","type":"image\/jpeg"}],"author":"admin","twitter_card":"summary_large_image","twitter_misc":{"Napisao\/la":"admin","Procijenjeno vrijeme \u010ditanja":"6 minuta"},"schema":{"@context":"https:\/\/schema.org","@graph":[{"@type":"Article","@id":"https:\/\/galerijakaptol.hr\/index.php\/2023\/09\/10\/humanitarna-akcija-autori-za-petrovu-jutarnji-list-svibanj-2020\/#article","isPartOf":{"@id":"https:\/\/galerijakaptol.hr\/index.php\/2023\/09\/10\/humanitarna-akcija-autori-za-petrovu-jutarnji-list-svibanj-2020\/"},"author":{"name":"admin","@id":"https:\/\/galerijakaptol.hr\/#\/schema\/person\/f3d1dc228981eca5894740a7ccd795df"},"headline":"HUMANITARNA AKCIJA &#8216;AUTORI ZA PETROVU&#8217;, JUTARNJI LIST, SVIBANJ 2020.","datePublished":"2023-09-10T17:59:00+00:00","dateModified":"2023-09-10T18:06:19+00:00","mainEntityOfPage":{"@id":"https:\/\/galerijakaptol.hr\/index.php\/2023\/09\/10\/humanitarna-akcija-autori-za-petrovu-jutarnji-list-svibanj-2020\/"},"wordCount":1154,"publisher":{"@id":"https:\/\/galerijakaptol.hr\/#organization"},"image":{"@id":"https:\/\/galerijakaptol.hr\/index.php\/2023\/09\/10\/humanitarna-akcija-autori-za-petrovu-jutarnji-list-svibanj-2020\/#primaryimage"},"thumbnailUrl":"https:\/\/galerijakaptol.hr\/wp-content\/uploads\/2023\/09\/Autori-za-Petrinju-1.jpg","articleSection":["Blog"],"inLanguage":"hr"},{"@type":"WebPage","@id":"https:\/\/galerijakaptol.hr\/index.php\/2023\/09\/10\/humanitarna-akcija-autori-za-petrovu-jutarnji-list-svibanj-2020\/","url":"https:\/\/galerijakaptol.hr\/index.php\/2023\/09\/10\/humanitarna-akcija-autori-za-petrovu-jutarnji-list-svibanj-2020\/","name":"HUMANITARNA AKCIJA 'AUTORI ZA PETROVU', JUTARNJI LIST, SVIBANJ 2020. - Galerija umjetnina","isPartOf":{"@id":"https:\/\/galerijakaptol.hr\/#website"},"primaryImageOfPage":{"@id":"https:\/\/galerijakaptol.hr\/index.php\/2023\/09\/10\/humanitarna-akcija-autori-za-petrovu-jutarnji-list-svibanj-2020\/#primaryimage"},"image":{"@id":"https:\/\/galerijakaptol.hr\/index.php\/2023\/09\/10\/humanitarna-akcija-autori-za-petrovu-jutarnji-list-svibanj-2020\/#primaryimage"},"thumbnailUrl":"https:\/\/galerijakaptol.hr\/wp-content\/uploads\/2023\/09\/Autori-za-Petrinju-1.jpg","datePublished":"2023-09-10T17:59:00+00:00","dateModified":"2023-09-10T18:06:19+00:00","breadcrumb":{"@id":"https:\/\/galerijakaptol.hr\/index.php\/2023\/09\/10\/humanitarna-akcija-autori-za-petrovu-jutarnji-list-svibanj-2020\/#breadcrumb"},"inLanguage":"hr","potentialAction":[{"@type":"ReadAction","target":["https:\/\/galerijakaptol.hr\/index.php\/2023\/09\/10\/humanitarna-akcija-autori-za-petrovu-jutarnji-list-svibanj-2020\/"]}]},{"@type":"ImageObject","inLanguage":"hr","@id":"https:\/\/galerijakaptol.hr\/index.php\/2023\/09\/10\/humanitarna-akcija-autori-za-petrovu-jutarnji-list-svibanj-2020\/#primaryimage","url":"https:\/\/galerijakaptol.hr\/wp-content\/uploads\/2023\/09\/Autori-za-Petrinju-1.jpg","contentUrl":"https:\/\/galerijakaptol.hr\/wp-content\/uploads\/2023\/09\/Autori-za-Petrinju-1.jpg","width":624,"height":832},{"@type":"BreadcrumbList","@id":"https:\/\/galerijakaptol.hr\/index.php\/2023\/09\/10\/humanitarna-akcija-autori-za-petrovu-jutarnji-list-svibanj-2020\/#breadcrumb","itemListElement":[{"@type":"ListItem","position":1,"name":"Po\u010detna stranica","item":"https:\/\/galerijakaptol.hr\/"},{"@type":"ListItem","position":2,"name":"HUMANITARNA AKCIJA &#8216;AUTORI ZA PETROVU&#8217;, JUTARNJI LIST, SVIBANJ 2020."}]},{"@type":"WebSite","@id":"https:\/\/galerijakaptol.hr\/#website","url":"https:\/\/galerijakaptol.hr\/","name":"Galerija umjetnina","description":"","publisher":{"@id":"https:\/\/galerijakaptol.hr\/#organization"},"potentialAction":[{"@type":"SearchAction","target":{"@type":"EntryPoint","urlTemplate":"https:\/\/galerijakaptol.hr\/?s={search_term_string}"},"query-input":{"@type":"PropertyValueSpecification","valueRequired":true,"valueName":"search_term_string"}}],"inLanguage":"hr"},{"@type":"Organization","@id":"https:\/\/galerijakaptol.hr\/#organization","name":"Galerija umjetnina","url":"https:\/\/galerijakaptol.hr\/","logo":{"@type":"ImageObject","inLanguage":"hr","@id":"https:\/\/galerijakaptol.hr\/#\/schema\/logo\/image\/","url":"https:\/\/galerijakaptol.hr\/wp-content\/uploads\/2023\/09\/logo-Kaptol-Galerija.png","contentUrl":"https:\/\/galerijakaptol.hr\/wp-content\/uploads\/2023\/09\/logo-Kaptol-Galerija.png","width":342,"height":72,"caption":"Galerija umjetnina"},"image":{"@id":"https:\/\/galerijakaptol.hr\/#\/schema\/logo\/image\/"}},{"@type":"Person","@id":"https:\/\/galerijakaptol.hr\/#\/schema\/person\/f3d1dc228981eca5894740a7ccd795df","name":"admin","sameAs":["https:\/\/galerijakaptol.hr"],"url":"https:\/\/galerijakaptol.hr\/index.php\/author\/admin_gk\/"}]}},"jetpack_featured_media_url":"https:\/\/galerijakaptol.hr\/wp-content\/uploads\/2023\/09\/Autori-za-Petrinju-1.jpg","jetpack_sharing_enabled":true,"_links":{"self":[{"href":"https:\/\/galerijakaptol.hr\/index.php\/wp-json\/wp\/v2\/posts\/112","targetHints":{"allow":["GET"]}}],"collection":[{"href":"https:\/\/galerijakaptol.hr\/index.php\/wp-json\/wp\/v2\/posts"}],"about":[{"href":"https:\/\/galerijakaptol.hr\/index.php\/wp-json\/wp\/v2\/types\/post"}],"author":[{"embeddable":true,"href":"https:\/\/galerijakaptol.hr\/index.php\/wp-json\/wp\/v2\/users\/1"}],"replies":[{"embeddable":true,"href":"https:\/\/galerijakaptol.hr\/index.php\/wp-json\/wp\/v2\/comments?post=112"}],"version-history":[{"count":1,"href":"https:\/\/galerijakaptol.hr\/index.php\/wp-json\/wp\/v2\/posts\/112\/revisions"}],"predecessor-version":[{"id":123,"href":"https:\/\/galerijakaptol.hr\/index.php\/wp-json\/wp\/v2\/posts\/112\/revisions\/123"}],"wp:featuredmedia":[{"embeddable":true,"href":"https:\/\/galerijakaptol.hr\/index.php\/wp-json\/wp\/v2\/media\/113"}],"wp:attachment":[{"href":"https:\/\/galerijakaptol.hr\/index.php\/wp-json\/wp\/v2\/media?parent=112"}],"wp:term":[{"taxonomy":"category","embeddable":true,"href":"https:\/\/galerijakaptol.hr\/index.php\/wp-json\/wp\/v2\/categories?post=112"},{"taxonomy":"post_tag","embeddable":true,"href":"https:\/\/galerijakaptol.hr\/index.php\/wp-json\/wp\/v2\/tags?post=112"}],"curies":[{"name":"wp","href":"https:\/\/api.w.org\/{rel}","templated":true}]}}