{"id":124,"date":"2023-09-10T18:10:57","date_gmt":"2023-09-10T18:10:57","guid":{"rendered":"https:\/\/galerijakaptol.hr\/?p=124"},"modified":"2023-09-17T19:30:51","modified_gmt":"2023-09-17T19:30:51","slug":"kako-je-lucia-jeric-spojila-profesionalno-znanje-i-ljubav-prema-umjetninama-s-hvalevrijednim-ciljem-buro247-2020","status":"publish","type":"post","link":"https:\/\/galerijakaptol.hr\/index.php\/2023\/09\/10\/kako-je-lucia-jeric-spojila-profesionalno-znanje-i-ljubav-prema-umjetninama-s-hvalevrijednim-ciljem-buro247-2020\/","title":{"rendered":"KAKO JE LUCIA JERI\u010c SPOJILA PROFESIONALNO ZNANJE I LJUBAV PREMA UMJETNINAMA S HVALEVRIJEDNIM CILJEM, BURO247, 2020."},"content":{"rendered":"\n<p><span style=\"font-family: 'Open Sans',sans-serif; color: #77777e;\">Iako je od potresa u Zagrebu, u kojem je najvi\u0161e nastradao u\u017ei centar grada, pa tako i brojne ustanove i institucije, uklju\u010duju\u0107i i bolnice, pro\u0161lo ne\u0161to vi\u0161e od dva mjeseca, tragovi tog nedjeljnog jutra jo\u0161 uvijek su &#8211; i bit \u0107e jo\u0161 dugo &#8211; vidljivi. Pa ipak, dozu optimizma me\u0111u ru\u0161evine unijeli su svi koji su, prije svega, u danima neposredno nakon potresa pomogli onima u nevolji, kao i oni koji su se iz topline svojeg doma organizirali i pokrenuli brojne humanitarne akcije.<\/span><\/p>\n\n\n\n<p><span style=\"font-family: 'Open Sans',sans-serif; color: #77777e;\">A me\u0111u njima je i Zagrep\u010danka&nbsp;<strong><span style=\"font-family: 'Open Sans',sans-serif;\">Lucia Jeri\u010d<\/span><\/strong>, koja se nedavno u svoj rodni grad vratila s magisterija kulturnog i umjetni\u010dkog managementa u Rimu. Ljubav prema umjetninama u njoj tinja od malih nogu, a s njome je svoje zvanje, potaknuta emocijama, spojila u umjetni\u010dku humanitarnu lutriju pod nazivom&nbsp;<\/span><a href=\"https:\/\/www.autorizapetrovu.com\/\" target=\"_blank\" rel=\"noopener\"><b><span style=\"font-family: 'Open Sans',sans-serif; color: #77777e; text-decoration: none; text-underline: none;\">&#8220;Autori za Petrovu&#8221;<\/span><\/b><\/a><span style=\"font-family: 'Open Sans',sans-serif; color: #77777e;\">. Rije\u010d je, naime, o akciji u kojoj putem minimalne donacije od 300 kuna, imate priliku osvojiti neko od vrijednih umjetni\u010dkih djela koje su donirali njihovi autori &#8211; etablirani umjetnici i mlade nade hrvatske scene, a sva prikupljena sredstva, koja se upla\u0107uju na poseban ra\u010dun, donirat \u0107e se Klinici za \u017eenske bolesti i porode u Petrovoj. Akcija \u0107e trajati mjesec dana, nakon kojih \u0107e se izvla\u010diti dobitnici ulja na platnu, skulptura, crte\u017ea, printeva&#8230;<\/span><\/p>\n\n\n\n<p><span style=\"font-family: 'Open Sans',sans-serif; color: #77777e;\">&#8220;Na ideju sam do\u0161la za vrijeme rada od doma, u slobodnim trenucima od organiziranja doga\u0111aja u povodu predsjedanja Hrvatske Vije\u0107em Europske unije. Zapravo su me za pomo\u0107 Petrovoj bolnici najvi\u0161e potaknule fotografije mladih majki na dan potresa &#8211; moram priznati da mi je taj prizor bio potresan. Osim toga, i sama sam ro\u0111ena u Petrovoj, tako da je to kod mene bila jako emotivna odluka, donesena i prije nego \u0161to su se pokrenule ostale akcije za obnovu bolnice&#8221;, obja\u0161njava Zagrep\u010danka koja nagla\u0161ava da je humanitarnu notu akcije od prvog trenutka \u017eeljela povezati s nekom svojom stra\u0161\u0107u, a to je upravo umjetnost.<\/span><\/p>\n\n\n\n<p><span style=\"font-family: 'Open Sans',sans-serif; color: #77777e;\">Da je stvarno velika zaljubljenica u umjetnost, govori i \u010dinjenica da je tijekom pandemije koronavirusa i nakon potresa, pokrenula Instagram profil @<\/span><a href=\"https:\/\/www.instagram.com\/quarartime\/\" target=\"_blank\" rel=\"noopener\"><span style=\"font-family: 'Open Sans',sans-serif; color: #77777e; text-decoration: none; text-underline: none;\">QuarARTime<\/span><\/a><span style=\"font-family: 'Open Sans',sans-serif; color: #77777e;\">&nbsp;na kojem je, potaknuta znanstvenim istra\u017eivanjem kako gledanje u umjetnine podi\u017ee raspolo\u017eenje, svakodnevno dijelila umjetni\u010dka djela kako bi unijela da\u0161ak pozitive u ova \u010dudna, virusom i karantenom obilje\u017eena vremena.<\/span><\/p>\n\n\n\n<p><span style=\"font-family: 'Open Sans',sans-serif; color: #77777e;\">Iako je prvotna ideja bila prikupiti 30 radova umjetnika zbog odli\u010dne reakcije autora, a i \u0161ire javnosti, akcija je vrlo brzo prema\u0161ila ideju. Pojedini umjetnici dodali su jo\u0161 djela lutriji, a javili su se i drugi, \u017eeljni sudjelovanja. &#8220;Svi su reagirali odli\u010dno na moj upit &#8211; i iz bolnice, a pogotovo autori, koji su bili \u017eeljni sudjelovati. Primjerice, Branka Ri\u0111i\u010dki se iz New Delhija uspjela organizirati da donira djelo&#8221;, otkriva Jeri\u010d.<\/span><\/p>\n\n\n\n<p><span style=\"font-family: 'Open Sans',sans-serif; color: #77777e;\">Dakle, svi koji sudjeluju u prilici su domo\u0107i se vrijedne umjetnine za svoj zid, ali bitnije od toga u\u010dinit \u0107e dobro djelo te je ovo i odli\u010dna prilika da se istaknu mladi umjetnici. I upravo je to ne\u0161to na \u010demu Jeri\u010d u budu\u0107nosti \u017eeli raditi, u\u010diniti mlade nade umjetnosti prepoznatima ne samo u Hrvatskoj, ve\u0107 i u inozemstvu. &#8220;U akciji sudjeluju i Nikica Jurkovi\u0107, Mija Matijevi\u0107, Bianca Gar\u010devi\u0107, Lorena Alma\u0161in, Laura Brckovi\u0107, sestre Apolonija i Agata Lu\u010di\u0107, koja je u prvom navratu donirala jedno djelo, a onda kad je vidjela kako je akcija dobro krenula je odlu\u010dila donirati jo\u0161 tri rada&#8230; Osim toga, jo\u0161 mi se \u010detvero autora u me\u0111uvremenu javilo i iskazalo \u017eelju za sudjelovanjem pa sada \u010dekam njihove fotografije kako bi ih mogla postaviti na virtualnu izlo\u017ebu na stranici, a i kako bi i ta djela sudjelovala na lutriji&#8221;, isti\u010de autorica akcije.<\/span><\/p>\n\n\n\n<p><span style=\"font-family: 'Open Sans',sans-serif; color: #77777e;\">Me\u0111u umjetnicima koji su donirali svoja djela ima dobro poznatih imena, ali i studenata Akademije likovnih umjetnosti \u010dije vrijeme tek dolazi. Svaki od umjetnika i umjetnica koji sudjeluju u akciji jest poseban i cijenjen na svoj na\u010din, izlagali su po cijeloj Hrvatskoj i svijetu. Od Stipe Nobila i Vatroslava Kuli\u0161a, koji pripadaju me\u0111u na\u0161e najcjenjenije autore, do Pauline Jazvi\u0107 i Roberte Vili\u0107 koje su vi\u0161e puta izlagale na Bijenalu slikarstva, Bijenalu grafike, Trijenalu crte\u017ea, kao i Trijenalu kiparstva. Radovi Ranka Ajdinovi\u0107a nalaze se i kod dvostruke osvaja\u010dice Grammyja, Dee Dee Bridgewater, Sebastijan Dra\u010di\u0107 svoje je radove predstavio na izlo\u017ebama po Europi i Kini, Aleksandar Bezinovi\u0107 izla\u017ee po Los Angelesu, dok su slike Marije Koruge bile dio filmskih scenografija za razne produkcijske ku\u0107e.<\/span><\/p>\n\n\n\n<p><span style=\"font-family: 'Open Sans',sans-serif; color: #77777e;\">Iako je nai\u0161la isklju\u010divo na pozitivne reakcije i humanitarna akcija je prema\u0161ila njezina prvotna o\u010dekivanja, autorica je i dalje poprili\u010dno skromna oko \u010ditave pri\u010de i nagla\u0161ava glavni cilj &#8211; obnovu Petrove bolnice za koju je, kao i mnoge stanovnike glavnog grada Hrvatske, ve\u017eu brojne uspomene. &#8220;Da budem iskrena, nisam o\u010dekivala tako dobru reakciju! Ali sam prezadovoljna, nadam se da \u0107emo uspjeti opravdati o\u010dekivanja. I nadam se da \u0107e se Petrova dostojno mo\u0107i obnoviti, kakav god iznos da se prikupi&#8221;.<\/span><\/p>\n\n\n\n<h3 class=\"wp-block-heading\"><span style=\"font-family: 'Open Sans',sans-serif; color: #282b3a;\">Galerija<\/span><\/h3>\n\n\n\n<figure class=\"wp-block-gallery has-nested-images columns-default is-cropped wp-block-gallery-1 is-layout-flex wp-block-gallery-is-layout-flex\">\n<figure class=\"wp-block-image size-large\"><img loading=\"lazy\" decoding=\"async\" width=\"624\" height=\"832\" data-id=\"127\" src=\"https:\/\/galerijakaptol.hr\/wp-content\/uploads\/2023\/09\/Post-LJ-2.jpg\" alt=\"\" class=\"wp-image-127\" srcset=\"https:\/\/galerijakaptol.hr\/wp-content\/uploads\/2023\/09\/Post-LJ-2.jpg 624w, https:\/\/galerijakaptol.hr\/wp-content\/uploads\/2023\/09\/Post-LJ-2-225x300.jpg 225w\" sizes=\"auto, (max-width: 624px) 100vw, 624px\" \/><\/figure>\n\n\n\n<figure class=\"wp-block-image size-large\"><img loading=\"lazy\" decoding=\"async\" width=\"624\" height=\"863\" data-id=\"126\" src=\"https:\/\/galerijakaptol.hr\/wp-content\/uploads\/2023\/09\/Post-LJ-3.jpg\" alt=\"\" class=\"wp-image-126\" srcset=\"https:\/\/galerijakaptol.hr\/wp-content\/uploads\/2023\/09\/Post-LJ-3.jpg 624w, https:\/\/galerijakaptol.hr\/wp-content\/uploads\/2023\/09\/Post-LJ-3-217x300.jpg 217w\" sizes=\"auto, (max-width: 624px) 100vw, 624px\" \/><\/figure>\n\n\n\n<figure class=\"wp-block-image size-large\"><img loading=\"lazy\" decoding=\"async\" width=\"422\" height=\"648\" data-id=\"125\" src=\"https:\/\/galerijakaptol.hr\/wp-content\/uploads\/2023\/09\/Post-LJ-1.jpg\" alt=\"\" class=\"wp-image-125\" srcset=\"https:\/\/galerijakaptol.hr\/wp-content\/uploads\/2023\/09\/Post-LJ-1.jpg 422w, https:\/\/galerijakaptol.hr\/wp-content\/uploads\/2023\/09\/Post-LJ-1-195x300.jpg 195w\" sizes=\"auto, (max-width: 422px) 100vw, 422px\" \/><\/figure>\n<\/figure>\n","protected":false},"excerpt":{"rendered":"<p>Iako je od potresa u Zagrebu, u kojem je najvi\u0161e nastradao u\u017ei centar grada, pa tako i brojne ustanove i institucije, uklju\u010duju\u0107i i bolnice, pro\u0161lo ne\u0161to vi\u0161e od dva mjeseca, tragovi tog nedjeljnog jutra jo\u0161 uvijek su &#8211; i bit \u0107e jo\u0161 dugo &#8211; vidljivi. Pa ipak, dozu optimizma me\u0111u ru\u0161evine unijeli su svi koji [&hellip;]<\/p>\n","protected":false},"author":1,"featured_media":125,"comment_status":"closed","ping_status":"open","sticky":false,"template":"single-no-separators","format":"standard","meta":{"_jetpack_memberships_contains_paid_content":false,"footnotes":""},"categories":[1],"tags":[],"class_list":["post-124","post","type-post","status-publish","format-standard","has-post-thumbnail","hentry","category-uncategorized"],"yoast_head":"<!-- This site is optimized with the Yoast SEO plugin v27.5 - https:\/\/yoast.com\/product\/yoast-seo-wordpress\/ -->\n<title>KAKO JE LUCIA JERI\u010c SPOJILA PROFESIONALNO ZNANJE I LJUBAV PREMA UMJETNINAMA S HVALEVRIJEDNIM CILJEM, BURO247, 2020. - Galerija umjetnina<\/title>\n<meta name=\"robots\" content=\"index, follow, max-snippet:-1, max-image-preview:large, max-video-preview:-1\" \/>\n<link rel=\"canonical\" href=\"https:\/\/galerijakaptol.hr\/index.php\/2023\/09\/10\/kako-je-lucia-jeric-spojila-profesionalno-znanje-i-ljubav-prema-umjetninama-s-hvalevrijednim-ciljem-buro247-2020\/\" \/>\n<meta property=\"og:locale\" content=\"hr_HR\" \/>\n<meta property=\"og:type\" content=\"article\" \/>\n<meta property=\"og:title\" content=\"KAKO JE LUCIA JERI\u010c SPOJILA PROFESIONALNO ZNANJE I LJUBAV PREMA UMJETNINAMA S HVALEVRIJEDNIM CILJEM, BURO247, 2020. - Galerija umjetnina\" \/>\n<meta property=\"og:description\" content=\"Iako je od potresa u Zagrebu, u kojem je najvi\u0161e nastradao u\u017ei centar grada, pa tako i brojne ustanove i institucije, uklju\u010duju\u0107i i bolnice, pro\u0161lo ne\u0161to vi\u0161e od dva mjeseca, tragovi tog nedjeljnog jutra jo\u0161 uvijek su &#8211; i bit \u0107e jo\u0161 dugo &#8211; vidljivi. Pa ipak, dozu optimizma me\u0111u ru\u0161evine unijeli su svi koji [&hellip;]\" \/>\n<meta property=\"og:url\" content=\"https:\/\/galerijakaptol.hr\/index.php\/2023\/09\/10\/kako-je-lucia-jeric-spojila-profesionalno-znanje-i-ljubav-prema-umjetninama-s-hvalevrijednim-ciljem-buro247-2020\/\" \/>\n<meta property=\"og:site_name\" content=\"Galerija umjetnina\" \/>\n<meta property=\"article:published_time\" content=\"2023-09-10T18:10:57+00:00\" \/>\n<meta property=\"article:modified_time\" content=\"2023-09-17T19:30:51+00:00\" \/>\n<meta property=\"og:image\" content=\"https:\/\/galerijakaptol.hr\/wp-content\/uploads\/2023\/09\/Post-LJ-1.jpg\" \/>\n\t<meta property=\"og:image:width\" content=\"422\" \/>\n\t<meta property=\"og:image:height\" content=\"648\" \/>\n\t<meta property=\"og:image:type\" content=\"image\/jpeg\" \/>\n<meta name=\"author\" content=\"admin\" \/>\n<meta name=\"twitter:card\" content=\"summary_large_image\" \/>\n<meta name=\"twitter:label1\" content=\"Napisao\/la\" \/>\n\t<meta name=\"twitter:data1\" content=\"admin\" \/>\n\t<meta name=\"twitter:label2\" content=\"Procijenjeno vrijeme \u010ditanja\" \/>\n\t<meta name=\"twitter:data2\" content=\"5 minuta\" \/>\n<script type=\"application\/ld+json\" class=\"yoast-schema-graph\">{\"@context\":\"https:\\\/\\\/schema.org\",\"@graph\":[{\"@type\":\"Article\",\"@id\":\"https:\\\/\\\/galerijakaptol.hr\\\/index.php\\\/2023\\\/09\\\/10\\\/kako-je-lucia-jeric-spojila-profesionalno-znanje-i-ljubav-prema-umjetninama-s-hvalevrijednim-ciljem-buro247-2020\\\/#article\",\"isPartOf\":{\"@id\":\"https:\\\/\\\/galerijakaptol.hr\\\/index.php\\\/2023\\\/09\\\/10\\\/kako-je-lucia-jeric-spojila-profesionalno-znanje-i-ljubav-prema-umjetninama-s-hvalevrijednim-ciljem-buro247-2020\\\/\"},\"author\":{\"name\":\"admin\",\"@id\":\"https:\\\/\\\/galerijakaptol.hr\\\/#\\\/schema\\\/person\\\/f3d1dc228981eca5894740a7ccd795df\"},\"headline\":\"KAKO JE LUCIA JERI\u010c SPOJILA PROFESIONALNO ZNANJE I LJUBAV PREMA UMJETNINAMA S HVALEVRIJEDNIM CILJEM, BURO247, 2020.\",\"datePublished\":\"2023-09-10T18:10:57+00:00\",\"dateModified\":\"2023-09-17T19:30:51+00:00\",\"mainEntityOfPage\":{\"@id\":\"https:\\\/\\\/galerijakaptol.hr\\\/index.php\\\/2023\\\/09\\\/10\\\/kako-je-lucia-jeric-spojila-profesionalno-znanje-i-ljubav-prema-umjetninama-s-hvalevrijednim-ciljem-buro247-2020\\\/\"},\"wordCount\":866,\"publisher\":{\"@id\":\"https:\\\/\\\/galerijakaptol.hr\\\/#organization\"},\"image\":{\"@id\":\"https:\\\/\\\/galerijakaptol.hr\\\/index.php\\\/2023\\\/09\\\/10\\\/kako-je-lucia-jeric-spojila-profesionalno-znanje-i-ljubav-prema-umjetninama-s-hvalevrijednim-ciljem-buro247-2020\\\/#primaryimage\"},\"thumbnailUrl\":\"https:\\\/\\\/galerijakaptol.hr\\\/wp-content\\\/uploads\\\/2023\\\/09\\\/Post-LJ-1.jpg\",\"articleSection\":[\"Blog\"],\"inLanguage\":\"hr\"},{\"@type\":\"WebPage\",\"@id\":\"https:\\\/\\\/galerijakaptol.hr\\\/index.php\\\/2023\\\/09\\\/10\\\/kako-je-lucia-jeric-spojila-profesionalno-znanje-i-ljubav-prema-umjetninama-s-hvalevrijednim-ciljem-buro247-2020\\\/\",\"url\":\"https:\\\/\\\/galerijakaptol.hr\\\/index.php\\\/2023\\\/09\\\/10\\\/kako-je-lucia-jeric-spojila-profesionalno-znanje-i-ljubav-prema-umjetninama-s-hvalevrijednim-ciljem-buro247-2020\\\/\",\"name\":\"KAKO JE LUCIA JERI\u010c SPOJILA PROFESIONALNO ZNANJE I LJUBAV PREMA UMJETNINAMA S HVALEVRIJEDNIM CILJEM, BURO247, 2020. - Galerija umjetnina\",\"isPartOf\":{\"@id\":\"https:\\\/\\\/galerijakaptol.hr\\\/#website\"},\"primaryImageOfPage\":{\"@id\":\"https:\\\/\\\/galerijakaptol.hr\\\/index.php\\\/2023\\\/09\\\/10\\\/kako-je-lucia-jeric-spojila-profesionalno-znanje-i-ljubav-prema-umjetninama-s-hvalevrijednim-ciljem-buro247-2020\\\/#primaryimage\"},\"image\":{\"@id\":\"https:\\\/\\\/galerijakaptol.hr\\\/index.php\\\/2023\\\/09\\\/10\\\/kako-je-lucia-jeric-spojila-profesionalno-znanje-i-ljubav-prema-umjetninama-s-hvalevrijednim-ciljem-buro247-2020\\\/#primaryimage\"},\"thumbnailUrl\":\"https:\\\/\\\/galerijakaptol.hr\\\/wp-content\\\/uploads\\\/2023\\\/09\\\/Post-LJ-1.jpg\",\"datePublished\":\"2023-09-10T18:10:57+00:00\",\"dateModified\":\"2023-09-17T19:30:51+00:00\",\"breadcrumb\":{\"@id\":\"https:\\\/\\\/galerijakaptol.hr\\\/index.php\\\/2023\\\/09\\\/10\\\/kako-je-lucia-jeric-spojila-profesionalno-znanje-i-ljubav-prema-umjetninama-s-hvalevrijednim-ciljem-buro247-2020\\\/#breadcrumb\"},\"inLanguage\":\"hr\",\"potentialAction\":[{\"@type\":\"ReadAction\",\"target\":[\"https:\\\/\\\/galerijakaptol.hr\\\/index.php\\\/2023\\\/09\\\/10\\\/kako-je-lucia-jeric-spojila-profesionalno-znanje-i-ljubav-prema-umjetninama-s-hvalevrijednim-ciljem-buro247-2020\\\/\"]}]},{\"@type\":\"ImageObject\",\"inLanguage\":\"hr\",\"@id\":\"https:\\\/\\\/galerijakaptol.hr\\\/index.php\\\/2023\\\/09\\\/10\\\/kako-je-lucia-jeric-spojila-profesionalno-znanje-i-ljubav-prema-umjetninama-s-hvalevrijednim-ciljem-buro247-2020\\\/#primaryimage\",\"url\":\"https:\\\/\\\/galerijakaptol.hr\\\/wp-content\\\/uploads\\\/2023\\\/09\\\/Post-LJ-1.jpg\",\"contentUrl\":\"https:\\\/\\\/galerijakaptol.hr\\\/wp-content\\\/uploads\\\/2023\\\/09\\\/Post-LJ-1.jpg\",\"width\":422,\"height\":648},{\"@type\":\"BreadcrumbList\",\"@id\":\"https:\\\/\\\/galerijakaptol.hr\\\/index.php\\\/2023\\\/09\\\/10\\\/kako-je-lucia-jeric-spojila-profesionalno-znanje-i-ljubav-prema-umjetninama-s-hvalevrijednim-ciljem-buro247-2020\\\/#breadcrumb\",\"itemListElement\":[{\"@type\":\"ListItem\",\"position\":1,\"name\":\"Po\u010detna stranica\",\"item\":\"https:\\\/\\\/galerijakaptol.hr\\\/\"},{\"@type\":\"ListItem\",\"position\":2,\"name\":\"KAKO JE LUCIA JERI\u010c SPOJILA PROFESIONALNO ZNANJE I LJUBAV PREMA UMJETNINAMA S HVALEVRIJEDNIM CILJEM, BURO247, 2020.\"}]},{\"@type\":\"WebSite\",\"@id\":\"https:\\\/\\\/galerijakaptol.hr\\\/#website\",\"url\":\"https:\\\/\\\/galerijakaptol.hr\\\/\",\"name\":\"Galerija umjetnina\",\"description\":\"\",\"publisher\":{\"@id\":\"https:\\\/\\\/galerijakaptol.hr\\\/#organization\"},\"potentialAction\":[{\"@type\":\"SearchAction\",\"target\":{\"@type\":\"EntryPoint\",\"urlTemplate\":\"https:\\\/\\\/galerijakaptol.hr\\\/?s={search_term_string}\"},\"query-input\":{\"@type\":\"PropertyValueSpecification\",\"valueRequired\":true,\"valueName\":\"search_term_string\"}}],\"inLanguage\":\"hr\"},{\"@type\":\"Organization\",\"@id\":\"https:\\\/\\\/galerijakaptol.hr\\\/#organization\",\"name\":\"Galerija umjetnina\",\"url\":\"https:\\\/\\\/galerijakaptol.hr\\\/\",\"logo\":{\"@type\":\"ImageObject\",\"inLanguage\":\"hr\",\"@id\":\"https:\\\/\\\/galerijakaptol.hr\\\/#\\\/schema\\\/logo\\\/image\\\/\",\"url\":\"https:\\\/\\\/galerijakaptol.hr\\\/wp-content\\\/uploads\\\/2023\\\/09\\\/logo-Kaptol-Galerija.png\",\"contentUrl\":\"https:\\\/\\\/galerijakaptol.hr\\\/wp-content\\\/uploads\\\/2023\\\/09\\\/logo-Kaptol-Galerija.png\",\"width\":342,\"height\":72,\"caption\":\"Galerija umjetnina\"},\"image\":{\"@id\":\"https:\\\/\\\/galerijakaptol.hr\\\/#\\\/schema\\\/logo\\\/image\\\/\"}},{\"@type\":\"Person\",\"@id\":\"https:\\\/\\\/galerijakaptol.hr\\\/#\\\/schema\\\/person\\\/f3d1dc228981eca5894740a7ccd795df\",\"name\":\"admin\",\"sameAs\":[\"https:\\\/\\\/galerijakaptol.hr\"],\"url\":\"https:\\\/\\\/galerijakaptol.hr\\\/index.php\\\/author\\\/admin_gk\\\/\"}]}<\/script>\n<!-- \/ Yoast SEO plugin. -->","yoast_head_json":{"title":"KAKO JE LUCIA JERI\u010c SPOJILA PROFESIONALNO ZNANJE I LJUBAV PREMA UMJETNINAMA S HVALEVRIJEDNIM CILJEM, BURO247, 2020. - Galerija umjetnina","robots":{"index":"index","follow":"follow","max-snippet":"max-snippet:-1","max-image-preview":"max-image-preview:large","max-video-preview":"max-video-preview:-1"},"canonical":"https:\/\/galerijakaptol.hr\/index.php\/2023\/09\/10\/kako-je-lucia-jeric-spojila-profesionalno-znanje-i-ljubav-prema-umjetninama-s-hvalevrijednim-ciljem-buro247-2020\/","og_locale":"hr_HR","og_type":"article","og_title":"KAKO JE LUCIA JERI\u010c SPOJILA PROFESIONALNO ZNANJE I LJUBAV PREMA UMJETNINAMA S HVALEVRIJEDNIM CILJEM, BURO247, 2020. - Galerija umjetnina","og_description":"Iako je od potresa u Zagrebu, u kojem je najvi\u0161e nastradao u\u017ei centar grada, pa tako i brojne ustanove i institucije, uklju\u010duju\u0107i i bolnice, pro\u0161lo ne\u0161to vi\u0161e od dva mjeseca, tragovi tog nedjeljnog jutra jo\u0161 uvijek su &#8211; i bit \u0107e jo\u0161 dugo &#8211; vidljivi. Pa ipak, dozu optimizma me\u0111u ru\u0161evine unijeli su svi koji [&hellip;]","og_url":"https:\/\/galerijakaptol.hr\/index.php\/2023\/09\/10\/kako-je-lucia-jeric-spojila-profesionalno-znanje-i-ljubav-prema-umjetninama-s-hvalevrijednim-ciljem-buro247-2020\/","og_site_name":"Galerija umjetnina","article_published_time":"2023-09-10T18:10:57+00:00","article_modified_time":"2023-09-17T19:30:51+00:00","og_image":[{"width":422,"height":648,"url":"https:\/\/galerijakaptol.hr\/wp-content\/uploads\/2023\/09\/Post-LJ-1.jpg","type":"image\/jpeg"}],"author":"admin","twitter_card":"summary_large_image","twitter_misc":{"Napisao\/la":"admin","Procijenjeno vrijeme \u010ditanja":"5 minuta"},"schema":{"@context":"https:\/\/schema.org","@graph":[{"@type":"Article","@id":"https:\/\/galerijakaptol.hr\/index.php\/2023\/09\/10\/kako-je-lucia-jeric-spojila-profesionalno-znanje-i-ljubav-prema-umjetninama-s-hvalevrijednim-ciljem-buro247-2020\/#article","isPartOf":{"@id":"https:\/\/galerijakaptol.hr\/index.php\/2023\/09\/10\/kako-je-lucia-jeric-spojila-profesionalno-znanje-i-ljubav-prema-umjetninama-s-hvalevrijednim-ciljem-buro247-2020\/"},"author":{"name":"admin","@id":"https:\/\/galerijakaptol.hr\/#\/schema\/person\/f3d1dc228981eca5894740a7ccd795df"},"headline":"KAKO JE LUCIA JERI\u010c SPOJILA PROFESIONALNO ZNANJE I LJUBAV PREMA UMJETNINAMA S HVALEVRIJEDNIM CILJEM, BURO247, 2020.","datePublished":"2023-09-10T18:10:57+00:00","dateModified":"2023-09-17T19:30:51+00:00","mainEntityOfPage":{"@id":"https:\/\/galerijakaptol.hr\/index.php\/2023\/09\/10\/kako-je-lucia-jeric-spojila-profesionalno-znanje-i-ljubav-prema-umjetninama-s-hvalevrijednim-ciljem-buro247-2020\/"},"wordCount":866,"publisher":{"@id":"https:\/\/galerijakaptol.hr\/#organization"},"image":{"@id":"https:\/\/galerijakaptol.hr\/index.php\/2023\/09\/10\/kako-je-lucia-jeric-spojila-profesionalno-znanje-i-ljubav-prema-umjetninama-s-hvalevrijednim-ciljem-buro247-2020\/#primaryimage"},"thumbnailUrl":"https:\/\/galerijakaptol.hr\/wp-content\/uploads\/2023\/09\/Post-LJ-1.jpg","articleSection":["Blog"],"inLanguage":"hr"},{"@type":"WebPage","@id":"https:\/\/galerijakaptol.hr\/index.php\/2023\/09\/10\/kako-je-lucia-jeric-spojila-profesionalno-znanje-i-ljubav-prema-umjetninama-s-hvalevrijednim-ciljem-buro247-2020\/","url":"https:\/\/galerijakaptol.hr\/index.php\/2023\/09\/10\/kako-je-lucia-jeric-spojila-profesionalno-znanje-i-ljubav-prema-umjetninama-s-hvalevrijednim-ciljem-buro247-2020\/","name":"KAKO JE LUCIA JERI\u010c SPOJILA PROFESIONALNO ZNANJE I LJUBAV PREMA UMJETNINAMA S HVALEVRIJEDNIM CILJEM, BURO247, 2020. - Galerija umjetnina","isPartOf":{"@id":"https:\/\/galerijakaptol.hr\/#website"},"primaryImageOfPage":{"@id":"https:\/\/galerijakaptol.hr\/index.php\/2023\/09\/10\/kako-je-lucia-jeric-spojila-profesionalno-znanje-i-ljubav-prema-umjetninama-s-hvalevrijednim-ciljem-buro247-2020\/#primaryimage"},"image":{"@id":"https:\/\/galerijakaptol.hr\/index.php\/2023\/09\/10\/kako-je-lucia-jeric-spojila-profesionalno-znanje-i-ljubav-prema-umjetninama-s-hvalevrijednim-ciljem-buro247-2020\/#primaryimage"},"thumbnailUrl":"https:\/\/galerijakaptol.hr\/wp-content\/uploads\/2023\/09\/Post-LJ-1.jpg","datePublished":"2023-09-10T18:10:57+00:00","dateModified":"2023-09-17T19:30:51+00:00","breadcrumb":{"@id":"https:\/\/galerijakaptol.hr\/index.php\/2023\/09\/10\/kako-je-lucia-jeric-spojila-profesionalno-znanje-i-ljubav-prema-umjetninama-s-hvalevrijednim-ciljem-buro247-2020\/#breadcrumb"},"inLanguage":"hr","potentialAction":[{"@type":"ReadAction","target":["https:\/\/galerijakaptol.hr\/index.php\/2023\/09\/10\/kako-je-lucia-jeric-spojila-profesionalno-znanje-i-ljubav-prema-umjetninama-s-hvalevrijednim-ciljem-buro247-2020\/"]}]},{"@type":"ImageObject","inLanguage":"hr","@id":"https:\/\/galerijakaptol.hr\/index.php\/2023\/09\/10\/kako-je-lucia-jeric-spojila-profesionalno-znanje-i-ljubav-prema-umjetninama-s-hvalevrijednim-ciljem-buro247-2020\/#primaryimage","url":"https:\/\/galerijakaptol.hr\/wp-content\/uploads\/2023\/09\/Post-LJ-1.jpg","contentUrl":"https:\/\/galerijakaptol.hr\/wp-content\/uploads\/2023\/09\/Post-LJ-1.jpg","width":422,"height":648},{"@type":"BreadcrumbList","@id":"https:\/\/galerijakaptol.hr\/index.php\/2023\/09\/10\/kako-je-lucia-jeric-spojila-profesionalno-znanje-i-ljubav-prema-umjetninama-s-hvalevrijednim-ciljem-buro247-2020\/#breadcrumb","itemListElement":[{"@type":"ListItem","position":1,"name":"Po\u010detna stranica","item":"https:\/\/galerijakaptol.hr\/"},{"@type":"ListItem","position":2,"name":"KAKO JE LUCIA JERI\u010c SPOJILA PROFESIONALNO ZNANJE I LJUBAV PREMA UMJETNINAMA S HVALEVRIJEDNIM CILJEM, BURO247, 2020."}]},{"@type":"WebSite","@id":"https:\/\/galerijakaptol.hr\/#website","url":"https:\/\/galerijakaptol.hr\/","name":"Galerija umjetnina","description":"","publisher":{"@id":"https:\/\/galerijakaptol.hr\/#organization"},"potentialAction":[{"@type":"SearchAction","target":{"@type":"EntryPoint","urlTemplate":"https:\/\/galerijakaptol.hr\/?s={search_term_string}"},"query-input":{"@type":"PropertyValueSpecification","valueRequired":true,"valueName":"search_term_string"}}],"inLanguage":"hr"},{"@type":"Organization","@id":"https:\/\/galerijakaptol.hr\/#organization","name":"Galerija umjetnina","url":"https:\/\/galerijakaptol.hr\/","logo":{"@type":"ImageObject","inLanguage":"hr","@id":"https:\/\/galerijakaptol.hr\/#\/schema\/logo\/image\/","url":"https:\/\/galerijakaptol.hr\/wp-content\/uploads\/2023\/09\/logo-Kaptol-Galerija.png","contentUrl":"https:\/\/galerijakaptol.hr\/wp-content\/uploads\/2023\/09\/logo-Kaptol-Galerija.png","width":342,"height":72,"caption":"Galerija umjetnina"},"image":{"@id":"https:\/\/galerijakaptol.hr\/#\/schema\/logo\/image\/"}},{"@type":"Person","@id":"https:\/\/galerijakaptol.hr\/#\/schema\/person\/f3d1dc228981eca5894740a7ccd795df","name":"admin","sameAs":["https:\/\/galerijakaptol.hr"],"url":"https:\/\/galerijakaptol.hr\/index.php\/author\/admin_gk\/"}]}},"jetpack_featured_media_url":"https:\/\/galerijakaptol.hr\/wp-content\/uploads\/2023\/09\/Post-LJ-1.jpg","jetpack_sharing_enabled":true,"_links":{"self":[{"href":"https:\/\/galerijakaptol.hr\/index.php\/wp-json\/wp\/v2\/posts\/124","targetHints":{"allow":["GET"]}}],"collection":[{"href":"https:\/\/galerijakaptol.hr\/index.php\/wp-json\/wp\/v2\/posts"}],"about":[{"href":"https:\/\/galerijakaptol.hr\/index.php\/wp-json\/wp\/v2\/types\/post"}],"author":[{"embeddable":true,"href":"https:\/\/galerijakaptol.hr\/index.php\/wp-json\/wp\/v2\/users\/1"}],"replies":[{"embeddable":true,"href":"https:\/\/galerijakaptol.hr\/index.php\/wp-json\/wp\/v2\/comments?post=124"}],"version-history":[{"count":3,"href":"https:\/\/galerijakaptol.hr\/index.php\/wp-json\/wp\/v2\/posts\/124\/revisions"}],"predecessor-version":[{"id":509,"href":"https:\/\/galerijakaptol.hr\/index.php\/wp-json\/wp\/v2\/posts\/124\/revisions\/509"}],"wp:featuredmedia":[{"embeddable":true,"href":"https:\/\/galerijakaptol.hr\/index.php\/wp-json\/wp\/v2\/media\/125"}],"wp:attachment":[{"href":"https:\/\/galerijakaptol.hr\/index.php\/wp-json\/wp\/v2\/media?parent=124"}],"wp:term":[{"taxonomy":"category","embeddable":true,"href":"https:\/\/galerijakaptol.hr\/index.php\/wp-json\/wp\/v2\/categories?post=124"},{"taxonomy":"post_tag","embeddable":true,"href":"https:\/\/galerijakaptol.hr\/index.php\/wp-json\/wp\/v2\/tags?post=124"}],"curies":[{"name":"wp","href":"https:\/\/api.w.org\/{rel}","templated":true}]}}