{"id":1380,"date":"2023-10-25T10:05:22","date_gmt":"2023-10-25T10:05:22","guid":{"rendered":"https:\/\/galerijakaptol.hr\/?p=1380"},"modified":"2025-05-19T09:57:22","modified_gmt":"2025-05-19T09:57:22","slug":"mato-celestin-medovic","status":"publish","type":"post","link":"https:\/\/galerijakaptol.hr\/index.php\/2023\/10\/25\/mato-celestin-medovic\/","title":{"rendered":"MATO CELESTIN MEDOVI\u0106"},"content":{"rendered":"\n<p><strong>Medovi\u0107, Mato Celestin,<\/strong> hrvatski slikar (Kuna Pelje\u0161ka, 17.&nbsp;XI.&nbsp;1857 \u2013 Sarajevo, 20.&nbsp;I.&nbsp;1920). Jedan od najistaknutijih predstavnika prvoga nara\u0161taja slikara hrvatske moderne. <\/p>\n\n\n\n<p>Zanimaju\u0107i se za slikarstvo, od 1881. \u017eivi u samostanu sv. Izidora u Rimu, okupljali\u0161tu sljedbenika <a href=\"https:\/\/www.enciklopedija.hr\/natuknica.aspx?ID=43160\">nazarenaca<\/a>, te u\u010di kod Lodovica Seitza i Francesca Grandija. Nezadovoljan studijem, 1883\u201384. \u0161kolovanje nastavlja u privatnoj \u0161koli Antonija Ciserija u Firenzi. Studirao je potom 1888\u201393. na Akademiji u M\u00fcnchenu gdje prihva\u0107a akademski realizam. U tamnoj paleti, nerijetko slu\u017ee\u0107i se fotografskim aparatom kao slikarskim pomagalom, slika intimne prizore (<em>Fratar na odru,<\/em> oko 1890., NMMU) i figuralne kompozicije izra\u017eene teatralnosti i historiografske preciznosti, poput slike <em>Bakanal<\/em> . Me\u0111u portretima isti\u010du se oni intimnijega, leiblovskoga karaktera (<em>Portret starca,<\/em> 1890\u201393., UGD; <em>Portret majke,<\/em> 1894., GUS), a izravno pred motivom nastaju i najraniji pejza\u017ei izra\u017eenijega kolorita i ugo\u0111aja (<em>Razvaline kod Stinive<\/em> i <em>Krajolik kro\u0161njastih pinija,<\/em> 1894).<\/p>\n\n\n\n<p>Istodobno sura\u0111uje sa zagreba\u010dkom likovnom scenom (s Dru\u0161tvom umjetnosti izla\u017ee u Zagrebu 1891) te od 1895. djeluje u Zagrebu, gdje je dr\u017eao privatnu slikarsku \u0161kolu. Dijele\u0107i atelijer s <a href=\"https:\/\/www.enciklopedija.hr\/natuknica.aspx?ID=10081\">Vlahom Bukovcem<\/a>, istra\u017euje svjetlosne efekte, posvjetljuje i pro\u0161iruje registar boja te, okre\u0107u\u0107i se anti\u010dkim temama, slika \u017eenske likove u mediteranskom ozra\u010dju rasvijetljenim pastelnim nijansama s puno bjeline (<em>Pompejanka na terasi II,<\/em> 1894., MUO).<\/p>\n\n\n<figure id=\"attachment_1596\" aria-describedby=\"caption-attachment-1596\" style=\"width: 224px\" class=\"wp-caption aligncenter\"><a href=\"https:\/\/galerijakaptol.hr\/wp-content\/uploads\/2023\/12\/Kuca-u-Trpnju.jpeg\"><img loading=\"lazy\" decoding=\"async\" class=\"size-medium wp-image-1596\" src=\"https:\/\/galerijakaptol.hr\/wp-content\/uploads\/2023\/12\/Kuca-u-Trpnju-224x300.jpeg\" alt=\"\" width=\"224\" height=\"300\" srcset=\"https:\/\/galerijakaptol.hr\/wp-content\/uploads\/2023\/12\/Kuca-u-Trpnju-224x300.jpeg 224w, https:\/\/galerijakaptol.hr\/wp-content\/uploads\/2023\/12\/Kuca-u-Trpnju.jpeg 763w\" sizes=\"auto, (max-width: 224px) 100vw, 224px\" \/><\/a><figcaption id=\"caption-attachment-1596\" class=\"wp-caption-text\"><strong>Ku\u0107a u Trpnju<\/strong><br \/>Tehnika: ulje na platnu<br \/>Dimenzije: 26&#215;19 cm<br \/>Godina: cca 1878.<\/figcaption><\/figure>","protected":false},"excerpt":{"rendered":"<p>Medovi\u0107, Mato Celestin, hrvatski slikar (Kuna Pelje\u0161ka, 17.&nbsp;XI.&nbsp;1857 \u2013 Sarajevo, 20.&nbsp;I.&nbsp;1920). Jedan od najistaknutijih predstavnika prvoga nara\u0161taja slikara hrvatske moderne. Zanimaju\u0107i se za slikarstvo, od 1881. \u017eivi u samostanu sv. Izidora u Rimu, okupljali\u0161tu sljedbenika nazarenaca, te u\u010di kod Lodovica Seitza i Francesca Grandija. Nezadovoljan studijem, 1883\u201384. \u0161kolovanje nastavlja u privatnoj \u0161koli Antonija Ciserija u [&hellip;]<\/p>\n","protected":false},"author":1,"featured_media":1596,"comment_status":"closed","ping_status":"open","sticky":false,"template":"","format":"standard","meta":{"_jetpack_memberships_contains_paid_content":false,"footnotes":""},"categories":[1],"tags":[],"class_list":["post-1380","post","type-post","status-publish","format-standard","has-post-thumbnail","hentry","category-uncategorized"],"yoast_head":"<!-- This site is optimized with the Yoast SEO plugin v27.5 - https:\/\/yoast.com\/product\/yoast-seo-wordpress\/ -->\n<title>MATO CELESTIN MEDOVI\u0106 - Galerija umjetnina<\/title>\n<meta name=\"description\" content=\"Medovi\u0107, Mato Celestin, hrvatski slikar (Kuna Pelje\u0161ka, 17.\u00a0XI.\u00a01857 \u2013 Sarajevo, 20.\u00a0I.\u00a01920). Jedan od najistaknutijih predstavnika prvoga nara\u0161taja slikara hrvatske moderne. Zanimaju\u0107i se za slikarstvo, od 1881. \u017eivi u samostanu sv. Izidora u Rimu, okupljali\u0161tu sljedbenika nazarenaca, te u\u010di kod Lodovica Seitza i Francesca Grandija. Nezadovoljan studijem, 1883\u201384. \u0161kolovanje nastavlja u privatnoj \u0161koli Antonija Ciserija u Firenzi. Studirao je potom 1888\u201393. na Akademiji u M\u00fcnchenu gdje prihva\u0107a akademski realizam. U tamnoj paleti, nerijetko slu\u017ee\u0107i se fotografskim aparatom kao slikarskim pomagalom, slika intimne prizore (Fratar na odru, oko 1890., NMMU) i figuralne kompozicije izra\u017eene teatralnosti i historiografske preciznosti, poput slike Bakanal . Me\u0111u portretima isti\u010du se oni intimnijega, leiblovskoga karaktera (Portret starca, 1890\u201393., UGD; Portret majke, 1894., GUS), a izravno pred motivom nastaju i najraniji pejza\u017ei izra\u017eenijega kolorita i ugo\u0111aja (Razvaline kod Stinive i Krajolik kro\u0161njastih pinija, 1894).Istodobno sura\u0111uje sa zagreba\u010dkom likovnom scenom (s Dru\u0161tvom umjetnosti izla\u017ee u Zagrebu 1891) te od 1895. djeluje u Zagrebu, gdje je dr\u017eao privatnu slikarsku \u0161kolu. Dijele\u0107i atelijer s Vlahom Bukovcem, istra\u017euje svjetlosne efekte, posvjetljuje i pro\u0161iruje registar boja te, okre\u0107u\u0107i se anti\u010dkim temama, slika \u017eenske likove u mediteranskom ozra\u010dju rasvijetljenim pastelnim nijansama s puno bjeline (Pompejanka na terasi II, 1894., MUO).\" \/>\n<meta name=\"robots\" content=\"index, follow, max-snippet:-1, max-image-preview:large, max-video-preview:-1\" \/>\n<link rel=\"canonical\" href=\"https:\/\/galerijakaptol.hr\/index.php\/2023\/10\/25\/mato-celestin-medovic\/\" \/>\n<meta property=\"og:locale\" content=\"hr_HR\" \/>\n<meta property=\"og:type\" content=\"article\" \/>\n<meta property=\"og:title\" content=\"MATO CELESTIN MEDOVI\u0106 - Galerija umjetnina\" \/>\n<meta property=\"og:description\" content=\"Medovi\u0107, Mato Celestin, hrvatski slikar (Kuna Pelje\u0161ka, 17.\u00a0XI.\u00a01857 \u2013 Sarajevo, 20.\u00a0I.\u00a01920). Jedan od najistaknutijih predstavnika prvoga nara\u0161taja slikara hrvatske moderne. Zanimaju\u0107i se za slikarstvo, od 1881. \u017eivi u samostanu sv. Izidora u Rimu, okupljali\u0161tu sljedbenika nazarenaca, te u\u010di kod Lodovica Seitza i Francesca Grandija. Nezadovoljan studijem, 1883\u201384. \u0161kolovanje nastavlja u privatnoj \u0161koli Antonija Ciserija u Firenzi. Studirao je potom 1888\u201393. na Akademiji u M\u00fcnchenu gdje prihva\u0107a akademski realizam. U tamnoj paleti, nerijetko slu\u017ee\u0107i se fotografskim aparatom kao slikarskim pomagalom, slika intimne prizore (Fratar na odru, oko 1890., NMMU) i figuralne kompozicije izra\u017eene teatralnosti i historiografske preciznosti, poput slike Bakanal . Me\u0111u portretima isti\u010du se oni intimnijega, leiblovskoga karaktera (Portret starca, 1890\u201393., UGD; Portret majke, 1894., GUS), a izravno pred motivom nastaju i najraniji pejza\u017ei izra\u017eenijega kolorita i ugo\u0111aja (Razvaline kod Stinive i Krajolik kro\u0161njastih pinija, 1894).Istodobno sura\u0111uje sa zagreba\u010dkom likovnom scenom (s Dru\u0161tvom umjetnosti izla\u017ee u Zagrebu 1891) te od 1895. djeluje u Zagrebu, gdje je dr\u017eao privatnu slikarsku \u0161kolu. Dijele\u0107i atelijer s Vlahom Bukovcem, istra\u017euje svjetlosne efekte, posvjetljuje i pro\u0161iruje registar boja te, okre\u0107u\u0107i se anti\u010dkim temama, slika \u017eenske likove u mediteranskom ozra\u010dju rasvijetljenim pastelnim nijansama s puno bjeline (Pompejanka na terasi II, 1894., MUO).\" \/>\n<meta property=\"og:url\" content=\"https:\/\/galerijakaptol.hr\/index.php\/2023\/10\/25\/mato-celestin-medovic\/\" \/>\n<meta property=\"og:site_name\" content=\"Galerija umjetnina\" \/>\n<meta property=\"article:published_time\" content=\"2023-10-25T10:05:22+00:00\" \/>\n<meta property=\"article:modified_time\" content=\"2025-05-19T09:57:22+00:00\" \/>\n<meta property=\"og:image\" content=\"https:\/\/galerijakaptol.hr\/wp-content\/uploads\/2023\/12\/Kuca-u-Trpnju.jpeg\" \/>\n\t<meta property=\"og:image:width\" content=\"763\" \/>\n\t<meta property=\"og:image:height\" content=\"1022\" \/>\n\t<meta property=\"og:image:type\" content=\"image\/jpeg\" \/>\n<meta name=\"author\" content=\"admin\" \/>\n<meta name=\"twitter:card\" content=\"summary_large_image\" \/>\n<meta name=\"twitter:label1\" content=\"Napisao\/la\" \/>\n\t<meta name=\"twitter:data1\" content=\"admin\" \/>\n\t<meta name=\"twitter:label2\" content=\"Procijenjeno vrijeme \u010ditanja\" \/>\n\t<meta name=\"twitter:data2\" content=\"2 minute\" \/>\n<script type=\"application\/ld+json\" class=\"yoast-schema-graph\">{\"@context\":\"https:\\\/\\\/schema.org\",\"@graph\":[{\"@type\":\"Article\",\"@id\":\"https:\\\/\\\/galerijakaptol.hr\\\/index.php\\\/2023\\\/10\\\/25\\\/mato-celestin-medovic\\\/#article\",\"isPartOf\":{\"@id\":\"https:\\\/\\\/galerijakaptol.hr\\\/index.php\\\/2023\\\/10\\\/25\\\/mato-celestin-medovic\\\/\"},\"author\":{\"name\":\"admin\",\"@id\":\"https:\\\/\\\/galerijakaptol.hr\\\/#\\\/schema\\\/person\\\/f3d1dc228981eca5894740a7ccd795df\"},\"headline\":\"MATO CELESTIN MEDOVI\u0106\",\"datePublished\":\"2023-10-25T10:05:22+00:00\",\"dateModified\":\"2025-05-19T09:57:22+00:00\",\"mainEntityOfPage\":{\"@id\":\"https:\\\/\\\/galerijakaptol.hr\\\/index.php\\\/2023\\\/10\\\/25\\\/mato-celestin-medovic\\\/\"},\"wordCount\":238,\"publisher\":{\"@id\":\"https:\\\/\\\/galerijakaptol.hr\\\/#organization\"},\"image\":{\"@id\":\"https:\\\/\\\/galerijakaptol.hr\\\/index.php\\\/2023\\\/10\\\/25\\\/mato-celestin-medovic\\\/#primaryimage\"},\"thumbnailUrl\":\"https:\\\/\\\/galerijakaptol.hr\\\/wp-content\\\/uploads\\\/2023\\\/12\\\/Kuca-u-Trpnju.jpeg\",\"articleSection\":[\"Blog\"],\"inLanguage\":\"hr\"},{\"@type\":\"WebPage\",\"@id\":\"https:\\\/\\\/galerijakaptol.hr\\\/index.php\\\/2023\\\/10\\\/25\\\/mato-celestin-medovic\\\/\",\"url\":\"https:\\\/\\\/galerijakaptol.hr\\\/index.php\\\/2023\\\/10\\\/25\\\/mato-celestin-medovic\\\/\",\"name\":\"MATO CELESTIN MEDOVI\u0106 - Galerija umjetnina\",\"isPartOf\":{\"@id\":\"https:\\\/\\\/galerijakaptol.hr\\\/#website\"},\"primaryImageOfPage\":{\"@id\":\"https:\\\/\\\/galerijakaptol.hr\\\/index.php\\\/2023\\\/10\\\/25\\\/mato-celestin-medovic\\\/#primaryimage\"},\"image\":{\"@id\":\"https:\\\/\\\/galerijakaptol.hr\\\/index.php\\\/2023\\\/10\\\/25\\\/mato-celestin-medovic\\\/#primaryimage\"},\"thumbnailUrl\":\"https:\\\/\\\/galerijakaptol.hr\\\/wp-content\\\/uploads\\\/2023\\\/12\\\/Kuca-u-Trpnju.jpeg\",\"datePublished\":\"2023-10-25T10:05:22+00:00\",\"dateModified\":\"2025-05-19T09:57:22+00:00\",\"description\":\"Medovi\u0107, Mato Celestin, hrvatski slikar (Kuna Pelje\u0161ka, 17.\u00a0XI.\u00a01857 \u2013 Sarajevo, 20.\u00a0I.\u00a01920). Jedan od najistaknutijih predstavnika prvoga nara\u0161taja slikara hrvatske moderne. Zanimaju\u0107i se za slikarstvo, od 1881. \u017eivi u samostanu sv. Izidora u Rimu, okupljali\u0161tu sljedbenika nazarenaca, te u\u010di kod Lodovica Seitza i Francesca Grandija. Nezadovoljan studijem, 1883\u201384. \u0161kolovanje nastavlja u privatnoj \u0161koli Antonija Ciserija u Firenzi. Studirao je potom 1888\u201393. na Akademiji u M\u00fcnchenu gdje prihva\u0107a akademski realizam. U tamnoj paleti, nerijetko slu\u017ee\u0107i se fotografskim aparatom kao slikarskim pomagalom, slika intimne prizore (Fratar na odru, oko 1890., NMMU) i figuralne kompozicije izra\u017eene teatralnosti i historiografske preciznosti, poput slike Bakanal . Me\u0111u portretima isti\u010du se oni intimnijega, leiblovskoga karaktera (Portret starca, 1890\u201393., UGD; Portret majke, 1894., GUS), a izravno pred motivom nastaju i najraniji pejza\u017ei izra\u017eenijega kolorita i ugo\u0111aja (Razvaline kod Stinive i Krajolik kro\u0161njastih pinija, 1894).Istodobno sura\u0111uje sa zagreba\u010dkom likovnom scenom (s Dru\u0161tvom umjetnosti izla\u017ee u Zagrebu 1891) te od 1895. djeluje u Zagrebu, gdje je dr\u017eao privatnu slikarsku \u0161kolu. Dijele\u0107i atelijer s Vlahom Bukovcem, istra\u017euje svjetlosne efekte, posvjetljuje i pro\u0161iruje registar boja te, okre\u0107u\u0107i se anti\u010dkim temama, slika \u017eenske likove u mediteranskom ozra\u010dju rasvijetljenim pastelnim nijansama s puno bjeline (Pompejanka na terasi II, 1894., MUO).\",\"breadcrumb\":{\"@id\":\"https:\\\/\\\/galerijakaptol.hr\\\/index.php\\\/2023\\\/10\\\/25\\\/mato-celestin-medovic\\\/#breadcrumb\"},\"inLanguage\":\"hr\",\"potentialAction\":[{\"@type\":\"ReadAction\",\"target\":[\"https:\\\/\\\/galerijakaptol.hr\\\/index.php\\\/2023\\\/10\\\/25\\\/mato-celestin-medovic\\\/\"]}]},{\"@type\":\"ImageObject\",\"inLanguage\":\"hr\",\"@id\":\"https:\\\/\\\/galerijakaptol.hr\\\/index.php\\\/2023\\\/10\\\/25\\\/mato-celestin-medovic\\\/#primaryimage\",\"url\":\"https:\\\/\\\/galerijakaptol.hr\\\/wp-content\\\/uploads\\\/2023\\\/12\\\/Kuca-u-Trpnju.jpeg\",\"contentUrl\":\"https:\\\/\\\/galerijakaptol.hr\\\/wp-content\\\/uploads\\\/2023\\\/12\\\/Kuca-u-Trpnju.jpeg\",\"width\":763,\"height\":1022,\"caption\":\"Ku\u0107a u Trpnju Tehnika: ulje na platnu Dimenzije: 26x19 cm Godina: cca 1878.\"},{\"@type\":\"BreadcrumbList\",\"@id\":\"https:\\\/\\\/galerijakaptol.hr\\\/index.php\\\/2023\\\/10\\\/25\\\/mato-celestin-medovic\\\/#breadcrumb\",\"itemListElement\":[{\"@type\":\"ListItem\",\"position\":1,\"name\":\"Po\u010detna stranica\",\"item\":\"https:\\\/\\\/galerijakaptol.hr\\\/\"},{\"@type\":\"ListItem\",\"position\":2,\"name\":\"MATO CELESTIN MEDOVI\u0106\"}]},{\"@type\":\"WebSite\",\"@id\":\"https:\\\/\\\/galerijakaptol.hr\\\/#website\",\"url\":\"https:\\\/\\\/galerijakaptol.hr\\\/\",\"name\":\"Galerija umjetnina\",\"description\":\"\",\"publisher\":{\"@id\":\"https:\\\/\\\/galerijakaptol.hr\\\/#organization\"},\"potentialAction\":[{\"@type\":\"SearchAction\",\"target\":{\"@type\":\"EntryPoint\",\"urlTemplate\":\"https:\\\/\\\/galerijakaptol.hr\\\/?s={search_term_string}\"},\"query-input\":{\"@type\":\"PropertyValueSpecification\",\"valueRequired\":true,\"valueName\":\"search_term_string\"}}],\"inLanguage\":\"hr\"},{\"@type\":\"Organization\",\"@id\":\"https:\\\/\\\/galerijakaptol.hr\\\/#organization\",\"name\":\"Galerija umjetnina\",\"url\":\"https:\\\/\\\/galerijakaptol.hr\\\/\",\"logo\":{\"@type\":\"ImageObject\",\"inLanguage\":\"hr\",\"@id\":\"https:\\\/\\\/galerijakaptol.hr\\\/#\\\/schema\\\/logo\\\/image\\\/\",\"url\":\"https:\\\/\\\/galerijakaptol.hr\\\/wp-content\\\/uploads\\\/2023\\\/09\\\/logo-Kaptol-Galerija.png\",\"contentUrl\":\"https:\\\/\\\/galerijakaptol.hr\\\/wp-content\\\/uploads\\\/2023\\\/09\\\/logo-Kaptol-Galerija.png\",\"width\":342,\"height\":72,\"caption\":\"Galerija umjetnina\"},\"image\":{\"@id\":\"https:\\\/\\\/galerijakaptol.hr\\\/#\\\/schema\\\/logo\\\/image\\\/\"}},{\"@type\":\"Person\",\"@id\":\"https:\\\/\\\/galerijakaptol.hr\\\/#\\\/schema\\\/person\\\/f3d1dc228981eca5894740a7ccd795df\",\"name\":\"admin\",\"sameAs\":[\"https:\\\/\\\/galerijakaptol.hr\"],\"url\":\"https:\\\/\\\/galerijakaptol.hr\\\/index.php\\\/author\\\/admin_gk\\\/\"}]}<\/script>\n<!-- \/ Yoast SEO plugin. -->","yoast_head_json":{"title":"MATO CELESTIN MEDOVI\u0106 - Galerija umjetnina","description":"Medovi\u0107, Mato Celestin, hrvatski slikar (Kuna Pelje\u0161ka, 17.\u00a0XI.\u00a01857 \u2013 Sarajevo, 20.\u00a0I.\u00a01920). Jedan od najistaknutijih predstavnika prvoga nara\u0161taja slikara hrvatske moderne. Zanimaju\u0107i se za slikarstvo, od 1881. \u017eivi u samostanu sv. Izidora u Rimu, okupljali\u0161tu sljedbenika nazarenaca, te u\u010di kod Lodovica Seitza i Francesca Grandija. Nezadovoljan studijem, 1883\u201384. \u0161kolovanje nastavlja u privatnoj \u0161koli Antonija Ciserija u Firenzi. Studirao je potom 1888\u201393. na Akademiji u M\u00fcnchenu gdje prihva\u0107a akademski realizam. U tamnoj paleti, nerijetko slu\u017ee\u0107i se fotografskim aparatom kao slikarskim pomagalom, slika intimne prizore (Fratar na odru, oko 1890., NMMU) i figuralne kompozicije izra\u017eene teatralnosti i historiografske preciznosti, poput slike Bakanal . Me\u0111u portretima isti\u010du se oni intimnijega, leiblovskoga karaktera (Portret starca, 1890\u201393., UGD; Portret majke, 1894., GUS), a izravno pred motivom nastaju i najraniji pejza\u017ei izra\u017eenijega kolorita i ugo\u0111aja (Razvaline kod Stinive i Krajolik kro\u0161njastih pinija, 1894).Istodobno sura\u0111uje sa zagreba\u010dkom likovnom scenom (s Dru\u0161tvom umjetnosti izla\u017ee u Zagrebu 1891) te od 1895. djeluje u Zagrebu, gdje je dr\u017eao privatnu slikarsku \u0161kolu. Dijele\u0107i atelijer s Vlahom Bukovcem, istra\u017euje svjetlosne efekte, posvjetljuje i pro\u0161iruje registar boja te, okre\u0107u\u0107i se anti\u010dkim temama, slika \u017eenske likove u mediteranskom ozra\u010dju rasvijetljenim pastelnim nijansama s puno bjeline (Pompejanka na terasi II, 1894., MUO).","robots":{"index":"index","follow":"follow","max-snippet":"max-snippet:-1","max-image-preview":"max-image-preview:large","max-video-preview":"max-video-preview:-1"},"canonical":"https:\/\/galerijakaptol.hr\/index.php\/2023\/10\/25\/mato-celestin-medovic\/","og_locale":"hr_HR","og_type":"article","og_title":"MATO CELESTIN MEDOVI\u0106 - Galerija umjetnina","og_description":"Medovi\u0107, Mato Celestin, hrvatski slikar (Kuna Pelje\u0161ka, 17.\u00a0XI.\u00a01857 \u2013 Sarajevo, 20.\u00a0I.\u00a01920). Jedan od najistaknutijih predstavnika prvoga nara\u0161taja slikara hrvatske moderne. Zanimaju\u0107i se za slikarstvo, od 1881. \u017eivi u samostanu sv. Izidora u Rimu, okupljali\u0161tu sljedbenika nazarenaca, te u\u010di kod Lodovica Seitza i Francesca Grandija. Nezadovoljan studijem, 1883\u201384. \u0161kolovanje nastavlja u privatnoj \u0161koli Antonija Ciserija u Firenzi. Studirao je potom 1888\u201393. na Akademiji u M\u00fcnchenu gdje prihva\u0107a akademski realizam. U tamnoj paleti, nerijetko slu\u017ee\u0107i se fotografskim aparatom kao slikarskim pomagalom, slika intimne prizore (Fratar na odru, oko 1890., NMMU) i figuralne kompozicije izra\u017eene teatralnosti i historiografske preciznosti, poput slike Bakanal . Me\u0111u portretima isti\u010du se oni intimnijega, leiblovskoga karaktera (Portret starca, 1890\u201393., UGD; Portret majke, 1894., GUS), a izravno pred motivom nastaju i najraniji pejza\u017ei izra\u017eenijega kolorita i ugo\u0111aja (Razvaline kod Stinive i Krajolik kro\u0161njastih pinija, 1894).Istodobno sura\u0111uje sa zagreba\u010dkom likovnom scenom (s Dru\u0161tvom umjetnosti izla\u017ee u Zagrebu 1891) te od 1895. djeluje u Zagrebu, gdje je dr\u017eao privatnu slikarsku \u0161kolu. Dijele\u0107i atelijer s Vlahom Bukovcem, istra\u017euje svjetlosne efekte, posvjetljuje i pro\u0161iruje registar boja te, okre\u0107u\u0107i se anti\u010dkim temama, slika \u017eenske likove u mediteranskom ozra\u010dju rasvijetljenim pastelnim nijansama s puno bjeline (Pompejanka na terasi II, 1894., MUO).","og_url":"https:\/\/galerijakaptol.hr\/index.php\/2023\/10\/25\/mato-celestin-medovic\/","og_site_name":"Galerija umjetnina","article_published_time":"2023-10-25T10:05:22+00:00","article_modified_time":"2025-05-19T09:57:22+00:00","og_image":[{"width":763,"height":1022,"url":"https:\/\/galerijakaptol.hr\/wp-content\/uploads\/2023\/12\/Kuca-u-Trpnju.jpeg","type":"image\/jpeg"}],"author":"admin","twitter_card":"summary_large_image","twitter_misc":{"Napisao\/la":"admin","Procijenjeno vrijeme \u010ditanja":"2 minute"},"schema":{"@context":"https:\/\/schema.org","@graph":[{"@type":"Article","@id":"https:\/\/galerijakaptol.hr\/index.php\/2023\/10\/25\/mato-celestin-medovic\/#article","isPartOf":{"@id":"https:\/\/galerijakaptol.hr\/index.php\/2023\/10\/25\/mato-celestin-medovic\/"},"author":{"name":"admin","@id":"https:\/\/galerijakaptol.hr\/#\/schema\/person\/f3d1dc228981eca5894740a7ccd795df"},"headline":"MATO CELESTIN MEDOVI\u0106","datePublished":"2023-10-25T10:05:22+00:00","dateModified":"2025-05-19T09:57:22+00:00","mainEntityOfPage":{"@id":"https:\/\/galerijakaptol.hr\/index.php\/2023\/10\/25\/mato-celestin-medovic\/"},"wordCount":238,"publisher":{"@id":"https:\/\/galerijakaptol.hr\/#organization"},"image":{"@id":"https:\/\/galerijakaptol.hr\/index.php\/2023\/10\/25\/mato-celestin-medovic\/#primaryimage"},"thumbnailUrl":"https:\/\/galerijakaptol.hr\/wp-content\/uploads\/2023\/12\/Kuca-u-Trpnju.jpeg","articleSection":["Blog"],"inLanguage":"hr"},{"@type":"WebPage","@id":"https:\/\/galerijakaptol.hr\/index.php\/2023\/10\/25\/mato-celestin-medovic\/","url":"https:\/\/galerijakaptol.hr\/index.php\/2023\/10\/25\/mato-celestin-medovic\/","name":"MATO CELESTIN MEDOVI\u0106 - Galerija umjetnina","isPartOf":{"@id":"https:\/\/galerijakaptol.hr\/#website"},"primaryImageOfPage":{"@id":"https:\/\/galerijakaptol.hr\/index.php\/2023\/10\/25\/mato-celestin-medovic\/#primaryimage"},"image":{"@id":"https:\/\/galerijakaptol.hr\/index.php\/2023\/10\/25\/mato-celestin-medovic\/#primaryimage"},"thumbnailUrl":"https:\/\/galerijakaptol.hr\/wp-content\/uploads\/2023\/12\/Kuca-u-Trpnju.jpeg","datePublished":"2023-10-25T10:05:22+00:00","dateModified":"2025-05-19T09:57:22+00:00","description":"Medovi\u0107, Mato Celestin, hrvatski slikar (Kuna Pelje\u0161ka, 17.\u00a0XI.\u00a01857 \u2013 Sarajevo, 20.\u00a0I.\u00a01920). Jedan od najistaknutijih predstavnika prvoga nara\u0161taja slikara hrvatske moderne. Zanimaju\u0107i se za slikarstvo, od 1881. \u017eivi u samostanu sv. Izidora u Rimu, okupljali\u0161tu sljedbenika nazarenaca, te u\u010di kod Lodovica Seitza i Francesca Grandija. Nezadovoljan studijem, 1883\u201384. \u0161kolovanje nastavlja u privatnoj \u0161koli Antonija Ciserija u Firenzi. Studirao je potom 1888\u201393. na Akademiji u M\u00fcnchenu gdje prihva\u0107a akademski realizam. U tamnoj paleti, nerijetko slu\u017ee\u0107i se fotografskim aparatom kao slikarskim pomagalom, slika intimne prizore (Fratar na odru, oko 1890., NMMU) i figuralne kompozicije izra\u017eene teatralnosti i historiografske preciznosti, poput slike Bakanal . Me\u0111u portretima isti\u010du se oni intimnijega, leiblovskoga karaktera (Portret starca, 1890\u201393., UGD; Portret majke, 1894., GUS), a izravno pred motivom nastaju i najraniji pejza\u017ei izra\u017eenijega kolorita i ugo\u0111aja (Razvaline kod Stinive i Krajolik kro\u0161njastih pinija, 1894).Istodobno sura\u0111uje sa zagreba\u010dkom likovnom scenom (s Dru\u0161tvom umjetnosti izla\u017ee u Zagrebu 1891) te od 1895. djeluje u Zagrebu, gdje je dr\u017eao privatnu slikarsku \u0161kolu. Dijele\u0107i atelijer s Vlahom Bukovcem, istra\u017euje svjetlosne efekte, posvjetljuje i pro\u0161iruje registar boja te, okre\u0107u\u0107i se anti\u010dkim temama, slika \u017eenske likove u mediteranskom ozra\u010dju rasvijetljenim pastelnim nijansama s puno bjeline (Pompejanka na terasi II, 1894., MUO).","breadcrumb":{"@id":"https:\/\/galerijakaptol.hr\/index.php\/2023\/10\/25\/mato-celestin-medovic\/#breadcrumb"},"inLanguage":"hr","potentialAction":[{"@type":"ReadAction","target":["https:\/\/galerijakaptol.hr\/index.php\/2023\/10\/25\/mato-celestin-medovic\/"]}]},{"@type":"ImageObject","inLanguage":"hr","@id":"https:\/\/galerijakaptol.hr\/index.php\/2023\/10\/25\/mato-celestin-medovic\/#primaryimage","url":"https:\/\/galerijakaptol.hr\/wp-content\/uploads\/2023\/12\/Kuca-u-Trpnju.jpeg","contentUrl":"https:\/\/galerijakaptol.hr\/wp-content\/uploads\/2023\/12\/Kuca-u-Trpnju.jpeg","width":763,"height":1022,"caption":"Ku\u0107a u Trpnju Tehnika: ulje na platnu Dimenzije: 26x19 cm Godina: cca 1878."},{"@type":"BreadcrumbList","@id":"https:\/\/galerijakaptol.hr\/index.php\/2023\/10\/25\/mato-celestin-medovic\/#breadcrumb","itemListElement":[{"@type":"ListItem","position":1,"name":"Po\u010detna stranica","item":"https:\/\/galerijakaptol.hr\/"},{"@type":"ListItem","position":2,"name":"MATO CELESTIN MEDOVI\u0106"}]},{"@type":"WebSite","@id":"https:\/\/galerijakaptol.hr\/#website","url":"https:\/\/galerijakaptol.hr\/","name":"Galerija umjetnina","description":"","publisher":{"@id":"https:\/\/galerijakaptol.hr\/#organization"},"potentialAction":[{"@type":"SearchAction","target":{"@type":"EntryPoint","urlTemplate":"https:\/\/galerijakaptol.hr\/?s={search_term_string}"},"query-input":{"@type":"PropertyValueSpecification","valueRequired":true,"valueName":"search_term_string"}}],"inLanguage":"hr"},{"@type":"Organization","@id":"https:\/\/galerijakaptol.hr\/#organization","name":"Galerija umjetnina","url":"https:\/\/galerijakaptol.hr\/","logo":{"@type":"ImageObject","inLanguage":"hr","@id":"https:\/\/galerijakaptol.hr\/#\/schema\/logo\/image\/","url":"https:\/\/galerijakaptol.hr\/wp-content\/uploads\/2023\/09\/logo-Kaptol-Galerija.png","contentUrl":"https:\/\/galerijakaptol.hr\/wp-content\/uploads\/2023\/09\/logo-Kaptol-Galerija.png","width":342,"height":72,"caption":"Galerija umjetnina"},"image":{"@id":"https:\/\/galerijakaptol.hr\/#\/schema\/logo\/image\/"}},{"@type":"Person","@id":"https:\/\/galerijakaptol.hr\/#\/schema\/person\/f3d1dc228981eca5894740a7ccd795df","name":"admin","sameAs":["https:\/\/galerijakaptol.hr"],"url":"https:\/\/galerijakaptol.hr\/index.php\/author\/admin_gk\/"}]}},"jetpack_featured_media_url":"https:\/\/galerijakaptol.hr\/wp-content\/uploads\/2023\/12\/Kuca-u-Trpnju.jpeg","jetpack_sharing_enabled":true,"_links":{"self":[{"href":"https:\/\/galerijakaptol.hr\/index.php\/wp-json\/wp\/v2\/posts\/1380","targetHints":{"allow":["GET"]}}],"collection":[{"href":"https:\/\/galerijakaptol.hr\/index.php\/wp-json\/wp\/v2\/posts"}],"about":[{"href":"https:\/\/galerijakaptol.hr\/index.php\/wp-json\/wp\/v2\/types\/post"}],"author":[{"embeddable":true,"href":"https:\/\/galerijakaptol.hr\/index.php\/wp-json\/wp\/v2\/users\/1"}],"replies":[{"embeddable":true,"href":"https:\/\/galerijakaptol.hr\/index.php\/wp-json\/wp\/v2\/comments?post=1380"}],"version-history":[{"count":4,"href":"https:\/\/galerijakaptol.hr\/index.php\/wp-json\/wp\/v2\/posts\/1380\/revisions"}],"predecessor-version":[{"id":1597,"href":"https:\/\/galerijakaptol.hr\/index.php\/wp-json\/wp\/v2\/posts\/1380\/revisions\/1597"}],"wp:featuredmedia":[{"embeddable":true,"href":"https:\/\/galerijakaptol.hr\/index.php\/wp-json\/wp\/v2\/media\/1596"}],"wp:attachment":[{"href":"https:\/\/galerijakaptol.hr\/index.php\/wp-json\/wp\/v2\/media?parent=1380"}],"wp:term":[{"taxonomy":"category","embeddable":true,"href":"https:\/\/galerijakaptol.hr\/index.php\/wp-json\/wp\/v2\/categories?post=1380"},{"taxonomy":"post_tag","embeddable":true,"href":"https:\/\/galerijakaptol.hr\/index.php\/wp-json\/wp\/v2\/tags?post=1380"}],"curies":[{"name":"wp","href":"https:\/\/api.w.org\/{rel}","templated":true}]}}