{"id":1506,"date":"2023-11-20T10:46:36","date_gmt":"2023-11-20T10:46:36","guid":{"rendered":"https:\/\/galerijakaptol.hr\/?p=1506"},"modified":"2026-02-14T10:18:51","modified_gmt":"2026-02-14T10:18:51","slug":"vladimir-filakovac","status":"publish","type":"post","link":"https:\/\/galerijakaptol.hr\/index.php\/2023\/11\/20\/vladimir-filakovac\/","title":{"rendered":"VLADIMIR FILAKOVAC"},"content":{"rendered":"\n<p><strong>FILAKOVAC, Vladimir,<\/strong> slikar (Brod na Savi, 9. III. 1892 \u2014 Zagreb, 22. XI. 1972). Gimnaziju polazio u Vukovaru i Osijeku.  Od 1911. studirao i 1916. diplomirao na Akademiji likovnih umjetnosti u Budimpe\u0161ti, gdje su mu profesori bili T. Zempl\u00e9nyi i D. Pilch. Mobiliziran je 1916. i dodijeljen 78. pukovniji u Osijeku kao vojni slikar; godinu dana provodi na ruskoj fronti. Nakon rata vra\u0107a se u Osijek, od 1921. do 1923. studijski boravi u Be\u010du. U Osijeku \u017eivi do 1930, kada odlazi u Beograd. Radi u uredni\u0161tvu \u010dasopisa <em>Ilustrovano vreme,<\/em> suosniva\u010d je humoristi\u010dkog lista <em>O\u0161i\u0161ani je\u017e,<\/em> a 1940\/41. izvanredni je profesor beogradske Akademije likovnih umetnosti. God. 1971. izabran je za \u010dlana me\u0111unarodne rimske akademije \u00bbTommaso Campanella\u00ab.<\/p>\n\n\n","protected":false},"excerpt":{"rendered":"<p>FILAKOVAC, Vladimir, slikar (Brod na Savi, 9. III. 1892 \u2014 Zagreb, 22. XI. 1972). Gimnaziju polazio u Vukovaru i Osijeku. Od 1911. studirao i 1916. diplomirao na Akademiji likovnih umjetnosti u Budimpe\u0161ti, gdje su mu profesori bili T. Zempl\u00e9nyi i D. Pilch. Mobiliziran je 1916. i dodijeljen 78. pukovniji u Osijeku kao vojni slikar; godinu [&hellip;]<\/p>\n","protected":false},"author":1,"featured_media":0,"comment_status":"closed","ping_status":"open","sticky":false,"template":"","format":"standard","meta":{"_jetpack_memberships_contains_paid_content":false,"footnotes":""},"categories":[1],"tags":[],"class_list":["post-1506","post","type-post","status-publish","format-standard","hentry","category-uncategorized"],"yoast_head":"<!-- This site is optimized with the Yoast SEO plugin v27.5 - https:\/\/yoast.com\/product\/yoast-seo-wordpress\/ -->\n<title>VLADIMIR FILAKOVAC - Galerija umjetnina<\/title>\n<meta name=\"description\" content=\"FILAKOVAC, Vladimir, slikar (Brod na Savi, 9. III. 1892 \u2014 Zagreb, 22. XI. 1972). Gimnaziju polazio u Vukovaru i Osijeku. Od 1911. studirao i 1916. diplomirao na Akademiji likovnih umjetnosti u Budimpe\u0161ti, gdje su mu profesori bili T. Zempl\u00e9nyi i D. Pilch. Mobiliziran je 1916. i dodijeljen 78. pukovniji u Osijeku kao vojni slikar; godinu dana provodi na ruskoj fronti. Nakon rata vra\u0107a se u Osijek, od 1921. do 1923. studijski boravi u Be\u010du. U Osijeku \u017eivi do 1930, kada odlazi u Beograd. Radi u uredni\u0161tvu \u010dasopisa Ilustrovano vreme, suosniva\u010d je humoristi\u010dkog lista O\u0161i\u0161ani je\u017e, a 1940\/41. izvanredni je profesor beogradske Akademije likovnih umetnosti. God. 1971. izabran je za \u010dlana me\u0111unarodne rimske akademije \u00bbTommaso Campanella\u00ab.\" \/>\n<meta name=\"robots\" content=\"index, follow, max-snippet:-1, max-image-preview:large, max-video-preview:-1\" \/>\n<link rel=\"canonical\" href=\"https:\/\/galerijakaptol.hr\/index.php\/2023\/11\/20\/vladimir-filakovac\/\" \/>\n<meta property=\"og:locale\" content=\"hr_HR\" \/>\n<meta property=\"og:type\" content=\"article\" \/>\n<meta property=\"og:title\" content=\"VLADIMIR FILAKOVAC - Galerija umjetnina\" \/>\n<meta property=\"og:description\" content=\"FILAKOVAC, Vladimir, slikar (Brod na Savi, 9. III. 1892 \u2014 Zagreb, 22. XI. 1972). Gimnaziju polazio u Vukovaru i Osijeku. Od 1911. studirao i 1916. diplomirao na Akademiji likovnih umjetnosti u Budimpe\u0161ti, gdje su mu profesori bili T. Zempl\u00e9nyi i D. Pilch. Mobiliziran je 1916. i dodijeljen 78. pukovniji u Osijeku kao vojni slikar; godinu dana provodi na ruskoj fronti. Nakon rata vra\u0107a se u Osijek, od 1921. do 1923. studijski boravi u Be\u010du. U Osijeku \u017eivi do 1930, kada odlazi u Beograd. Radi u uredni\u0161tvu \u010dasopisa Ilustrovano vreme, suosniva\u010d je humoristi\u010dkog lista O\u0161i\u0161ani je\u017e, a 1940\/41. izvanredni je profesor beogradske Akademije likovnih umetnosti. God. 1971. izabran je za \u010dlana me\u0111unarodne rimske akademije \u00bbTommaso Campanella\u00ab.\" \/>\n<meta property=\"og:url\" content=\"https:\/\/galerijakaptol.hr\/index.php\/2023\/11\/20\/vladimir-filakovac\/\" \/>\n<meta property=\"og:site_name\" content=\"Galerija umjetnina\" \/>\n<meta property=\"article:published_time\" content=\"2023-11-20T10:46:36+00:00\" \/>\n<meta property=\"article:modified_time\" content=\"2026-02-14T10:18:51+00:00\" \/>\n<meta name=\"author\" content=\"admin\" \/>\n<meta name=\"twitter:card\" content=\"summary_large_image\" \/>\n<meta name=\"twitter:label1\" content=\"Napisao\/la\" \/>\n\t<meta name=\"twitter:data1\" content=\"admin\" \/>\n\t<meta name=\"twitter:label2\" content=\"Procijenjeno vrijeme \u010ditanja\" \/>\n\t<meta name=\"twitter:data2\" content=\"1 minuta\" \/>\n<script type=\"application\/ld+json\" class=\"yoast-schema-graph\">{\"@context\":\"https:\\\/\\\/schema.org\",\"@graph\":[{\"@type\":\"Article\",\"@id\":\"https:\\\/\\\/galerijakaptol.hr\\\/index.php\\\/2023\\\/11\\\/20\\\/vladimir-filakovac\\\/#article\",\"isPartOf\":{\"@id\":\"https:\\\/\\\/galerijakaptol.hr\\\/index.php\\\/2023\\\/11\\\/20\\\/vladimir-filakovac\\\/\"},\"author\":{\"name\":\"admin\",\"@id\":\"https:\\\/\\\/galerijakaptol.hr\\\/#\\\/schema\\\/person\\\/f3d1dc228981eca5894740a7ccd795df\"},\"headline\":\"VLADIMIR FILAKOVAC\",\"datePublished\":\"2023-11-20T10:46:36+00:00\",\"dateModified\":\"2026-02-14T10:18:51+00:00\",\"mainEntityOfPage\":{\"@id\":\"https:\\\/\\\/galerijakaptol.hr\\\/index.php\\\/2023\\\/11\\\/20\\\/vladimir-filakovac\\\/\"},\"wordCount\":112,\"publisher\":{\"@id\":\"https:\\\/\\\/galerijakaptol.hr\\\/#organization\"},\"articleSection\":[\"Blog\"],\"inLanguage\":\"hr\"},{\"@type\":\"WebPage\",\"@id\":\"https:\\\/\\\/galerijakaptol.hr\\\/index.php\\\/2023\\\/11\\\/20\\\/vladimir-filakovac\\\/\",\"url\":\"https:\\\/\\\/galerijakaptol.hr\\\/index.php\\\/2023\\\/11\\\/20\\\/vladimir-filakovac\\\/\",\"name\":\"VLADIMIR FILAKOVAC - Galerija umjetnina\",\"isPartOf\":{\"@id\":\"https:\\\/\\\/galerijakaptol.hr\\\/#website\"},\"datePublished\":\"2023-11-20T10:46:36+00:00\",\"dateModified\":\"2026-02-14T10:18:51+00:00\",\"description\":\"FILAKOVAC, Vladimir, slikar (Brod na Savi, 9. III. 1892 \u2014 Zagreb, 22. XI. 1972). Gimnaziju polazio u Vukovaru i Osijeku. Od 1911. studirao i 1916. diplomirao na Akademiji likovnih umjetnosti u Budimpe\u0161ti, gdje su mu profesori bili T. Zempl\u00e9nyi i D. Pilch. Mobiliziran je 1916. i dodijeljen 78. pukovniji u Osijeku kao vojni slikar; godinu dana provodi na ruskoj fronti. Nakon rata vra\u0107a se u Osijek, od 1921. do 1923. studijski boravi u Be\u010du. U Osijeku \u017eivi do 1930, kada odlazi u Beograd. Radi u uredni\u0161tvu \u010dasopisa Ilustrovano vreme, suosniva\u010d je humoristi\u010dkog lista O\u0161i\u0161ani je\u017e, a 1940\\\/41. izvanredni je profesor beogradske Akademije likovnih umetnosti. God. 1971. izabran je za \u010dlana me\u0111unarodne rimske akademije \u00bbTommaso Campanella\u00ab.\",\"breadcrumb\":{\"@id\":\"https:\\\/\\\/galerijakaptol.hr\\\/index.php\\\/2023\\\/11\\\/20\\\/vladimir-filakovac\\\/#breadcrumb\"},\"inLanguage\":\"hr\",\"potentialAction\":[{\"@type\":\"ReadAction\",\"target\":[\"https:\\\/\\\/galerijakaptol.hr\\\/index.php\\\/2023\\\/11\\\/20\\\/vladimir-filakovac\\\/\"]}]},{\"@type\":\"BreadcrumbList\",\"@id\":\"https:\\\/\\\/galerijakaptol.hr\\\/index.php\\\/2023\\\/11\\\/20\\\/vladimir-filakovac\\\/#breadcrumb\",\"itemListElement\":[{\"@type\":\"ListItem\",\"position\":1,\"name\":\"Po\u010detna stranica\",\"item\":\"https:\\\/\\\/galerijakaptol.hr\\\/\"},{\"@type\":\"ListItem\",\"position\":2,\"name\":\"VLADIMIR FILAKOVAC\"}]},{\"@type\":\"WebSite\",\"@id\":\"https:\\\/\\\/galerijakaptol.hr\\\/#website\",\"url\":\"https:\\\/\\\/galerijakaptol.hr\\\/\",\"name\":\"Galerija umjetnina\",\"description\":\"\",\"publisher\":{\"@id\":\"https:\\\/\\\/galerijakaptol.hr\\\/#organization\"},\"potentialAction\":[{\"@type\":\"SearchAction\",\"target\":{\"@type\":\"EntryPoint\",\"urlTemplate\":\"https:\\\/\\\/galerijakaptol.hr\\\/?s={search_term_string}\"},\"query-input\":{\"@type\":\"PropertyValueSpecification\",\"valueRequired\":true,\"valueName\":\"search_term_string\"}}],\"inLanguage\":\"hr\"},{\"@type\":\"Organization\",\"@id\":\"https:\\\/\\\/galerijakaptol.hr\\\/#organization\",\"name\":\"Galerija umjetnina\",\"url\":\"https:\\\/\\\/galerijakaptol.hr\\\/\",\"logo\":{\"@type\":\"ImageObject\",\"inLanguage\":\"hr\",\"@id\":\"https:\\\/\\\/galerijakaptol.hr\\\/#\\\/schema\\\/logo\\\/image\\\/\",\"url\":\"https:\\\/\\\/galerijakaptol.hr\\\/wp-content\\\/uploads\\\/2023\\\/09\\\/logo-Kaptol-Galerija.png\",\"contentUrl\":\"https:\\\/\\\/galerijakaptol.hr\\\/wp-content\\\/uploads\\\/2023\\\/09\\\/logo-Kaptol-Galerija.png\",\"width\":342,\"height\":72,\"caption\":\"Galerija umjetnina\"},\"image\":{\"@id\":\"https:\\\/\\\/galerijakaptol.hr\\\/#\\\/schema\\\/logo\\\/image\\\/\"}},{\"@type\":\"Person\",\"@id\":\"https:\\\/\\\/galerijakaptol.hr\\\/#\\\/schema\\\/person\\\/f3d1dc228981eca5894740a7ccd795df\",\"name\":\"admin\",\"sameAs\":[\"https:\\\/\\\/galerijakaptol.hr\"],\"url\":\"https:\\\/\\\/galerijakaptol.hr\\\/index.php\\\/author\\\/admin_gk\\\/\"}]}<\/script>\n<!-- \/ Yoast SEO plugin. -->","yoast_head_json":{"title":"VLADIMIR FILAKOVAC - Galerija umjetnina","description":"FILAKOVAC, Vladimir, slikar (Brod na Savi, 9. III. 1892 \u2014 Zagreb, 22. XI. 1972). Gimnaziju polazio u Vukovaru i Osijeku. Od 1911. studirao i 1916. diplomirao na Akademiji likovnih umjetnosti u Budimpe\u0161ti, gdje su mu profesori bili T. Zempl\u00e9nyi i D. Pilch. Mobiliziran je 1916. i dodijeljen 78. pukovniji u Osijeku kao vojni slikar; godinu dana provodi na ruskoj fronti. Nakon rata vra\u0107a se u Osijek, od 1921. do 1923. studijski boravi u Be\u010du. U Osijeku \u017eivi do 1930, kada odlazi u Beograd. Radi u uredni\u0161tvu \u010dasopisa Ilustrovano vreme, suosniva\u010d je humoristi\u010dkog lista O\u0161i\u0161ani je\u017e, a 1940\/41. izvanredni je profesor beogradske Akademije likovnih umetnosti. God. 1971. izabran je za \u010dlana me\u0111unarodne rimske akademije \u00bbTommaso Campanella\u00ab.","robots":{"index":"index","follow":"follow","max-snippet":"max-snippet:-1","max-image-preview":"max-image-preview:large","max-video-preview":"max-video-preview:-1"},"canonical":"https:\/\/galerijakaptol.hr\/index.php\/2023\/11\/20\/vladimir-filakovac\/","og_locale":"hr_HR","og_type":"article","og_title":"VLADIMIR FILAKOVAC - Galerija umjetnina","og_description":"FILAKOVAC, Vladimir, slikar (Brod na Savi, 9. III. 1892 \u2014 Zagreb, 22. XI. 1972). Gimnaziju polazio u Vukovaru i Osijeku. Od 1911. studirao i 1916. diplomirao na Akademiji likovnih umjetnosti u Budimpe\u0161ti, gdje su mu profesori bili T. Zempl\u00e9nyi i D. Pilch. Mobiliziran je 1916. i dodijeljen 78. pukovniji u Osijeku kao vojni slikar; godinu dana provodi na ruskoj fronti. Nakon rata vra\u0107a se u Osijek, od 1921. do 1923. studijski boravi u Be\u010du. U Osijeku \u017eivi do 1930, kada odlazi u Beograd. Radi u uredni\u0161tvu \u010dasopisa Ilustrovano vreme, suosniva\u010d je humoristi\u010dkog lista O\u0161i\u0161ani je\u017e, a 1940\/41. izvanredni je profesor beogradske Akademije likovnih umetnosti. God. 1971. izabran je za \u010dlana me\u0111unarodne rimske akademije \u00bbTommaso Campanella\u00ab.","og_url":"https:\/\/galerijakaptol.hr\/index.php\/2023\/11\/20\/vladimir-filakovac\/","og_site_name":"Galerija umjetnina","article_published_time":"2023-11-20T10:46:36+00:00","article_modified_time":"2026-02-14T10:18:51+00:00","author":"admin","twitter_card":"summary_large_image","twitter_misc":{"Napisao\/la":"admin","Procijenjeno vrijeme \u010ditanja":"1 minuta"},"schema":{"@context":"https:\/\/schema.org","@graph":[{"@type":"Article","@id":"https:\/\/galerijakaptol.hr\/index.php\/2023\/11\/20\/vladimir-filakovac\/#article","isPartOf":{"@id":"https:\/\/galerijakaptol.hr\/index.php\/2023\/11\/20\/vladimir-filakovac\/"},"author":{"name":"admin","@id":"https:\/\/galerijakaptol.hr\/#\/schema\/person\/f3d1dc228981eca5894740a7ccd795df"},"headline":"VLADIMIR FILAKOVAC","datePublished":"2023-11-20T10:46:36+00:00","dateModified":"2026-02-14T10:18:51+00:00","mainEntityOfPage":{"@id":"https:\/\/galerijakaptol.hr\/index.php\/2023\/11\/20\/vladimir-filakovac\/"},"wordCount":112,"publisher":{"@id":"https:\/\/galerijakaptol.hr\/#organization"},"articleSection":["Blog"],"inLanguage":"hr"},{"@type":"WebPage","@id":"https:\/\/galerijakaptol.hr\/index.php\/2023\/11\/20\/vladimir-filakovac\/","url":"https:\/\/galerijakaptol.hr\/index.php\/2023\/11\/20\/vladimir-filakovac\/","name":"VLADIMIR FILAKOVAC - Galerija umjetnina","isPartOf":{"@id":"https:\/\/galerijakaptol.hr\/#website"},"datePublished":"2023-11-20T10:46:36+00:00","dateModified":"2026-02-14T10:18:51+00:00","description":"FILAKOVAC, Vladimir, slikar (Brod na Savi, 9. III. 1892 \u2014 Zagreb, 22. XI. 1972). Gimnaziju polazio u Vukovaru i Osijeku. Od 1911. studirao i 1916. diplomirao na Akademiji likovnih umjetnosti u Budimpe\u0161ti, gdje su mu profesori bili T. Zempl\u00e9nyi i D. Pilch. Mobiliziran je 1916. i dodijeljen 78. pukovniji u Osijeku kao vojni slikar; godinu dana provodi na ruskoj fronti. Nakon rata vra\u0107a se u Osijek, od 1921. do 1923. studijski boravi u Be\u010du. U Osijeku \u017eivi do 1930, kada odlazi u Beograd. Radi u uredni\u0161tvu \u010dasopisa Ilustrovano vreme, suosniva\u010d je humoristi\u010dkog lista O\u0161i\u0161ani je\u017e, a 1940\/41. izvanredni je profesor beogradske Akademije likovnih umetnosti. God. 1971. izabran je za \u010dlana me\u0111unarodne rimske akademije \u00bbTommaso Campanella\u00ab.","breadcrumb":{"@id":"https:\/\/galerijakaptol.hr\/index.php\/2023\/11\/20\/vladimir-filakovac\/#breadcrumb"},"inLanguage":"hr","potentialAction":[{"@type":"ReadAction","target":["https:\/\/galerijakaptol.hr\/index.php\/2023\/11\/20\/vladimir-filakovac\/"]}]},{"@type":"BreadcrumbList","@id":"https:\/\/galerijakaptol.hr\/index.php\/2023\/11\/20\/vladimir-filakovac\/#breadcrumb","itemListElement":[{"@type":"ListItem","position":1,"name":"Po\u010detna stranica","item":"https:\/\/galerijakaptol.hr\/"},{"@type":"ListItem","position":2,"name":"VLADIMIR FILAKOVAC"}]},{"@type":"WebSite","@id":"https:\/\/galerijakaptol.hr\/#website","url":"https:\/\/galerijakaptol.hr\/","name":"Galerija umjetnina","description":"","publisher":{"@id":"https:\/\/galerijakaptol.hr\/#organization"},"potentialAction":[{"@type":"SearchAction","target":{"@type":"EntryPoint","urlTemplate":"https:\/\/galerijakaptol.hr\/?s={search_term_string}"},"query-input":{"@type":"PropertyValueSpecification","valueRequired":true,"valueName":"search_term_string"}}],"inLanguage":"hr"},{"@type":"Organization","@id":"https:\/\/galerijakaptol.hr\/#organization","name":"Galerija umjetnina","url":"https:\/\/galerijakaptol.hr\/","logo":{"@type":"ImageObject","inLanguage":"hr","@id":"https:\/\/galerijakaptol.hr\/#\/schema\/logo\/image\/","url":"https:\/\/galerijakaptol.hr\/wp-content\/uploads\/2023\/09\/logo-Kaptol-Galerija.png","contentUrl":"https:\/\/galerijakaptol.hr\/wp-content\/uploads\/2023\/09\/logo-Kaptol-Galerija.png","width":342,"height":72,"caption":"Galerija umjetnina"},"image":{"@id":"https:\/\/galerijakaptol.hr\/#\/schema\/logo\/image\/"}},{"@type":"Person","@id":"https:\/\/galerijakaptol.hr\/#\/schema\/person\/f3d1dc228981eca5894740a7ccd795df","name":"admin","sameAs":["https:\/\/galerijakaptol.hr"],"url":"https:\/\/galerijakaptol.hr\/index.php\/author\/admin_gk\/"}]}},"jetpack_featured_media_url":"","jetpack_sharing_enabled":true,"_links":{"self":[{"href":"https:\/\/galerijakaptol.hr\/index.php\/wp-json\/wp\/v2\/posts\/1506","targetHints":{"allow":["GET"]}}],"collection":[{"href":"https:\/\/galerijakaptol.hr\/index.php\/wp-json\/wp\/v2\/posts"}],"about":[{"href":"https:\/\/galerijakaptol.hr\/index.php\/wp-json\/wp\/v2\/types\/post"}],"author":[{"embeddable":true,"href":"https:\/\/galerijakaptol.hr\/index.php\/wp-json\/wp\/v2\/users\/1"}],"replies":[{"embeddable":true,"href":"https:\/\/galerijakaptol.hr\/index.php\/wp-json\/wp\/v2\/comments?post=1506"}],"version-history":[{"count":4,"href":"https:\/\/galerijakaptol.hr\/index.php\/wp-json\/wp\/v2\/posts\/1506\/revisions"}],"predecessor-version":[{"id":4384,"href":"https:\/\/galerijakaptol.hr\/index.php\/wp-json\/wp\/v2\/posts\/1506\/revisions\/4384"}],"wp:attachment":[{"href":"https:\/\/galerijakaptol.hr\/index.php\/wp-json\/wp\/v2\/media?parent=1506"}],"wp:term":[{"taxonomy":"category","embeddable":true,"href":"https:\/\/galerijakaptol.hr\/index.php\/wp-json\/wp\/v2\/categories?post=1506"},{"taxonomy":"post_tag","embeddable":true,"href":"https:\/\/galerijakaptol.hr\/index.php\/wp-json\/wp\/v2\/tags?post=1506"}],"curies":[{"name":"wp","href":"https:\/\/api.w.org\/{rel}","templated":true}]}}