{"id":1530,"date":"2023-11-20T12:12:58","date_gmt":"2023-11-20T12:12:58","guid":{"rendered":"https:\/\/galerijakaptol.hr\/?p=1530"},"modified":"2024-10-07T10:00:51","modified_gmt":"2024-10-07T10:00:51","slug":"jakov-pavic","status":"publish","type":"post","link":"https:\/\/galerijakaptol.hr\/index.php\/2023\/11\/20\/jakov-pavic\/","title":{"rendered":"JAKOV PAVI\u0106"},"content":{"rendered":"\n<p><strong>Pavi\u0107, Jakov,<\/strong> hrvatski slikar (Drvenik Veli, 18.&nbsp;VIII.&nbsp;1927 \u2013 Split, 27.&nbsp;XI.&nbsp;2011). \u0160kolu primijenjene umjetnosti zavr\u0161io je u Splitu (1952). Radio kao nastavnik likovnog odgoja u Trogiru. Po melankoli\u010dnom ozra\u010dju srodan E. Vidovi\u0107u, a formalnim izrazom Lj. Ivan\u010di\u0107u, slikao prete\u017eito primorske vedute (<em>Krovovi I,<\/em> 1976; <em>Zaselak,<\/em> 1979), interijere i aktove koje odlikuju strukturni red i svjetlosni kontrasti te suptilna paleta plavih, sivih i zelenih tonova. Postupnom redukcijom predmetnoga dolazio do ruba apstrakcije (<em>Portal,<\/em> 1980; <em>Pohod na Salonu,<\/em> 1987).<\/p>\n\n\n<figure id=\"attachment_1531\" aria-describedby=\"caption-attachment-1531\" style=\"width: 300px\" class=\"wp-caption aligncenter\"><a href=\"https:\/\/galerijakaptol.hr\/wp-content\/uploads\/2023\/11\/JAKOV-PAVIC-KONJANIK.jpeg\"><img loading=\"lazy\" decoding=\"async\" class=\"size-medium wp-image-1531\" src=\"https:\/\/galerijakaptol.hr\/wp-content\/uploads\/2023\/11\/JAKOV-PAVIC-KONJANIK-300x278.jpeg\" alt=\"\" width=\"300\" height=\"278\" srcset=\"https:\/\/galerijakaptol.hr\/wp-content\/uploads\/2023\/11\/JAKOV-PAVIC-KONJANIK-300x278.jpeg 300w, https:\/\/galerijakaptol.hr\/wp-content\/uploads\/2023\/11\/JAKOV-PAVIC-KONJANIK-768x713.jpeg 768w, https:\/\/galerijakaptol.hr\/wp-content\/uploads\/2023\/11\/JAKOV-PAVIC-KONJANIK.jpeg 1024w\" sizes=\"auto, (max-width: 300px) 100vw, 300px\" \/><\/a><figcaption id=\"caption-attachment-1531\" class=\"wp-caption-text\"><strong>Konjanik<\/strong><br \/>Tehnika: kombinirana tehnika na lesonitu<br \/>Dimenzije: 32&#215;34 cm<\/figcaption><\/figure>","protected":false},"excerpt":{"rendered":"<p>Pavi\u0107, Jakov, hrvatski slikar (Drvenik Veli, 18.&nbsp;VIII.&nbsp;1927 \u2013 Split, 27.&nbsp;XI.&nbsp;2011). \u0160kolu primijenjene umjetnosti zavr\u0161io je u Splitu (1952). Radio kao nastavnik likovnog odgoja u Trogiru. Po melankoli\u010dnom ozra\u010dju srodan E. Vidovi\u0107u, a formalnim izrazom Lj. Ivan\u010di\u0107u, slikao prete\u017eito primorske vedute (Krovovi I, 1976; Zaselak, 1979), interijere i aktove koje odlikuju strukturni red i svjetlosni kontrasti [&hellip;]<\/p>\n","protected":false},"author":1,"featured_media":1531,"comment_status":"closed","ping_status":"open","sticky":false,"template":"","format":"standard","meta":{"_jetpack_memberships_contains_paid_content":false,"footnotes":""},"categories":[1],"tags":[],"class_list":["post-1530","post","type-post","status-publish","format-standard","has-post-thumbnail","hentry","category-uncategorized"],"yoast_head":"<!-- This site is optimized with the Yoast SEO plugin v27.5 - https:\/\/yoast.com\/product\/yoast-seo-wordpress\/ -->\n<title>JAKOV PAVI\u0106 - Galerija umjetnina<\/title>\n<meta name=\"robots\" content=\"index, follow, max-snippet:-1, max-image-preview:large, max-video-preview:-1\" \/>\n<link rel=\"canonical\" href=\"https:\/\/galerijakaptol.hr\/index.php\/2023\/11\/20\/jakov-pavic\/\" \/>\n<meta property=\"og:locale\" content=\"hr_HR\" \/>\n<meta property=\"og:type\" content=\"article\" \/>\n<meta property=\"og:title\" content=\"JAKOV PAVI\u0106 - Galerija umjetnina\" \/>\n<meta property=\"og:description\" content=\"Pavi\u0107, Jakov, hrvatski slikar (Drvenik Veli, 18.&nbsp;VIII.&nbsp;1927 \u2013 Split, 27.&nbsp;XI.&nbsp;2011). \u0160kolu primijenjene umjetnosti zavr\u0161io je u Splitu (1952). Radio kao nastavnik likovnog odgoja u Trogiru. Po melankoli\u010dnom ozra\u010dju srodan E. Vidovi\u0107u, a formalnim izrazom Lj. Ivan\u010di\u0107u, slikao prete\u017eito primorske vedute (Krovovi I, 1976; Zaselak, 1979), interijere i aktove koje odlikuju strukturni red i svjetlosni kontrasti [&hellip;]\" \/>\n<meta property=\"og:url\" content=\"https:\/\/galerijakaptol.hr\/index.php\/2023\/11\/20\/jakov-pavic\/\" \/>\n<meta property=\"og:site_name\" content=\"Galerija umjetnina\" \/>\n<meta property=\"article:published_time\" content=\"2023-11-20T12:12:58+00:00\" \/>\n<meta property=\"article:modified_time\" content=\"2024-10-07T10:00:51+00:00\" \/>\n<meta property=\"og:image\" content=\"https:\/\/galerijakaptol.hr\/wp-content\/uploads\/2023\/11\/JAKOV-PAVIC-KONJANIK.jpeg\" \/>\n\t<meta property=\"og:image:width\" content=\"1024\" \/>\n\t<meta property=\"og:image:height\" content=\"950\" \/>\n\t<meta property=\"og:image:type\" content=\"image\/jpeg\" \/>\n<meta name=\"author\" content=\"admin\" \/>\n<meta name=\"twitter:card\" content=\"summary_large_image\" \/>\n<meta name=\"twitter:label1\" content=\"Napisao\/la\" \/>\n\t<meta name=\"twitter:data1\" content=\"admin\" \/>\n\t<meta name=\"twitter:label2\" content=\"Procijenjeno vrijeme \u010ditanja\" \/>\n\t<meta name=\"twitter:data2\" content=\"1 minuta\" \/>\n<script type=\"application\/ld+json\" class=\"yoast-schema-graph\">{\"@context\":\"https:\\\/\\\/schema.org\",\"@graph\":[{\"@type\":\"Article\",\"@id\":\"https:\\\/\\\/galerijakaptol.hr\\\/index.php\\\/2023\\\/11\\\/20\\\/jakov-pavic\\\/#article\",\"isPartOf\":{\"@id\":\"https:\\\/\\\/galerijakaptol.hr\\\/index.php\\\/2023\\\/11\\\/20\\\/jakov-pavic\\\/\"},\"author\":{\"name\":\"admin\",\"@id\":\"https:\\\/\\\/galerijakaptol.hr\\\/#\\\/schema\\\/person\\\/f3d1dc228981eca5894740a7ccd795df\"},\"headline\":\"JAKOV PAVI\u0106\",\"datePublished\":\"2023-11-20T12:12:58+00:00\",\"dateModified\":\"2024-10-07T10:00:51+00:00\",\"mainEntityOfPage\":{\"@id\":\"https:\\\/\\\/galerijakaptol.hr\\\/index.php\\\/2023\\\/11\\\/20\\\/jakov-pavic\\\/\"},\"wordCount\":98,\"publisher\":{\"@id\":\"https:\\\/\\\/galerijakaptol.hr\\\/#organization\"},\"image\":{\"@id\":\"https:\\\/\\\/galerijakaptol.hr\\\/index.php\\\/2023\\\/11\\\/20\\\/jakov-pavic\\\/#primaryimage\"},\"thumbnailUrl\":\"https:\\\/\\\/galerijakaptol.hr\\\/wp-content\\\/uploads\\\/2023\\\/11\\\/JAKOV-PAVIC-KONJANIK.jpeg\",\"articleSection\":[\"Blog\"],\"inLanguage\":\"hr\"},{\"@type\":\"WebPage\",\"@id\":\"https:\\\/\\\/galerijakaptol.hr\\\/index.php\\\/2023\\\/11\\\/20\\\/jakov-pavic\\\/\",\"url\":\"https:\\\/\\\/galerijakaptol.hr\\\/index.php\\\/2023\\\/11\\\/20\\\/jakov-pavic\\\/\",\"name\":\"JAKOV PAVI\u0106 - Galerija umjetnina\",\"isPartOf\":{\"@id\":\"https:\\\/\\\/galerijakaptol.hr\\\/#website\"},\"primaryImageOfPage\":{\"@id\":\"https:\\\/\\\/galerijakaptol.hr\\\/index.php\\\/2023\\\/11\\\/20\\\/jakov-pavic\\\/#primaryimage\"},\"image\":{\"@id\":\"https:\\\/\\\/galerijakaptol.hr\\\/index.php\\\/2023\\\/11\\\/20\\\/jakov-pavic\\\/#primaryimage\"},\"thumbnailUrl\":\"https:\\\/\\\/galerijakaptol.hr\\\/wp-content\\\/uploads\\\/2023\\\/11\\\/JAKOV-PAVIC-KONJANIK.jpeg\",\"datePublished\":\"2023-11-20T12:12:58+00:00\",\"dateModified\":\"2024-10-07T10:00:51+00:00\",\"breadcrumb\":{\"@id\":\"https:\\\/\\\/galerijakaptol.hr\\\/index.php\\\/2023\\\/11\\\/20\\\/jakov-pavic\\\/#breadcrumb\"},\"inLanguage\":\"hr\",\"potentialAction\":[{\"@type\":\"ReadAction\",\"target\":[\"https:\\\/\\\/galerijakaptol.hr\\\/index.php\\\/2023\\\/11\\\/20\\\/jakov-pavic\\\/\"]}]},{\"@type\":\"ImageObject\",\"inLanguage\":\"hr\",\"@id\":\"https:\\\/\\\/galerijakaptol.hr\\\/index.php\\\/2023\\\/11\\\/20\\\/jakov-pavic\\\/#primaryimage\",\"url\":\"https:\\\/\\\/galerijakaptol.hr\\\/wp-content\\\/uploads\\\/2023\\\/11\\\/JAKOV-PAVIC-KONJANIK.jpeg\",\"contentUrl\":\"https:\\\/\\\/galerijakaptol.hr\\\/wp-content\\\/uploads\\\/2023\\\/11\\\/JAKOV-PAVIC-KONJANIK.jpeg\",\"width\":1024,\"height\":950,\"caption\":\"Konjanik Tehnika: kombinirana tehnika na lesonitu Dimenzije: 32x34 cm\"},{\"@type\":\"BreadcrumbList\",\"@id\":\"https:\\\/\\\/galerijakaptol.hr\\\/index.php\\\/2023\\\/11\\\/20\\\/jakov-pavic\\\/#breadcrumb\",\"itemListElement\":[{\"@type\":\"ListItem\",\"position\":1,\"name\":\"Po\u010detna stranica\",\"item\":\"https:\\\/\\\/galerijakaptol.hr\\\/\"},{\"@type\":\"ListItem\",\"position\":2,\"name\":\"JAKOV PAVI\u0106\"}]},{\"@type\":\"WebSite\",\"@id\":\"https:\\\/\\\/galerijakaptol.hr\\\/#website\",\"url\":\"https:\\\/\\\/galerijakaptol.hr\\\/\",\"name\":\"Galerija umjetnina\",\"description\":\"\",\"publisher\":{\"@id\":\"https:\\\/\\\/galerijakaptol.hr\\\/#organization\"},\"potentialAction\":[{\"@type\":\"SearchAction\",\"target\":{\"@type\":\"EntryPoint\",\"urlTemplate\":\"https:\\\/\\\/galerijakaptol.hr\\\/?s={search_term_string}\"},\"query-input\":{\"@type\":\"PropertyValueSpecification\",\"valueRequired\":true,\"valueName\":\"search_term_string\"}}],\"inLanguage\":\"hr\"},{\"@type\":\"Organization\",\"@id\":\"https:\\\/\\\/galerijakaptol.hr\\\/#organization\",\"name\":\"Galerija umjetnina\",\"url\":\"https:\\\/\\\/galerijakaptol.hr\\\/\",\"logo\":{\"@type\":\"ImageObject\",\"inLanguage\":\"hr\",\"@id\":\"https:\\\/\\\/galerijakaptol.hr\\\/#\\\/schema\\\/logo\\\/image\\\/\",\"url\":\"https:\\\/\\\/galerijakaptol.hr\\\/wp-content\\\/uploads\\\/2023\\\/09\\\/logo-Kaptol-Galerija.png\",\"contentUrl\":\"https:\\\/\\\/galerijakaptol.hr\\\/wp-content\\\/uploads\\\/2023\\\/09\\\/logo-Kaptol-Galerija.png\",\"width\":342,\"height\":72,\"caption\":\"Galerija umjetnina\"},\"image\":{\"@id\":\"https:\\\/\\\/galerijakaptol.hr\\\/#\\\/schema\\\/logo\\\/image\\\/\"}},{\"@type\":\"Person\",\"@id\":\"https:\\\/\\\/galerijakaptol.hr\\\/#\\\/schema\\\/person\\\/f3d1dc228981eca5894740a7ccd795df\",\"name\":\"admin\",\"sameAs\":[\"https:\\\/\\\/galerijakaptol.hr\"],\"url\":\"https:\\\/\\\/galerijakaptol.hr\\\/index.php\\\/author\\\/admin_gk\\\/\"}]}<\/script>\n<!-- \/ Yoast SEO plugin. -->","yoast_head_json":{"title":"JAKOV PAVI\u0106 - Galerija umjetnina","robots":{"index":"index","follow":"follow","max-snippet":"max-snippet:-1","max-image-preview":"max-image-preview:large","max-video-preview":"max-video-preview:-1"},"canonical":"https:\/\/galerijakaptol.hr\/index.php\/2023\/11\/20\/jakov-pavic\/","og_locale":"hr_HR","og_type":"article","og_title":"JAKOV PAVI\u0106 - Galerija umjetnina","og_description":"Pavi\u0107, Jakov, hrvatski slikar (Drvenik Veli, 18.&nbsp;VIII.&nbsp;1927 \u2013 Split, 27.&nbsp;XI.&nbsp;2011). \u0160kolu primijenjene umjetnosti zavr\u0161io je u Splitu (1952). Radio kao nastavnik likovnog odgoja u Trogiru. Po melankoli\u010dnom ozra\u010dju srodan E. Vidovi\u0107u, a formalnim izrazom Lj. Ivan\u010di\u0107u, slikao prete\u017eito primorske vedute (Krovovi I, 1976; Zaselak, 1979), interijere i aktove koje odlikuju strukturni red i svjetlosni kontrasti [&hellip;]","og_url":"https:\/\/galerijakaptol.hr\/index.php\/2023\/11\/20\/jakov-pavic\/","og_site_name":"Galerija umjetnina","article_published_time":"2023-11-20T12:12:58+00:00","article_modified_time":"2024-10-07T10:00:51+00:00","og_image":[{"width":1024,"height":950,"url":"https:\/\/galerijakaptol.hr\/wp-content\/uploads\/2023\/11\/JAKOV-PAVIC-KONJANIK.jpeg","type":"image\/jpeg"}],"author":"admin","twitter_card":"summary_large_image","twitter_misc":{"Napisao\/la":"admin","Procijenjeno vrijeme \u010ditanja":"1 minuta"},"schema":{"@context":"https:\/\/schema.org","@graph":[{"@type":"Article","@id":"https:\/\/galerijakaptol.hr\/index.php\/2023\/11\/20\/jakov-pavic\/#article","isPartOf":{"@id":"https:\/\/galerijakaptol.hr\/index.php\/2023\/11\/20\/jakov-pavic\/"},"author":{"name":"admin","@id":"https:\/\/galerijakaptol.hr\/#\/schema\/person\/f3d1dc228981eca5894740a7ccd795df"},"headline":"JAKOV PAVI\u0106","datePublished":"2023-11-20T12:12:58+00:00","dateModified":"2024-10-07T10:00:51+00:00","mainEntityOfPage":{"@id":"https:\/\/galerijakaptol.hr\/index.php\/2023\/11\/20\/jakov-pavic\/"},"wordCount":98,"publisher":{"@id":"https:\/\/galerijakaptol.hr\/#organization"},"image":{"@id":"https:\/\/galerijakaptol.hr\/index.php\/2023\/11\/20\/jakov-pavic\/#primaryimage"},"thumbnailUrl":"https:\/\/galerijakaptol.hr\/wp-content\/uploads\/2023\/11\/JAKOV-PAVIC-KONJANIK.jpeg","articleSection":["Blog"],"inLanguage":"hr"},{"@type":"WebPage","@id":"https:\/\/galerijakaptol.hr\/index.php\/2023\/11\/20\/jakov-pavic\/","url":"https:\/\/galerijakaptol.hr\/index.php\/2023\/11\/20\/jakov-pavic\/","name":"JAKOV PAVI\u0106 - Galerija umjetnina","isPartOf":{"@id":"https:\/\/galerijakaptol.hr\/#website"},"primaryImageOfPage":{"@id":"https:\/\/galerijakaptol.hr\/index.php\/2023\/11\/20\/jakov-pavic\/#primaryimage"},"image":{"@id":"https:\/\/galerijakaptol.hr\/index.php\/2023\/11\/20\/jakov-pavic\/#primaryimage"},"thumbnailUrl":"https:\/\/galerijakaptol.hr\/wp-content\/uploads\/2023\/11\/JAKOV-PAVIC-KONJANIK.jpeg","datePublished":"2023-11-20T12:12:58+00:00","dateModified":"2024-10-07T10:00:51+00:00","breadcrumb":{"@id":"https:\/\/galerijakaptol.hr\/index.php\/2023\/11\/20\/jakov-pavic\/#breadcrumb"},"inLanguage":"hr","potentialAction":[{"@type":"ReadAction","target":["https:\/\/galerijakaptol.hr\/index.php\/2023\/11\/20\/jakov-pavic\/"]}]},{"@type":"ImageObject","inLanguage":"hr","@id":"https:\/\/galerijakaptol.hr\/index.php\/2023\/11\/20\/jakov-pavic\/#primaryimage","url":"https:\/\/galerijakaptol.hr\/wp-content\/uploads\/2023\/11\/JAKOV-PAVIC-KONJANIK.jpeg","contentUrl":"https:\/\/galerijakaptol.hr\/wp-content\/uploads\/2023\/11\/JAKOV-PAVIC-KONJANIK.jpeg","width":1024,"height":950,"caption":"Konjanik Tehnika: kombinirana tehnika na lesonitu Dimenzije: 32x34 cm"},{"@type":"BreadcrumbList","@id":"https:\/\/galerijakaptol.hr\/index.php\/2023\/11\/20\/jakov-pavic\/#breadcrumb","itemListElement":[{"@type":"ListItem","position":1,"name":"Po\u010detna stranica","item":"https:\/\/galerijakaptol.hr\/"},{"@type":"ListItem","position":2,"name":"JAKOV PAVI\u0106"}]},{"@type":"WebSite","@id":"https:\/\/galerijakaptol.hr\/#website","url":"https:\/\/galerijakaptol.hr\/","name":"Galerija umjetnina","description":"","publisher":{"@id":"https:\/\/galerijakaptol.hr\/#organization"},"potentialAction":[{"@type":"SearchAction","target":{"@type":"EntryPoint","urlTemplate":"https:\/\/galerijakaptol.hr\/?s={search_term_string}"},"query-input":{"@type":"PropertyValueSpecification","valueRequired":true,"valueName":"search_term_string"}}],"inLanguage":"hr"},{"@type":"Organization","@id":"https:\/\/galerijakaptol.hr\/#organization","name":"Galerija umjetnina","url":"https:\/\/galerijakaptol.hr\/","logo":{"@type":"ImageObject","inLanguage":"hr","@id":"https:\/\/galerijakaptol.hr\/#\/schema\/logo\/image\/","url":"https:\/\/galerijakaptol.hr\/wp-content\/uploads\/2023\/09\/logo-Kaptol-Galerija.png","contentUrl":"https:\/\/galerijakaptol.hr\/wp-content\/uploads\/2023\/09\/logo-Kaptol-Galerija.png","width":342,"height":72,"caption":"Galerija umjetnina"},"image":{"@id":"https:\/\/galerijakaptol.hr\/#\/schema\/logo\/image\/"}},{"@type":"Person","@id":"https:\/\/galerijakaptol.hr\/#\/schema\/person\/f3d1dc228981eca5894740a7ccd795df","name":"admin","sameAs":["https:\/\/galerijakaptol.hr"],"url":"https:\/\/galerijakaptol.hr\/index.php\/author\/admin_gk\/"}]}},"jetpack_featured_media_url":"https:\/\/galerijakaptol.hr\/wp-content\/uploads\/2023\/11\/JAKOV-PAVIC-KONJANIK.jpeg","jetpack_sharing_enabled":true,"_links":{"self":[{"href":"https:\/\/galerijakaptol.hr\/index.php\/wp-json\/wp\/v2\/posts\/1530","targetHints":{"allow":["GET"]}}],"collection":[{"href":"https:\/\/galerijakaptol.hr\/index.php\/wp-json\/wp\/v2\/posts"}],"about":[{"href":"https:\/\/galerijakaptol.hr\/index.php\/wp-json\/wp\/v2\/types\/post"}],"author":[{"embeddable":true,"href":"https:\/\/galerijakaptol.hr\/index.php\/wp-json\/wp\/v2\/users\/1"}],"replies":[{"embeddable":true,"href":"https:\/\/galerijakaptol.hr\/index.php\/wp-json\/wp\/v2\/comments?post=1530"}],"version-history":[{"count":2,"href":"https:\/\/galerijakaptol.hr\/index.php\/wp-json\/wp\/v2\/posts\/1530\/revisions"}],"predecessor-version":[{"id":1533,"href":"https:\/\/galerijakaptol.hr\/index.php\/wp-json\/wp\/v2\/posts\/1530\/revisions\/1533"}],"wp:featuredmedia":[{"embeddable":true,"href":"https:\/\/galerijakaptol.hr\/index.php\/wp-json\/wp\/v2\/media\/1531"}],"wp:attachment":[{"href":"https:\/\/galerijakaptol.hr\/index.php\/wp-json\/wp\/v2\/media?parent=1530"}],"wp:term":[{"taxonomy":"category","embeddable":true,"href":"https:\/\/galerijakaptol.hr\/index.php\/wp-json\/wp\/v2\/categories?post=1530"},{"taxonomy":"post_tag","embeddable":true,"href":"https:\/\/galerijakaptol.hr\/index.php\/wp-json\/wp\/v2\/tags?post=1530"}],"curies":[{"name":"wp","href":"https:\/\/api.w.org\/{rel}","templated":true}]}}