{"id":1593,"date":"2023-12-01T09:40:53","date_gmt":"2023-12-01T09:40:53","guid":{"rendered":"https:\/\/galerijakaptol.hr\/?p=1593"},"modified":"2024-02-28T14:03:10","modified_gmt":"2024-02-28T14:03:10","slug":"emanuel-vidovic","status":"publish","type":"post","link":"https:\/\/galerijakaptol.hr\/index.php\/2023\/12\/01\/emanuel-vidovic\/","title":{"rendered":"EMANUEL VIDOVI\u0106"},"content":{"rendered":"\n<p><strong>Vidovi\u0107, Emanuel,<\/strong> hrvatski slikar (Split, 24.\u00a0XII.\u00a01870 \u2013 Split, 1.\u00a0VI.\u00a01953). Prve slikarske poduke dobio od E. Vecchiettija; studirao na Akademiji u Veneciji (1887\u201390). Napustiv\u0161i \u0161kolovanje slikao je u Veneciji, Chioggi i Milanu. Od 1898. bio je nastavnik na gimnaziji i Obrtni\u010dkoj \u0161koli u Splitu te je odgojio velik broj slikara. U tom je razdoblju intenzivno slikao i izlagao, a bio je i jedan od osniva\u010da umjetni\u010dkog dru\u0161tva <em>Meduli\u0107<\/em> (1908). Isprva inspiriran tradicijom venecijanskoga slikarstva i divizionisti\u010dkom tehnikom G. Segantinija, slikao je vedute kanala i venecijanske lagune, osamljene ku\u0107e i crkvene interijere (<em>Mundimitar,<\/em> 1904; <em>Angelus,<\/em> 1906\u201307; <em>Predve\u010derje,<\/em> 1908\u201309), variraju\u0107i realisti\u010dke impresije i romanti\u010darske prikaze. U Splitu je pod utjecajem moderne os. bio zaokupljen simboli\u010dkim, poeti\u010dnim i sjetnim ugo\u0111ajima. Slikao je splitsku luku i gradske uli\u010dice, a potom Trogir (gdje je od 1930. boravio svake jeseni); radio je skice i studije u prirodi, otvorenim bojama (<em>Jutro u splitskoj luci,<\/em> 1919), te ih prenosio u atelijeru na velika platna u maglenom i polumra\u010dnom ozra\u010dju (<em>Luka u suton,<\/em> 1914\u201318; <em>U splitskoj luci,<\/em> oko 1930). Premda je ozra\u010dje na njegovim uljima postajalo sve tamnije, u rijetkim svjetlijim i toplije obojenim dijelovima zagasitih kompozicija uspijevao je ostvariti intenzivne luministi\u010dke i koloristi\u010dke u\u010dinke. Za boravaka u Trogiru slikao je mrtve prirode, skulpture, crkvene predmete i antikvitete (<em>Mrtva priroda sa starim satom,<\/em> 1926\u201327; <em>Stara lutka,<\/em> 1928), kojima je bio ispunjen njegov splitski atelijer (<em>U mom atelijeru,<\/em> 1928). Postupno rasvjetljuju\u0107i paletu od 1935., zaokupljen intimnim ugo\u0111ajem svoje sobe i atelijera, interijerima splitskih i trogirskih crkava (1938\u201340) te nizom mrtvih priroda mediteranskog ugo\u0111aja (<em>Stare boje i kistovi,<\/em> 1938; <em>Ugor,<\/em> 1942; <em>Papirnato cvije\u0107e,<\/em> 1945), stvarao je djela sve bogatijih likovnih vrijednosti. Potkraj \u017eivota, za trogodi\u0161njega bolovanja, naslikao je mnogobrojne reminiscencije na Split i Trogir svojega djetinjstva (<em>Stari \u0161kver kod Kamerlenga,<\/em> 1953), sintetiziraju\u0107i svoj opus. Iako je mnoge radove nakon izlo\u017eaba uni\u0161tavao, sa\u010duvano je oko tisu\u0107u uljenih slika, gva\u0161eva, akvarela i crte\u017ea, me\u0111u njima i niz vrsnih karikatura.<\/p>\n\n\n\n<p><\/p>\n\n\n<figure id=\"attachment_1592\" aria-describedby=\"caption-attachment-1592\" style=\"width: 300px\" class=\"wp-caption aligncenter\"><a href=\"https:\/\/galerijakaptol.hr\/wp-content\/uploads\/2023\/12\/Mrtva-priroda-sa-zutim-vrcem-ulje-platno-34x46cm-cca-1943.jpeg\"><img loading=\"lazy\" decoding=\"async\" class=\"size-medium wp-image-1592\" src=\"https:\/\/galerijakaptol.hr\/wp-content\/uploads\/2023\/12\/Mrtva-priroda-sa-zutim-vrcem-ulje-platno-34x46cm-cca-1943-300x216.jpeg\" alt=\"\" width=\"300\" height=\"216\" srcset=\"https:\/\/galerijakaptol.hr\/wp-content\/uploads\/2023\/12\/Mrtva-priroda-sa-zutim-vrcem-ulje-platno-34x46cm-cca-1943-300x216.jpeg 300w, https:\/\/galerijakaptol.hr\/wp-content\/uploads\/2023\/12\/Mrtva-priroda-sa-zutim-vrcem-ulje-platno-34x46cm-cca-1943-768x553.jpeg 768w, https:\/\/galerijakaptol.hr\/wp-content\/uploads\/2023\/12\/Mrtva-priroda-sa-zutim-vrcem-ulje-platno-34x46cm-cca-1943.jpeg 1024w\" sizes=\"auto, (max-width: 300px) 100vw, 300px\" \/><\/a><figcaption id=\"caption-attachment-1592\" class=\"wp-caption-text\"><strong>Mrtva priroda sa \u017eutim vr\u010dem<\/strong><br \/>Tehnika: ulje na platnu<br \/>Dimenzije: 34&#215;46 cm<br \/>Godina: cca 1943.<\/figcaption><\/figure>","protected":false},"excerpt":{"rendered":"<p>Vidovi\u0107, Emanuel, hrvatski slikar (Split, 24.\u00a0XII.\u00a01870 \u2013 Split, 1.\u00a0VI.\u00a01953). Prve slikarske poduke dobio od E. Vecchiettija; studirao na Akademiji u Veneciji (1887\u201390). Napustiv\u0161i \u0161kolovanje slikao je u Veneciji, Chioggi i Milanu. Od 1898. bio je nastavnik na gimnaziji i Obrtni\u010dkoj \u0161koli u Splitu te je odgojio velik broj slikara. U tom je razdoblju intenzivno slikao [&hellip;]<\/p>\n","protected":false},"author":1,"featured_media":1592,"comment_status":"closed","ping_status":"open","sticky":false,"template":"","format":"standard","meta":{"_jetpack_memberships_contains_paid_content":false,"footnotes":""},"categories":[1],"tags":[],"class_list":["post-1593","post","type-post","status-publish","format-standard","has-post-thumbnail","hentry","category-uncategorized"],"yoast_head":"<!-- This site is optimized with the Yoast SEO plugin v27.5 - https:\/\/yoast.com\/product\/yoast-seo-wordpress\/ -->\n<title>EMANUEL VIDOVI\u0106 - Galerija umjetnina<\/title>\n<meta name=\"robots\" content=\"index, follow, max-snippet:-1, max-image-preview:large, max-video-preview:-1\" \/>\n<link rel=\"canonical\" href=\"https:\/\/galerijakaptol.hr\/index.php\/2023\/12\/01\/emanuel-vidovic\/\" \/>\n<meta property=\"og:locale\" content=\"hr_HR\" \/>\n<meta property=\"og:type\" content=\"article\" \/>\n<meta property=\"og:title\" content=\"EMANUEL VIDOVI\u0106 - Galerija umjetnina\" \/>\n<meta property=\"og:description\" content=\"Vidovi\u0107, Emanuel, hrvatski slikar (Split, 24.\u00a0XII.\u00a01870 \u2013 Split, 1.\u00a0VI.\u00a01953). Prve slikarske poduke dobio od E. Vecchiettija; studirao na Akademiji u Veneciji (1887\u201390). Napustiv\u0161i \u0161kolovanje slikao je u Veneciji, Chioggi i Milanu. Od 1898. bio je nastavnik na gimnaziji i Obrtni\u010dkoj \u0161koli u Splitu te je odgojio velik broj slikara. U tom je razdoblju intenzivno slikao [&hellip;]\" \/>\n<meta property=\"og:url\" content=\"https:\/\/galerijakaptol.hr\/index.php\/2023\/12\/01\/emanuel-vidovic\/\" \/>\n<meta property=\"og:site_name\" content=\"Galerija umjetnina\" \/>\n<meta property=\"article:published_time\" content=\"2023-12-01T09:40:53+00:00\" \/>\n<meta property=\"article:modified_time\" content=\"2024-02-28T14:03:10+00:00\" \/>\n<meta property=\"og:image\" content=\"https:\/\/galerijakaptol.hr\/wp-content\/uploads\/2023\/12\/Mrtva-priroda-sa-zutim-vrcem-ulje-platno-34x46cm-cca-1943.jpeg\" \/>\n\t<meta property=\"og:image:width\" content=\"1024\" \/>\n\t<meta property=\"og:image:height\" content=\"737\" \/>\n\t<meta property=\"og:image:type\" content=\"image\/jpeg\" \/>\n<meta name=\"author\" content=\"admin\" \/>\n<meta name=\"twitter:card\" content=\"summary_large_image\" \/>\n<meta name=\"twitter:label1\" content=\"Napisao\/la\" \/>\n\t<meta name=\"twitter:data1\" content=\"admin\" \/>\n\t<meta name=\"twitter:label2\" content=\"Procijenjeno vrijeme \u010ditanja\" \/>\n\t<meta name=\"twitter:data2\" content=\"3 minute\" \/>\n<script type=\"application\/ld+json\" class=\"yoast-schema-graph\">{\"@context\":\"https:\\\/\\\/schema.org\",\"@graph\":[{\"@type\":\"Article\",\"@id\":\"https:\\\/\\\/galerijakaptol.hr\\\/index.php\\\/2023\\\/12\\\/01\\\/emanuel-vidovic\\\/#article\",\"isPartOf\":{\"@id\":\"https:\\\/\\\/galerijakaptol.hr\\\/index.php\\\/2023\\\/12\\\/01\\\/emanuel-vidovic\\\/\"},\"author\":{\"name\":\"admin\",\"@id\":\"https:\\\/\\\/galerijakaptol.hr\\\/#\\\/schema\\\/person\\\/f3d1dc228981eca5894740a7ccd795df\"},\"headline\":\"EMANUEL VIDOVI\u0106\",\"datePublished\":\"2023-12-01T09:40:53+00:00\",\"dateModified\":\"2024-02-28T14:03:10+00:00\",\"mainEntityOfPage\":{\"@id\":\"https:\\\/\\\/galerijakaptol.hr\\\/index.php\\\/2023\\\/12\\\/01\\\/emanuel-vidovic\\\/\"},\"wordCount\":351,\"publisher\":{\"@id\":\"https:\\\/\\\/galerijakaptol.hr\\\/#organization\"},\"image\":{\"@id\":\"https:\\\/\\\/galerijakaptol.hr\\\/index.php\\\/2023\\\/12\\\/01\\\/emanuel-vidovic\\\/#primaryimage\"},\"thumbnailUrl\":\"https:\\\/\\\/galerijakaptol.hr\\\/wp-content\\\/uploads\\\/2023\\\/12\\\/Mrtva-priroda-sa-zutim-vrcem-ulje-platno-34x46cm-cca-1943.jpeg\",\"articleSection\":[\"Blog\"],\"inLanguage\":\"hr\"},{\"@type\":\"WebPage\",\"@id\":\"https:\\\/\\\/galerijakaptol.hr\\\/index.php\\\/2023\\\/12\\\/01\\\/emanuel-vidovic\\\/\",\"url\":\"https:\\\/\\\/galerijakaptol.hr\\\/index.php\\\/2023\\\/12\\\/01\\\/emanuel-vidovic\\\/\",\"name\":\"EMANUEL VIDOVI\u0106 - Galerija umjetnina\",\"isPartOf\":{\"@id\":\"https:\\\/\\\/galerijakaptol.hr\\\/#website\"},\"primaryImageOfPage\":{\"@id\":\"https:\\\/\\\/galerijakaptol.hr\\\/index.php\\\/2023\\\/12\\\/01\\\/emanuel-vidovic\\\/#primaryimage\"},\"image\":{\"@id\":\"https:\\\/\\\/galerijakaptol.hr\\\/index.php\\\/2023\\\/12\\\/01\\\/emanuel-vidovic\\\/#primaryimage\"},\"thumbnailUrl\":\"https:\\\/\\\/galerijakaptol.hr\\\/wp-content\\\/uploads\\\/2023\\\/12\\\/Mrtva-priroda-sa-zutim-vrcem-ulje-platno-34x46cm-cca-1943.jpeg\",\"datePublished\":\"2023-12-01T09:40:53+00:00\",\"dateModified\":\"2024-02-28T14:03:10+00:00\",\"breadcrumb\":{\"@id\":\"https:\\\/\\\/galerijakaptol.hr\\\/index.php\\\/2023\\\/12\\\/01\\\/emanuel-vidovic\\\/#breadcrumb\"},\"inLanguage\":\"hr\",\"potentialAction\":[{\"@type\":\"ReadAction\",\"target\":[\"https:\\\/\\\/galerijakaptol.hr\\\/index.php\\\/2023\\\/12\\\/01\\\/emanuel-vidovic\\\/\"]}]},{\"@type\":\"ImageObject\",\"inLanguage\":\"hr\",\"@id\":\"https:\\\/\\\/galerijakaptol.hr\\\/index.php\\\/2023\\\/12\\\/01\\\/emanuel-vidovic\\\/#primaryimage\",\"url\":\"https:\\\/\\\/galerijakaptol.hr\\\/wp-content\\\/uploads\\\/2023\\\/12\\\/Mrtva-priroda-sa-zutim-vrcem-ulje-platno-34x46cm-cca-1943.jpeg\",\"contentUrl\":\"https:\\\/\\\/galerijakaptol.hr\\\/wp-content\\\/uploads\\\/2023\\\/12\\\/Mrtva-priroda-sa-zutim-vrcem-ulje-platno-34x46cm-cca-1943.jpeg\",\"width\":1024,\"height\":737,\"caption\":\"Mrtva priroda sa \u017eutim vr\u010dem Tehnika: ulje na platnu Dimenzije: 34x46 cm Godina: cca 1943.\"},{\"@type\":\"BreadcrumbList\",\"@id\":\"https:\\\/\\\/galerijakaptol.hr\\\/index.php\\\/2023\\\/12\\\/01\\\/emanuel-vidovic\\\/#breadcrumb\",\"itemListElement\":[{\"@type\":\"ListItem\",\"position\":1,\"name\":\"Po\u010detna stranica\",\"item\":\"https:\\\/\\\/galerijakaptol.hr\\\/\"},{\"@type\":\"ListItem\",\"position\":2,\"name\":\"EMANUEL VIDOVI\u0106\"}]},{\"@type\":\"WebSite\",\"@id\":\"https:\\\/\\\/galerijakaptol.hr\\\/#website\",\"url\":\"https:\\\/\\\/galerijakaptol.hr\\\/\",\"name\":\"Galerija umjetnina\",\"description\":\"\",\"publisher\":{\"@id\":\"https:\\\/\\\/galerijakaptol.hr\\\/#organization\"},\"potentialAction\":[{\"@type\":\"SearchAction\",\"target\":{\"@type\":\"EntryPoint\",\"urlTemplate\":\"https:\\\/\\\/galerijakaptol.hr\\\/?s={search_term_string}\"},\"query-input\":{\"@type\":\"PropertyValueSpecification\",\"valueRequired\":true,\"valueName\":\"search_term_string\"}}],\"inLanguage\":\"hr\"},{\"@type\":\"Organization\",\"@id\":\"https:\\\/\\\/galerijakaptol.hr\\\/#organization\",\"name\":\"Galerija umjetnina\",\"url\":\"https:\\\/\\\/galerijakaptol.hr\\\/\",\"logo\":{\"@type\":\"ImageObject\",\"inLanguage\":\"hr\",\"@id\":\"https:\\\/\\\/galerijakaptol.hr\\\/#\\\/schema\\\/logo\\\/image\\\/\",\"url\":\"https:\\\/\\\/galerijakaptol.hr\\\/wp-content\\\/uploads\\\/2023\\\/09\\\/logo-Kaptol-Galerija.png\",\"contentUrl\":\"https:\\\/\\\/galerijakaptol.hr\\\/wp-content\\\/uploads\\\/2023\\\/09\\\/logo-Kaptol-Galerija.png\",\"width\":342,\"height\":72,\"caption\":\"Galerija umjetnina\"},\"image\":{\"@id\":\"https:\\\/\\\/galerijakaptol.hr\\\/#\\\/schema\\\/logo\\\/image\\\/\"}},{\"@type\":\"Person\",\"@id\":\"https:\\\/\\\/galerijakaptol.hr\\\/#\\\/schema\\\/person\\\/f3d1dc228981eca5894740a7ccd795df\",\"name\":\"admin\",\"sameAs\":[\"https:\\\/\\\/galerijakaptol.hr\"],\"url\":\"https:\\\/\\\/galerijakaptol.hr\\\/index.php\\\/author\\\/admin_gk\\\/\"}]}<\/script>\n<!-- \/ Yoast SEO plugin. -->","yoast_head_json":{"title":"EMANUEL VIDOVI\u0106 - Galerija umjetnina","robots":{"index":"index","follow":"follow","max-snippet":"max-snippet:-1","max-image-preview":"max-image-preview:large","max-video-preview":"max-video-preview:-1"},"canonical":"https:\/\/galerijakaptol.hr\/index.php\/2023\/12\/01\/emanuel-vidovic\/","og_locale":"hr_HR","og_type":"article","og_title":"EMANUEL VIDOVI\u0106 - Galerija umjetnina","og_description":"Vidovi\u0107, Emanuel, hrvatski slikar (Split, 24.\u00a0XII.\u00a01870 \u2013 Split, 1.\u00a0VI.\u00a01953). Prve slikarske poduke dobio od E. Vecchiettija; studirao na Akademiji u Veneciji (1887\u201390). Napustiv\u0161i \u0161kolovanje slikao je u Veneciji, Chioggi i Milanu. Od 1898. bio je nastavnik na gimnaziji i Obrtni\u010dkoj \u0161koli u Splitu te je odgojio velik broj slikara. U tom je razdoblju intenzivno slikao [&hellip;]","og_url":"https:\/\/galerijakaptol.hr\/index.php\/2023\/12\/01\/emanuel-vidovic\/","og_site_name":"Galerija umjetnina","article_published_time":"2023-12-01T09:40:53+00:00","article_modified_time":"2024-02-28T14:03:10+00:00","og_image":[{"width":1024,"height":737,"url":"https:\/\/galerijakaptol.hr\/wp-content\/uploads\/2023\/12\/Mrtva-priroda-sa-zutim-vrcem-ulje-platno-34x46cm-cca-1943.jpeg","type":"image\/jpeg"}],"author":"admin","twitter_card":"summary_large_image","twitter_misc":{"Napisao\/la":"admin","Procijenjeno vrijeme \u010ditanja":"3 minute"},"schema":{"@context":"https:\/\/schema.org","@graph":[{"@type":"Article","@id":"https:\/\/galerijakaptol.hr\/index.php\/2023\/12\/01\/emanuel-vidovic\/#article","isPartOf":{"@id":"https:\/\/galerijakaptol.hr\/index.php\/2023\/12\/01\/emanuel-vidovic\/"},"author":{"name":"admin","@id":"https:\/\/galerijakaptol.hr\/#\/schema\/person\/f3d1dc228981eca5894740a7ccd795df"},"headline":"EMANUEL VIDOVI\u0106","datePublished":"2023-12-01T09:40:53+00:00","dateModified":"2024-02-28T14:03:10+00:00","mainEntityOfPage":{"@id":"https:\/\/galerijakaptol.hr\/index.php\/2023\/12\/01\/emanuel-vidovic\/"},"wordCount":351,"publisher":{"@id":"https:\/\/galerijakaptol.hr\/#organization"},"image":{"@id":"https:\/\/galerijakaptol.hr\/index.php\/2023\/12\/01\/emanuel-vidovic\/#primaryimage"},"thumbnailUrl":"https:\/\/galerijakaptol.hr\/wp-content\/uploads\/2023\/12\/Mrtva-priroda-sa-zutim-vrcem-ulje-platno-34x46cm-cca-1943.jpeg","articleSection":["Blog"],"inLanguage":"hr"},{"@type":"WebPage","@id":"https:\/\/galerijakaptol.hr\/index.php\/2023\/12\/01\/emanuel-vidovic\/","url":"https:\/\/galerijakaptol.hr\/index.php\/2023\/12\/01\/emanuel-vidovic\/","name":"EMANUEL VIDOVI\u0106 - Galerija umjetnina","isPartOf":{"@id":"https:\/\/galerijakaptol.hr\/#website"},"primaryImageOfPage":{"@id":"https:\/\/galerijakaptol.hr\/index.php\/2023\/12\/01\/emanuel-vidovic\/#primaryimage"},"image":{"@id":"https:\/\/galerijakaptol.hr\/index.php\/2023\/12\/01\/emanuel-vidovic\/#primaryimage"},"thumbnailUrl":"https:\/\/galerijakaptol.hr\/wp-content\/uploads\/2023\/12\/Mrtva-priroda-sa-zutim-vrcem-ulje-platno-34x46cm-cca-1943.jpeg","datePublished":"2023-12-01T09:40:53+00:00","dateModified":"2024-02-28T14:03:10+00:00","breadcrumb":{"@id":"https:\/\/galerijakaptol.hr\/index.php\/2023\/12\/01\/emanuel-vidovic\/#breadcrumb"},"inLanguage":"hr","potentialAction":[{"@type":"ReadAction","target":["https:\/\/galerijakaptol.hr\/index.php\/2023\/12\/01\/emanuel-vidovic\/"]}]},{"@type":"ImageObject","inLanguage":"hr","@id":"https:\/\/galerijakaptol.hr\/index.php\/2023\/12\/01\/emanuel-vidovic\/#primaryimage","url":"https:\/\/galerijakaptol.hr\/wp-content\/uploads\/2023\/12\/Mrtva-priroda-sa-zutim-vrcem-ulje-platno-34x46cm-cca-1943.jpeg","contentUrl":"https:\/\/galerijakaptol.hr\/wp-content\/uploads\/2023\/12\/Mrtva-priroda-sa-zutim-vrcem-ulje-platno-34x46cm-cca-1943.jpeg","width":1024,"height":737,"caption":"Mrtva priroda sa \u017eutim vr\u010dem Tehnika: ulje na platnu Dimenzije: 34x46 cm Godina: cca 1943."},{"@type":"BreadcrumbList","@id":"https:\/\/galerijakaptol.hr\/index.php\/2023\/12\/01\/emanuel-vidovic\/#breadcrumb","itemListElement":[{"@type":"ListItem","position":1,"name":"Po\u010detna stranica","item":"https:\/\/galerijakaptol.hr\/"},{"@type":"ListItem","position":2,"name":"EMANUEL VIDOVI\u0106"}]},{"@type":"WebSite","@id":"https:\/\/galerijakaptol.hr\/#website","url":"https:\/\/galerijakaptol.hr\/","name":"Galerija umjetnina","description":"","publisher":{"@id":"https:\/\/galerijakaptol.hr\/#organization"},"potentialAction":[{"@type":"SearchAction","target":{"@type":"EntryPoint","urlTemplate":"https:\/\/galerijakaptol.hr\/?s={search_term_string}"},"query-input":{"@type":"PropertyValueSpecification","valueRequired":true,"valueName":"search_term_string"}}],"inLanguage":"hr"},{"@type":"Organization","@id":"https:\/\/galerijakaptol.hr\/#organization","name":"Galerija umjetnina","url":"https:\/\/galerijakaptol.hr\/","logo":{"@type":"ImageObject","inLanguage":"hr","@id":"https:\/\/galerijakaptol.hr\/#\/schema\/logo\/image\/","url":"https:\/\/galerijakaptol.hr\/wp-content\/uploads\/2023\/09\/logo-Kaptol-Galerija.png","contentUrl":"https:\/\/galerijakaptol.hr\/wp-content\/uploads\/2023\/09\/logo-Kaptol-Galerija.png","width":342,"height":72,"caption":"Galerija umjetnina"},"image":{"@id":"https:\/\/galerijakaptol.hr\/#\/schema\/logo\/image\/"}},{"@type":"Person","@id":"https:\/\/galerijakaptol.hr\/#\/schema\/person\/f3d1dc228981eca5894740a7ccd795df","name":"admin","sameAs":["https:\/\/galerijakaptol.hr"],"url":"https:\/\/galerijakaptol.hr\/index.php\/author\/admin_gk\/"}]}},"jetpack_featured_media_url":"https:\/\/galerijakaptol.hr\/wp-content\/uploads\/2023\/12\/Mrtva-priroda-sa-zutim-vrcem-ulje-platno-34x46cm-cca-1943.jpeg","jetpack_sharing_enabled":true,"_links":{"self":[{"href":"https:\/\/galerijakaptol.hr\/index.php\/wp-json\/wp\/v2\/posts\/1593","targetHints":{"allow":["GET"]}}],"collection":[{"href":"https:\/\/galerijakaptol.hr\/index.php\/wp-json\/wp\/v2\/posts"}],"about":[{"href":"https:\/\/galerijakaptol.hr\/index.php\/wp-json\/wp\/v2\/types\/post"}],"author":[{"embeddable":true,"href":"https:\/\/galerijakaptol.hr\/index.php\/wp-json\/wp\/v2\/users\/1"}],"replies":[{"embeddable":true,"href":"https:\/\/galerijakaptol.hr\/index.php\/wp-json\/wp\/v2\/comments?post=1593"}],"version-history":[{"count":1,"href":"https:\/\/galerijakaptol.hr\/index.php\/wp-json\/wp\/v2\/posts\/1593\/revisions"}],"predecessor-version":[{"id":1594,"href":"https:\/\/galerijakaptol.hr\/index.php\/wp-json\/wp\/v2\/posts\/1593\/revisions\/1594"}],"wp:featuredmedia":[{"embeddable":true,"href":"https:\/\/galerijakaptol.hr\/index.php\/wp-json\/wp\/v2\/media\/1592"}],"wp:attachment":[{"href":"https:\/\/galerijakaptol.hr\/index.php\/wp-json\/wp\/v2\/media?parent=1593"}],"wp:term":[{"taxonomy":"category","embeddable":true,"href":"https:\/\/galerijakaptol.hr\/index.php\/wp-json\/wp\/v2\/categories?post=1593"},{"taxonomy":"post_tag","embeddable":true,"href":"https:\/\/galerijakaptol.hr\/index.php\/wp-json\/wp\/v2\/tags?post=1593"}],"curies":[{"name":"wp","href":"https:\/\/api.w.org\/{rel}","templated":true}]}}