{"id":1715,"date":"2024-01-05T09:47:29","date_gmt":"2024-01-05T09:47:29","guid":{"rendered":"https:\/\/galerijakaptol.hr\/?p=1715"},"modified":"2024-07-03T09:10:25","modified_gmt":"2024-07-03T09:10:25","slug":"julije-knifer","status":"publish","type":"post","link":"https:\/\/galerijakaptol.hr\/index.php\/2024\/01\/05\/julije-knifer\/","title":{"rendered":"JULIJE KNIFER"},"content":{"rendered":"\n<p><strong>Knifer, Julije,<\/strong> hrvatski slikar (Osijek, 23.\u00a0IV.\u00a01924 \u2013 Pariz, 7.\u00a0XII.\u00a02004). Zavr\u0161io Akademiju likovnih umjetnosti u Zagrebu 1956 (<a href=\"https:\/\/www.enciklopedija.hr\/clanak\/tiljak-djuro\">\u0110uro Tiljak<\/a>), a poslijediplomski studij kod <a href=\"https:\/\/www.enciklopedija.hr\/clanak\/mezdjic-antun\">Antuna Mezdji\u0107a<\/a>. Godine 1959. bio je suosniva\u010d i \u010dlan skupine <em><a href=\"https:\/\/www.enciklopedija.hr\/clanak\/69230\">Gorgona<\/a>;<\/em> od po\u010detka (od 1961) izlagao je na izlo\u017ebama <a href=\"https:\/\/www.enciklopedija.hr\/clanak\/nove-tendencije\">novih tendencija<\/a>. Prevladav\u0161i rane utjecaje <a href=\"https:\/\/www.enciklopedija.hr\/clanak\/kubizam\">kubizma<\/a> i <a href=\"https:\/\/www.enciklopedija.hr\/clanak\/purizam\">purizma<\/a>, od 1960. slikao meandarski oblik posve reducirane likovne ekspresije. Iz likovnoga minimalizma <a href=\"https:\/\/www.enciklopedija.hr\/clanak\/meandar\">meandra<\/a>, svedena na jednoli\u010dan ritam kontinuirane forme te odnos crnoga i bijeloga, stvarao jedinstven opus slika i crte\u017ea. Pove\u0107avaju\u0107i dimenzije meandra oblikovao je nekoliko ambijentalnih rje\u0161enja (T\u00fcbingen, 1975; Zagreb, 1979., 1987). Od sredine 1970-ih \u017eivio je i izlagao prete\u017eito u Njema\u010dkoj i Francuskoj. Vrstan grafi\u010dar i ilustrator (F. H\u00f6lderlin, <em>Rajna,<\/em> 1984). Dobio je Nagradu \u00bbVladimir Nazor\u00ab za \u017eivotno djelo (2002).<\/p>\n\n\n\n\n<figure id=\"attachment_1716\" aria-describedby=\"caption-attachment-1716\" style=\"width: 300px\" class=\"wp-caption aligncenter\"><a href=\"https:\/\/galerijakaptol.hr\/wp-content\/uploads\/2024\/01\/24-1529840.jpg\"><img loading=\"lazy\" decoding=\"async\" class=\"size-medium wp-image-1716\" src=\"https:\/\/galerijakaptol.hr\/wp-content\/uploads\/2024\/01\/24-1529840-300x231.jpg\" alt=\"\" width=\"300\" height=\"231\" srcset=\"https:\/\/galerijakaptol.hr\/wp-content\/uploads\/2024\/01\/24-1529840-300x231.jpg 300w, https:\/\/galerijakaptol.hr\/wp-content\/uploads\/2024\/01\/24-1529840-1024x788.jpg 1024w, https:\/\/galerijakaptol.hr\/wp-content\/uploads\/2024\/01\/24-1529840-768x591.jpg 768w, https:\/\/galerijakaptol.hr\/wp-content\/uploads\/2024\/01\/24-1529840.jpg 1152w\" sizes=\"auto, (max-width: 300px) 100vw, 300px\" \/><\/a><figcaption id=\"caption-attachment-1716\" class=\"wp-caption-text\"><strong>Kompozicija 85<\/strong><br \/>Tehnika: Serigrafija<br \/>Dimenzije: 59&#215;76 cm<br \/>Godina: 1985.<\/figcaption><\/figure>","protected":false},"excerpt":{"rendered":"<p>Knifer, Julije, hrvatski slikar (Osijek, 23.\u00a0IV.\u00a01924 \u2013 Pariz, 7.\u00a0XII.\u00a02004). Zavr\u0161io Akademiju likovnih umjetnosti u Zagrebu 1956 (\u0110uro Tiljak), a poslijediplomski studij kod Antuna Mezdji\u0107a. Godine 1959. bio je suosniva\u010d i \u010dlan skupine Gorgona; od po\u010detka (od 1961) izlagao je na izlo\u017ebama novih tendencija. Prevladav\u0161i rane utjecaje kubizma i purizma, od 1960. slikao meandarski oblik posve [&hellip;]<\/p>\n","protected":false},"author":1,"featured_media":1716,"comment_status":"closed","ping_status":"open","sticky":false,"template":"","format":"standard","meta":{"_jetpack_memberships_contains_paid_content":false,"footnotes":""},"categories":[1],"tags":[],"class_list":["post-1715","post","type-post","status-publish","format-standard","has-post-thumbnail","hentry","category-uncategorized"],"yoast_head":"<!-- This site is optimized with the Yoast SEO plugin v27.5 - https:\/\/yoast.com\/product\/yoast-seo-wordpress\/ -->\n<title>JULIJE KNIFER - Galerija umjetnina<\/title>\n<meta name=\"robots\" content=\"index, follow, max-snippet:-1, max-image-preview:large, max-video-preview:-1\" \/>\n<link rel=\"canonical\" href=\"https:\/\/galerijakaptol.hr\/index.php\/2024\/01\/05\/julije-knifer\/\" \/>\n<meta property=\"og:locale\" content=\"hr_HR\" \/>\n<meta property=\"og:type\" content=\"article\" \/>\n<meta property=\"og:title\" content=\"JULIJE KNIFER - Galerija umjetnina\" \/>\n<meta property=\"og:description\" content=\"Knifer, Julije, hrvatski slikar (Osijek, 23.\u00a0IV.\u00a01924 \u2013 Pariz, 7.\u00a0XII.\u00a02004). Zavr\u0161io Akademiju likovnih umjetnosti u Zagrebu 1956 (\u0110uro Tiljak), a poslijediplomski studij kod Antuna Mezdji\u0107a. Godine 1959. bio je suosniva\u010d i \u010dlan skupine Gorgona; od po\u010detka (od 1961) izlagao je na izlo\u017ebama novih tendencija. Prevladav\u0161i rane utjecaje kubizma i purizma, od 1960. slikao meandarski oblik posve [&hellip;]\" \/>\n<meta property=\"og:url\" content=\"https:\/\/galerijakaptol.hr\/index.php\/2024\/01\/05\/julije-knifer\/\" \/>\n<meta property=\"og:site_name\" content=\"Galerija umjetnina\" \/>\n<meta property=\"article:published_time\" content=\"2024-01-05T09:47:29+00:00\" \/>\n<meta property=\"article:modified_time\" content=\"2024-07-03T09:10:25+00:00\" \/>\n<meta property=\"og:image\" content=\"https:\/\/galerijakaptol.hr\/wp-content\/uploads\/2024\/01\/24-1529840.jpg\" \/>\n\t<meta property=\"og:image:width\" content=\"1152\" \/>\n\t<meta property=\"og:image:height\" content=\"886\" \/>\n\t<meta property=\"og:image:type\" content=\"image\/jpeg\" \/>\n<meta name=\"author\" content=\"admin\" \/>\n<meta name=\"twitter:card\" content=\"summary_large_image\" \/>\n<meta name=\"twitter:label1\" content=\"Napisao\/la\" \/>\n\t<meta name=\"twitter:data1\" content=\"admin\" \/>\n\t<meta name=\"twitter:label2\" content=\"Procijenjeno vrijeme \u010ditanja\" \/>\n\t<meta name=\"twitter:data2\" content=\"2 minute\" \/>\n<script type=\"application\/ld+json\" class=\"yoast-schema-graph\">{\"@context\":\"https:\\\/\\\/schema.org\",\"@graph\":[{\"@type\":\"Article\",\"@id\":\"https:\\\/\\\/galerijakaptol.hr\\\/index.php\\\/2024\\\/01\\\/05\\\/julije-knifer\\\/#article\",\"isPartOf\":{\"@id\":\"https:\\\/\\\/galerijakaptol.hr\\\/index.php\\\/2024\\\/01\\\/05\\\/julije-knifer\\\/\"},\"author\":{\"name\":\"admin\",\"@id\":\"https:\\\/\\\/galerijakaptol.hr\\\/#\\\/schema\\\/person\\\/f3d1dc228981eca5894740a7ccd795df\"},\"headline\":\"JULIJE KNIFER\",\"datePublished\":\"2024-01-05T09:47:29+00:00\",\"dateModified\":\"2024-07-03T09:10:25+00:00\",\"mainEntityOfPage\":{\"@id\":\"https:\\\/\\\/galerijakaptol.hr\\\/index.php\\\/2024\\\/01\\\/05\\\/julije-knifer\\\/\"},\"wordCount\":140,\"publisher\":{\"@id\":\"https:\\\/\\\/galerijakaptol.hr\\\/#organization\"},\"image\":{\"@id\":\"https:\\\/\\\/galerijakaptol.hr\\\/index.php\\\/2024\\\/01\\\/05\\\/julije-knifer\\\/#primaryimage\"},\"thumbnailUrl\":\"https:\\\/\\\/galerijakaptol.hr\\\/wp-content\\\/uploads\\\/2024\\\/01\\\/24-1529840.jpg\",\"articleSection\":[\"Blog\"],\"inLanguage\":\"hr\"},{\"@type\":\"WebPage\",\"@id\":\"https:\\\/\\\/galerijakaptol.hr\\\/index.php\\\/2024\\\/01\\\/05\\\/julije-knifer\\\/\",\"url\":\"https:\\\/\\\/galerijakaptol.hr\\\/index.php\\\/2024\\\/01\\\/05\\\/julije-knifer\\\/\",\"name\":\"JULIJE KNIFER - Galerija umjetnina\",\"isPartOf\":{\"@id\":\"https:\\\/\\\/galerijakaptol.hr\\\/#website\"},\"primaryImageOfPage\":{\"@id\":\"https:\\\/\\\/galerijakaptol.hr\\\/index.php\\\/2024\\\/01\\\/05\\\/julije-knifer\\\/#primaryimage\"},\"image\":{\"@id\":\"https:\\\/\\\/galerijakaptol.hr\\\/index.php\\\/2024\\\/01\\\/05\\\/julije-knifer\\\/#primaryimage\"},\"thumbnailUrl\":\"https:\\\/\\\/galerijakaptol.hr\\\/wp-content\\\/uploads\\\/2024\\\/01\\\/24-1529840.jpg\",\"datePublished\":\"2024-01-05T09:47:29+00:00\",\"dateModified\":\"2024-07-03T09:10:25+00:00\",\"breadcrumb\":{\"@id\":\"https:\\\/\\\/galerijakaptol.hr\\\/index.php\\\/2024\\\/01\\\/05\\\/julije-knifer\\\/#breadcrumb\"},\"inLanguage\":\"hr\",\"potentialAction\":[{\"@type\":\"ReadAction\",\"target\":[\"https:\\\/\\\/galerijakaptol.hr\\\/index.php\\\/2024\\\/01\\\/05\\\/julije-knifer\\\/\"]}]},{\"@type\":\"ImageObject\",\"inLanguage\":\"hr\",\"@id\":\"https:\\\/\\\/galerijakaptol.hr\\\/index.php\\\/2024\\\/01\\\/05\\\/julije-knifer\\\/#primaryimage\",\"url\":\"https:\\\/\\\/galerijakaptol.hr\\\/wp-content\\\/uploads\\\/2024\\\/01\\\/24-1529840.jpg\",\"contentUrl\":\"https:\\\/\\\/galerijakaptol.hr\\\/wp-content\\\/uploads\\\/2024\\\/01\\\/24-1529840.jpg\",\"width\":1152,\"height\":886,\"caption\":\"Kompozicija 85 Tehnika: Serigrafija Dimenzije: 59x76 cm Godina: 1985.\"},{\"@type\":\"BreadcrumbList\",\"@id\":\"https:\\\/\\\/galerijakaptol.hr\\\/index.php\\\/2024\\\/01\\\/05\\\/julije-knifer\\\/#breadcrumb\",\"itemListElement\":[{\"@type\":\"ListItem\",\"position\":1,\"name\":\"Po\u010detna stranica\",\"item\":\"https:\\\/\\\/galerijakaptol.hr\\\/\"},{\"@type\":\"ListItem\",\"position\":2,\"name\":\"JULIJE KNIFER\"}]},{\"@type\":\"WebSite\",\"@id\":\"https:\\\/\\\/galerijakaptol.hr\\\/#website\",\"url\":\"https:\\\/\\\/galerijakaptol.hr\\\/\",\"name\":\"Galerija umjetnina\",\"description\":\"\",\"publisher\":{\"@id\":\"https:\\\/\\\/galerijakaptol.hr\\\/#organization\"},\"potentialAction\":[{\"@type\":\"SearchAction\",\"target\":{\"@type\":\"EntryPoint\",\"urlTemplate\":\"https:\\\/\\\/galerijakaptol.hr\\\/?s={search_term_string}\"},\"query-input\":{\"@type\":\"PropertyValueSpecification\",\"valueRequired\":true,\"valueName\":\"search_term_string\"}}],\"inLanguage\":\"hr\"},{\"@type\":\"Organization\",\"@id\":\"https:\\\/\\\/galerijakaptol.hr\\\/#organization\",\"name\":\"Galerija umjetnina\",\"url\":\"https:\\\/\\\/galerijakaptol.hr\\\/\",\"logo\":{\"@type\":\"ImageObject\",\"inLanguage\":\"hr\",\"@id\":\"https:\\\/\\\/galerijakaptol.hr\\\/#\\\/schema\\\/logo\\\/image\\\/\",\"url\":\"https:\\\/\\\/galerijakaptol.hr\\\/wp-content\\\/uploads\\\/2023\\\/09\\\/logo-Kaptol-Galerija.png\",\"contentUrl\":\"https:\\\/\\\/galerijakaptol.hr\\\/wp-content\\\/uploads\\\/2023\\\/09\\\/logo-Kaptol-Galerija.png\",\"width\":342,\"height\":72,\"caption\":\"Galerija umjetnina\"},\"image\":{\"@id\":\"https:\\\/\\\/galerijakaptol.hr\\\/#\\\/schema\\\/logo\\\/image\\\/\"}},{\"@type\":\"Person\",\"@id\":\"https:\\\/\\\/galerijakaptol.hr\\\/#\\\/schema\\\/person\\\/f3d1dc228981eca5894740a7ccd795df\",\"name\":\"admin\",\"sameAs\":[\"https:\\\/\\\/galerijakaptol.hr\"],\"url\":\"https:\\\/\\\/galerijakaptol.hr\\\/index.php\\\/author\\\/admin_gk\\\/\"}]}<\/script>\n<!-- \/ Yoast SEO plugin. -->","yoast_head_json":{"title":"JULIJE KNIFER - Galerija umjetnina","robots":{"index":"index","follow":"follow","max-snippet":"max-snippet:-1","max-image-preview":"max-image-preview:large","max-video-preview":"max-video-preview:-1"},"canonical":"https:\/\/galerijakaptol.hr\/index.php\/2024\/01\/05\/julije-knifer\/","og_locale":"hr_HR","og_type":"article","og_title":"JULIJE KNIFER - Galerija umjetnina","og_description":"Knifer, Julije, hrvatski slikar (Osijek, 23.\u00a0IV.\u00a01924 \u2013 Pariz, 7.\u00a0XII.\u00a02004). Zavr\u0161io Akademiju likovnih umjetnosti u Zagrebu 1956 (\u0110uro Tiljak), a poslijediplomski studij kod Antuna Mezdji\u0107a. Godine 1959. bio je suosniva\u010d i \u010dlan skupine Gorgona; od po\u010detka (od 1961) izlagao je na izlo\u017ebama novih tendencija. Prevladav\u0161i rane utjecaje kubizma i purizma, od 1960. slikao meandarski oblik posve [&hellip;]","og_url":"https:\/\/galerijakaptol.hr\/index.php\/2024\/01\/05\/julije-knifer\/","og_site_name":"Galerija umjetnina","article_published_time":"2024-01-05T09:47:29+00:00","article_modified_time":"2024-07-03T09:10:25+00:00","og_image":[{"width":1152,"height":886,"url":"https:\/\/galerijakaptol.hr\/wp-content\/uploads\/2024\/01\/24-1529840.jpg","type":"image\/jpeg"}],"author":"admin","twitter_card":"summary_large_image","twitter_misc":{"Napisao\/la":"admin","Procijenjeno vrijeme \u010ditanja":"2 minute"},"schema":{"@context":"https:\/\/schema.org","@graph":[{"@type":"Article","@id":"https:\/\/galerijakaptol.hr\/index.php\/2024\/01\/05\/julije-knifer\/#article","isPartOf":{"@id":"https:\/\/galerijakaptol.hr\/index.php\/2024\/01\/05\/julije-knifer\/"},"author":{"name":"admin","@id":"https:\/\/galerijakaptol.hr\/#\/schema\/person\/f3d1dc228981eca5894740a7ccd795df"},"headline":"JULIJE KNIFER","datePublished":"2024-01-05T09:47:29+00:00","dateModified":"2024-07-03T09:10:25+00:00","mainEntityOfPage":{"@id":"https:\/\/galerijakaptol.hr\/index.php\/2024\/01\/05\/julije-knifer\/"},"wordCount":140,"publisher":{"@id":"https:\/\/galerijakaptol.hr\/#organization"},"image":{"@id":"https:\/\/galerijakaptol.hr\/index.php\/2024\/01\/05\/julije-knifer\/#primaryimage"},"thumbnailUrl":"https:\/\/galerijakaptol.hr\/wp-content\/uploads\/2024\/01\/24-1529840.jpg","articleSection":["Blog"],"inLanguage":"hr"},{"@type":"WebPage","@id":"https:\/\/galerijakaptol.hr\/index.php\/2024\/01\/05\/julije-knifer\/","url":"https:\/\/galerijakaptol.hr\/index.php\/2024\/01\/05\/julije-knifer\/","name":"JULIJE KNIFER - Galerija umjetnina","isPartOf":{"@id":"https:\/\/galerijakaptol.hr\/#website"},"primaryImageOfPage":{"@id":"https:\/\/galerijakaptol.hr\/index.php\/2024\/01\/05\/julije-knifer\/#primaryimage"},"image":{"@id":"https:\/\/galerijakaptol.hr\/index.php\/2024\/01\/05\/julije-knifer\/#primaryimage"},"thumbnailUrl":"https:\/\/galerijakaptol.hr\/wp-content\/uploads\/2024\/01\/24-1529840.jpg","datePublished":"2024-01-05T09:47:29+00:00","dateModified":"2024-07-03T09:10:25+00:00","breadcrumb":{"@id":"https:\/\/galerijakaptol.hr\/index.php\/2024\/01\/05\/julije-knifer\/#breadcrumb"},"inLanguage":"hr","potentialAction":[{"@type":"ReadAction","target":["https:\/\/galerijakaptol.hr\/index.php\/2024\/01\/05\/julije-knifer\/"]}]},{"@type":"ImageObject","inLanguage":"hr","@id":"https:\/\/galerijakaptol.hr\/index.php\/2024\/01\/05\/julije-knifer\/#primaryimage","url":"https:\/\/galerijakaptol.hr\/wp-content\/uploads\/2024\/01\/24-1529840.jpg","contentUrl":"https:\/\/galerijakaptol.hr\/wp-content\/uploads\/2024\/01\/24-1529840.jpg","width":1152,"height":886,"caption":"Kompozicija 85 Tehnika: Serigrafija Dimenzije: 59x76 cm Godina: 1985."},{"@type":"BreadcrumbList","@id":"https:\/\/galerijakaptol.hr\/index.php\/2024\/01\/05\/julije-knifer\/#breadcrumb","itemListElement":[{"@type":"ListItem","position":1,"name":"Po\u010detna stranica","item":"https:\/\/galerijakaptol.hr\/"},{"@type":"ListItem","position":2,"name":"JULIJE KNIFER"}]},{"@type":"WebSite","@id":"https:\/\/galerijakaptol.hr\/#website","url":"https:\/\/galerijakaptol.hr\/","name":"Galerija umjetnina","description":"","publisher":{"@id":"https:\/\/galerijakaptol.hr\/#organization"},"potentialAction":[{"@type":"SearchAction","target":{"@type":"EntryPoint","urlTemplate":"https:\/\/galerijakaptol.hr\/?s={search_term_string}"},"query-input":{"@type":"PropertyValueSpecification","valueRequired":true,"valueName":"search_term_string"}}],"inLanguage":"hr"},{"@type":"Organization","@id":"https:\/\/galerijakaptol.hr\/#organization","name":"Galerija umjetnina","url":"https:\/\/galerijakaptol.hr\/","logo":{"@type":"ImageObject","inLanguage":"hr","@id":"https:\/\/galerijakaptol.hr\/#\/schema\/logo\/image\/","url":"https:\/\/galerijakaptol.hr\/wp-content\/uploads\/2023\/09\/logo-Kaptol-Galerija.png","contentUrl":"https:\/\/galerijakaptol.hr\/wp-content\/uploads\/2023\/09\/logo-Kaptol-Galerija.png","width":342,"height":72,"caption":"Galerija umjetnina"},"image":{"@id":"https:\/\/galerijakaptol.hr\/#\/schema\/logo\/image\/"}},{"@type":"Person","@id":"https:\/\/galerijakaptol.hr\/#\/schema\/person\/f3d1dc228981eca5894740a7ccd795df","name":"admin","sameAs":["https:\/\/galerijakaptol.hr"],"url":"https:\/\/galerijakaptol.hr\/index.php\/author\/admin_gk\/"}]}},"jetpack_featured_media_url":"https:\/\/galerijakaptol.hr\/wp-content\/uploads\/2024\/01\/24-1529840.jpg","jetpack_sharing_enabled":true,"_links":{"self":[{"href":"https:\/\/galerijakaptol.hr\/index.php\/wp-json\/wp\/v2\/posts\/1715","targetHints":{"allow":["GET"]}}],"collection":[{"href":"https:\/\/galerijakaptol.hr\/index.php\/wp-json\/wp\/v2\/posts"}],"about":[{"href":"https:\/\/galerijakaptol.hr\/index.php\/wp-json\/wp\/v2\/types\/post"}],"author":[{"embeddable":true,"href":"https:\/\/galerijakaptol.hr\/index.php\/wp-json\/wp\/v2\/users\/1"}],"replies":[{"embeddable":true,"href":"https:\/\/galerijakaptol.hr\/index.php\/wp-json\/wp\/v2\/comments?post=1715"}],"version-history":[{"count":2,"href":"https:\/\/galerijakaptol.hr\/index.php\/wp-json\/wp\/v2\/posts\/1715\/revisions"}],"predecessor-version":[{"id":1718,"href":"https:\/\/galerijakaptol.hr\/index.php\/wp-json\/wp\/v2\/posts\/1715\/revisions\/1718"}],"wp:featuredmedia":[{"embeddable":true,"href":"https:\/\/galerijakaptol.hr\/index.php\/wp-json\/wp\/v2\/media\/1716"}],"wp:attachment":[{"href":"https:\/\/galerijakaptol.hr\/index.php\/wp-json\/wp\/v2\/media?parent=1715"}],"wp:term":[{"taxonomy":"category","embeddable":true,"href":"https:\/\/galerijakaptol.hr\/index.php\/wp-json\/wp\/v2\/categories?post=1715"},{"taxonomy":"post_tag","embeddable":true,"href":"https:\/\/galerijakaptol.hr\/index.php\/wp-json\/wp\/v2\/tags?post=1715"}],"curies":[{"name":"wp","href":"https:\/\/api.w.org\/{rel}","templated":true}]}}