{"id":1751,"date":"2024-01-10T10:21:22","date_gmt":"2024-01-10T10:21:22","guid":{"rendered":"https:\/\/galerijakaptol.hr\/?p=1751"},"modified":"2024-11-22T11:29:28","modified_gmt":"2024-11-22T11:29:28","slug":"emerik-fejes","status":"publish","type":"post","link":"https:\/\/galerijakaptol.hr\/index.php\/2024\/01\/10\/emerik-fejes\/","title":{"rendered":"EMERIK FEJE\u0160"},"content":{"rendered":"\n<p>Emerik Feje\u0161 (Osijek, Hrvatska, 1904. &#8211; Novi Sad, Srbija, 1969.)<\/p>\n\n\n\n<p>Motivi njegovih slika bili su gradovi i njihova arhitektura, koje je \u010desto preslikavao s razli\u010ditih razglednica. Slu\u017ei se geometrijskim oblicima; horizontalnim i vertikalnim crtama, kru\u017enicama te polukru\u0107nicama, \u010dijim stvara specifi\u010dne ornamentalne mre\u017ee, stoga i proziv &#8220;strukturalist&#8221;.<\/p>\n\n\n\n<p>Na svoji poseban na\u010din preobra\u017eava stvarni svijet i prikazuje ga na svoj osoban na\u010din: \u010darolije boja, mir, sklad, vedrina i ljepota.<\/p>\n\n\n\n<p>Feje\u0161 svemu prilazi nevina srca i du\u0161e pune za\u010darane radosti stvaranja.<\/p>\n\n\n\n<p>\u017dive\u0107i prete\u017ean dio \u017eivota u siroma\u0161tvu te u maloj mra\u010dnoj sobi, Feje\u0161 je slikao ono \u0161to mu je nedostajalo. Tako je u svojoj imaginaciji (i u svojoj umjetnosti) putovao na mnoga zna\u010dajna mjesta ovoga svijeta.<\/p>\n\n\n\n<p>Ve\u0107inu svojih slika Feje\u0161 je crtao na temelju crno-bijelih razglednica. Veli\u010dinu odre\u0111enih elemenata je ra\u010dunao sa \u0161ibicama i drvcima. Neke elemente je po ukusu smanjivao, pove\u0107avao ili u potpunosti izostavio.<\/p>\n\n\n<figure id=\"attachment_1752\" aria-describedby=\"caption-attachment-1752\" style=\"width: 300px\" class=\"wp-caption aligncenter\"><a href=\"https:\/\/galerijakaptol.hr\/wp-content\/uploads\/2024\/01\/Tempera-na-papiru-43x60-1.jpeg\"><img loading=\"lazy\" decoding=\"async\" class=\"size-medium wp-image-1752\" src=\"https:\/\/galerijakaptol.hr\/wp-content\/uploads\/2024\/01\/Tempera-na-papiru-43x60-1-300x209.jpeg\" alt=\"\" width=\"300\" height=\"209\" srcset=\"https:\/\/galerijakaptol.hr\/wp-content\/uploads\/2024\/01\/Tempera-na-papiru-43x60-1-300x209.jpeg 300w, https:\/\/galerijakaptol.hr\/wp-content\/uploads\/2024\/01\/Tempera-na-papiru-43x60-1-768x534.jpeg 768w, https:\/\/galerijakaptol.hr\/wp-content\/uploads\/2024\/01\/Tempera-na-papiru-43x60-1.jpeg 1024w\" sizes=\"auto, (max-width: 300px) 100vw, 300px\" \/><\/a><figcaption id=\"caption-attachment-1752\" class=\"wp-caption-text\"><strong>Venecija<\/strong><br \/>Tehnika: tempera na papiru<br \/>Dimenzije: 43&#215;60 cm<\/figcaption><\/figure>","protected":false},"excerpt":{"rendered":"<p>Emerik Feje\u0161 (Osijek, Hrvatska, 1904. &#8211; Novi Sad, Srbija, 1969.) Motivi njegovih slika bili su gradovi i njihova arhitektura, koje je \u010desto preslikavao s razli\u010ditih razglednica. Slu\u017ei se geometrijskim oblicima; horizontalnim i vertikalnim crtama, kru\u017enicama te polukru\u0107nicama, \u010dijim stvara specifi\u010dne ornamentalne mre\u017ee, stoga i proziv &#8220;strukturalist&#8221;. Na svoji poseban na\u010din preobra\u017eava stvarni svijet i prikazuje [&hellip;]<\/p>\n","protected":false},"author":1,"featured_media":1752,"comment_status":"closed","ping_status":"open","sticky":false,"template":"","format":"standard","meta":{"_jetpack_memberships_contains_paid_content":false,"footnotes":""},"categories":[1],"tags":[],"class_list":["post-1751","post","type-post","status-publish","format-standard","has-post-thumbnail","hentry","category-uncategorized"],"yoast_head":"<!-- This site is optimized with the Yoast SEO plugin v27.5 - https:\/\/yoast.com\/product\/yoast-seo-wordpress\/ -->\n<title>EMERIK FEJE\u0160 - Galerija umjetnina<\/title>\n<meta name=\"robots\" content=\"index, follow, max-snippet:-1, max-image-preview:large, max-video-preview:-1\" \/>\n<link rel=\"canonical\" href=\"https:\/\/galerijakaptol.hr\/index.php\/2024\/01\/10\/emerik-fejes\/\" \/>\n<meta property=\"og:locale\" content=\"hr_HR\" \/>\n<meta property=\"og:type\" content=\"article\" \/>\n<meta property=\"og:title\" content=\"EMERIK FEJE\u0160 - Galerija umjetnina\" \/>\n<meta property=\"og:description\" content=\"Emerik Feje\u0161 (Osijek, Hrvatska, 1904. &#8211; Novi Sad, Srbija, 1969.) Motivi njegovih slika bili su gradovi i njihova arhitektura, koje je \u010desto preslikavao s razli\u010ditih razglednica. Slu\u017ei se geometrijskim oblicima; horizontalnim i vertikalnim crtama, kru\u017enicama te polukru\u0107nicama, \u010dijim stvara specifi\u010dne ornamentalne mre\u017ee, stoga i proziv &#8220;strukturalist&#8221;. Na svoji poseban na\u010din preobra\u017eava stvarni svijet i prikazuje [&hellip;]\" \/>\n<meta property=\"og:url\" content=\"https:\/\/galerijakaptol.hr\/index.php\/2024\/01\/10\/emerik-fejes\/\" \/>\n<meta property=\"og:site_name\" content=\"Galerija umjetnina\" \/>\n<meta property=\"article:published_time\" content=\"2024-01-10T10:21:22+00:00\" \/>\n<meta property=\"article:modified_time\" content=\"2024-11-22T11:29:28+00:00\" \/>\n<meta property=\"og:image\" content=\"https:\/\/galerijakaptol.hr\/wp-content\/uploads\/2024\/01\/Tempera-na-papiru-43x60-1.jpeg\" \/>\n\t<meta property=\"og:image:width\" content=\"1024\" \/>\n\t<meta property=\"og:image:height\" content=\"712\" \/>\n\t<meta property=\"og:image:type\" content=\"image\/jpeg\" \/>\n<meta name=\"author\" content=\"admin\" \/>\n<meta name=\"twitter:card\" content=\"summary_large_image\" \/>\n<meta name=\"twitter:label1\" content=\"Napisao\/la\" \/>\n\t<meta name=\"twitter:data1\" content=\"admin\" \/>\n\t<meta name=\"twitter:label2\" content=\"Procijenjeno vrijeme \u010ditanja\" \/>\n\t<meta name=\"twitter:data2\" content=\"2 minute\" \/>\n<script type=\"application\/ld+json\" class=\"yoast-schema-graph\">{\"@context\":\"https:\\\/\\\/schema.org\",\"@graph\":[{\"@type\":\"Article\",\"@id\":\"https:\\\/\\\/galerijakaptol.hr\\\/index.php\\\/2024\\\/01\\\/10\\\/emerik-fejes\\\/#article\",\"isPartOf\":{\"@id\":\"https:\\\/\\\/galerijakaptol.hr\\\/index.php\\\/2024\\\/01\\\/10\\\/emerik-fejes\\\/\"},\"author\":{\"name\":\"admin\",\"@id\":\"https:\\\/\\\/galerijakaptol.hr\\\/#\\\/schema\\\/person\\\/f3d1dc228981eca5894740a7ccd795df\"},\"headline\":\"EMERIK FEJE\u0160\",\"datePublished\":\"2024-01-10T10:21:22+00:00\",\"dateModified\":\"2024-11-22T11:29:28+00:00\",\"mainEntityOfPage\":{\"@id\":\"https:\\\/\\\/galerijakaptol.hr\\\/index.php\\\/2024\\\/01\\\/10\\\/emerik-fejes\\\/\"},\"wordCount\":178,\"publisher\":{\"@id\":\"https:\\\/\\\/galerijakaptol.hr\\\/#organization\"},\"image\":{\"@id\":\"https:\\\/\\\/galerijakaptol.hr\\\/index.php\\\/2024\\\/01\\\/10\\\/emerik-fejes\\\/#primaryimage\"},\"thumbnailUrl\":\"https:\\\/\\\/galerijakaptol.hr\\\/wp-content\\\/uploads\\\/2024\\\/01\\\/Tempera-na-papiru-43x60-1.jpeg\",\"articleSection\":[\"Blog\"],\"inLanguage\":\"hr\"},{\"@type\":\"WebPage\",\"@id\":\"https:\\\/\\\/galerijakaptol.hr\\\/index.php\\\/2024\\\/01\\\/10\\\/emerik-fejes\\\/\",\"url\":\"https:\\\/\\\/galerijakaptol.hr\\\/index.php\\\/2024\\\/01\\\/10\\\/emerik-fejes\\\/\",\"name\":\"EMERIK FEJE\u0160 - Galerija umjetnina\",\"isPartOf\":{\"@id\":\"https:\\\/\\\/galerijakaptol.hr\\\/#website\"},\"primaryImageOfPage\":{\"@id\":\"https:\\\/\\\/galerijakaptol.hr\\\/index.php\\\/2024\\\/01\\\/10\\\/emerik-fejes\\\/#primaryimage\"},\"image\":{\"@id\":\"https:\\\/\\\/galerijakaptol.hr\\\/index.php\\\/2024\\\/01\\\/10\\\/emerik-fejes\\\/#primaryimage\"},\"thumbnailUrl\":\"https:\\\/\\\/galerijakaptol.hr\\\/wp-content\\\/uploads\\\/2024\\\/01\\\/Tempera-na-papiru-43x60-1.jpeg\",\"datePublished\":\"2024-01-10T10:21:22+00:00\",\"dateModified\":\"2024-11-22T11:29:28+00:00\",\"breadcrumb\":{\"@id\":\"https:\\\/\\\/galerijakaptol.hr\\\/index.php\\\/2024\\\/01\\\/10\\\/emerik-fejes\\\/#breadcrumb\"},\"inLanguage\":\"hr\",\"potentialAction\":[{\"@type\":\"ReadAction\",\"target\":[\"https:\\\/\\\/galerijakaptol.hr\\\/index.php\\\/2024\\\/01\\\/10\\\/emerik-fejes\\\/\"]}]},{\"@type\":\"ImageObject\",\"inLanguage\":\"hr\",\"@id\":\"https:\\\/\\\/galerijakaptol.hr\\\/index.php\\\/2024\\\/01\\\/10\\\/emerik-fejes\\\/#primaryimage\",\"url\":\"https:\\\/\\\/galerijakaptol.hr\\\/wp-content\\\/uploads\\\/2024\\\/01\\\/Tempera-na-papiru-43x60-1.jpeg\",\"contentUrl\":\"https:\\\/\\\/galerijakaptol.hr\\\/wp-content\\\/uploads\\\/2024\\\/01\\\/Tempera-na-papiru-43x60-1.jpeg\",\"width\":1024,\"height\":712,\"caption\":\"Venecija Tehnika: tempera na papiru Dimenzije: 43x60 cm\"},{\"@type\":\"BreadcrumbList\",\"@id\":\"https:\\\/\\\/galerijakaptol.hr\\\/index.php\\\/2024\\\/01\\\/10\\\/emerik-fejes\\\/#breadcrumb\",\"itemListElement\":[{\"@type\":\"ListItem\",\"position\":1,\"name\":\"Po\u010detna stranica\",\"item\":\"https:\\\/\\\/galerijakaptol.hr\\\/\"},{\"@type\":\"ListItem\",\"position\":2,\"name\":\"EMERIK FEJE\u0160\"}]},{\"@type\":\"WebSite\",\"@id\":\"https:\\\/\\\/galerijakaptol.hr\\\/#website\",\"url\":\"https:\\\/\\\/galerijakaptol.hr\\\/\",\"name\":\"Galerija umjetnina\",\"description\":\"\",\"publisher\":{\"@id\":\"https:\\\/\\\/galerijakaptol.hr\\\/#organization\"},\"potentialAction\":[{\"@type\":\"SearchAction\",\"target\":{\"@type\":\"EntryPoint\",\"urlTemplate\":\"https:\\\/\\\/galerijakaptol.hr\\\/?s={search_term_string}\"},\"query-input\":{\"@type\":\"PropertyValueSpecification\",\"valueRequired\":true,\"valueName\":\"search_term_string\"}}],\"inLanguage\":\"hr\"},{\"@type\":\"Organization\",\"@id\":\"https:\\\/\\\/galerijakaptol.hr\\\/#organization\",\"name\":\"Galerija umjetnina\",\"url\":\"https:\\\/\\\/galerijakaptol.hr\\\/\",\"logo\":{\"@type\":\"ImageObject\",\"inLanguage\":\"hr\",\"@id\":\"https:\\\/\\\/galerijakaptol.hr\\\/#\\\/schema\\\/logo\\\/image\\\/\",\"url\":\"https:\\\/\\\/galerijakaptol.hr\\\/wp-content\\\/uploads\\\/2023\\\/09\\\/logo-Kaptol-Galerija.png\",\"contentUrl\":\"https:\\\/\\\/galerijakaptol.hr\\\/wp-content\\\/uploads\\\/2023\\\/09\\\/logo-Kaptol-Galerija.png\",\"width\":342,\"height\":72,\"caption\":\"Galerija umjetnina\"},\"image\":{\"@id\":\"https:\\\/\\\/galerijakaptol.hr\\\/#\\\/schema\\\/logo\\\/image\\\/\"}},{\"@type\":\"Person\",\"@id\":\"https:\\\/\\\/galerijakaptol.hr\\\/#\\\/schema\\\/person\\\/f3d1dc228981eca5894740a7ccd795df\",\"name\":\"admin\",\"sameAs\":[\"https:\\\/\\\/galerijakaptol.hr\"],\"url\":\"https:\\\/\\\/galerijakaptol.hr\\\/index.php\\\/author\\\/admin_gk\\\/\"}]}<\/script>\n<!-- \/ Yoast SEO plugin. -->","yoast_head_json":{"title":"EMERIK FEJE\u0160 - Galerija umjetnina","robots":{"index":"index","follow":"follow","max-snippet":"max-snippet:-1","max-image-preview":"max-image-preview:large","max-video-preview":"max-video-preview:-1"},"canonical":"https:\/\/galerijakaptol.hr\/index.php\/2024\/01\/10\/emerik-fejes\/","og_locale":"hr_HR","og_type":"article","og_title":"EMERIK FEJE\u0160 - Galerija umjetnina","og_description":"Emerik Feje\u0161 (Osijek, Hrvatska, 1904. &#8211; Novi Sad, Srbija, 1969.) Motivi njegovih slika bili su gradovi i njihova arhitektura, koje je \u010desto preslikavao s razli\u010ditih razglednica. Slu\u017ei se geometrijskim oblicima; horizontalnim i vertikalnim crtama, kru\u017enicama te polukru\u0107nicama, \u010dijim stvara specifi\u010dne ornamentalne mre\u017ee, stoga i proziv &#8220;strukturalist&#8221;. Na svoji poseban na\u010din preobra\u017eava stvarni svijet i prikazuje [&hellip;]","og_url":"https:\/\/galerijakaptol.hr\/index.php\/2024\/01\/10\/emerik-fejes\/","og_site_name":"Galerija umjetnina","article_published_time":"2024-01-10T10:21:22+00:00","article_modified_time":"2024-11-22T11:29:28+00:00","og_image":[{"width":1024,"height":712,"url":"https:\/\/galerijakaptol.hr\/wp-content\/uploads\/2024\/01\/Tempera-na-papiru-43x60-1.jpeg","type":"image\/jpeg"}],"author":"admin","twitter_card":"summary_large_image","twitter_misc":{"Napisao\/la":"admin","Procijenjeno vrijeme \u010ditanja":"2 minute"},"schema":{"@context":"https:\/\/schema.org","@graph":[{"@type":"Article","@id":"https:\/\/galerijakaptol.hr\/index.php\/2024\/01\/10\/emerik-fejes\/#article","isPartOf":{"@id":"https:\/\/galerijakaptol.hr\/index.php\/2024\/01\/10\/emerik-fejes\/"},"author":{"name":"admin","@id":"https:\/\/galerijakaptol.hr\/#\/schema\/person\/f3d1dc228981eca5894740a7ccd795df"},"headline":"EMERIK FEJE\u0160","datePublished":"2024-01-10T10:21:22+00:00","dateModified":"2024-11-22T11:29:28+00:00","mainEntityOfPage":{"@id":"https:\/\/galerijakaptol.hr\/index.php\/2024\/01\/10\/emerik-fejes\/"},"wordCount":178,"publisher":{"@id":"https:\/\/galerijakaptol.hr\/#organization"},"image":{"@id":"https:\/\/galerijakaptol.hr\/index.php\/2024\/01\/10\/emerik-fejes\/#primaryimage"},"thumbnailUrl":"https:\/\/galerijakaptol.hr\/wp-content\/uploads\/2024\/01\/Tempera-na-papiru-43x60-1.jpeg","articleSection":["Blog"],"inLanguage":"hr"},{"@type":"WebPage","@id":"https:\/\/galerijakaptol.hr\/index.php\/2024\/01\/10\/emerik-fejes\/","url":"https:\/\/galerijakaptol.hr\/index.php\/2024\/01\/10\/emerik-fejes\/","name":"EMERIK FEJE\u0160 - Galerija umjetnina","isPartOf":{"@id":"https:\/\/galerijakaptol.hr\/#website"},"primaryImageOfPage":{"@id":"https:\/\/galerijakaptol.hr\/index.php\/2024\/01\/10\/emerik-fejes\/#primaryimage"},"image":{"@id":"https:\/\/galerijakaptol.hr\/index.php\/2024\/01\/10\/emerik-fejes\/#primaryimage"},"thumbnailUrl":"https:\/\/galerijakaptol.hr\/wp-content\/uploads\/2024\/01\/Tempera-na-papiru-43x60-1.jpeg","datePublished":"2024-01-10T10:21:22+00:00","dateModified":"2024-11-22T11:29:28+00:00","breadcrumb":{"@id":"https:\/\/galerijakaptol.hr\/index.php\/2024\/01\/10\/emerik-fejes\/#breadcrumb"},"inLanguage":"hr","potentialAction":[{"@type":"ReadAction","target":["https:\/\/galerijakaptol.hr\/index.php\/2024\/01\/10\/emerik-fejes\/"]}]},{"@type":"ImageObject","inLanguage":"hr","@id":"https:\/\/galerijakaptol.hr\/index.php\/2024\/01\/10\/emerik-fejes\/#primaryimage","url":"https:\/\/galerijakaptol.hr\/wp-content\/uploads\/2024\/01\/Tempera-na-papiru-43x60-1.jpeg","contentUrl":"https:\/\/galerijakaptol.hr\/wp-content\/uploads\/2024\/01\/Tempera-na-papiru-43x60-1.jpeg","width":1024,"height":712,"caption":"Venecija Tehnika: tempera na papiru Dimenzije: 43x60 cm"},{"@type":"BreadcrumbList","@id":"https:\/\/galerijakaptol.hr\/index.php\/2024\/01\/10\/emerik-fejes\/#breadcrumb","itemListElement":[{"@type":"ListItem","position":1,"name":"Po\u010detna stranica","item":"https:\/\/galerijakaptol.hr\/"},{"@type":"ListItem","position":2,"name":"EMERIK FEJE\u0160"}]},{"@type":"WebSite","@id":"https:\/\/galerijakaptol.hr\/#website","url":"https:\/\/galerijakaptol.hr\/","name":"Galerija umjetnina","description":"","publisher":{"@id":"https:\/\/galerijakaptol.hr\/#organization"},"potentialAction":[{"@type":"SearchAction","target":{"@type":"EntryPoint","urlTemplate":"https:\/\/galerijakaptol.hr\/?s={search_term_string}"},"query-input":{"@type":"PropertyValueSpecification","valueRequired":true,"valueName":"search_term_string"}}],"inLanguage":"hr"},{"@type":"Organization","@id":"https:\/\/galerijakaptol.hr\/#organization","name":"Galerija umjetnina","url":"https:\/\/galerijakaptol.hr\/","logo":{"@type":"ImageObject","inLanguage":"hr","@id":"https:\/\/galerijakaptol.hr\/#\/schema\/logo\/image\/","url":"https:\/\/galerijakaptol.hr\/wp-content\/uploads\/2023\/09\/logo-Kaptol-Galerija.png","contentUrl":"https:\/\/galerijakaptol.hr\/wp-content\/uploads\/2023\/09\/logo-Kaptol-Galerija.png","width":342,"height":72,"caption":"Galerija umjetnina"},"image":{"@id":"https:\/\/galerijakaptol.hr\/#\/schema\/logo\/image\/"}},{"@type":"Person","@id":"https:\/\/galerijakaptol.hr\/#\/schema\/person\/f3d1dc228981eca5894740a7ccd795df","name":"admin","sameAs":["https:\/\/galerijakaptol.hr"],"url":"https:\/\/galerijakaptol.hr\/index.php\/author\/admin_gk\/"}]}},"jetpack_featured_media_url":"https:\/\/galerijakaptol.hr\/wp-content\/uploads\/2024\/01\/Tempera-na-papiru-43x60-1.jpeg","jetpack_sharing_enabled":true,"_links":{"self":[{"href":"https:\/\/galerijakaptol.hr\/index.php\/wp-json\/wp\/v2\/posts\/1751","targetHints":{"allow":["GET"]}}],"collection":[{"href":"https:\/\/galerijakaptol.hr\/index.php\/wp-json\/wp\/v2\/posts"}],"about":[{"href":"https:\/\/galerijakaptol.hr\/index.php\/wp-json\/wp\/v2\/types\/post"}],"author":[{"embeddable":true,"href":"https:\/\/galerijakaptol.hr\/index.php\/wp-json\/wp\/v2\/users\/1"}],"replies":[{"embeddable":true,"href":"https:\/\/galerijakaptol.hr\/index.php\/wp-json\/wp\/v2\/comments?post=1751"}],"version-history":[{"count":1,"href":"https:\/\/galerijakaptol.hr\/index.php\/wp-json\/wp\/v2\/posts\/1751\/revisions"}],"predecessor-version":[{"id":1761,"href":"https:\/\/galerijakaptol.hr\/index.php\/wp-json\/wp\/v2\/posts\/1751\/revisions\/1761"}],"wp:featuredmedia":[{"embeddable":true,"href":"https:\/\/galerijakaptol.hr\/index.php\/wp-json\/wp\/v2\/media\/1752"}],"wp:attachment":[{"href":"https:\/\/galerijakaptol.hr\/index.php\/wp-json\/wp\/v2\/media?parent=1751"}],"wp:term":[{"taxonomy":"category","embeddable":true,"href":"https:\/\/galerijakaptol.hr\/index.php\/wp-json\/wp\/v2\/categories?post=1751"},{"taxonomy":"post_tag","embeddable":true,"href":"https:\/\/galerijakaptol.hr\/index.php\/wp-json\/wp\/v2\/tags?post=1751"}],"curies":[{"name":"wp","href":"https:\/\/api.w.org\/{rel}","templated":true}]}}