{"id":1887,"date":"2024-01-31T13:33:23","date_gmt":"2024-01-31T13:33:23","guid":{"rendered":"https:\/\/galerijakaptol.hr\/?p=1887"},"modified":"2025-07-10T08:26:46","modified_gmt":"2025-07-10T08:26:46","slug":"zlatko-simunovic","status":"publish","type":"post","link":"https:\/\/galerijakaptol.hr\/index.php\/2024\/01\/31\/zlatko-simunovic\/","title":{"rendered":"ZLATKO \u0160IMUNOVI\u0106"},"content":{"rendered":"\n<p><strong>\u0160imunovi\u0107, Zlatko,<\/strong> hrvatski slikar i grafi\u010dar (Oto\u010dac, 14.&nbsp;XI.&nbsp;1936 \u2013 Zagreb, 31.&nbsp;XII.&nbsp;1995). Diplomirao 1962. na Akademiji likovnih umjetnosti u Zagrebu (M. Tartaglia); bio je suradnik Majstorske radionice K. Hegedu\u0161i\u0107a (1962\u201367). Prve kola\u017ee i pokretne objekte izra\u0111ivao u duhu racionalno-konstruktivisti\u010dkih ideja <em>EXATA 51<\/em> i <em>novih tendencija<\/em> (<em>Mobilna skulptura,<\/em> 1975). Osnovne geometrijske oblike ili tijela razlagao je ili preoblikovao s pomo\u0107u pokretnih elemenata i kromatskih vibracija, koji se izravnim sudjelovanjem promatra\u010da mijenjaju (ciklus <em>Transformobili,<\/em> nakon 1985). Bavio se grafikom, televizijskom scenografijom i ure\u0111ivanjem interijera.<\/p>\n\n\n<figure id=\"attachment_1885\" aria-describedby=\"caption-attachment-1885\" style=\"width: 298px\" class=\"wp-caption aligncenter\"><a href=\"https:\/\/galerijakaptol.hr\/wp-content\/uploads\/2024\/01\/WhatsApp-Image-2024-01-29-at-20.04.21.jpeg\"><img loading=\"lazy\" decoding=\"async\" class=\"size-medium wp-image-1885\" src=\"https:\/\/galerijakaptol.hr\/wp-content\/uploads\/2024\/01\/WhatsApp-Image-2024-01-29-at-20.04.21-298x300.jpeg\" alt=\"\" width=\"298\" height=\"300\" srcset=\"https:\/\/galerijakaptol.hr\/wp-content\/uploads\/2024\/01\/WhatsApp-Image-2024-01-29-at-20.04.21-298x300.jpeg 298w, https:\/\/galerijakaptol.hr\/wp-content\/uploads\/2024\/01\/WhatsApp-Image-2024-01-29-at-20.04.21-1017x1024.jpeg 1017w, https:\/\/galerijakaptol.hr\/wp-content\/uploads\/2024\/01\/WhatsApp-Image-2024-01-29-at-20.04.21-768x773.jpeg 768w, https:\/\/galerijakaptol.hr\/wp-content\/uploads\/2024\/01\/WhatsApp-Image-2024-01-29-at-20.04.21-1526x1536.jpeg 1526w, https:\/\/galerijakaptol.hr\/wp-content\/uploads\/2024\/01\/WhatsApp-Image-2024-01-29-at-20.04.21-150x150.jpeg 150w, https:\/\/galerijakaptol.hr\/wp-content\/uploads\/2024\/01\/WhatsApp-Image-2024-01-29-at-20.04.21.jpeg 2034w\" sizes=\"auto, (max-width: 298px) 100vw, 298px\" \/><\/a><figcaption id=\"caption-attachment-1885\" class=\"wp-caption-text\"><strong>Kompozicija 77 I<\/strong><br \/>Tehnika: Akril na platnu<br \/>Dimenzije: 100&#215;100 cm<br \/>Godina: 1977.<\/figcaption><\/figure>\n<p>\u00a0<\/p>\n<figure id=\"attachment_1884\" aria-describedby=\"caption-attachment-1884\" style=\"width: 300px\" class=\"wp-caption aligncenter\"><a href=\"https:\/\/galerijakaptol.hr\/wp-content\/uploads\/2024\/01\/WhatsApp-Image-2024-01-29-at-20.04.22.jpeg\"><img loading=\"lazy\" decoding=\"async\" class=\"size-medium wp-image-1884\" src=\"https:\/\/galerijakaptol.hr\/wp-content\/uploads\/2024\/01\/WhatsApp-Image-2024-01-29-at-20.04.22-300x300.jpeg\" alt=\"\" width=\"300\" height=\"300\" srcset=\"https:\/\/galerijakaptol.hr\/wp-content\/uploads\/2024\/01\/WhatsApp-Image-2024-01-29-at-20.04.22-300x300.jpeg 300w, https:\/\/galerijakaptol.hr\/wp-content\/uploads\/2024\/01\/WhatsApp-Image-2024-01-29-at-20.04.22-1022x1024.jpeg 1022w, https:\/\/galerijakaptol.hr\/wp-content\/uploads\/2024\/01\/WhatsApp-Image-2024-01-29-at-20.04.22-250x250.jpeg 250w, https:\/\/galerijakaptol.hr\/wp-content\/uploads\/2024\/01\/WhatsApp-Image-2024-01-29-at-20.04.22-768x770.jpeg 768w, https:\/\/galerijakaptol.hr\/wp-content\/uploads\/2024\/01\/WhatsApp-Image-2024-01-29-at-20.04.22-1533x1536.jpeg 1533w, https:\/\/galerijakaptol.hr\/wp-content\/uploads\/2024\/01\/WhatsApp-Image-2024-01-29-at-20.04.22-150x150.jpeg 150w, https:\/\/galerijakaptol.hr\/wp-content\/uploads\/2024\/01\/WhatsApp-Image-2024-01-29-at-20.04.22.jpeg 2044w\" sizes=\"auto, (max-width: 300px) 100vw, 300px\" \/><\/a><figcaption id=\"caption-attachment-1884\" class=\"wp-caption-text\"><strong>Kompozicija 77 II<\/strong><br \/>Tehnika: Akril na platnu<br \/>Dimenzije: 100&#215;100 cm<br \/>Godina: 1977.<\/figcaption><\/figure>\n\n\n<p><\/p>\n","protected":false},"excerpt":{"rendered":"<p>\u0160imunovi\u0107, Zlatko, hrvatski slikar i grafi\u010dar (Oto\u010dac, 14.&nbsp;XI.&nbsp;1936 \u2013 Zagreb, 31.&nbsp;XII.&nbsp;1995). Diplomirao 1962. na Akademiji likovnih umjetnosti u Zagrebu (M. Tartaglia); bio je suradnik Majstorske radionice K. Hegedu\u0161i\u0107a (1962\u201367). Prve kola\u017ee i pokretne objekte izra\u0111ivao u duhu racionalno-konstruktivisti\u010dkih ideja EXATA 51 i novih tendencija (Mobilna skulptura, 1975). Osnovne geometrijske oblike ili tijela razlagao je ili [&hellip;]<\/p>\n","protected":false},"author":1,"featured_media":1885,"comment_status":"closed","ping_status":"open","sticky":false,"template":"blank","format":"standard","meta":{"_jetpack_memberships_contains_paid_content":false,"footnotes":""},"categories":[1],"tags":[],"class_list":["post-1887","post","type-post","status-publish","format-standard","has-post-thumbnail","hentry","category-uncategorized"],"yoast_head":"<!-- This site is optimized with the Yoast SEO plugin v27.5 - https:\/\/yoast.com\/product\/yoast-seo-wordpress\/ -->\n<title>ZLATKO \u0160IMUNOVI\u0106 - Galerija umjetnina<\/title>\n<meta name=\"robots\" content=\"index, follow, max-snippet:-1, max-image-preview:large, max-video-preview:-1\" \/>\n<link rel=\"canonical\" href=\"https:\/\/galerijakaptol.hr\/index.php\/2024\/01\/31\/zlatko-simunovic\/\" \/>\n<meta property=\"og:locale\" content=\"hr_HR\" \/>\n<meta property=\"og:type\" content=\"article\" \/>\n<meta property=\"og:title\" content=\"ZLATKO \u0160IMUNOVI\u0106 - Galerija umjetnina\" \/>\n<meta property=\"og:description\" content=\"\u0160imunovi\u0107, Zlatko, hrvatski slikar i grafi\u010dar (Oto\u010dac, 14.&nbsp;XI.&nbsp;1936 \u2013 Zagreb, 31.&nbsp;XII.&nbsp;1995). Diplomirao 1962. na Akademiji likovnih umjetnosti u Zagrebu (M. Tartaglia); bio je suradnik Majstorske radionice K. Hegedu\u0161i\u0107a (1962\u201367). Prve kola\u017ee i pokretne objekte izra\u0111ivao u duhu racionalno-konstruktivisti\u010dkih ideja EXATA 51 i novih tendencija (Mobilna skulptura, 1975). Osnovne geometrijske oblike ili tijela razlagao je ili [&hellip;]\" \/>\n<meta property=\"og:url\" content=\"https:\/\/galerijakaptol.hr\/index.php\/2024\/01\/31\/zlatko-simunovic\/\" \/>\n<meta property=\"og:site_name\" content=\"Galerija umjetnina\" \/>\n<meta property=\"article:published_time\" content=\"2024-01-31T13:33:23+00:00\" \/>\n<meta property=\"article:modified_time\" content=\"2025-07-10T08:26:46+00:00\" \/>\n<meta property=\"og:image\" content=\"https:\/\/galerijakaptol.hr\/wp-content\/uploads\/2024\/01\/WhatsApp-Image-2024-01-29-at-20.04.21.jpeg\" \/>\n\t<meta property=\"og:image:width\" content=\"2034\" \/>\n\t<meta property=\"og:image:height\" content=\"2048\" \/>\n\t<meta property=\"og:image:type\" content=\"image\/jpeg\" \/>\n<meta name=\"author\" content=\"admin\" \/>\n<meta name=\"twitter:card\" content=\"summary_large_image\" \/>\n<meta name=\"twitter:label1\" content=\"Napisao\/la\" \/>\n\t<meta name=\"twitter:data1\" content=\"admin\" \/>\n\t<meta name=\"twitter:label2\" content=\"Procijenjeno vrijeme \u010ditanja\" \/>\n\t<meta name=\"twitter:data2\" content=\"2 minute\" \/>\n<script type=\"application\/ld+json\" class=\"yoast-schema-graph\">{\"@context\":\"https:\\\/\\\/schema.org\",\"@graph\":[{\"@type\":\"Article\",\"@id\":\"https:\\\/\\\/galerijakaptol.hr\\\/index.php\\\/2024\\\/01\\\/31\\\/zlatko-simunovic\\\/#article\",\"isPartOf\":{\"@id\":\"https:\\\/\\\/galerijakaptol.hr\\\/index.php\\\/2024\\\/01\\\/31\\\/zlatko-simunovic\\\/\"},\"author\":{\"name\":\"admin\",\"@id\":\"https:\\\/\\\/galerijakaptol.hr\\\/#\\\/schema\\\/person\\\/f3d1dc228981eca5894740a7ccd795df\"},\"headline\":\"ZLATKO \u0160IMUNOVI\u0106\",\"datePublished\":\"2024-01-31T13:33:23+00:00\",\"dateModified\":\"2025-07-10T08:26:46+00:00\",\"mainEntityOfPage\":{\"@id\":\"https:\\\/\\\/galerijakaptol.hr\\\/index.php\\\/2024\\\/01\\\/31\\\/zlatko-simunovic\\\/\"},\"wordCount\":121,\"publisher\":{\"@id\":\"https:\\\/\\\/galerijakaptol.hr\\\/#organization\"},\"image\":{\"@id\":\"https:\\\/\\\/galerijakaptol.hr\\\/index.php\\\/2024\\\/01\\\/31\\\/zlatko-simunovic\\\/#primaryimage\"},\"thumbnailUrl\":\"https:\\\/\\\/galerijakaptol.hr\\\/wp-content\\\/uploads\\\/2024\\\/01\\\/WhatsApp-Image-2024-01-29-at-20.04.21.jpeg\",\"articleSection\":[\"Blog\"],\"inLanguage\":\"hr\"},{\"@type\":\"WebPage\",\"@id\":\"https:\\\/\\\/galerijakaptol.hr\\\/index.php\\\/2024\\\/01\\\/31\\\/zlatko-simunovic\\\/\",\"url\":\"https:\\\/\\\/galerijakaptol.hr\\\/index.php\\\/2024\\\/01\\\/31\\\/zlatko-simunovic\\\/\",\"name\":\"ZLATKO \u0160IMUNOVI\u0106 - Galerija umjetnina\",\"isPartOf\":{\"@id\":\"https:\\\/\\\/galerijakaptol.hr\\\/#website\"},\"primaryImageOfPage\":{\"@id\":\"https:\\\/\\\/galerijakaptol.hr\\\/index.php\\\/2024\\\/01\\\/31\\\/zlatko-simunovic\\\/#primaryimage\"},\"image\":{\"@id\":\"https:\\\/\\\/galerijakaptol.hr\\\/index.php\\\/2024\\\/01\\\/31\\\/zlatko-simunovic\\\/#primaryimage\"},\"thumbnailUrl\":\"https:\\\/\\\/galerijakaptol.hr\\\/wp-content\\\/uploads\\\/2024\\\/01\\\/WhatsApp-Image-2024-01-29-at-20.04.21.jpeg\",\"datePublished\":\"2024-01-31T13:33:23+00:00\",\"dateModified\":\"2025-07-10T08:26:46+00:00\",\"breadcrumb\":{\"@id\":\"https:\\\/\\\/galerijakaptol.hr\\\/index.php\\\/2024\\\/01\\\/31\\\/zlatko-simunovic\\\/#breadcrumb\"},\"inLanguage\":\"hr\",\"potentialAction\":[{\"@type\":\"ReadAction\",\"target\":[\"https:\\\/\\\/galerijakaptol.hr\\\/index.php\\\/2024\\\/01\\\/31\\\/zlatko-simunovic\\\/\"]}]},{\"@type\":\"ImageObject\",\"inLanguage\":\"hr\",\"@id\":\"https:\\\/\\\/galerijakaptol.hr\\\/index.php\\\/2024\\\/01\\\/31\\\/zlatko-simunovic\\\/#primaryimage\",\"url\":\"https:\\\/\\\/galerijakaptol.hr\\\/wp-content\\\/uploads\\\/2024\\\/01\\\/WhatsApp-Image-2024-01-29-at-20.04.21.jpeg\",\"contentUrl\":\"https:\\\/\\\/galerijakaptol.hr\\\/wp-content\\\/uploads\\\/2024\\\/01\\\/WhatsApp-Image-2024-01-29-at-20.04.21.jpeg\",\"width\":2034,\"height\":2048,\"caption\":\"Kompozicija 77 I Tehnika: Akril na platnu Dimenzije: 100x100 cm Godina: 1977.\"},{\"@type\":\"BreadcrumbList\",\"@id\":\"https:\\\/\\\/galerijakaptol.hr\\\/index.php\\\/2024\\\/01\\\/31\\\/zlatko-simunovic\\\/#breadcrumb\",\"itemListElement\":[{\"@type\":\"ListItem\",\"position\":1,\"name\":\"Po\u010detna stranica\",\"item\":\"https:\\\/\\\/galerijakaptol.hr\\\/\"},{\"@type\":\"ListItem\",\"position\":2,\"name\":\"ZLATKO \u0160IMUNOVI\u0106\"}]},{\"@type\":\"WebSite\",\"@id\":\"https:\\\/\\\/galerijakaptol.hr\\\/#website\",\"url\":\"https:\\\/\\\/galerijakaptol.hr\\\/\",\"name\":\"Galerija umjetnina\",\"description\":\"\",\"publisher\":{\"@id\":\"https:\\\/\\\/galerijakaptol.hr\\\/#organization\"},\"potentialAction\":[{\"@type\":\"SearchAction\",\"target\":{\"@type\":\"EntryPoint\",\"urlTemplate\":\"https:\\\/\\\/galerijakaptol.hr\\\/?s={search_term_string}\"},\"query-input\":{\"@type\":\"PropertyValueSpecification\",\"valueRequired\":true,\"valueName\":\"search_term_string\"}}],\"inLanguage\":\"hr\"},{\"@type\":\"Organization\",\"@id\":\"https:\\\/\\\/galerijakaptol.hr\\\/#organization\",\"name\":\"Galerija umjetnina\",\"url\":\"https:\\\/\\\/galerijakaptol.hr\\\/\",\"logo\":{\"@type\":\"ImageObject\",\"inLanguage\":\"hr\",\"@id\":\"https:\\\/\\\/galerijakaptol.hr\\\/#\\\/schema\\\/logo\\\/image\\\/\",\"url\":\"https:\\\/\\\/galerijakaptol.hr\\\/wp-content\\\/uploads\\\/2023\\\/09\\\/logo-Kaptol-Galerija.png\",\"contentUrl\":\"https:\\\/\\\/galerijakaptol.hr\\\/wp-content\\\/uploads\\\/2023\\\/09\\\/logo-Kaptol-Galerija.png\",\"width\":342,\"height\":72,\"caption\":\"Galerija umjetnina\"},\"image\":{\"@id\":\"https:\\\/\\\/galerijakaptol.hr\\\/#\\\/schema\\\/logo\\\/image\\\/\"}},{\"@type\":\"Person\",\"@id\":\"https:\\\/\\\/galerijakaptol.hr\\\/#\\\/schema\\\/person\\\/f3d1dc228981eca5894740a7ccd795df\",\"name\":\"admin\",\"sameAs\":[\"https:\\\/\\\/galerijakaptol.hr\"],\"url\":\"https:\\\/\\\/galerijakaptol.hr\\\/index.php\\\/author\\\/admin_gk\\\/\"}]}<\/script>\n<!-- \/ Yoast SEO plugin. -->","yoast_head_json":{"title":"ZLATKO \u0160IMUNOVI\u0106 - Galerija umjetnina","robots":{"index":"index","follow":"follow","max-snippet":"max-snippet:-1","max-image-preview":"max-image-preview:large","max-video-preview":"max-video-preview:-1"},"canonical":"https:\/\/galerijakaptol.hr\/index.php\/2024\/01\/31\/zlatko-simunovic\/","og_locale":"hr_HR","og_type":"article","og_title":"ZLATKO \u0160IMUNOVI\u0106 - Galerija umjetnina","og_description":"\u0160imunovi\u0107, Zlatko, hrvatski slikar i grafi\u010dar (Oto\u010dac, 14.&nbsp;XI.&nbsp;1936 \u2013 Zagreb, 31.&nbsp;XII.&nbsp;1995). Diplomirao 1962. na Akademiji likovnih umjetnosti u Zagrebu (M. Tartaglia); bio je suradnik Majstorske radionice K. Hegedu\u0161i\u0107a (1962\u201367). Prve kola\u017ee i pokretne objekte izra\u0111ivao u duhu racionalno-konstruktivisti\u010dkih ideja EXATA 51 i novih tendencija (Mobilna skulptura, 1975). Osnovne geometrijske oblike ili tijela razlagao je ili [&hellip;]","og_url":"https:\/\/galerijakaptol.hr\/index.php\/2024\/01\/31\/zlatko-simunovic\/","og_site_name":"Galerija umjetnina","article_published_time":"2024-01-31T13:33:23+00:00","article_modified_time":"2025-07-10T08:26:46+00:00","og_image":[{"width":2034,"height":2048,"url":"https:\/\/galerijakaptol.hr\/wp-content\/uploads\/2024\/01\/WhatsApp-Image-2024-01-29-at-20.04.21.jpeg","type":"image\/jpeg"}],"author":"admin","twitter_card":"summary_large_image","twitter_misc":{"Napisao\/la":"admin","Procijenjeno vrijeme \u010ditanja":"2 minute"},"schema":{"@context":"https:\/\/schema.org","@graph":[{"@type":"Article","@id":"https:\/\/galerijakaptol.hr\/index.php\/2024\/01\/31\/zlatko-simunovic\/#article","isPartOf":{"@id":"https:\/\/galerijakaptol.hr\/index.php\/2024\/01\/31\/zlatko-simunovic\/"},"author":{"name":"admin","@id":"https:\/\/galerijakaptol.hr\/#\/schema\/person\/f3d1dc228981eca5894740a7ccd795df"},"headline":"ZLATKO \u0160IMUNOVI\u0106","datePublished":"2024-01-31T13:33:23+00:00","dateModified":"2025-07-10T08:26:46+00:00","mainEntityOfPage":{"@id":"https:\/\/galerijakaptol.hr\/index.php\/2024\/01\/31\/zlatko-simunovic\/"},"wordCount":121,"publisher":{"@id":"https:\/\/galerijakaptol.hr\/#organization"},"image":{"@id":"https:\/\/galerijakaptol.hr\/index.php\/2024\/01\/31\/zlatko-simunovic\/#primaryimage"},"thumbnailUrl":"https:\/\/galerijakaptol.hr\/wp-content\/uploads\/2024\/01\/WhatsApp-Image-2024-01-29-at-20.04.21.jpeg","articleSection":["Blog"],"inLanguage":"hr"},{"@type":"WebPage","@id":"https:\/\/galerijakaptol.hr\/index.php\/2024\/01\/31\/zlatko-simunovic\/","url":"https:\/\/galerijakaptol.hr\/index.php\/2024\/01\/31\/zlatko-simunovic\/","name":"ZLATKO \u0160IMUNOVI\u0106 - Galerija umjetnina","isPartOf":{"@id":"https:\/\/galerijakaptol.hr\/#website"},"primaryImageOfPage":{"@id":"https:\/\/galerijakaptol.hr\/index.php\/2024\/01\/31\/zlatko-simunovic\/#primaryimage"},"image":{"@id":"https:\/\/galerijakaptol.hr\/index.php\/2024\/01\/31\/zlatko-simunovic\/#primaryimage"},"thumbnailUrl":"https:\/\/galerijakaptol.hr\/wp-content\/uploads\/2024\/01\/WhatsApp-Image-2024-01-29-at-20.04.21.jpeg","datePublished":"2024-01-31T13:33:23+00:00","dateModified":"2025-07-10T08:26:46+00:00","breadcrumb":{"@id":"https:\/\/galerijakaptol.hr\/index.php\/2024\/01\/31\/zlatko-simunovic\/#breadcrumb"},"inLanguage":"hr","potentialAction":[{"@type":"ReadAction","target":["https:\/\/galerijakaptol.hr\/index.php\/2024\/01\/31\/zlatko-simunovic\/"]}]},{"@type":"ImageObject","inLanguage":"hr","@id":"https:\/\/galerijakaptol.hr\/index.php\/2024\/01\/31\/zlatko-simunovic\/#primaryimage","url":"https:\/\/galerijakaptol.hr\/wp-content\/uploads\/2024\/01\/WhatsApp-Image-2024-01-29-at-20.04.21.jpeg","contentUrl":"https:\/\/galerijakaptol.hr\/wp-content\/uploads\/2024\/01\/WhatsApp-Image-2024-01-29-at-20.04.21.jpeg","width":2034,"height":2048,"caption":"Kompozicija 77 I Tehnika: Akril na platnu Dimenzije: 100x100 cm Godina: 1977."},{"@type":"BreadcrumbList","@id":"https:\/\/galerijakaptol.hr\/index.php\/2024\/01\/31\/zlatko-simunovic\/#breadcrumb","itemListElement":[{"@type":"ListItem","position":1,"name":"Po\u010detna stranica","item":"https:\/\/galerijakaptol.hr\/"},{"@type":"ListItem","position":2,"name":"ZLATKO \u0160IMUNOVI\u0106"}]},{"@type":"WebSite","@id":"https:\/\/galerijakaptol.hr\/#website","url":"https:\/\/galerijakaptol.hr\/","name":"Galerija umjetnina","description":"","publisher":{"@id":"https:\/\/galerijakaptol.hr\/#organization"},"potentialAction":[{"@type":"SearchAction","target":{"@type":"EntryPoint","urlTemplate":"https:\/\/galerijakaptol.hr\/?s={search_term_string}"},"query-input":{"@type":"PropertyValueSpecification","valueRequired":true,"valueName":"search_term_string"}}],"inLanguage":"hr"},{"@type":"Organization","@id":"https:\/\/galerijakaptol.hr\/#organization","name":"Galerija umjetnina","url":"https:\/\/galerijakaptol.hr\/","logo":{"@type":"ImageObject","inLanguage":"hr","@id":"https:\/\/galerijakaptol.hr\/#\/schema\/logo\/image\/","url":"https:\/\/galerijakaptol.hr\/wp-content\/uploads\/2023\/09\/logo-Kaptol-Galerija.png","contentUrl":"https:\/\/galerijakaptol.hr\/wp-content\/uploads\/2023\/09\/logo-Kaptol-Galerija.png","width":342,"height":72,"caption":"Galerija umjetnina"},"image":{"@id":"https:\/\/galerijakaptol.hr\/#\/schema\/logo\/image\/"}},{"@type":"Person","@id":"https:\/\/galerijakaptol.hr\/#\/schema\/person\/f3d1dc228981eca5894740a7ccd795df","name":"admin","sameAs":["https:\/\/galerijakaptol.hr"],"url":"https:\/\/galerijakaptol.hr\/index.php\/author\/admin_gk\/"}]}},"jetpack_featured_media_url":"https:\/\/galerijakaptol.hr\/wp-content\/uploads\/2024\/01\/WhatsApp-Image-2024-01-29-at-20.04.21.jpeg","jetpack_sharing_enabled":true,"_links":{"self":[{"href":"https:\/\/galerijakaptol.hr\/index.php\/wp-json\/wp\/v2\/posts\/1887","targetHints":{"allow":["GET"]}}],"collection":[{"href":"https:\/\/galerijakaptol.hr\/index.php\/wp-json\/wp\/v2\/posts"}],"about":[{"href":"https:\/\/galerijakaptol.hr\/index.php\/wp-json\/wp\/v2\/types\/post"}],"author":[{"embeddable":true,"href":"https:\/\/galerijakaptol.hr\/index.php\/wp-json\/wp\/v2\/users\/1"}],"replies":[{"embeddable":true,"href":"https:\/\/galerijakaptol.hr\/index.php\/wp-json\/wp\/v2\/comments?post=1887"}],"version-history":[{"count":3,"href":"https:\/\/galerijakaptol.hr\/index.php\/wp-json\/wp\/v2\/posts\/1887\/revisions"}],"predecessor-version":[{"id":1913,"href":"https:\/\/galerijakaptol.hr\/index.php\/wp-json\/wp\/v2\/posts\/1887\/revisions\/1913"}],"wp:featuredmedia":[{"embeddable":true,"href":"https:\/\/galerijakaptol.hr\/index.php\/wp-json\/wp\/v2\/media\/1885"}],"wp:attachment":[{"href":"https:\/\/galerijakaptol.hr\/index.php\/wp-json\/wp\/v2\/media?parent=1887"}],"wp:term":[{"taxonomy":"category","embeddable":true,"href":"https:\/\/galerijakaptol.hr\/index.php\/wp-json\/wp\/v2\/categories?post=1887"},{"taxonomy":"post_tag","embeddable":true,"href":"https:\/\/galerijakaptol.hr\/index.php\/wp-json\/wp\/v2\/tags?post=1887"}],"curies":[{"name":"wp","href":"https:\/\/api.w.org\/{rel}","templated":true}]}}