{"id":190,"date":"2023-09-11T21:13:35","date_gmt":"2023-09-11T21:13:35","guid":{"rendered":"https:\/\/galerijakaptol.hr\/?p=190"},"modified":"2024-01-06T17:07:13","modified_gmt":"2024-01-06T17:07:13","slug":"antun-boris-svaljek","status":"publish","type":"post","link":"https:\/\/galerijakaptol.hr\/index.php\/2023\/09\/11\/antun-boris-svaljek\/","title":{"rendered":"ANTUN BORIS \u0160VALJEK"},"content":{"rendered":"<p>Antun Boris \u0160valjek (Zagreb 10.06.1951.)<br \/>\nPodrijetlom je iz Radoboja kod Krapine. Pu\u010dku \u0161kolu zavr\u0161io je u Petrinji, a gimnaziju u Vara\u017edinu, te ga ove \u010dinjenice \u017eivotno odre\u0111uju. Akademiju likovnih umjetnosti u Zagrebu upisuje 1969. Diplomirao je na slikarskom odjelu kod prof. \u0160ime Peri\u0107a 1974. Od 1974. do 1977. godine bio je suradnik Majstorske radionice prof. Krste Hegedu\u0161i\u0107a. Studijski je boravio u Kaliforniji 1979. godine. Dosad je izlagao na 100-ak samostalnih izlo\u017ebi u Zagrebu, Vara\u017edinu, Dortmundu, Cloppenburgu, Hvaru, \u010cakovcu, Los Angelesu, Karlovcu, Zadru, Krapini, Splitu, Petrinji, Starom Gradu, M\u00fcnchenu, Labinu, Rovinju, Pe\u010duhu, Osijeku, Puli, Mostaru. Izlagao je na vi\u0161e od 600 skupnih izlo\u017ebi u domovini i diljem svijeta. Dobitnik je nekoliko nagrada me\u0111u kojima su Prva nagrada 4. biennala akvarela \u201eJosip Ra\u010di\u0107\u201c za 1987. godinu. Dragovoljac je Domovinskog rata. Odlikovan je Redom Danice hrvatske s likom Marka Maruli\u0107a 1996. godine. Izvanredni je profesor na Likovnoj akademiji Mostarskog sveu\u010dili\u0161ta u \u0160irokom Brijegu.<\/p>\n<figure id=\"attachment_191\" aria-describedby=\"caption-attachment-191\" style=\"width: 300px\" class=\"wp-caption aligncenter\"><a href=\"https:\/\/galerijakaptol.hr\/wp-content\/uploads\/2023\/09\/Antun-Boris-Svaljek-DAS-SCHWERE-FLUGZEUG.jpg\"><img loading=\"lazy\" decoding=\"async\" class=\"size-medium wp-image-191\" src=\"https:\/\/galerijakaptol.hr\/wp-content\/uploads\/2023\/09\/Antun-Boris-Svaljek-DAS-SCHWERE-FLUGZEUG-300x201.jpg\" alt=\"\" width=\"300\" height=\"201\" srcset=\"https:\/\/galerijakaptol.hr\/wp-content\/uploads\/2023\/09\/Antun-Boris-Svaljek-DAS-SCHWERE-FLUGZEUG-300x201.jpg 300w, https:\/\/galerijakaptol.hr\/wp-content\/uploads\/2023\/09\/Antun-Boris-Svaljek-DAS-SCHWERE-FLUGZEUG.jpg 585w\" sizes=\"auto, (max-width: 300px) 100vw, 300px\" \/><\/a><figcaption id=\"caption-attachment-191\" class=\"wp-caption-text\"><strong>DAS SCHWERE FLUGZEUG<\/strong><br \/>Tehnika: ulje na platnu<br \/>Dimenzije: 80&#215;120 cm<br \/>Godina: 2016.<\/figcaption><\/figure>\n","protected":false},"excerpt":{"rendered":"<p>Antun Boris \u0160valjek (Zagreb 10.06.1951.) Podrijetlom je iz Radoboja kod Krapine. Pu\u010dku \u0161kolu zavr\u0161io je u Petrinji, a gimnaziju u Vara\u017edinu, te ga ove \u010dinjenice \u017eivotno odre\u0111uju. Akademiju likovnih umjetnosti u Zagrebu upisuje 1969. Diplomirao je na slikarskom odjelu kod prof. \u0160ime Peri\u0107a 1974. Od 1974. do 1977. godine bio je suradnik Majstorske radionice prof. [&hellip;]<\/p>\n","protected":false},"author":1,"featured_media":191,"comment_status":"closed","ping_status":"open","sticky":false,"template":"blank","format":"standard","meta":{"_jetpack_memberships_contains_paid_content":false,"footnotes":""},"categories":[1],"tags":[],"class_list":["post-190","post","type-post","status-publish","format-standard","has-post-thumbnail","hentry","category-uncategorized"],"yoast_head":"<!-- This site is optimized with the Yoast SEO plugin v27.5 - https:\/\/yoast.com\/product\/yoast-seo-wordpress\/ -->\n<title>ANTUN BORIS \u0160VALJEK - Galerija umjetnina<\/title>\n<meta name=\"description\" content=\"Antun Boris \u0160valjek (Zagreb 10.06.1951.)Podrijetlom je iz Radoboja kod Krapine. Pu\u010dku \u0161kolu zavr\u0161io je u Petrinji, a gimnaziju u Vara\u017edinu, te ga ove \u010dinjenice \u017eivotno odre\u0111uju. Akademiju likovnih umjetnosti u Zagrebu upisuje 1969. Diplomirao je na slikarskom odjelu kod prof. \u0160ime Peri\u0107a 1974. Od 1974. do 1977. godine bio je suradnik Majstorske radionice prof. Krste Hegedu\u0161i\u0107a. Studijski je boravio u Kaliforniji 1979. godine. Dosad je izlagao na 100-ak samostalnih izlo\u017ebi u Zagrebu, Vara\u017edinu, Dortmundu, Cloppenburgu, Hvaru, \u010cakovcu, Los Angelesu, Karlovcu, Zadru, Krapini, Splitu, Petrinji, Starom Gradu, M\u00fcnchenu, Labinu, Rovinju, Pe\u010duhu, Osijeku, Puli, Mostaru. Izlagao je na vi\u0161e od 600 skupnih izlo\u017ebi u domovini i diljem svijeta. Dobitnik je nekoliko nagrada me\u0111u kojima su Prva nagrada 4. biennala akvarela \u201eJosip Ra\u010di\u0107\u201c za 1987. godinu. Dragovoljac je Domovinskog rata. Odlikovan je Redom Danice hrvatske s likom Marka Maruli\u0107a 1996. godine. Izvanredni je profesor na Likovnoj akademiji Mostarskog sveu\u010dili\u0161ta u \u0160irokom Brijegu.\" \/>\n<meta name=\"robots\" content=\"index, follow, max-snippet:-1, max-image-preview:large, max-video-preview:-1\" \/>\n<link rel=\"canonical\" href=\"https:\/\/galerijakaptol.hr\/index.php\/2023\/09\/11\/antun-boris-svaljek\/\" \/>\n<meta property=\"og:locale\" content=\"hr_HR\" \/>\n<meta property=\"og:type\" content=\"article\" \/>\n<meta property=\"og:title\" content=\"ANTUN BORIS \u0160VALJEK - Galerija umjetnina\" \/>\n<meta property=\"og:description\" content=\"Antun Boris \u0160valjek (Zagreb 10.06.1951.)Podrijetlom je iz Radoboja kod Krapine. Pu\u010dku \u0161kolu zavr\u0161io je u Petrinji, a gimnaziju u Vara\u017edinu, te ga ove \u010dinjenice \u017eivotno odre\u0111uju. Akademiju likovnih umjetnosti u Zagrebu upisuje 1969. Diplomirao je na slikarskom odjelu kod prof. \u0160ime Peri\u0107a 1974. Od 1974. do 1977. godine bio je suradnik Majstorske radionice prof. Krste Hegedu\u0161i\u0107a. Studijski je boravio u Kaliforniji 1979. godine. Dosad je izlagao na 100-ak samostalnih izlo\u017ebi u Zagrebu, Vara\u017edinu, Dortmundu, Cloppenburgu, Hvaru, \u010cakovcu, Los Angelesu, Karlovcu, Zadru, Krapini, Splitu, Petrinji, Starom Gradu, M\u00fcnchenu, Labinu, Rovinju, Pe\u010duhu, Osijeku, Puli, Mostaru. Izlagao je na vi\u0161e od 600 skupnih izlo\u017ebi u domovini i diljem svijeta. Dobitnik je nekoliko nagrada me\u0111u kojima su Prva nagrada 4. biennala akvarela \u201eJosip Ra\u010di\u0107\u201c za 1987. godinu. Dragovoljac je Domovinskog rata. Odlikovan je Redom Danice hrvatske s likom Marka Maruli\u0107a 1996. godine. Izvanredni je profesor na Likovnoj akademiji Mostarskog sveu\u010dili\u0161ta u \u0160irokom Brijegu.\" \/>\n<meta property=\"og:url\" content=\"https:\/\/galerijakaptol.hr\/index.php\/2023\/09\/11\/antun-boris-svaljek\/\" \/>\n<meta property=\"og:site_name\" content=\"Galerija umjetnina\" \/>\n<meta property=\"article:published_time\" content=\"2023-09-11T21:13:35+00:00\" \/>\n<meta property=\"article:modified_time\" content=\"2024-01-06T17:07:13+00:00\" \/>\n<meta property=\"og:image\" content=\"https:\/\/galerijakaptol.hr\/wp-content\/uploads\/2023\/09\/Antun-Boris-Svaljek-DAS-SCHWERE-FLUGZEUG.jpg\" \/>\n\t<meta property=\"og:image:width\" content=\"585\" \/>\n\t<meta property=\"og:image:height\" content=\"392\" \/>\n\t<meta property=\"og:image:type\" content=\"image\/jpeg\" \/>\n<meta name=\"author\" content=\"admin\" \/>\n<meta name=\"twitter:card\" content=\"summary_large_image\" \/>\n<meta name=\"twitter:label1\" content=\"Napisao\/la\" \/>\n\t<meta name=\"twitter:data1\" content=\"admin\" \/>\n\t<meta name=\"twitter:label2\" content=\"Procijenjeno vrijeme \u010ditanja\" \/>\n\t<meta name=\"twitter:data2\" content=\"2 minute\" \/>\n<script type=\"application\/ld+json\" class=\"yoast-schema-graph\">{\"@context\":\"https:\\\/\\\/schema.org\",\"@graph\":[{\"@type\":\"Article\",\"@id\":\"https:\\\/\\\/galerijakaptol.hr\\\/index.php\\\/2023\\\/09\\\/11\\\/antun-boris-svaljek\\\/#article\",\"isPartOf\":{\"@id\":\"https:\\\/\\\/galerijakaptol.hr\\\/index.php\\\/2023\\\/09\\\/11\\\/antun-boris-svaljek\\\/\"},\"author\":{\"name\":\"admin\",\"@id\":\"https:\\\/\\\/galerijakaptol.hr\\\/#\\\/schema\\\/person\\\/f3d1dc228981eca5894740a7ccd795df\"},\"headline\":\"ANTUN BORIS \u0160VALJEK\",\"datePublished\":\"2023-09-11T21:13:35+00:00\",\"dateModified\":\"2024-01-06T17:07:13+00:00\",\"mainEntityOfPage\":{\"@id\":\"https:\\\/\\\/galerijakaptol.hr\\\/index.php\\\/2023\\\/09\\\/11\\\/antun-boris-svaljek\\\/\"},\"wordCount\":177,\"publisher\":{\"@id\":\"https:\\\/\\\/galerijakaptol.hr\\\/#organization\"},\"image\":{\"@id\":\"https:\\\/\\\/galerijakaptol.hr\\\/index.php\\\/2023\\\/09\\\/11\\\/antun-boris-svaljek\\\/#primaryimage\"},\"thumbnailUrl\":\"https:\\\/\\\/galerijakaptol.hr\\\/wp-content\\\/uploads\\\/2023\\\/09\\\/Antun-Boris-Svaljek-DAS-SCHWERE-FLUGZEUG.jpg\",\"articleSection\":[\"Blog\"],\"inLanguage\":\"hr\"},{\"@type\":\"WebPage\",\"@id\":\"https:\\\/\\\/galerijakaptol.hr\\\/index.php\\\/2023\\\/09\\\/11\\\/antun-boris-svaljek\\\/\",\"url\":\"https:\\\/\\\/galerijakaptol.hr\\\/index.php\\\/2023\\\/09\\\/11\\\/antun-boris-svaljek\\\/\",\"name\":\"ANTUN BORIS \u0160VALJEK - Galerija umjetnina\",\"isPartOf\":{\"@id\":\"https:\\\/\\\/galerijakaptol.hr\\\/#website\"},\"primaryImageOfPage\":{\"@id\":\"https:\\\/\\\/galerijakaptol.hr\\\/index.php\\\/2023\\\/09\\\/11\\\/antun-boris-svaljek\\\/#primaryimage\"},\"image\":{\"@id\":\"https:\\\/\\\/galerijakaptol.hr\\\/index.php\\\/2023\\\/09\\\/11\\\/antun-boris-svaljek\\\/#primaryimage\"},\"thumbnailUrl\":\"https:\\\/\\\/galerijakaptol.hr\\\/wp-content\\\/uploads\\\/2023\\\/09\\\/Antun-Boris-Svaljek-DAS-SCHWERE-FLUGZEUG.jpg\",\"datePublished\":\"2023-09-11T21:13:35+00:00\",\"dateModified\":\"2024-01-06T17:07:13+00:00\",\"description\":\"Antun Boris \u0160valjek (Zagreb 10.06.1951.)Podrijetlom je iz Radoboja kod Krapine. Pu\u010dku \u0161kolu zavr\u0161io je u Petrinji, a gimnaziju u Vara\u017edinu, te ga ove \u010dinjenice \u017eivotno odre\u0111uju. Akademiju likovnih umjetnosti u Zagrebu upisuje 1969. Diplomirao je na slikarskom odjelu kod prof. \u0160ime Peri\u0107a 1974. Od 1974. do 1977. godine bio je suradnik Majstorske radionice prof. Krste Hegedu\u0161i\u0107a. Studijski je boravio u Kaliforniji 1979. godine. Dosad je izlagao na 100-ak samostalnih izlo\u017ebi u Zagrebu, Vara\u017edinu, Dortmundu, Cloppenburgu, Hvaru, \u010cakovcu, Los Angelesu, Karlovcu, Zadru, Krapini, Splitu, Petrinji, Starom Gradu, M\u00fcnchenu, Labinu, Rovinju, Pe\u010duhu, Osijeku, Puli, Mostaru. Izlagao je na vi\u0161e od 600 skupnih izlo\u017ebi u domovini i diljem svijeta. Dobitnik je nekoliko nagrada me\u0111u kojima su Prva nagrada 4. biennala akvarela \u201eJosip Ra\u010di\u0107\u201c za 1987. godinu. Dragovoljac je Domovinskog rata. Odlikovan je Redom Danice hrvatske s likom Marka Maruli\u0107a 1996. godine. Izvanredni je profesor na Likovnoj akademiji Mostarskog sveu\u010dili\u0161ta u \u0160irokom Brijegu.\",\"breadcrumb\":{\"@id\":\"https:\\\/\\\/galerijakaptol.hr\\\/index.php\\\/2023\\\/09\\\/11\\\/antun-boris-svaljek\\\/#breadcrumb\"},\"inLanguage\":\"hr\",\"potentialAction\":[{\"@type\":\"ReadAction\",\"target\":[\"https:\\\/\\\/galerijakaptol.hr\\\/index.php\\\/2023\\\/09\\\/11\\\/antun-boris-svaljek\\\/\"]}]},{\"@type\":\"ImageObject\",\"inLanguage\":\"hr\",\"@id\":\"https:\\\/\\\/galerijakaptol.hr\\\/index.php\\\/2023\\\/09\\\/11\\\/antun-boris-svaljek\\\/#primaryimage\",\"url\":\"https:\\\/\\\/galerijakaptol.hr\\\/wp-content\\\/uploads\\\/2023\\\/09\\\/Antun-Boris-Svaljek-DAS-SCHWERE-FLUGZEUG.jpg\",\"contentUrl\":\"https:\\\/\\\/galerijakaptol.hr\\\/wp-content\\\/uploads\\\/2023\\\/09\\\/Antun-Boris-Svaljek-DAS-SCHWERE-FLUGZEUG.jpg\",\"width\":585,\"height\":392,\"caption\":\"DAS SCHWERE FLUGZEUG Tehnika: ulje na platnu Dimenzije: 80x120 cm Godina: 2016.\"},{\"@type\":\"BreadcrumbList\",\"@id\":\"https:\\\/\\\/galerijakaptol.hr\\\/index.php\\\/2023\\\/09\\\/11\\\/antun-boris-svaljek\\\/#breadcrumb\",\"itemListElement\":[{\"@type\":\"ListItem\",\"position\":1,\"name\":\"Po\u010detna stranica\",\"item\":\"https:\\\/\\\/galerijakaptol.hr\\\/\"},{\"@type\":\"ListItem\",\"position\":2,\"name\":\"ANTUN BORIS \u0160VALJEK\"}]},{\"@type\":\"WebSite\",\"@id\":\"https:\\\/\\\/galerijakaptol.hr\\\/#website\",\"url\":\"https:\\\/\\\/galerijakaptol.hr\\\/\",\"name\":\"Galerija umjetnina\",\"description\":\"\",\"publisher\":{\"@id\":\"https:\\\/\\\/galerijakaptol.hr\\\/#organization\"},\"potentialAction\":[{\"@type\":\"SearchAction\",\"target\":{\"@type\":\"EntryPoint\",\"urlTemplate\":\"https:\\\/\\\/galerijakaptol.hr\\\/?s={search_term_string}\"},\"query-input\":{\"@type\":\"PropertyValueSpecification\",\"valueRequired\":true,\"valueName\":\"search_term_string\"}}],\"inLanguage\":\"hr\"},{\"@type\":\"Organization\",\"@id\":\"https:\\\/\\\/galerijakaptol.hr\\\/#organization\",\"name\":\"Galerija umjetnina\",\"url\":\"https:\\\/\\\/galerijakaptol.hr\\\/\",\"logo\":{\"@type\":\"ImageObject\",\"inLanguage\":\"hr\",\"@id\":\"https:\\\/\\\/galerijakaptol.hr\\\/#\\\/schema\\\/logo\\\/image\\\/\",\"url\":\"https:\\\/\\\/galerijakaptol.hr\\\/wp-content\\\/uploads\\\/2023\\\/09\\\/logo-Kaptol-Galerija.png\",\"contentUrl\":\"https:\\\/\\\/galerijakaptol.hr\\\/wp-content\\\/uploads\\\/2023\\\/09\\\/logo-Kaptol-Galerija.png\",\"width\":342,\"height\":72,\"caption\":\"Galerija umjetnina\"},\"image\":{\"@id\":\"https:\\\/\\\/galerijakaptol.hr\\\/#\\\/schema\\\/logo\\\/image\\\/\"}},{\"@type\":\"Person\",\"@id\":\"https:\\\/\\\/galerijakaptol.hr\\\/#\\\/schema\\\/person\\\/f3d1dc228981eca5894740a7ccd795df\",\"name\":\"admin\",\"sameAs\":[\"https:\\\/\\\/galerijakaptol.hr\"],\"url\":\"https:\\\/\\\/galerijakaptol.hr\\\/index.php\\\/author\\\/admin_gk\\\/\"}]}<\/script>\n<!-- \/ Yoast SEO plugin. -->","yoast_head_json":{"title":"ANTUN BORIS \u0160VALJEK - Galerija umjetnina","description":"Antun Boris \u0160valjek (Zagreb 10.06.1951.)Podrijetlom je iz Radoboja kod Krapine. Pu\u010dku \u0161kolu zavr\u0161io je u Petrinji, a gimnaziju u Vara\u017edinu, te ga ove \u010dinjenice \u017eivotno odre\u0111uju. Akademiju likovnih umjetnosti u Zagrebu upisuje 1969. Diplomirao je na slikarskom odjelu kod prof. \u0160ime Peri\u0107a 1974. Od 1974. do 1977. godine bio je suradnik Majstorske radionice prof. Krste Hegedu\u0161i\u0107a. Studijski je boravio u Kaliforniji 1979. godine. Dosad je izlagao na 100-ak samostalnih izlo\u017ebi u Zagrebu, Vara\u017edinu, Dortmundu, Cloppenburgu, Hvaru, \u010cakovcu, Los Angelesu, Karlovcu, Zadru, Krapini, Splitu, Petrinji, Starom Gradu, M\u00fcnchenu, Labinu, Rovinju, Pe\u010duhu, Osijeku, Puli, Mostaru. Izlagao je na vi\u0161e od 600 skupnih izlo\u017ebi u domovini i diljem svijeta. Dobitnik je nekoliko nagrada me\u0111u kojima su Prva nagrada 4. biennala akvarela \u201eJosip Ra\u010di\u0107\u201c za 1987. godinu. Dragovoljac je Domovinskog rata. Odlikovan je Redom Danice hrvatske s likom Marka Maruli\u0107a 1996. godine. Izvanredni je profesor na Likovnoj akademiji Mostarskog sveu\u010dili\u0161ta u \u0160irokom Brijegu.","robots":{"index":"index","follow":"follow","max-snippet":"max-snippet:-1","max-image-preview":"max-image-preview:large","max-video-preview":"max-video-preview:-1"},"canonical":"https:\/\/galerijakaptol.hr\/index.php\/2023\/09\/11\/antun-boris-svaljek\/","og_locale":"hr_HR","og_type":"article","og_title":"ANTUN BORIS \u0160VALJEK - Galerija umjetnina","og_description":"Antun Boris \u0160valjek (Zagreb 10.06.1951.)Podrijetlom je iz Radoboja kod Krapine. Pu\u010dku \u0161kolu zavr\u0161io je u Petrinji, a gimnaziju u Vara\u017edinu, te ga ove \u010dinjenice \u017eivotno odre\u0111uju. Akademiju likovnih umjetnosti u Zagrebu upisuje 1969. Diplomirao je na slikarskom odjelu kod prof. \u0160ime Peri\u0107a 1974. Od 1974. do 1977. godine bio je suradnik Majstorske radionice prof. Krste Hegedu\u0161i\u0107a. Studijski je boravio u Kaliforniji 1979. godine. Dosad je izlagao na 100-ak samostalnih izlo\u017ebi u Zagrebu, Vara\u017edinu, Dortmundu, Cloppenburgu, Hvaru, \u010cakovcu, Los Angelesu, Karlovcu, Zadru, Krapini, Splitu, Petrinji, Starom Gradu, M\u00fcnchenu, Labinu, Rovinju, Pe\u010duhu, Osijeku, Puli, Mostaru. Izlagao je na vi\u0161e od 600 skupnih izlo\u017ebi u domovini i diljem svijeta. Dobitnik je nekoliko nagrada me\u0111u kojima su Prva nagrada 4. biennala akvarela \u201eJosip Ra\u010di\u0107\u201c za 1987. godinu. Dragovoljac je Domovinskog rata. Odlikovan je Redom Danice hrvatske s likom Marka Maruli\u0107a 1996. godine. Izvanredni je profesor na Likovnoj akademiji Mostarskog sveu\u010dili\u0161ta u \u0160irokom Brijegu.","og_url":"https:\/\/galerijakaptol.hr\/index.php\/2023\/09\/11\/antun-boris-svaljek\/","og_site_name":"Galerija umjetnina","article_published_time":"2023-09-11T21:13:35+00:00","article_modified_time":"2024-01-06T17:07:13+00:00","og_image":[{"width":585,"height":392,"url":"https:\/\/galerijakaptol.hr\/wp-content\/uploads\/2023\/09\/Antun-Boris-Svaljek-DAS-SCHWERE-FLUGZEUG.jpg","type":"image\/jpeg"}],"author":"admin","twitter_card":"summary_large_image","twitter_misc":{"Napisao\/la":"admin","Procijenjeno vrijeme \u010ditanja":"2 minute"},"schema":{"@context":"https:\/\/schema.org","@graph":[{"@type":"Article","@id":"https:\/\/galerijakaptol.hr\/index.php\/2023\/09\/11\/antun-boris-svaljek\/#article","isPartOf":{"@id":"https:\/\/galerijakaptol.hr\/index.php\/2023\/09\/11\/antun-boris-svaljek\/"},"author":{"name":"admin","@id":"https:\/\/galerijakaptol.hr\/#\/schema\/person\/f3d1dc228981eca5894740a7ccd795df"},"headline":"ANTUN BORIS \u0160VALJEK","datePublished":"2023-09-11T21:13:35+00:00","dateModified":"2024-01-06T17:07:13+00:00","mainEntityOfPage":{"@id":"https:\/\/galerijakaptol.hr\/index.php\/2023\/09\/11\/antun-boris-svaljek\/"},"wordCount":177,"publisher":{"@id":"https:\/\/galerijakaptol.hr\/#organization"},"image":{"@id":"https:\/\/galerijakaptol.hr\/index.php\/2023\/09\/11\/antun-boris-svaljek\/#primaryimage"},"thumbnailUrl":"https:\/\/galerijakaptol.hr\/wp-content\/uploads\/2023\/09\/Antun-Boris-Svaljek-DAS-SCHWERE-FLUGZEUG.jpg","articleSection":["Blog"],"inLanguage":"hr"},{"@type":"WebPage","@id":"https:\/\/galerijakaptol.hr\/index.php\/2023\/09\/11\/antun-boris-svaljek\/","url":"https:\/\/galerijakaptol.hr\/index.php\/2023\/09\/11\/antun-boris-svaljek\/","name":"ANTUN BORIS \u0160VALJEK - Galerija umjetnina","isPartOf":{"@id":"https:\/\/galerijakaptol.hr\/#website"},"primaryImageOfPage":{"@id":"https:\/\/galerijakaptol.hr\/index.php\/2023\/09\/11\/antun-boris-svaljek\/#primaryimage"},"image":{"@id":"https:\/\/galerijakaptol.hr\/index.php\/2023\/09\/11\/antun-boris-svaljek\/#primaryimage"},"thumbnailUrl":"https:\/\/galerijakaptol.hr\/wp-content\/uploads\/2023\/09\/Antun-Boris-Svaljek-DAS-SCHWERE-FLUGZEUG.jpg","datePublished":"2023-09-11T21:13:35+00:00","dateModified":"2024-01-06T17:07:13+00:00","description":"Antun Boris \u0160valjek (Zagreb 10.06.1951.)Podrijetlom je iz Radoboja kod Krapine. Pu\u010dku \u0161kolu zavr\u0161io je u Petrinji, a gimnaziju u Vara\u017edinu, te ga ove \u010dinjenice \u017eivotno odre\u0111uju. Akademiju likovnih umjetnosti u Zagrebu upisuje 1969. Diplomirao je na slikarskom odjelu kod prof. \u0160ime Peri\u0107a 1974. Od 1974. do 1977. godine bio je suradnik Majstorske radionice prof. Krste Hegedu\u0161i\u0107a. Studijski je boravio u Kaliforniji 1979. godine. Dosad je izlagao na 100-ak samostalnih izlo\u017ebi u Zagrebu, Vara\u017edinu, Dortmundu, Cloppenburgu, Hvaru, \u010cakovcu, Los Angelesu, Karlovcu, Zadru, Krapini, Splitu, Petrinji, Starom Gradu, M\u00fcnchenu, Labinu, Rovinju, Pe\u010duhu, Osijeku, Puli, Mostaru. Izlagao je na vi\u0161e od 600 skupnih izlo\u017ebi u domovini i diljem svijeta. Dobitnik je nekoliko nagrada me\u0111u kojima su Prva nagrada 4. biennala akvarela \u201eJosip Ra\u010di\u0107\u201c za 1987. godinu. Dragovoljac je Domovinskog rata. Odlikovan je Redom Danice hrvatske s likom Marka Maruli\u0107a 1996. godine. Izvanredni je profesor na Likovnoj akademiji Mostarskog sveu\u010dili\u0161ta u \u0160irokom Brijegu.","breadcrumb":{"@id":"https:\/\/galerijakaptol.hr\/index.php\/2023\/09\/11\/antun-boris-svaljek\/#breadcrumb"},"inLanguage":"hr","potentialAction":[{"@type":"ReadAction","target":["https:\/\/galerijakaptol.hr\/index.php\/2023\/09\/11\/antun-boris-svaljek\/"]}]},{"@type":"ImageObject","inLanguage":"hr","@id":"https:\/\/galerijakaptol.hr\/index.php\/2023\/09\/11\/antun-boris-svaljek\/#primaryimage","url":"https:\/\/galerijakaptol.hr\/wp-content\/uploads\/2023\/09\/Antun-Boris-Svaljek-DAS-SCHWERE-FLUGZEUG.jpg","contentUrl":"https:\/\/galerijakaptol.hr\/wp-content\/uploads\/2023\/09\/Antun-Boris-Svaljek-DAS-SCHWERE-FLUGZEUG.jpg","width":585,"height":392,"caption":"DAS SCHWERE FLUGZEUG Tehnika: ulje na platnu Dimenzije: 80x120 cm Godina: 2016."},{"@type":"BreadcrumbList","@id":"https:\/\/galerijakaptol.hr\/index.php\/2023\/09\/11\/antun-boris-svaljek\/#breadcrumb","itemListElement":[{"@type":"ListItem","position":1,"name":"Po\u010detna stranica","item":"https:\/\/galerijakaptol.hr\/"},{"@type":"ListItem","position":2,"name":"ANTUN BORIS \u0160VALJEK"}]},{"@type":"WebSite","@id":"https:\/\/galerijakaptol.hr\/#website","url":"https:\/\/galerijakaptol.hr\/","name":"Galerija umjetnina","description":"","publisher":{"@id":"https:\/\/galerijakaptol.hr\/#organization"},"potentialAction":[{"@type":"SearchAction","target":{"@type":"EntryPoint","urlTemplate":"https:\/\/galerijakaptol.hr\/?s={search_term_string}"},"query-input":{"@type":"PropertyValueSpecification","valueRequired":true,"valueName":"search_term_string"}}],"inLanguage":"hr"},{"@type":"Organization","@id":"https:\/\/galerijakaptol.hr\/#organization","name":"Galerija umjetnina","url":"https:\/\/galerijakaptol.hr\/","logo":{"@type":"ImageObject","inLanguage":"hr","@id":"https:\/\/galerijakaptol.hr\/#\/schema\/logo\/image\/","url":"https:\/\/galerijakaptol.hr\/wp-content\/uploads\/2023\/09\/logo-Kaptol-Galerija.png","contentUrl":"https:\/\/galerijakaptol.hr\/wp-content\/uploads\/2023\/09\/logo-Kaptol-Galerija.png","width":342,"height":72,"caption":"Galerija umjetnina"},"image":{"@id":"https:\/\/galerijakaptol.hr\/#\/schema\/logo\/image\/"}},{"@type":"Person","@id":"https:\/\/galerijakaptol.hr\/#\/schema\/person\/f3d1dc228981eca5894740a7ccd795df","name":"admin","sameAs":["https:\/\/galerijakaptol.hr"],"url":"https:\/\/galerijakaptol.hr\/index.php\/author\/admin_gk\/"}]}},"jetpack_featured_media_url":"https:\/\/galerijakaptol.hr\/wp-content\/uploads\/2023\/09\/Antun-Boris-Svaljek-DAS-SCHWERE-FLUGZEUG.jpg","jetpack_sharing_enabled":true,"_links":{"self":[{"href":"https:\/\/galerijakaptol.hr\/index.php\/wp-json\/wp\/v2\/posts\/190","targetHints":{"allow":["GET"]}}],"collection":[{"href":"https:\/\/galerijakaptol.hr\/index.php\/wp-json\/wp\/v2\/posts"}],"about":[{"href":"https:\/\/galerijakaptol.hr\/index.php\/wp-json\/wp\/v2\/types\/post"}],"author":[{"embeddable":true,"href":"https:\/\/galerijakaptol.hr\/index.php\/wp-json\/wp\/v2\/users\/1"}],"replies":[{"embeddable":true,"href":"https:\/\/galerijakaptol.hr\/index.php\/wp-json\/wp\/v2\/comments?post=190"}],"version-history":[{"count":3,"href":"https:\/\/galerijakaptol.hr\/index.php\/wp-json\/wp\/v2\/posts\/190\/revisions"}],"predecessor-version":[{"id":1244,"href":"https:\/\/galerijakaptol.hr\/index.php\/wp-json\/wp\/v2\/posts\/190\/revisions\/1244"}],"wp:featuredmedia":[{"embeddable":true,"href":"https:\/\/galerijakaptol.hr\/index.php\/wp-json\/wp\/v2\/media\/191"}],"wp:attachment":[{"href":"https:\/\/galerijakaptol.hr\/index.php\/wp-json\/wp\/v2\/media?parent=190"}],"wp:term":[{"taxonomy":"category","embeddable":true,"href":"https:\/\/galerijakaptol.hr\/index.php\/wp-json\/wp\/v2\/categories?post=190"},{"taxonomy":"post_tag","embeddable":true,"href":"https:\/\/galerijakaptol.hr\/index.php\/wp-json\/wp\/v2\/tags?post=190"}],"curies":[{"name":"wp","href":"https:\/\/api.w.org\/{rel}","templated":true}]}}