{"id":256,"date":"2023-09-12T18:05:39","date_gmt":"2023-09-12T18:05:39","guid":{"rendered":"https:\/\/galerijakaptol.hr\/?p=256"},"modified":"2023-10-05T09:04:41","modified_gmt":"2023-10-05T09:04:41","slug":"dario-orioli","status":"publish","type":"post","link":"https:\/\/galerijakaptol.hr\/index.php\/2023\/09\/12\/dario-orioli\/","title":{"rendered":"DARIO ORIOLI"},"content":{"rendered":"<p>DARIO ORIOLI (Ravena 12.12.1952.)<br \/>\nTrenutno \u017eivi u Zagrebu gdje je 1980-te zavr\u0161io Akademiju likovnih umjetnosti u klasi prof. Raoul Goldonija. Bio je suradnik Majstorske radionice u klasi prof. Ljube Ivan\u010di\u0107a i prof. Nikole Reisera. Izlagao je na niz samostalnih i niz kolektivnih izlo\u017ebi , bio je sudionik vi\u0161e likovnih kolonija, dobitnik vi\u0161e priznanja, plaketa i nagrada za muziku i slikarstvo.<\/p>\n<figure id=\"attachment_258\" aria-describedby=\"caption-attachment-258\" style=\"width: 300px\" class=\"wp-caption aligncenter\"><a href=\"https:\/\/galerijakaptol.hr\/wp-content\/uploads\/2023\/09\/DARIO-ORIOLI-Novi-Zagreb.jpg\"><img loading=\"lazy\" decoding=\"async\" class=\"size-medium wp-image-258\" src=\"https:\/\/galerijakaptol.hr\/wp-content\/uploads\/2023\/09\/DARIO-ORIOLI-Novi-Zagreb-300x268.jpg\" alt=\"\" width=\"300\" height=\"268\" srcset=\"https:\/\/galerijakaptol.hr\/wp-content\/uploads\/2023\/09\/DARIO-ORIOLI-Novi-Zagreb-300x268.jpg 300w, https:\/\/galerijakaptol.hr\/wp-content\/uploads\/2023\/09\/DARIO-ORIOLI-Novi-Zagreb.jpg 382w\" sizes=\"auto, (max-width: 300px) 100vw, 300px\" \/><\/a><figcaption id=\"caption-attachment-258\" class=\"wp-caption-text\"><strong>Novi Zagreb<\/strong><br \/>Tehnika: gva\u0161<br \/>Dimenzije: 28&#215;32 cm<br \/>Godina: 1995.<\/figcaption><\/figure>\n<figure id=\"attachment_257\" aria-describedby=\"caption-attachment-257\" style=\"width: 300px\" class=\"wp-caption aligncenter\"><a href=\"https:\/\/galerijakaptol.hr\/wp-content\/uploads\/2023\/09\/DARIO-ORIOLI-Kazalisna-kavana.jpg\"><img loading=\"lazy\" decoding=\"async\" class=\"size-medium wp-image-257\" src=\"https:\/\/galerijakaptol.hr\/wp-content\/uploads\/2023\/09\/DARIO-ORIOLI-Kazalisna-kavana-300x209.jpg\" alt=\"\" width=\"300\" height=\"209\" srcset=\"https:\/\/galerijakaptol.hr\/wp-content\/uploads\/2023\/09\/DARIO-ORIOLI-Kazalisna-kavana-300x209.jpg 300w, https:\/\/galerijakaptol.hr\/wp-content\/uploads\/2023\/09\/DARIO-ORIOLI-Kazalisna-kavana.jpg 428w\" sizes=\"auto, (max-width: 300px) 100vw, 300px\" \/><\/a><figcaption id=\"caption-attachment-257\" class=\"wp-caption-text\"><strong>Kazali\u0161na kavana<\/strong><br \/>Tehnika: ulje na platnu<br \/>Dimenzije: 50&#215;70 cm<br \/>Godina: 1985.<\/figcaption><\/figure>\n","protected":false},"excerpt":{"rendered":"<p>DARIO ORIOLI (Ravena 12.12.1952.) Trenutno \u017eivi u Zagrebu gdje je 1980-te zavr\u0161io Akademiju likovnih umjetnosti u klasi prof. Raoul Goldonija. Bio je suradnik Majstorske radionice u klasi prof. Ljube Ivan\u010di\u0107a i prof. Nikole Reisera. Izlagao je na niz samostalnih i niz kolektivnih izlo\u017ebi , bio je sudionik vi\u0161e likovnih kolonija, dobitnik vi\u0161e priznanja, plaketa i [&hellip;]<\/p>\n","protected":false},"author":1,"featured_media":257,"comment_status":"closed","ping_status":"open","sticky":false,"template":"blank","format":"standard","meta":{"_jetpack_memberships_contains_paid_content":false,"footnotes":""},"categories":[9],"tags":[],"class_list":["post-256","post","type-post","status-publish","format-standard","has-post-thumbnail","hentry","category-fundus"],"yoast_head":"<!-- This site is optimized with the Yoast SEO plugin v27.5 - https:\/\/yoast.com\/product\/yoast-seo-wordpress\/ -->\n<title>DARIO ORIOLI - Galerija umjetnina<\/title>\n<meta name=\"description\" content=\"DARIO ORIOLI (Ravena 12.12.1952.)Trenutno \u017eivi u Zagrebu gdje je 1980-te zavr\u0161io Akademiju likovnih umjetnosti u klasi prof. Raoul Goldonija. Bio je suradnik Majstorske radionice u klasi prof. Ljube Ivan\u010di\u0107a i prof. Nikole Reisera. Izlagao je na niz samostalnih i niz kolektivnih izlo\u017ebi , bio je sudionik vi\u0161e likovnih kolonija, dobitnik vi\u0161e priznanja, plaketa i nagrada za muziku i slikarstvo.\" \/>\n<meta name=\"robots\" content=\"index, follow, max-snippet:-1, max-image-preview:large, max-video-preview:-1\" \/>\n<link rel=\"canonical\" href=\"https:\/\/galerijakaptol.hr\/index.php\/2023\/09\/12\/dario-orioli\/\" \/>\n<meta property=\"og:locale\" content=\"hr_HR\" \/>\n<meta property=\"og:type\" content=\"article\" \/>\n<meta property=\"og:title\" content=\"DARIO ORIOLI - Galerija umjetnina\" \/>\n<meta property=\"og:description\" content=\"DARIO ORIOLI (Ravena 12.12.1952.)Trenutno \u017eivi u Zagrebu gdje je 1980-te zavr\u0161io Akademiju likovnih umjetnosti u klasi prof. Raoul Goldonija. Bio je suradnik Majstorske radionice u klasi prof. Ljube Ivan\u010di\u0107a i prof. Nikole Reisera. Izlagao je na niz samostalnih i niz kolektivnih izlo\u017ebi , bio je sudionik vi\u0161e likovnih kolonija, dobitnik vi\u0161e priznanja, plaketa i nagrada za muziku i slikarstvo.\" \/>\n<meta property=\"og:url\" content=\"https:\/\/galerijakaptol.hr\/index.php\/2023\/09\/12\/dario-orioli\/\" \/>\n<meta property=\"og:site_name\" content=\"Galerija umjetnina\" \/>\n<meta property=\"article:published_time\" content=\"2023-09-12T18:05:39+00:00\" \/>\n<meta property=\"article:modified_time\" content=\"2023-10-05T09:04:41+00:00\" \/>\n<meta property=\"og:image\" content=\"https:\/\/galerijakaptol.hr\/wp-content\/uploads\/2023\/09\/DARIO-ORIOLI-Kazalisna-kavana.jpg\" \/>\n\t<meta property=\"og:image:width\" content=\"428\" \/>\n\t<meta property=\"og:image:height\" content=\"298\" \/>\n\t<meta property=\"og:image:type\" content=\"image\/jpeg\" \/>\n<meta name=\"author\" content=\"admin\" \/>\n<meta name=\"twitter:card\" content=\"summary_large_image\" \/>\n<meta name=\"twitter:label1\" content=\"Napisao\/la\" \/>\n\t<meta name=\"twitter:data1\" content=\"admin\" \/>\n\t<meta name=\"twitter:label2\" content=\"Procijenjeno vrijeme \u010ditanja\" \/>\n\t<meta name=\"twitter:data2\" content=\"1 minuta\" \/>\n<script type=\"application\/ld+json\" class=\"yoast-schema-graph\">{\"@context\":\"https:\\\/\\\/schema.org\",\"@graph\":[{\"@type\":\"Article\",\"@id\":\"https:\\\/\\\/galerijakaptol.hr\\\/index.php\\\/2023\\\/09\\\/12\\\/dario-orioli\\\/#article\",\"isPartOf\":{\"@id\":\"https:\\\/\\\/galerijakaptol.hr\\\/index.php\\\/2023\\\/09\\\/12\\\/dario-orioli\\\/\"},\"author\":{\"name\":\"admin\",\"@id\":\"https:\\\/\\\/galerijakaptol.hr\\\/#\\\/schema\\\/person\\\/f3d1dc228981eca5894740a7ccd795df\"},\"headline\":\"DARIO ORIOLI\",\"datePublished\":\"2023-09-12T18:05:39+00:00\",\"dateModified\":\"2023-10-05T09:04:41+00:00\",\"mainEntityOfPage\":{\"@id\":\"https:\\\/\\\/galerijakaptol.hr\\\/index.php\\\/2023\\\/09\\\/12\\\/dario-orioli\\\/\"},\"wordCount\":96,\"publisher\":{\"@id\":\"https:\\\/\\\/galerijakaptol.hr\\\/#organization\"},\"image\":{\"@id\":\"https:\\\/\\\/galerijakaptol.hr\\\/index.php\\\/2023\\\/09\\\/12\\\/dario-orioli\\\/#primaryimage\"},\"thumbnailUrl\":\"https:\\\/\\\/galerijakaptol.hr\\\/wp-content\\\/uploads\\\/2023\\\/09\\\/DARIO-ORIOLI-Kazalisna-kavana.jpg\",\"articleSection\":[\"Fundus\"],\"inLanguage\":\"hr\"},{\"@type\":\"WebPage\",\"@id\":\"https:\\\/\\\/galerijakaptol.hr\\\/index.php\\\/2023\\\/09\\\/12\\\/dario-orioli\\\/\",\"url\":\"https:\\\/\\\/galerijakaptol.hr\\\/index.php\\\/2023\\\/09\\\/12\\\/dario-orioli\\\/\",\"name\":\"DARIO ORIOLI - Galerija umjetnina\",\"isPartOf\":{\"@id\":\"https:\\\/\\\/galerijakaptol.hr\\\/#website\"},\"primaryImageOfPage\":{\"@id\":\"https:\\\/\\\/galerijakaptol.hr\\\/index.php\\\/2023\\\/09\\\/12\\\/dario-orioli\\\/#primaryimage\"},\"image\":{\"@id\":\"https:\\\/\\\/galerijakaptol.hr\\\/index.php\\\/2023\\\/09\\\/12\\\/dario-orioli\\\/#primaryimage\"},\"thumbnailUrl\":\"https:\\\/\\\/galerijakaptol.hr\\\/wp-content\\\/uploads\\\/2023\\\/09\\\/DARIO-ORIOLI-Kazalisna-kavana.jpg\",\"datePublished\":\"2023-09-12T18:05:39+00:00\",\"dateModified\":\"2023-10-05T09:04:41+00:00\",\"description\":\"DARIO ORIOLI (Ravena 12.12.1952.)Trenutno \u017eivi u Zagrebu gdje je 1980-te zavr\u0161io Akademiju likovnih umjetnosti u klasi prof. Raoul Goldonija. Bio je suradnik Majstorske radionice u klasi prof. Ljube Ivan\u010di\u0107a i prof. Nikole Reisera. Izlagao je na niz samostalnih i niz kolektivnih izlo\u017ebi , bio je sudionik vi\u0161e likovnih kolonija, dobitnik vi\u0161e priznanja, plaketa i nagrada za muziku i slikarstvo.\",\"breadcrumb\":{\"@id\":\"https:\\\/\\\/galerijakaptol.hr\\\/index.php\\\/2023\\\/09\\\/12\\\/dario-orioli\\\/#breadcrumb\"},\"inLanguage\":\"hr\",\"potentialAction\":[{\"@type\":\"ReadAction\",\"target\":[\"https:\\\/\\\/galerijakaptol.hr\\\/index.php\\\/2023\\\/09\\\/12\\\/dario-orioli\\\/\"]}]},{\"@type\":\"ImageObject\",\"inLanguage\":\"hr\",\"@id\":\"https:\\\/\\\/galerijakaptol.hr\\\/index.php\\\/2023\\\/09\\\/12\\\/dario-orioli\\\/#primaryimage\",\"url\":\"https:\\\/\\\/galerijakaptol.hr\\\/wp-content\\\/uploads\\\/2023\\\/09\\\/DARIO-ORIOLI-Kazalisna-kavana.jpg\",\"contentUrl\":\"https:\\\/\\\/galerijakaptol.hr\\\/wp-content\\\/uploads\\\/2023\\\/09\\\/DARIO-ORIOLI-Kazalisna-kavana.jpg\",\"width\":428,\"height\":298,\"caption\":\"Kazali\u0161na kavana Tehnika: ulje na platnu Dimenzije: 50x70 cm Godina: 1985.\"},{\"@type\":\"BreadcrumbList\",\"@id\":\"https:\\\/\\\/galerijakaptol.hr\\\/index.php\\\/2023\\\/09\\\/12\\\/dario-orioli\\\/#breadcrumb\",\"itemListElement\":[{\"@type\":\"ListItem\",\"position\":1,\"name\":\"Po\u010detna stranica\",\"item\":\"https:\\\/\\\/galerijakaptol.hr\\\/\"},{\"@type\":\"ListItem\",\"position\":2,\"name\":\"DARIO ORIOLI\"}]},{\"@type\":\"WebSite\",\"@id\":\"https:\\\/\\\/galerijakaptol.hr\\\/#website\",\"url\":\"https:\\\/\\\/galerijakaptol.hr\\\/\",\"name\":\"Galerija umjetnina\",\"description\":\"\",\"publisher\":{\"@id\":\"https:\\\/\\\/galerijakaptol.hr\\\/#organization\"},\"potentialAction\":[{\"@type\":\"SearchAction\",\"target\":{\"@type\":\"EntryPoint\",\"urlTemplate\":\"https:\\\/\\\/galerijakaptol.hr\\\/?s={search_term_string}\"},\"query-input\":{\"@type\":\"PropertyValueSpecification\",\"valueRequired\":true,\"valueName\":\"search_term_string\"}}],\"inLanguage\":\"hr\"},{\"@type\":\"Organization\",\"@id\":\"https:\\\/\\\/galerijakaptol.hr\\\/#organization\",\"name\":\"Galerija umjetnina\",\"url\":\"https:\\\/\\\/galerijakaptol.hr\\\/\",\"logo\":{\"@type\":\"ImageObject\",\"inLanguage\":\"hr\",\"@id\":\"https:\\\/\\\/galerijakaptol.hr\\\/#\\\/schema\\\/logo\\\/image\\\/\",\"url\":\"https:\\\/\\\/galerijakaptol.hr\\\/wp-content\\\/uploads\\\/2023\\\/09\\\/logo-Kaptol-Galerija.png\",\"contentUrl\":\"https:\\\/\\\/galerijakaptol.hr\\\/wp-content\\\/uploads\\\/2023\\\/09\\\/logo-Kaptol-Galerija.png\",\"width\":342,\"height\":72,\"caption\":\"Galerija umjetnina\"},\"image\":{\"@id\":\"https:\\\/\\\/galerijakaptol.hr\\\/#\\\/schema\\\/logo\\\/image\\\/\"}},{\"@type\":\"Person\",\"@id\":\"https:\\\/\\\/galerijakaptol.hr\\\/#\\\/schema\\\/person\\\/f3d1dc228981eca5894740a7ccd795df\",\"name\":\"admin\",\"sameAs\":[\"https:\\\/\\\/galerijakaptol.hr\"],\"url\":\"https:\\\/\\\/galerijakaptol.hr\\\/index.php\\\/author\\\/admin_gk\\\/\"}]}<\/script>\n<!-- \/ Yoast SEO plugin. -->","yoast_head_json":{"title":"DARIO ORIOLI - Galerija umjetnina","description":"DARIO ORIOLI (Ravena 12.12.1952.)Trenutno \u017eivi u Zagrebu gdje je 1980-te zavr\u0161io Akademiju likovnih umjetnosti u klasi prof. Raoul Goldonija. Bio je suradnik Majstorske radionice u klasi prof. Ljube Ivan\u010di\u0107a i prof. Nikole Reisera. Izlagao je na niz samostalnih i niz kolektivnih izlo\u017ebi , bio je sudionik vi\u0161e likovnih kolonija, dobitnik vi\u0161e priznanja, plaketa i nagrada za muziku i slikarstvo.","robots":{"index":"index","follow":"follow","max-snippet":"max-snippet:-1","max-image-preview":"max-image-preview:large","max-video-preview":"max-video-preview:-1"},"canonical":"https:\/\/galerijakaptol.hr\/index.php\/2023\/09\/12\/dario-orioli\/","og_locale":"hr_HR","og_type":"article","og_title":"DARIO ORIOLI - Galerija umjetnina","og_description":"DARIO ORIOLI (Ravena 12.12.1952.)Trenutno \u017eivi u Zagrebu gdje je 1980-te zavr\u0161io Akademiju likovnih umjetnosti u klasi prof. Raoul Goldonija. Bio je suradnik Majstorske radionice u klasi prof. Ljube Ivan\u010di\u0107a i prof. Nikole Reisera. Izlagao je na niz samostalnih i niz kolektivnih izlo\u017ebi , bio je sudionik vi\u0161e likovnih kolonija, dobitnik vi\u0161e priznanja, plaketa i nagrada za muziku i slikarstvo.","og_url":"https:\/\/galerijakaptol.hr\/index.php\/2023\/09\/12\/dario-orioli\/","og_site_name":"Galerija umjetnina","article_published_time":"2023-09-12T18:05:39+00:00","article_modified_time":"2023-10-05T09:04:41+00:00","og_image":[{"width":428,"height":298,"url":"https:\/\/galerijakaptol.hr\/wp-content\/uploads\/2023\/09\/DARIO-ORIOLI-Kazalisna-kavana.jpg","type":"image\/jpeg"}],"author":"admin","twitter_card":"summary_large_image","twitter_misc":{"Napisao\/la":"admin","Procijenjeno vrijeme \u010ditanja":"1 minuta"},"schema":{"@context":"https:\/\/schema.org","@graph":[{"@type":"Article","@id":"https:\/\/galerijakaptol.hr\/index.php\/2023\/09\/12\/dario-orioli\/#article","isPartOf":{"@id":"https:\/\/galerijakaptol.hr\/index.php\/2023\/09\/12\/dario-orioli\/"},"author":{"name":"admin","@id":"https:\/\/galerijakaptol.hr\/#\/schema\/person\/f3d1dc228981eca5894740a7ccd795df"},"headline":"DARIO ORIOLI","datePublished":"2023-09-12T18:05:39+00:00","dateModified":"2023-10-05T09:04:41+00:00","mainEntityOfPage":{"@id":"https:\/\/galerijakaptol.hr\/index.php\/2023\/09\/12\/dario-orioli\/"},"wordCount":96,"publisher":{"@id":"https:\/\/galerijakaptol.hr\/#organization"},"image":{"@id":"https:\/\/galerijakaptol.hr\/index.php\/2023\/09\/12\/dario-orioli\/#primaryimage"},"thumbnailUrl":"https:\/\/galerijakaptol.hr\/wp-content\/uploads\/2023\/09\/DARIO-ORIOLI-Kazalisna-kavana.jpg","articleSection":["Fundus"],"inLanguage":"hr"},{"@type":"WebPage","@id":"https:\/\/galerijakaptol.hr\/index.php\/2023\/09\/12\/dario-orioli\/","url":"https:\/\/galerijakaptol.hr\/index.php\/2023\/09\/12\/dario-orioli\/","name":"DARIO ORIOLI - Galerija umjetnina","isPartOf":{"@id":"https:\/\/galerijakaptol.hr\/#website"},"primaryImageOfPage":{"@id":"https:\/\/galerijakaptol.hr\/index.php\/2023\/09\/12\/dario-orioli\/#primaryimage"},"image":{"@id":"https:\/\/galerijakaptol.hr\/index.php\/2023\/09\/12\/dario-orioli\/#primaryimage"},"thumbnailUrl":"https:\/\/galerijakaptol.hr\/wp-content\/uploads\/2023\/09\/DARIO-ORIOLI-Kazalisna-kavana.jpg","datePublished":"2023-09-12T18:05:39+00:00","dateModified":"2023-10-05T09:04:41+00:00","description":"DARIO ORIOLI (Ravena 12.12.1952.)Trenutno \u017eivi u Zagrebu gdje je 1980-te zavr\u0161io Akademiju likovnih umjetnosti u klasi prof. Raoul Goldonija. Bio je suradnik Majstorske radionice u klasi prof. Ljube Ivan\u010di\u0107a i prof. Nikole Reisera. Izlagao je na niz samostalnih i niz kolektivnih izlo\u017ebi , bio je sudionik vi\u0161e likovnih kolonija, dobitnik vi\u0161e priznanja, plaketa i nagrada za muziku i slikarstvo.","breadcrumb":{"@id":"https:\/\/galerijakaptol.hr\/index.php\/2023\/09\/12\/dario-orioli\/#breadcrumb"},"inLanguage":"hr","potentialAction":[{"@type":"ReadAction","target":["https:\/\/galerijakaptol.hr\/index.php\/2023\/09\/12\/dario-orioli\/"]}]},{"@type":"ImageObject","inLanguage":"hr","@id":"https:\/\/galerijakaptol.hr\/index.php\/2023\/09\/12\/dario-orioli\/#primaryimage","url":"https:\/\/galerijakaptol.hr\/wp-content\/uploads\/2023\/09\/DARIO-ORIOLI-Kazalisna-kavana.jpg","contentUrl":"https:\/\/galerijakaptol.hr\/wp-content\/uploads\/2023\/09\/DARIO-ORIOLI-Kazalisna-kavana.jpg","width":428,"height":298,"caption":"Kazali\u0161na kavana Tehnika: ulje na platnu Dimenzije: 50x70 cm Godina: 1985."},{"@type":"BreadcrumbList","@id":"https:\/\/galerijakaptol.hr\/index.php\/2023\/09\/12\/dario-orioli\/#breadcrumb","itemListElement":[{"@type":"ListItem","position":1,"name":"Po\u010detna stranica","item":"https:\/\/galerijakaptol.hr\/"},{"@type":"ListItem","position":2,"name":"DARIO ORIOLI"}]},{"@type":"WebSite","@id":"https:\/\/galerijakaptol.hr\/#website","url":"https:\/\/galerijakaptol.hr\/","name":"Galerija umjetnina","description":"","publisher":{"@id":"https:\/\/galerijakaptol.hr\/#organization"},"potentialAction":[{"@type":"SearchAction","target":{"@type":"EntryPoint","urlTemplate":"https:\/\/galerijakaptol.hr\/?s={search_term_string}"},"query-input":{"@type":"PropertyValueSpecification","valueRequired":true,"valueName":"search_term_string"}}],"inLanguage":"hr"},{"@type":"Organization","@id":"https:\/\/galerijakaptol.hr\/#organization","name":"Galerija umjetnina","url":"https:\/\/galerijakaptol.hr\/","logo":{"@type":"ImageObject","inLanguage":"hr","@id":"https:\/\/galerijakaptol.hr\/#\/schema\/logo\/image\/","url":"https:\/\/galerijakaptol.hr\/wp-content\/uploads\/2023\/09\/logo-Kaptol-Galerija.png","contentUrl":"https:\/\/galerijakaptol.hr\/wp-content\/uploads\/2023\/09\/logo-Kaptol-Galerija.png","width":342,"height":72,"caption":"Galerija umjetnina"},"image":{"@id":"https:\/\/galerijakaptol.hr\/#\/schema\/logo\/image\/"}},{"@type":"Person","@id":"https:\/\/galerijakaptol.hr\/#\/schema\/person\/f3d1dc228981eca5894740a7ccd795df","name":"admin","sameAs":["https:\/\/galerijakaptol.hr"],"url":"https:\/\/galerijakaptol.hr\/index.php\/author\/admin_gk\/"}]}},"jetpack_featured_media_url":"https:\/\/galerijakaptol.hr\/wp-content\/uploads\/2023\/09\/DARIO-ORIOLI-Kazalisna-kavana.jpg","jetpack_sharing_enabled":true,"_links":{"self":[{"href":"https:\/\/galerijakaptol.hr\/index.php\/wp-json\/wp\/v2\/posts\/256","targetHints":{"allow":["GET"]}}],"collection":[{"href":"https:\/\/galerijakaptol.hr\/index.php\/wp-json\/wp\/v2\/posts"}],"about":[{"href":"https:\/\/galerijakaptol.hr\/index.php\/wp-json\/wp\/v2\/types\/post"}],"author":[{"embeddable":true,"href":"https:\/\/galerijakaptol.hr\/index.php\/wp-json\/wp\/v2\/users\/1"}],"replies":[{"embeddable":true,"href":"https:\/\/galerijakaptol.hr\/index.php\/wp-json\/wp\/v2\/comments?post=256"}],"version-history":[{"count":3,"href":"https:\/\/galerijakaptol.hr\/index.php\/wp-json\/wp\/v2\/posts\/256\/revisions"}],"predecessor-version":[{"id":1225,"href":"https:\/\/galerijakaptol.hr\/index.php\/wp-json\/wp\/v2\/posts\/256\/revisions\/1225"}],"wp:featuredmedia":[{"embeddable":true,"href":"https:\/\/galerijakaptol.hr\/index.php\/wp-json\/wp\/v2\/media\/257"}],"wp:attachment":[{"href":"https:\/\/galerijakaptol.hr\/index.php\/wp-json\/wp\/v2\/media?parent=256"}],"wp:term":[{"taxonomy":"category","embeddable":true,"href":"https:\/\/galerijakaptol.hr\/index.php\/wp-json\/wp\/v2\/categories?post=256"},{"taxonomy":"post_tag","embeddable":true,"href":"https:\/\/galerijakaptol.hr\/index.php\/wp-json\/wp\/v2\/tags?post=256"}],"curies":[{"name":"wp","href":"https:\/\/api.w.org\/{rel}","templated":true}]}}