{"id":2737,"date":"2024-06-18T09:33:05","date_gmt":"2024-06-18T09:33:05","guid":{"rendered":"https:\/\/galerijakaptol.hr\/?p=2737"},"modified":"2026-04-26T09:34:26","modified_gmt":"2026-04-26T09:34:26","slug":"duro-pulitika","status":"publish","type":"post","link":"https:\/\/galerijakaptol.hr\/index.php\/2024\/06\/18\/duro-pulitika\/","title":{"rendered":"\u0110URO PULITIKA"},"content":{"rendered":"\n<p><strong>Pulitika, \u0110uro,<\/strong> hrvatski slikar (Bosanka kraj Dubrovnika, 26.&nbsp;I.&nbsp;1922 \u2013 Dubrovnik, 14.&nbsp;XII.&nbsp;2006). Prve pouke primio od K. Strajni\u0107a. Polazio Akademiju likovnih umjetnosti u Zagrebu; zavr\u0161io \u0161kolu Primijenjene umjetnosti u Herceg Novom (1950). Nastavio tradiciju dubrova\u010dke slikarske \u0161kole (I. Dul\u010di\u0107, A. Masle), a od 1953. vlastitim stilom slikao pojednostavnjene oblike s plohama zasi\u0107enima gustim pastoznim namazima boje (<em>Mlini,<\/em> 1953; <em>Dubrovnik,<\/em> 1957). Po\u010detkom 1960-ih stvarao monotipije u duhu lirske apstrakcije, a od 1965. ponovno se vratio lokalnoj koloristi\u010dkoj tradiciji. Od tada slika sve slobodnijim stilom (<em>Mlini,<\/em> 1965; <em>Kamen i masline,<\/em> 1969; <em>Dva \u017euta brda,<\/em> 1975). Od 1980-ih u velikim kompozicijama krajolika posti\u017ee monumentalnost izraza (<em>Vinogradi,<\/em> 1980; <em>Sun\u010dani krajolik II,<\/em>1982). \u010cest su motiv njegova slikarstva i nepomi\u010dni plo\u0161ni aktovi zasi\u0107enih boja inkarnata (<em>Crveni akt,<\/em> 1978; <em>Plavi akt s ma\u010dkom,<\/em> 1981) te biblijski motivi (<em>Raspe\u0107e,<\/em> 1981). U potonjim radovima koristio sve intenzivniji kolorit (<em>Golubica,<\/em> 1996; <em>Ljetno podne,<\/em> 1997). Dobio je Nagradu \u00bbVladimir Nazor\u00ab za \u017eivotno djelo (1996).<\/p>\n\n\n\n<p><\/p>\n","protected":false},"excerpt":{"rendered":"<p>Pulitika, \u0110uro, hrvatski slikar (Bosanka kraj Dubrovnika, 26.&nbsp;I.&nbsp;1922 \u2013 Dubrovnik, 14.&nbsp;XII.&nbsp;2006). Prve pouke primio od K. Strajni\u0107a. Polazio Akademiju likovnih umjetnosti u Zagrebu; zavr\u0161io \u0161kolu Primijenjene umjetnosti u Herceg Novom (1950). Nastavio tradiciju dubrova\u010dke slikarske \u0161kole (I. Dul\u010di\u0107, A. Masle), a od 1953. vlastitim stilom slikao pojednostavnjene oblike s plohama zasi\u0107enima gustim pastoznim namazima boje [&hellip;]<\/p>\n","protected":false},"author":1,"featured_media":0,"comment_status":"closed","ping_status":"open","sticky":false,"template":"","format":"standard","meta":{"_jetpack_memberships_contains_paid_content":false,"footnotes":""},"categories":[1],"tags":[],"class_list":["post-2737","post","type-post","status-publish","format-standard","hentry","category-uncategorized"],"yoast_head":"<!-- This site is optimized with the Yoast SEO plugin v27.5 - https:\/\/yoast.com\/product\/yoast-seo-wordpress\/ -->\n<title>\u0110URO PULITIKA - Galerija umjetnina<\/title>\n<meta name=\"robots\" content=\"index, follow, max-snippet:-1, max-image-preview:large, max-video-preview:-1\" \/>\n<link rel=\"canonical\" href=\"https:\/\/galerijakaptol.hr\/index.php\/2024\/06\/18\/duro-pulitika\/\" \/>\n<meta property=\"og:locale\" content=\"hr_HR\" \/>\n<meta property=\"og:type\" content=\"article\" \/>\n<meta property=\"og:title\" content=\"\u0110URO PULITIKA - Galerija umjetnina\" \/>\n<meta property=\"og:description\" content=\"Pulitika, \u0110uro, hrvatski slikar (Bosanka kraj Dubrovnika, 26.&nbsp;I.&nbsp;1922 \u2013 Dubrovnik, 14.&nbsp;XII.&nbsp;2006). Prve pouke primio od K. Strajni\u0107a. Polazio Akademiju likovnih umjetnosti u Zagrebu; zavr\u0161io \u0161kolu Primijenjene umjetnosti u Herceg Novom (1950). Nastavio tradiciju dubrova\u010dke slikarske \u0161kole (I. Dul\u010di\u0107, A. Masle), a od 1953. vlastitim stilom slikao pojednostavnjene oblike s plohama zasi\u0107enima gustim pastoznim namazima boje [&hellip;]\" \/>\n<meta property=\"og:url\" content=\"https:\/\/galerijakaptol.hr\/index.php\/2024\/06\/18\/duro-pulitika\/\" \/>\n<meta property=\"og:site_name\" content=\"Galerija umjetnina\" \/>\n<meta property=\"article:published_time\" content=\"2024-06-18T09:33:05+00:00\" \/>\n<meta property=\"article:modified_time\" content=\"2026-04-26T09:34:26+00:00\" \/>\n<meta name=\"author\" content=\"admin\" \/>\n<meta name=\"twitter:card\" content=\"summary_large_image\" \/>\n<meta name=\"twitter:label1\" content=\"Napisao\/la\" \/>\n\t<meta name=\"twitter:data1\" content=\"admin\" \/>\n\t<meta name=\"twitter:label2\" content=\"Procijenjeno vrijeme \u010ditanja\" \/>\n\t<meta name=\"twitter:data2\" content=\"2 minute\" \/>\n<script type=\"application\/ld+json\" class=\"yoast-schema-graph\">{\"@context\":\"https:\\\/\\\/schema.org\",\"@graph\":[{\"@type\":\"Article\",\"@id\":\"https:\\\/\\\/galerijakaptol.hr\\\/index.php\\\/2024\\\/06\\\/18\\\/duro-pulitika\\\/#article\",\"isPartOf\":{\"@id\":\"https:\\\/\\\/galerijakaptol.hr\\\/index.php\\\/2024\\\/06\\\/18\\\/duro-pulitika\\\/\"},\"author\":{\"name\":\"admin\",\"@id\":\"https:\\\/\\\/galerijakaptol.hr\\\/#\\\/schema\\\/person\\\/f3d1dc228981eca5894740a7ccd795df\"},\"headline\":\"\u0110URO PULITIKA\",\"datePublished\":\"2024-06-18T09:33:05+00:00\",\"dateModified\":\"2026-04-26T09:34:26+00:00\",\"mainEntityOfPage\":{\"@id\":\"https:\\\/\\\/galerijakaptol.hr\\\/index.php\\\/2024\\\/06\\\/18\\\/duro-pulitika\\\/\"},\"wordCount\":156,\"publisher\":{\"@id\":\"https:\\\/\\\/galerijakaptol.hr\\\/#organization\"},\"articleSection\":[\"Blog\"],\"inLanguage\":\"hr\"},{\"@type\":\"WebPage\",\"@id\":\"https:\\\/\\\/galerijakaptol.hr\\\/index.php\\\/2024\\\/06\\\/18\\\/duro-pulitika\\\/\",\"url\":\"https:\\\/\\\/galerijakaptol.hr\\\/index.php\\\/2024\\\/06\\\/18\\\/duro-pulitika\\\/\",\"name\":\"\u0110URO PULITIKA - Galerija umjetnina\",\"isPartOf\":{\"@id\":\"https:\\\/\\\/galerijakaptol.hr\\\/#website\"},\"datePublished\":\"2024-06-18T09:33:05+00:00\",\"dateModified\":\"2026-04-26T09:34:26+00:00\",\"breadcrumb\":{\"@id\":\"https:\\\/\\\/galerijakaptol.hr\\\/index.php\\\/2024\\\/06\\\/18\\\/duro-pulitika\\\/#breadcrumb\"},\"inLanguage\":\"hr\",\"potentialAction\":[{\"@type\":\"ReadAction\",\"target\":[\"https:\\\/\\\/galerijakaptol.hr\\\/index.php\\\/2024\\\/06\\\/18\\\/duro-pulitika\\\/\"]}]},{\"@type\":\"BreadcrumbList\",\"@id\":\"https:\\\/\\\/galerijakaptol.hr\\\/index.php\\\/2024\\\/06\\\/18\\\/duro-pulitika\\\/#breadcrumb\",\"itemListElement\":[{\"@type\":\"ListItem\",\"position\":1,\"name\":\"Po\u010detna stranica\",\"item\":\"https:\\\/\\\/galerijakaptol.hr\\\/\"},{\"@type\":\"ListItem\",\"position\":2,\"name\":\"\u0110URO PULITIKA\"}]},{\"@type\":\"WebSite\",\"@id\":\"https:\\\/\\\/galerijakaptol.hr\\\/#website\",\"url\":\"https:\\\/\\\/galerijakaptol.hr\\\/\",\"name\":\"Galerija umjetnina\",\"description\":\"\",\"publisher\":{\"@id\":\"https:\\\/\\\/galerijakaptol.hr\\\/#organization\"},\"potentialAction\":[{\"@type\":\"SearchAction\",\"target\":{\"@type\":\"EntryPoint\",\"urlTemplate\":\"https:\\\/\\\/galerijakaptol.hr\\\/?s={search_term_string}\"},\"query-input\":{\"@type\":\"PropertyValueSpecification\",\"valueRequired\":true,\"valueName\":\"search_term_string\"}}],\"inLanguage\":\"hr\"},{\"@type\":\"Organization\",\"@id\":\"https:\\\/\\\/galerijakaptol.hr\\\/#organization\",\"name\":\"Galerija umjetnina\",\"url\":\"https:\\\/\\\/galerijakaptol.hr\\\/\",\"logo\":{\"@type\":\"ImageObject\",\"inLanguage\":\"hr\",\"@id\":\"https:\\\/\\\/galerijakaptol.hr\\\/#\\\/schema\\\/logo\\\/image\\\/\",\"url\":\"https:\\\/\\\/galerijakaptol.hr\\\/wp-content\\\/uploads\\\/2023\\\/09\\\/logo-Kaptol-Galerija.png\",\"contentUrl\":\"https:\\\/\\\/galerijakaptol.hr\\\/wp-content\\\/uploads\\\/2023\\\/09\\\/logo-Kaptol-Galerija.png\",\"width\":342,\"height\":72,\"caption\":\"Galerija umjetnina\"},\"image\":{\"@id\":\"https:\\\/\\\/galerijakaptol.hr\\\/#\\\/schema\\\/logo\\\/image\\\/\"}},{\"@type\":\"Person\",\"@id\":\"https:\\\/\\\/galerijakaptol.hr\\\/#\\\/schema\\\/person\\\/f3d1dc228981eca5894740a7ccd795df\",\"name\":\"admin\",\"sameAs\":[\"https:\\\/\\\/galerijakaptol.hr\"],\"url\":\"https:\\\/\\\/galerijakaptol.hr\\\/index.php\\\/author\\\/admin_gk\\\/\"}]}<\/script>\n<!-- \/ Yoast SEO plugin. -->","yoast_head_json":{"title":"\u0110URO PULITIKA - Galerija umjetnina","robots":{"index":"index","follow":"follow","max-snippet":"max-snippet:-1","max-image-preview":"max-image-preview:large","max-video-preview":"max-video-preview:-1"},"canonical":"https:\/\/galerijakaptol.hr\/index.php\/2024\/06\/18\/duro-pulitika\/","og_locale":"hr_HR","og_type":"article","og_title":"\u0110URO PULITIKA - Galerija umjetnina","og_description":"Pulitika, \u0110uro, hrvatski slikar (Bosanka kraj Dubrovnika, 26.&nbsp;I.&nbsp;1922 \u2013 Dubrovnik, 14.&nbsp;XII.&nbsp;2006). Prve pouke primio od K. Strajni\u0107a. Polazio Akademiju likovnih umjetnosti u Zagrebu; zavr\u0161io \u0161kolu Primijenjene umjetnosti u Herceg Novom (1950). Nastavio tradiciju dubrova\u010dke slikarske \u0161kole (I. Dul\u010di\u0107, A. Masle), a od 1953. vlastitim stilom slikao pojednostavnjene oblike s plohama zasi\u0107enima gustim pastoznim namazima boje [&hellip;]","og_url":"https:\/\/galerijakaptol.hr\/index.php\/2024\/06\/18\/duro-pulitika\/","og_site_name":"Galerija umjetnina","article_published_time":"2024-06-18T09:33:05+00:00","article_modified_time":"2026-04-26T09:34:26+00:00","author":"admin","twitter_card":"summary_large_image","twitter_misc":{"Napisao\/la":"admin","Procijenjeno vrijeme \u010ditanja":"2 minute"},"schema":{"@context":"https:\/\/schema.org","@graph":[{"@type":"Article","@id":"https:\/\/galerijakaptol.hr\/index.php\/2024\/06\/18\/duro-pulitika\/#article","isPartOf":{"@id":"https:\/\/galerijakaptol.hr\/index.php\/2024\/06\/18\/duro-pulitika\/"},"author":{"name":"admin","@id":"https:\/\/galerijakaptol.hr\/#\/schema\/person\/f3d1dc228981eca5894740a7ccd795df"},"headline":"\u0110URO PULITIKA","datePublished":"2024-06-18T09:33:05+00:00","dateModified":"2026-04-26T09:34:26+00:00","mainEntityOfPage":{"@id":"https:\/\/galerijakaptol.hr\/index.php\/2024\/06\/18\/duro-pulitika\/"},"wordCount":156,"publisher":{"@id":"https:\/\/galerijakaptol.hr\/#organization"},"articleSection":["Blog"],"inLanguage":"hr"},{"@type":"WebPage","@id":"https:\/\/galerijakaptol.hr\/index.php\/2024\/06\/18\/duro-pulitika\/","url":"https:\/\/galerijakaptol.hr\/index.php\/2024\/06\/18\/duro-pulitika\/","name":"\u0110URO PULITIKA - Galerija umjetnina","isPartOf":{"@id":"https:\/\/galerijakaptol.hr\/#website"},"datePublished":"2024-06-18T09:33:05+00:00","dateModified":"2026-04-26T09:34:26+00:00","breadcrumb":{"@id":"https:\/\/galerijakaptol.hr\/index.php\/2024\/06\/18\/duro-pulitika\/#breadcrumb"},"inLanguage":"hr","potentialAction":[{"@type":"ReadAction","target":["https:\/\/galerijakaptol.hr\/index.php\/2024\/06\/18\/duro-pulitika\/"]}]},{"@type":"BreadcrumbList","@id":"https:\/\/galerijakaptol.hr\/index.php\/2024\/06\/18\/duro-pulitika\/#breadcrumb","itemListElement":[{"@type":"ListItem","position":1,"name":"Po\u010detna stranica","item":"https:\/\/galerijakaptol.hr\/"},{"@type":"ListItem","position":2,"name":"\u0110URO PULITIKA"}]},{"@type":"WebSite","@id":"https:\/\/galerijakaptol.hr\/#website","url":"https:\/\/galerijakaptol.hr\/","name":"Galerija umjetnina","description":"","publisher":{"@id":"https:\/\/galerijakaptol.hr\/#organization"},"potentialAction":[{"@type":"SearchAction","target":{"@type":"EntryPoint","urlTemplate":"https:\/\/galerijakaptol.hr\/?s={search_term_string}"},"query-input":{"@type":"PropertyValueSpecification","valueRequired":true,"valueName":"search_term_string"}}],"inLanguage":"hr"},{"@type":"Organization","@id":"https:\/\/galerijakaptol.hr\/#organization","name":"Galerija umjetnina","url":"https:\/\/galerijakaptol.hr\/","logo":{"@type":"ImageObject","inLanguage":"hr","@id":"https:\/\/galerijakaptol.hr\/#\/schema\/logo\/image\/","url":"https:\/\/galerijakaptol.hr\/wp-content\/uploads\/2023\/09\/logo-Kaptol-Galerija.png","contentUrl":"https:\/\/galerijakaptol.hr\/wp-content\/uploads\/2023\/09\/logo-Kaptol-Galerija.png","width":342,"height":72,"caption":"Galerija umjetnina"},"image":{"@id":"https:\/\/galerijakaptol.hr\/#\/schema\/logo\/image\/"}},{"@type":"Person","@id":"https:\/\/galerijakaptol.hr\/#\/schema\/person\/f3d1dc228981eca5894740a7ccd795df","name":"admin","sameAs":["https:\/\/galerijakaptol.hr"],"url":"https:\/\/galerijakaptol.hr\/index.php\/author\/admin_gk\/"}]}},"jetpack_featured_media_url":"","jetpack_sharing_enabled":true,"_links":{"self":[{"href":"https:\/\/galerijakaptol.hr\/index.php\/wp-json\/wp\/v2\/posts\/2737","targetHints":{"allow":["GET"]}}],"collection":[{"href":"https:\/\/galerijakaptol.hr\/index.php\/wp-json\/wp\/v2\/posts"}],"about":[{"href":"https:\/\/galerijakaptol.hr\/index.php\/wp-json\/wp\/v2\/types\/post"}],"author":[{"embeddable":true,"href":"https:\/\/galerijakaptol.hr\/index.php\/wp-json\/wp\/v2\/users\/1"}],"replies":[{"embeddable":true,"href":"https:\/\/galerijakaptol.hr\/index.php\/wp-json\/wp\/v2\/comments?post=2737"}],"version-history":[{"count":5,"href":"https:\/\/galerijakaptol.hr\/index.php\/wp-json\/wp\/v2\/posts\/2737\/revisions"}],"predecessor-version":[{"id":4568,"href":"https:\/\/galerijakaptol.hr\/index.php\/wp-json\/wp\/v2\/posts\/2737\/revisions\/4568"}],"wp:attachment":[{"href":"https:\/\/galerijakaptol.hr\/index.php\/wp-json\/wp\/v2\/media?parent=2737"}],"wp:term":[{"taxonomy":"category","embeddable":true,"href":"https:\/\/galerijakaptol.hr\/index.php\/wp-json\/wp\/v2\/categories?post=2737"},{"taxonomy":"post_tag","embeddable":true,"href":"https:\/\/galerijakaptol.hr\/index.php\/wp-json\/wp\/v2\/tags?post=2737"}],"curies":[{"name":"wp","href":"https:\/\/api.w.org\/{rel}","templated":true}]}}