{"id":3709,"date":"2025-05-08T09:32:30","date_gmt":"2025-05-08T09:32:30","guid":{"rendered":"https:\/\/galerijakaptol.hr\/?p=3709"},"modified":"2025-05-08T09:32:44","modified_gmt":"2025-05-08T09:32:44","slug":"jerolim-mise","status":"publish","type":"post","link":"https:\/\/galerijakaptol.hr\/index.php\/2025\/05\/08\/jerolim-mise\/","title":{"rendered":"JEROLIM MI\u0160E"},"content":{"rendered":"\n<p><strong>Mi\u0161e, Jerolim,<\/strong> hrvatski slikar i likovni kriti\u010dar (Split, 25.\u00a0IX.\u00a01890 \u2013 Split, 14.\u00a0IX.\u00a01970).<\/p>\n\n\n\n<p>Poha\u0111ao je Graditeljsku, zanatlijsku i umjetni\u010dku \u0161kolu u Splitu 1908\u201309., <a href=\"https:\/\/enciklopedija.hr\/clanak\/akademija-likovnih-umjetnosti\">ALU<\/a> u Zagrebu 1910\u201311. te umjetni\u010dke \u0161kole u Rimu 1912. i Firenci 1913.<\/p>\n\n\n\n<p>Od 1923. radi u Zagrebu kao nastavnik u obrtnoj \u0161koli i \u017eenskoj gimnaziji (1936. je na usavr\u0161ivanju u Parizu). Od 1938. do 1941. bio je profesor na likovnoj akademiji Beogradu, a 1943\u201360. na ALU u Zagrebu.<\/p>\n\n\n\n<p>Tijekom prve polovice 1920-ih mijenja svoje razumijevanje umjetnosti, okre\u0107e se realisti\u010dkim polazi\u0161tima te mu u stvarala\u010dkome procesu tada postaje najva\u017enijom vjernost slikanomu predmetu, \u0161to je utjecalo i na njegovo odvajanje od kruga oko Proljetnoga salona u <a href=\"https:\/\/enciklopedija.hr\/clanak\/grupa-nezavisnih-umjetnika\">Grupu nezavisnih umjetnika<\/a> (1921\u201327), koje je bio duhovni pokreta\u010d. Potom, potaknut nezadovoljstvom nerije\u0161enim nacionalnim pitanjem u okviru Kraljevine Jugoslavije, tragaju\u0107i za \u00bbna\u0161im izrazom\u00ab, umjetni\u010dkim idiomom koji bi izrazio hrvatske nacionalne specifi\u010dnosti, tijekom djelovanja u okviru <a href=\"https:\/\/enciklopedija.hr\/clanak\/grupa-trojice\">Grupe trojice<\/a> (1930\u201335) formirao je svoje vi\u0111enje pejza\u017ea. Slikani u duhu <a href=\"https:\/\/enciklopedija.hr\/clanak\/magicni-realizam\">magi\u010dnoga realizma<\/a> i kolorizma te bliski C\u00e9zanneovim, Renoirovim i onima Petra Dobrovi\u0107a, njegovi pejza\u017ei i vedute donose mikrovizure srednje i ju\u017ene Dalmacije, prizore malih, naj\u010de\u0161\u0107e oto\u010dnih mjesta i topografskih cjelina sastavljenih od kr\u0161a, suhozida i mediteranske vegetacije (<em>Borovi u Supetru,<\/em> 1928; <em>Ulica u Splitskoj,<\/em> 1928; <em>Podne u Kolo\u010depu,<\/em> 1931., Nacionalni muzej moderne umjetnosti, Zagreb; <em>Podne na otoku,<\/em> 1934; <em>Stari park,<\/em> 1938). Idealiziranom slikom skromne i skladne, osun\u010dane Dalmacije do\u010daravao je vlastitu ideju regionalnih posebnosti u skladu s antimodernisti\u010dkim svjetonazorom.<\/p>\n\n\n<figure id=\"attachment_3708\" aria-describedby=\"caption-attachment-3708\" style=\"width: 300px\" class=\"wp-caption aligncenter\"><a href=\"https:\/\/galerijakaptol.hr\/wp-content\/uploads\/2025\/05\/IMG_3726-scaled.jpeg\"><img loading=\"lazy\" decoding=\"async\" class=\"size-medium wp-image-3708\" src=\"https:\/\/galerijakaptol.hr\/wp-content\/uploads\/2025\/05\/IMG_3726-300x199.jpeg\" alt=\"\" width=\"300\" height=\"199\" srcset=\"https:\/\/galerijakaptol.hr\/wp-content\/uploads\/2025\/05\/IMG_3726-300x199.jpeg 300w, https:\/\/galerijakaptol.hr\/wp-content\/uploads\/2025\/05\/IMG_3726-1024x680.jpeg 1024w, https:\/\/galerijakaptol.hr\/wp-content\/uploads\/2025\/05\/IMG_3726-768x510.jpeg 768w, https:\/\/galerijakaptol.hr\/wp-content\/uploads\/2025\/05\/IMG_3726-1536x1021.jpeg 1536w, https:\/\/galerijakaptol.hr\/wp-content\/uploads\/2025\/05\/IMG_3726-2048x1361.jpeg 2048w\" sizes=\"auto, (max-width: 300px) 100vw, 300px\" \/><\/a><figcaption id=\"caption-attachment-3708\" class=\"wp-caption-text\"><strong>Ku\u0107e u pejza\u017eu<\/strong><br \/>Tehnika: ulje na lesonitu<br \/>Dimenzije: 38 x 58 cm<br \/>Godina: 1958.<\/figcaption><\/figure>","protected":false},"excerpt":{"rendered":"<p>Mi\u0161e, Jerolim, hrvatski slikar i likovni kriti\u010dar (Split, 25.\u00a0IX.\u00a01890 \u2013 Split, 14.\u00a0IX.\u00a01970). Poha\u0111ao je Graditeljsku, zanatlijsku i umjetni\u010dku \u0161kolu u Splitu 1908\u201309., ALU u Zagrebu 1910\u201311. te umjetni\u010dke \u0161kole u Rimu 1912. i Firenci 1913. Od 1923. radi u Zagrebu kao nastavnik u obrtnoj \u0161koli i \u017eenskoj gimnaziji (1936. je na usavr\u0161ivanju u Parizu). Od [&hellip;]<\/p>\n","protected":false},"author":1,"featured_media":3708,"comment_status":"closed","ping_status":"open","sticky":false,"template":"","format":"standard","meta":{"_jetpack_memberships_contains_paid_content":false,"footnotes":""},"categories":[1,9],"tags":[],"class_list":["post-3709","post","type-post","status-publish","format-standard","has-post-thumbnail","hentry","category-uncategorized","category-fundus"],"yoast_head":"<!-- This site is optimized with the Yoast SEO plugin v27.5 - https:\/\/yoast.com\/product\/yoast-seo-wordpress\/ -->\n<title>JEROLIM MI\u0160E - Galerija umjetnina<\/title>\n<meta name=\"robots\" content=\"index, follow, max-snippet:-1, max-image-preview:large, max-video-preview:-1\" \/>\n<link rel=\"canonical\" href=\"https:\/\/galerijakaptol.hr\/index.php\/2025\/05\/08\/jerolim-mise\/\" \/>\n<meta property=\"og:locale\" content=\"hr_HR\" \/>\n<meta property=\"og:type\" content=\"article\" \/>\n<meta property=\"og:title\" content=\"JEROLIM MI\u0160E - Galerija umjetnina\" \/>\n<meta property=\"og:description\" content=\"Mi\u0161e, Jerolim, hrvatski slikar i likovni kriti\u010dar (Split, 25.\u00a0IX.\u00a01890 \u2013 Split, 14.\u00a0IX.\u00a01970). Poha\u0111ao je Graditeljsku, zanatlijsku i umjetni\u010dku \u0161kolu u Splitu 1908\u201309., ALU u Zagrebu 1910\u201311. te umjetni\u010dke \u0161kole u Rimu 1912. i Firenci 1913. Od 1923. radi u Zagrebu kao nastavnik u obrtnoj \u0161koli i \u017eenskoj gimnaziji (1936. je na usavr\u0161ivanju u Parizu). Od [&hellip;]\" \/>\n<meta property=\"og:url\" content=\"https:\/\/galerijakaptol.hr\/index.php\/2025\/05\/08\/jerolim-mise\/\" \/>\n<meta property=\"og:site_name\" content=\"Galerija umjetnina\" \/>\n<meta property=\"article:published_time\" content=\"2025-05-08T09:32:30+00:00\" \/>\n<meta property=\"article:modified_time\" content=\"2025-05-08T09:32:44+00:00\" \/>\n<meta property=\"og:image\" content=\"https:\/\/galerijakaptol.hr\/wp-content\/uploads\/2025\/05\/IMG_3726-scaled.jpeg\" \/>\n\t<meta property=\"og:image:width\" content=\"2560\" \/>\n\t<meta property=\"og:image:height\" content=\"1701\" \/>\n\t<meta property=\"og:image:type\" content=\"image\/jpeg\" \/>\n<meta name=\"author\" content=\"admin\" \/>\n<meta name=\"twitter:card\" content=\"summary_large_image\" \/>\n<meta name=\"twitter:label1\" content=\"Napisao\/la\" \/>\n\t<meta name=\"twitter:data1\" content=\"admin\" \/>\n\t<meta name=\"twitter:label2\" content=\"Procijenjeno vrijeme \u010ditanja\" \/>\n\t<meta name=\"twitter:data2\" content=\"2 minute\" \/>\n<script type=\"application\/ld+json\" class=\"yoast-schema-graph\">{\"@context\":\"https:\\\/\\\/schema.org\",\"@graph\":[{\"@type\":\"Article\",\"@id\":\"https:\\\/\\\/galerijakaptol.hr\\\/index.php\\\/2025\\\/05\\\/08\\\/jerolim-mise\\\/#article\",\"isPartOf\":{\"@id\":\"https:\\\/\\\/galerijakaptol.hr\\\/index.php\\\/2025\\\/05\\\/08\\\/jerolim-mise\\\/\"},\"author\":{\"name\":\"admin\",\"@id\":\"https:\\\/\\\/galerijakaptol.hr\\\/#\\\/schema\\\/person\\\/f3d1dc228981eca5894740a7ccd795df\"},\"headline\":\"JEROLIM MI\u0160E\",\"datePublished\":\"2025-05-08T09:32:30+00:00\",\"dateModified\":\"2025-05-08T09:32:44+00:00\",\"mainEntityOfPage\":{\"@id\":\"https:\\\/\\\/galerijakaptol.hr\\\/index.php\\\/2025\\\/05\\\/08\\\/jerolim-mise\\\/\"},\"wordCount\":267,\"publisher\":{\"@id\":\"https:\\\/\\\/galerijakaptol.hr\\\/#organization\"},\"image\":{\"@id\":\"https:\\\/\\\/galerijakaptol.hr\\\/index.php\\\/2025\\\/05\\\/08\\\/jerolim-mise\\\/#primaryimage\"},\"thumbnailUrl\":\"https:\\\/\\\/galerijakaptol.hr\\\/wp-content\\\/uploads\\\/2025\\\/05\\\/IMG_3726-scaled.jpeg\",\"articleSection\":[\"Blog\",\"Fundus\"],\"inLanguage\":\"hr\"},{\"@type\":\"WebPage\",\"@id\":\"https:\\\/\\\/galerijakaptol.hr\\\/index.php\\\/2025\\\/05\\\/08\\\/jerolim-mise\\\/\",\"url\":\"https:\\\/\\\/galerijakaptol.hr\\\/index.php\\\/2025\\\/05\\\/08\\\/jerolim-mise\\\/\",\"name\":\"JEROLIM MI\u0160E - Galerija umjetnina\",\"isPartOf\":{\"@id\":\"https:\\\/\\\/galerijakaptol.hr\\\/#website\"},\"primaryImageOfPage\":{\"@id\":\"https:\\\/\\\/galerijakaptol.hr\\\/index.php\\\/2025\\\/05\\\/08\\\/jerolim-mise\\\/#primaryimage\"},\"image\":{\"@id\":\"https:\\\/\\\/galerijakaptol.hr\\\/index.php\\\/2025\\\/05\\\/08\\\/jerolim-mise\\\/#primaryimage\"},\"thumbnailUrl\":\"https:\\\/\\\/galerijakaptol.hr\\\/wp-content\\\/uploads\\\/2025\\\/05\\\/IMG_3726-scaled.jpeg\",\"datePublished\":\"2025-05-08T09:32:30+00:00\",\"dateModified\":\"2025-05-08T09:32:44+00:00\",\"breadcrumb\":{\"@id\":\"https:\\\/\\\/galerijakaptol.hr\\\/index.php\\\/2025\\\/05\\\/08\\\/jerolim-mise\\\/#breadcrumb\"},\"inLanguage\":\"hr\",\"potentialAction\":[{\"@type\":\"ReadAction\",\"target\":[\"https:\\\/\\\/galerijakaptol.hr\\\/index.php\\\/2025\\\/05\\\/08\\\/jerolim-mise\\\/\"]}]},{\"@type\":\"ImageObject\",\"inLanguage\":\"hr\",\"@id\":\"https:\\\/\\\/galerijakaptol.hr\\\/index.php\\\/2025\\\/05\\\/08\\\/jerolim-mise\\\/#primaryimage\",\"url\":\"https:\\\/\\\/galerijakaptol.hr\\\/wp-content\\\/uploads\\\/2025\\\/05\\\/IMG_3726-scaled.jpeg\",\"contentUrl\":\"https:\\\/\\\/galerijakaptol.hr\\\/wp-content\\\/uploads\\\/2025\\\/05\\\/IMG_3726-scaled.jpeg\",\"width\":2560,\"height\":1701,\"caption\":\"Ku\u0107e u pejza\u017eu Tehnika: ulje na lesonitu Dimenzije: 38 x 58 cm Godina: 1958.\"},{\"@type\":\"BreadcrumbList\",\"@id\":\"https:\\\/\\\/galerijakaptol.hr\\\/index.php\\\/2025\\\/05\\\/08\\\/jerolim-mise\\\/#breadcrumb\",\"itemListElement\":[{\"@type\":\"ListItem\",\"position\":1,\"name\":\"Po\u010detna stranica\",\"item\":\"https:\\\/\\\/galerijakaptol.hr\\\/\"},{\"@type\":\"ListItem\",\"position\":2,\"name\":\"JEROLIM MI\u0160E\"}]},{\"@type\":\"WebSite\",\"@id\":\"https:\\\/\\\/galerijakaptol.hr\\\/#website\",\"url\":\"https:\\\/\\\/galerijakaptol.hr\\\/\",\"name\":\"Galerija umjetnina\",\"description\":\"\",\"publisher\":{\"@id\":\"https:\\\/\\\/galerijakaptol.hr\\\/#organization\"},\"potentialAction\":[{\"@type\":\"SearchAction\",\"target\":{\"@type\":\"EntryPoint\",\"urlTemplate\":\"https:\\\/\\\/galerijakaptol.hr\\\/?s={search_term_string}\"},\"query-input\":{\"@type\":\"PropertyValueSpecification\",\"valueRequired\":true,\"valueName\":\"search_term_string\"}}],\"inLanguage\":\"hr\"},{\"@type\":\"Organization\",\"@id\":\"https:\\\/\\\/galerijakaptol.hr\\\/#organization\",\"name\":\"Galerija umjetnina\",\"url\":\"https:\\\/\\\/galerijakaptol.hr\\\/\",\"logo\":{\"@type\":\"ImageObject\",\"inLanguage\":\"hr\",\"@id\":\"https:\\\/\\\/galerijakaptol.hr\\\/#\\\/schema\\\/logo\\\/image\\\/\",\"url\":\"https:\\\/\\\/galerijakaptol.hr\\\/wp-content\\\/uploads\\\/2023\\\/09\\\/logo-Kaptol-Galerija.png\",\"contentUrl\":\"https:\\\/\\\/galerijakaptol.hr\\\/wp-content\\\/uploads\\\/2023\\\/09\\\/logo-Kaptol-Galerija.png\",\"width\":342,\"height\":72,\"caption\":\"Galerija umjetnina\"},\"image\":{\"@id\":\"https:\\\/\\\/galerijakaptol.hr\\\/#\\\/schema\\\/logo\\\/image\\\/\"}},{\"@type\":\"Person\",\"@id\":\"https:\\\/\\\/galerijakaptol.hr\\\/#\\\/schema\\\/person\\\/f3d1dc228981eca5894740a7ccd795df\",\"name\":\"admin\",\"sameAs\":[\"https:\\\/\\\/galerijakaptol.hr\"],\"url\":\"https:\\\/\\\/galerijakaptol.hr\\\/index.php\\\/author\\\/admin_gk\\\/\"}]}<\/script>\n<!-- \/ Yoast SEO plugin. -->","yoast_head_json":{"title":"JEROLIM MI\u0160E - Galerija umjetnina","robots":{"index":"index","follow":"follow","max-snippet":"max-snippet:-1","max-image-preview":"max-image-preview:large","max-video-preview":"max-video-preview:-1"},"canonical":"https:\/\/galerijakaptol.hr\/index.php\/2025\/05\/08\/jerolim-mise\/","og_locale":"hr_HR","og_type":"article","og_title":"JEROLIM MI\u0160E - Galerija umjetnina","og_description":"Mi\u0161e, Jerolim, hrvatski slikar i likovni kriti\u010dar (Split, 25.\u00a0IX.\u00a01890 \u2013 Split, 14.\u00a0IX.\u00a01970). Poha\u0111ao je Graditeljsku, zanatlijsku i umjetni\u010dku \u0161kolu u Splitu 1908\u201309., ALU u Zagrebu 1910\u201311. te umjetni\u010dke \u0161kole u Rimu 1912. i Firenci 1913. Od 1923. radi u Zagrebu kao nastavnik u obrtnoj \u0161koli i \u017eenskoj gimnaziji (1936. je na usavr\u0161ivanju u Parizu). Od [&hellip;]","og_url":"https:\/\/galerijakaptol.hr\/index.php\/2025\/05\/08\/jerolim-mise\/","og_site_name":"Galerija umjetnina","article_published_time":"2025-05-08T09:32:30+00:00","article_modified_time":"2025-05-08T09:32:44+00:00","og_image":[{"width":2560,"height":1701,"url":"https:\/\/galerijakaptol.hr\/wp-content\/uploads\/2025\/05\/IMG_3726-scaled.jpeg","type":"image\/jpeg"}],"author":"admin","twitter_card":"summary_large_image","twitter_misc":{"Napisao\/la":"admin","Procijenjeno vrijeme \u010ditanja":"2 minute"},"schema":{"@context":"https:\/\/schema.org","@graph":[{"@type":"Article","@id":"https:\/\/galerijakaptol.hr\/index.php\/2025\/05\/08\/jerolim-mise\/#article","isPartOf":{"@id":"https:\/\/galerijakaptol.hr\/index.php\/2025\/05\/08\/jerolim-mise\/"},"author":{"name":"admin","@id":"https:\/\/galerijakaptol.hr\/#\/schema\/person\/f3d1dc228981eca5894740a7ccd795df"},"headline":"JEROLIM MI\u0160E","datePublished":"2025-05-08T09:32:30+00:00","dateModified":"2025-05-08T09:32:44+00:00","mainEntityOfPage":{"@id":"https:\/\/galerijakaptol.hr\/index.php\/2025\/05\/08\/jerolim-mise\/"},"wordCount":267,"publisher":{"@id":"https:\/\/galerijakaptol.hr\/#organization"},"image":{"@id":"https:\/\/galerijakaptol.hr\/index.php\/2025\/05\/08\/jerolim-mise\/#primaryimage"},"thumbnailUrl":"https:\/\/galerijakaptol.hr\/wp-content\/uploads\/2025\/05\/IMG_3726-scaled.jpeg","articleSection":["Blog","Fundus"],"inLanguage":"hr"},{"@type":"WebPage","@id":"https:\/\/galerijakaptol.hr\/index.php\/2025\/05\/08\/jerolim-mise\/","url":"https:\/\/galerijakaptol.hr\/index.php\/2025\/05\/08\/jerolim-mise\/","name":"JEROLIM MI\u0160E - Galerija umjetnina","isPartOf":{"@id":"https:\/\/galerijakaptol.hr\/#website"},"primaryImageOfPage":{"@id":"https:\/\/galerijakaptol.hr\/index.php\/2025\/05\/08\/jerolim-mise\/#primaryimage"},"image":{"@id":"https:\/\/galerijakaptol.hr\/index.php\/2025\/05\/08\/jerolim-mise\/#primaryimage"},"thumbnailUrl":"https:\/\/galerijakaptol.hr\/wp-content\/uploads\/2025\/05\/IMG_3726-scaled.jpeg","datePublished":"2025-05-08T09:32:30+00:00","dateModified":"2025-05-08T09:32:44+00:00","breadcrumb":{"@id":"https:\/\/galerijakaptol.hr\/index.php\/2025\/05\/08\/jerolim-mise\/#breadcrumb"},"inLanguage":"hr","potentialAction":[{"@type":"ReadAction","target":["https:\/\/galerijakaptol.hr\/index.php\/2025\/05\/08\/jerolim-mise\/"]}]},{"@type":"ImageObject","inLanguage":"hr","@id":"https:\/\/galerijakaptol.hr\/index.php\/2025\/05\/08\/jerolim-mise\/#primaryimage","url":"https:\/\/galerijakaptol.hr\/wp-content\/uploads\/2025\/05\/IMG_3726-scaled.jpeg","contentUrl":"https:\/\/galerijakaptol.hr\/wp-content\/uploads\/2025\/05\/IMG_3726-scaled.jpeg","width":2560,"height":1701,"caption":"Ku\u0107e u pejza\u017eu Tehnika: ulje na lesonitu Dimenzije: 38 x 58 cm Godina: 1958."},{"@type":"BreadcrumbList","@id":"https:\/\/galerijakaptol.hr\/index.php\/2025\/05\/08\/jerolim-mise\/#breadcrumb","itemListElement":[{"@type":"ListItem","position":1,"name":"Po\u010detna stranica","item":"https:\/\/galerijakaptol.hr\/"},{"@type":"ListItem","position":2,"name":"JEROLIM MI\u0160E"}]},{"@type":"WebSite","@id":"https:\/\/galerijakaptol.hr\/#website","url":"https:\/\/galerijakaptol.hr\/","name":"Galerija umjetnina","description":"","publisher":{"@id":"https:\/\/galerijakaptol.hr\/#organization"},"potentialAction":[{"@type":"SearchAction","target":{"@type":"EntryPoint","urlTemplate":"https:\/\/galerijakaptol.hr\/?s={search_term_string}"},"query-input":{"@type":"PropertyValueSpecification","valueRequired":true,"valueName":"search_term_string"}}],"inLanguage":"hr"},{"@type":"Organization","@id":"https:\/\/galerijakaptol.hr\/#organization","name":"Galerija umjetnina","url":"https:\/\/galerijakaptol.hr\/","logo":{"@type":"ImageObject","inLanguage":"hr","@id":"https:\/\/galerijakaptol.hr\/#\/schema\/logo\/image\/","url":"https:\/\/galerijakaptol.hr\/wp-content\/uploads\/2023\/09\/logo-Kaptol-Galerija.png","contentUrl":"https:\/\/galerijakaptol.hr\/wp-content\/uploads\/2023\/09\/logo-Kaptol-Galerija.png","width":342,"height":72,"caption":"Galerija umjetnina"},"image":{"@id":"https:\/\/galerijakaptol.hr\/#\/schema\/logo\/image\/"}},{"@type":"Person","@id":"https:\/\/galerijakaptol.hr\/#\/schema\/person\/f3d1dc228981eca5894740a7ccd795df","name":"admin","sameAs":["https:\/\/galerijakaptol.hr"],"url":"https:\/\/galerijakaptol.hr\/index.php\/author\/admin_gk\/"}]}},"jetpack_featured_media_url":"https:\/\/galerijakaptol.hr\/wp-content\/uploads\/2025\/05\/IMG_3726-scaled.jpeg","jetpack_sharing_enabled":true,"_links":{"self":[{"href":"https:\/\/galerijakaptol.hr\/index.php\/wp-json\/wp\/v2\/posts\/3709","targetHints":{"allow":["GET"]}}],"collection":[{"href":"https:\/\/galerijakaptol.hr\/index.php\/wp-json\/wp\/v2\/posts"}],"about":[{"href":"https:\/\/galerijakaptol.hr\/index.php\/wp-json\/wp\/v2\/types\/post"}],"author":[{"embeddable":true,"href":"https:\/\/galerijakaptol.hr\/index.php\/wp-json\/wp\/v2\/users\/1"}],"replies":[{"embeddable":true,"href":"https:\/\/galerijakaptol.hr\/index.php\/wp-json\/wp\/v2\/comments?post=3709"}],"version-history":[{"count":1,"href":"https:\/\/galerijakaptol.hr\/index.php\/wp-json\/wp\/v2\/posts\/3709\/revisions"}],"predecessor-version":[{"id":3710,"href":"https:\/\/galerijakaptol.hr\/index.php\/wp-json\/wp\/v2\/posts\/3709\/revisions\/3710"}],"wp:featuredmedia":[{"embeddable":true,"href":"https:\/\/galerijakaptol.hr\/index.php\/wp-json\/wp\/v2\/media\/3708"}],"wp:attachment":[{"href":"https:\/\/galerijakaptol.hr\/index.php\/wp-json\/wp\/v2\/media?parent=3709"}],"wp:term":[{"taxonomy":"category","embeddable":true,"href":"https:\/\/galerijakaptol.hr\/index.php\/wp-json\/wp\/v2\/categories?post=3709"},{"taxonomy":"post_tag","embeddable":true,"href":"https:\/\/galerijakaptol.hr\/index.php\/wp-json\/wp\/v2\/tags?post=3709"}],"curies":[{"name":"wp","href":"https:\/\/api.w.org\/{rel}","templated":true}]}}