{"id":389,"date":"2023-09-12T19:54:35","date_gmt":"2023-09-12T19:54:35","guid":{"rendered":"https:\/\/galerijakaptol.hr\/?p=389"},"modified":"2026-02-14T10:18:19","modified_gmt":"2026-02-14T10:18:19","slug":"ismet-mujezinovic","status":"publish","type":"post","link":"https:\/\/galerijakaptol.hr\/index.php\/2023\/09\/12\/ismet-mujezinovic\/","title":{"rendered":"ISMET MUJEZINOVI\u0106"},"content":{"rendered":"<p>Ismet Mujezinovi\u0107 je ro\u0111en 2. prosinca 1907. u\u00a0<a href=\"https:\/\/hr.wikipedia.org\/wiki\/Tuzla\">Tuzli<\/a>. Zavr\u0161io Likovnu akademiju u\u00a0<a href=\"https:\/\/hr.wikipedia.org\/wiki\/Zagreb\">Zagrebu<\/a>, a po njenom zavr\u0161etku boravi u\u00a0<a href=\"https:\/\/hr.wikipedia.org\/wiki\/Francuska\">Francuskoj<\/a>, gdje poha\u0111a povijesti umjetnosti na\u00a0<a href=\"https:\/\/hr.wikipedia.org\/wiki\/Sorbonne\">Sorbonne<\/a>. U listopadu 1926. prire\u0111uje prvu samostalnu izlo\u017ebu u\u00a0<a href=\"https:\/\/hr.wikipedia.org\/wiki\/Sarajevo\">Sarajevu<\/a>. Prvu zna\u010dajnu cjelinu slika, s povijesno-kriti\u010dkog aspekta, sa\u010dinjavaju platna naslikana u tada aktualnoj konstruktivnoj formi, a me\u0111u ovim ono najbolje u okviru takvog shva\u0107anja Mujezinovi\u0107 je postigao na portretima porodice \u010caldarovi\u0107, slikanim 1927. godine za vrijeme ljetnih raspusta u\u00a0<a href=\"https:\/\/hr.wikipedia.org\/wiki\/Bijeljina\">Bijeljini<\/a>. U\u00a0<a href=\"https:\/\/hr.wikipedia.org\/wiki\/Beograd\">Beogradu<\/a>\u00a0je prvi put izlagao 1930. godine. Dvije godine boravka u\u00a0<a href=\"https:\/\/hr.wikipedia.org\/wiki\/Pariz\">Parizu<\/a>, od 1931. do 1933, ne mogu se pratiti na uobi\u010dajen na\u010din iako je Mujezinovi\u0107 tada, kao i prije i kasnije, bio veoma produktivan.<\/p>\n<p>Pro\u0161irio je svoje interesiranje na druge oblasti naro\u010dito na knji\u017eevnost, kazali\u0161te i film, te studirao povijest umjetnosti. Prije povratka u\u00a0<a href=\"https:\/\/hr.wikipedia.org\/wiki\/Sarajevo\">Sarajevo<\/a>, gdje \u0107e se kona\u010dno nastaniti od 1936. godine, Mujezinovi\u0107 se zadr\u017eava u\u00a0<a href=\"https:\/\/hr.wikipedia.org\/wiki\/Zagreb\">Zagrebu<\/a>, na Akademiji 1933. i u\u00a0<a href=\"https:\/\/hr.wikipedia.org\/wiki\/Split\">Splitu<\/a>\u00a01935. godine. Od 1947. godine usredoto\u010dio se na jednu veliku temu: Prelaz preko Neretve, kojoj \u0107e sve ostalo biti podre\u0111eno.<\/p>\n<p>Umro je u Tuzli 7. sije\u010dnja 1984. godine. U njegovu \u010dast, me\u0111unarodni atelje, te jedna od dvije tuzlanske gimnazije nosi ime Ismeta Mujezinovi\u0107a.<\/p>\n","protected":false},"excerpt":{"rendered":"<p>Ismet Mujezinovi\u0107 je ro\u0111en 2. prosinca 1907. u\u00a0Tuzli. Zavr\u0161io Likovnu akademiju u\u00a0Zagrebu, a po njenom zavr\u0161etku boravi u\u00a0Francuskoj, gdje poha\u0111a povijesti umjetnosti na\u00a0Sorbonne. U listopadu 1926. prire\u0111uje prvu samostalnu izlo\u017ebu u\u00a0Sarajevu. Prvu zna\u010dajnu cjelinu slika, s povijesno-kriti\u010dkog aspekta, sa\u010dinjavaju platna naslikana u tada aktualnoj konstruktivnoj formi, a me\u0111u ovim ono najbolje u okviru takvog shva\u0107anja [&hellip;]<\/p>\n","protected":false},"author":1,"featured_media":0,"comment_status":"closed","ping_status":"open","sticky":false,"template":"blank","format":"standard","meta":{"_jetpack_memberships_contains_paid_content":false,"footnotes":""},"categories":[1],"tags":[],"class_list":["post-389","post","type-post","status-publish","format-standard","hentry","category-uncategorized"],"yoast_head":"<!-- This site is optimized with the Yoast SEO plugin v27.5 - https:\/\/yoast.com\/product\/yoast-seo-wordpress\/ -->\n<title>ISMET MUJEZINOVI\u0106 - Galerija umjetnina<\/title>\n<meta name=\"description\" content=\"Ismet Mujezinovi\u0107 je ro\u0111en 2. prosinca 1907. u\u00a0Tuzli. Zavr\u0161io Likovnu akademiju u\u00a0Zagrebu, a po njenom zavr\u0161etku boravi u\u00a0Francuskoj, gdje poha\u0111a povijesti umjetnosti na\u00a0Sorbonne. U listopadu 1926. prire\u0111uje prvu samostalnu izlo\u017ebu u\u00a0Sarajevu. Prvu zna\u010dajnu cjelinu slika, s povijesno-kriti\u010dkog aspekta, sa\u010dinjavaju platna naslikana u tada aktualnoj konstruktivnoj formi, a me\u0111u ovim ono najbolje u okviru takvog shva\u0107anja Mujezinovi\u0107 je postigao na portretima porodice \u010caldarovi\u0107, slikanim 1927. godine za vrijeme ljetnih raspusta u\u00a0Bijeljini. U\u00a0Beogradu\u00a0je prvi put izlagao 1930. godine. Dvije godine boravka u\u00a0Parizu, od 1931. do 1933, ne mogu se pratiti na uobi\u010dajen na\u010din iako je Mujezinovi\u0107 tada, kao i prije i kasnije, bio veoma produktivan.Pro\u0161irio je svoje interesiranje na druge oblasti naro\u010dito na knji\u017eevnost, kazali\u0161te i film, te studirao povijest umjetnosti. Prije povratka u\u00a0Sarajevo, gdje \u0107e se kona\u010dno nastaniti od 1936. godine, Mujezinovi\u0107 se zadr\u017eava u\u00a0Zagrebu, na Akademiji 1933. i u\u00a0Splitu\u00a01935. godine. Od 1947. godine usredoto\u010dio se na jednu veliku temu: Prelaz preko Neretve, kojoj \u0107e sve ostalo biti podre\u0111eno.Umro je u Tuzli 7. sije\u010dnja 1984. godine. U njegovu \u010dast, me\u0111unarodni atelje, te jedna od dvije tuzlanske gimnazije nosi ime Ismeta Mujezinovi\u0107a.\" \/>\n<meta name=\"robots\" content=\"index, follow, max-snippet:-1, max-image-preview:large, max-video-preview:-1\" \/>\n<link rel=\"canonical\" href=\"https:\/\/galerijakaptol.hr\/index.php\/2023\/09\/12\/ismet-mujezinovic\/\" \/>\n<meta property=\"og:locale\" content=\"hr_HR\" \/>\n<meta property=\"og:type\" content=\"article\" \/>\n<meta property=\"og:title\" content=\"ISMET MUJEZINOVI\u0106 - Galerija umjetnina\" \/>\n<meta property=\"og:description\" content=\"Ismet Mujezinovi\u0107 je ro\u0111en 2. prosinca 1907. u\u00a0Tuzli. Zavr\u0161io Likovnu akademiju u\u00a0Zagrebu, a po njenom zavr\u0161etku boravi u\u00a0Francuskoj, gdje poha\u0111a povijesti umjetnosti na\u00a0Sorbonne. U listopadu 1926. prire\u0111uje prvu samostalnu izlo\u017ebu u\u00a0Sarajevu. Prvu zna\u010dajnu cjelinu slika, s povijesno-kriti\u010dkog aspekta, sa\u010dinjavaju platna naslikana u tada aktualnoj konstruktivnoj formi, a me\u0111u ovim ono najbolje u okviru takvog shva\u0107anja Mujezinovi\u0107 je postigao na portretima porodice \u010caldarovi\u0107, slikanim 1927. godine za vrijeme ljetnih raspusta u\u00a0Bijeljini. U\u00a0Beogradu\u00a0je prvi put izlagao 1930. godine. Dvije godine boravka u\u00a0Parizu, od 1931. do 1933, ne mogu se pratiti na uobi\u010dajen na\u010din iako je Mujezinovi\u0107 tada, kao i prije i kasnije, bio veoma produktivan.Pro\u0161irio je svoje interesiranje na druge oblasti naro\u010dito na knji\u017eevnost, kazali\u0161te i film, te studirao povijest umjetnosti. Prije povratka u\u00a0Sarajevo, gdje \u0107e se kona\u010dno nastaniti od 1936. godine, Mujezinovi\u0107 se zadr\u017eava u\u00a0Zagrebu, na Akademiji 1933. i u\u00a0Splitu\u00a01935. godine. Od 1947. godine usredoto\u010dio se na jednu veliku temu: Prelaz preko Neretve, kojoj \u0107e sve ostalo biti podre\u0111eno.Umro je u Tuzli 7. sije\u010dnja 1984. godine. U njegovu \u010dast, me\u0111unarodni atelje, te jedna od dvije tuzlanske gimnazije nosi ime Ismeta Mujezinovi\u0107a.\" \/>\n<meta property=\"og:url\" content=\"https:\/\/galerijakaptol.hr\/index.php\/2023\/09\/12\/ismet-mujezinovic\/\" \/>\n<meta property=\"og:site_name\" content=\"Galerija umjetnina\" \/>\n<meta property=\"article:published_time\" content=\"2023-09-12T19:54:35+00:00\" \/>\n<meta property=\"article:modified_time\" content=\"2026-02-14T10:18:19+00:00\" \/>\n<meta name=\"author\" content=\"admin\" \/>\n<meta name=\"twitter:card\" content=\"summary_large_image\" \/>\n<meta name=\"twitter:label1\" content=\"Napisao\/la\" \/>\n\t<meta name=\"twitter:data1\" content=\"admin\" \/>\n\t<meta name=\"twitter:label2\" content=\"Procijenjeno vrijeme \u010ditanja\" \/>\n\t<meta name=\"twitter:data2\" content=\"2 minute\" \/>\n<script type=\"application\/ld+json\" class=\"yoast-schema-graph\">{\"@context\":\"https:\\\/\\\/schema.org\",\"@graph\":[{\"@type\":\"Article\",\"@id\":\"https:\\\/\\\/galerijakaptol.hr\\\/index.php\\\/2023\\\/09\\\/12\\\/ismet-mujezinovic\\\/#article\",\"isPartOf\":{\"@id\":\"https:\\\/\\\/galerijakaptol.hr\\\/index.php\\\/2023\\\/09\\\/12\\\/ismet-mujezinovic\\\/\"},\"author\":{\"name\":\"admin\",\"@id\":\"https:\\\/\\\/galerijakaptol.hr\\\/#\\\/schema\\\/person\\\/f3d1dc228981eca5894740a7ccd795df\"},\"headline\":\"ISMET MUJEZINOVI\u0106\",\"datePublished\":\"2023-09-12T19:54:35+00:00\",\"dateModified\":\"2026-02-14T10:18:19+00:00\",\"mainEntityOfPage\":{\"@id\":\"https:\\\/\\\/galerijakaptol.hr\\\/index.php\\\/2023\\\/09\\\/12\\\/ismet-mujezinovic\\\/\"},\"wordCount\":208,\"publisher\":{\"@id\":\"https:\\\/\\\/galerijakaptol.hr\\\/#organization\"},\"articleSection\":[\"Blog\"],\"inLanguage\":\"hr\"},{\"@type\":\"WebPage\",\"@id\":\"https:\\\/\\\/galerijakaptol.hr\\\/index.php\\\/2023\\\/09\\\/12\\\/ismet-mujezinovic\\\/\",\"url\":\"https:\\\/\\\/galerijakaptol.hr\\\/index.php\\\/2023\\\/09\\\/12\\\/ismet-mujezinovic\\\/\",\"name\":\"ISMET MUJEZINOVI\u0106 - Galerija umjetnina\",\"isPartOf\":{\"@id\":\"https:\\\/\\\/galerijakaptol.hr\\\/#website\"},\"datePublished\":\"2023-09-12T19:54:35+00:00\",\"dateModified\":\"2026-02-14T10:18:19+00:00\",\"description\":\"Ismet Mujezinovi\u0107 je ro\u0111en 2. prosinca 1907. u\u00a0Tuzli. Zavr\u0161io Likovnu akademiju u\u00a0Zagrebu, a po njenom zavr\u0161etku boravi u\u00a0Francuskoj, gdje poha\u0111a povijesti umjetnosti na\u00a0Sorbonne. U listopadu 1926. prire\u0111uje prvu samostalnu izlo\u017ebu u\u00a0Sarajevu. Prvu zna\u010dajnu cjelinu slika, s povijesno-kriti\u010dkog aspekta, sa\u010dinjavaju platna naslikana u tada aktualnoj konstruktivnoj formi, a me\u0111u ovim ono najbolje u okviru takvog shva\u0107anja Mujezinovi\u0107 je postigao na portretima porodice \u010caldarovi\u0107, slikanim 1927. godine za vrijeme ljetnih raspusta u\u00a0Bijeljini. U\u00a0Beogradu\u00a0je prvi put izlagao 1930. godine. Dvije godine boravka u\u00a0Parizu, od 1931. do 1933, ne mogu se pratiti na uobi\u010dajen na\u010din iako je Mujezinovi\u0107 tada, kao i prije i kasnije, bio veoma produktivan.Pro\u0161irio je svoje interesiranje na druge oblasti naro\u010dito na knji\u017eevnost, kazali\u0161te i film, te studirao povijest umjetnosti. Prije povratka u\u00a0Sarajevo, gdje \u0107e se kona\u010dno nastaniti od 1936. godine, Mujezinovi\u0107 se zadr\u017eava u\u00a0Zagrebu, na Akademiji 1933. i u\u00a0Splitu\u00a01935. godine. Od 1947. godine usredoto\u010dio se na jednu veliku temu: Prelaz preko Neretve, kojoj \u0107e sve ostalo biti podre\u0111eno.Umro je u Tuzli 7. sije\u010dnja 1984. godine. U njegovu \u010dast, me\u0111unarodni atelje, te jedna od dvije tuzlanske gimnazije nosi ime Ismeta Mujezinovi\u0107a.\",\"breadcrumb\":{\"@id\":\"https:\\\/\\\/galerijakaptol.hr\\\/index.php\\\/2023\\\/09\\\/12\\\/ismet-mujezinovic\\\/#breadcrumb\"},\"inLanguage\":\"hr\",\"potentialAction\":[{\"@type\":\"ReadAction\",\"target\":[\"https:\\\/\\\/galerijakaptol.hr\\\/index.php\\\/2023\\\/09\\\/12\\\/ismet-mujezinovic\\\/\"]}]},{\"@type\":\"BreadcrumbList\",\"@id\":\"https:\\\/\\\/galerijakaptol.hr\\\/index.php\\\/2023\\\/09\\\/12\\\/ismet-mujezinovic\\\/#breadcrumb\",\"itemListElement\":[{\"@type\":\"ListItem\",\"position\":1,\"name\":\"Po\u010detna stranica\",\"item\":\"https:\\\/\\\/galerijakaptol.hr\\\/\"},{\"@type\":\"ListItem\",\"position\":2,\"name\":\"ISMET MUJEZINOVI\u0106\"}]},{\"@type\":\"WebSite\",\"@id\":\"https:\\\/\\\/galerijakaptol.hr\\\/#website\",\"url\":\"https:\\\/\\\/galerijakaptol.hr\\\/\",\"name\":\"Galerija umjetnina\",\"description\":\"\",\"publisher\":{\"@id\":\"https:\\\/\\\/galerijakaptol.hr\\\/#organization\"},\"potentialAction\":[{\"@type\":\"SearchAction\",\"target\":{\"@type\":\"EntryPoint\",\"urlTemplate\":\"https:\\\/\\\/galerijakaptol.hr\\\/?s={search_term_string}\"},\"query-input\":{\"@type\":\"PropertyValueSpecification\",\"valueRequired\":true,\"valueName\":\"search_term_string\"}}],\"inLanguage\":\"hr\"},{\"@type\":\"Organization\",\"@id\":\"https:\\\/\\\/galerijakaptol.hr\\\/#organization\",\"name\":\"Galerija umjetnina\",\"url\":\"https:\\\/\\\/galerijakaptol.hr\\\/\",\"logo\":{\"@type\":\"ImageObject\",\"inLanguage\":\"hr\",\"@id\":\"https:\\\/\\\/galerijakaptol.hr\\\/#\\\/schema\\\/logo\\\/image\\\/\",\"url\":\"https:\\\/\\\/galerijakaptol.hr\\\/wp-content\\\/uploads\\\/2023\\\/09\\\/logo-Kaptol-Galerija.png\",\"contentUrl\":\"https:\\\/\\\/galerijakaptol.hr\\\/wp-content\\\/uploads\\\/2023\\\/09\\\/logo-Kaptol-Galerija.png\",\"width\":342,\"height\":72,\"caption\":\"Galerija umjetnina\"},\"image\":{\"@id\":\"https:\\\/\\\/galerijakaptol.hr\\\/#\\\/schema\\\/logo\\\/image\\\/\"}},{\"@type\":\"Person\",\"@id\":\"https:\\\/\\\/galerijakaptol.hr\\\/#\\\/schema\\\/person\\\/f3d1dc228981eca5894740a7ccd795df\",\"name\":\"admin\",\"sameAs\":[\"https:\\\/\\\/galerijakaptol.hr\"],\"url\":\"https:\\\/\\\/galerijakaptol.hr\\\/index.php\\\/author\\\/admin_gk\\\/\"}]}<\/script>\n<!-- \/ Yoast SEO plugin. -->","yoast_head_json":{"title":"ISMET MUJEZINOVI\u0106 - Galerija umjetnina","description":"Ismet Mujezinovi\u0107 je ro\u0111en 2. prosinca 1907. u\u00a0Tuzli. Zavr\u0161io Likovnu akademiju u\u00a0Zagrebu, a po njenom zavr\u0161etku boravi u\u00a0Francuskoj, gdje poha\u0111a povijesti umjetnosti na\u00a0Sorbonne. U listopadu 1926. prire\u0111uje prvu samostalnu izlo\u017ebu u\u00a0Sarajevu. Prvu zna\u010dajnu cjelinu slika, s povijesno-kriti\u010dkog aspekta, sa\u010dinjavaju platna naslikana u tada aktualnoj konstruktivnoj formi, a me\u0111u ovim ono najbolje u okviru takvog shva\u0107anja Mujezinovi\u0107 je postigao na portretima porodice \u010caldarovi\u0107, slikanim 1927. godine za vrijeme ljetnih raspusta u\u00a0Bijeljini. U\u00a0Beogradu\u00a0je prvi put izlagao 1930. godine. Dvije godine boravka u\u00a0Parizu, od 1931. do 1933, ne mogu se pratiti na uobi\u010dajen na\u010din iako je Mujezinovi\u0107 tada, kao i prije i kasnije, bio veoma produktivan.Pro\u0161irio je svoje interesiranje na druge oblasti naro\u010dito na knji\u017eevnost, kazali\u0161te i film, te studirao povijest umjetnosti. Prije povratka u\u00a0Sarajevo, gdje \u0107e se kona\u010dno nastaniti od 1936. godine, Mujezinovi\u0107 se zadr\u017eava u\u00a0Zagrebu, na Akademiji 1933. i u\u00a0Splitu\u00a01935. godine. Od 1947. godine usredoto\u010dio se na jednu veliku temu: Prelaz preko Neretve, kojoj \u0107e sve ostalo biti podre\u0111eno.Umro je u Tuzli 7. sije\u010dnja 1984. godine. U njegovu \u010dast, me\u0111unarodni atelje, te jedna od dvije tuzlanske gimnazije nosi ime Ismeta Mujezinovi\u0107a.","robots":{"index":"index","follow":"follow","max-snippet":"max-snippet:-1","max-image-preview":"max-image-preview:large","max-video-preview":"max-video-preview:-1"},"canonical":"https:\/\/galerijakaptol.hr\/index.php\/2023\/09\/12\/ismet-mujezinovic\/","og_locale":"hr_HR","og_type":"article","og_title":"ISMET MUJEZINOVI\u0106 - Galerija umjetnina","og_description":"Ismet Mujezinovi\u0107 je ro\u0111en 2. prosinca 1907. u\u00a0Tuzli. Zavr\u0161io Likovnu akademiju u\u00a0Zagrebu, a po njenom zavr\u0161etku boravi u\u00a0Francuskoj, gdje poha\u0111a povijesti umjetnosti na\u00a0Sorbonne. U listopadu 1926. prire\u0111uje prvu samostalnu izlo\u017ebu u\u00a0Sarajevu. Prvu zna\u010dajnu cjelinu slika, s povijesno-kriti\u010dkog aspekta, sa\u010dinjavaju platna naslikana u tada aktualnoj konstruktivnoj formi, a me\u0111u ovim ono najbolje u okviru takvog shva\u0107anja Mujezinovi\u0107 je postigao na portretima porodice \u010caldarovi\u0107, slikanim 1927. godine za vrijeme ljetnih raspusta u\u00a0Bijeljini. U\u00a0Beogradu\u00a0je prvi put izlagao 1930. godine. Dvije godine boravka u\u00a0Parizu, od 1931. do 1933, ne mogu se pratiti na uobi\u010dajen na\u010din iako je Mujezinovi\u0107 tada, kao i prije i kasnije, bio veoma produktivan.Pro\u0161irio je svoje interesiranje na druge oblasti naro\u010dito na knji\u017eevnost, kazali\u0161te i film, te studirao povijest umjetnosti. Prije povratka u\u00a0Sarajevo, gdje \u0107e se kona\u010dno nastaniti od 1936. godine, Mujezinovi\u0107 se zadr\u017eava u\u00a0Zagrebu, na Akademiji 1933. i u\u00a0Splitu\u00a01935. godine. Od 1947. godine usredoto\u010dio se na jednu veliku temu: Prelaz preko Neretve, kojoj \u0107e sve ostalo biti podre\u0111eno.Umro je u Tuzli 7. sije\u010dnja 1984. godine. U njegovu \u010dast, me\u0111unarodni atelje, te jedna od dvije tuzlanske gimnazije nosi ime Ismeta Mujezinovi\u0107a.","og_url":"https:\/\/galerijakaptol.hr\/index.php\/2023\/09\/12\/ismet-mujezinovic\/","og_site_name":"Galerija umjetnina","article_published_time":"2023-09-12T19:54:35+00:00","article_modified_time":"2026-02-14T10:18:19+00:00","author":"admin","twitter_card":"summary_large_image","twitter_misc":{"Napisao\/la":"admin","Procijenjeno vrijeme \u010ditanja":"2 minute"},"schema":{"@context":"https:\/\/schema.org","@graph":[{"@type":"Article","@id":"https:\/\/galerijakaptol.hr\/index.php\/2023\/09\/12\/ismet-mujezinovic\/#article","isPartOf":{"@id":"https:\/\/galerijakaptol.hr\/index.php\/2023\/09\/12\/ismet-mujezinovic\/"},"author":{"name":"admin","@id":"https:\/\/galerijakaptol.hr\/#\/schema\/person\/f3d1dc228981eca5894740a7ccd795df"},"headline":"ISMET MUJEZINOVI\u0106","datePublished":"2023-09-12T19:54:35+00:00","dateModified":"2026-02-14T10:18:19+00:00","mainEntityOfPage":{"@id":"https:\/\/galerijakaptol.hr\/index.php\/2023\/09\/12\/ismet-mujezinovic\/"},"wordCount":208,"publisher":{"@id":"https:\/\/galerijakaptol.hr\/#organization"},"articleSection":["Blog"],"inLanguage":"hr"},{"@type":"WebPage","@id":"https:\/\/galerijakaptol.hr\/index.php\/2023\/09\/12\/ismet-mujezinovic\/","url":"https:\/\/galerijakaptol.hr\/index.php\/2023\/09\/12\/ismet-mujezinovic\/","name":"ISMET MUJEZINOVI\u0106 - Galerija umjetnina","isPartOf":{"@id":"https:\/\/galerijakaptol.hr\/#website"},"datePublished":"2023-09-12T19:54:35+00:00","dateModified":"2026-02-14T10:18:19+00:00","description":"Ismet Mujezinovi\u0107 je ro\u0111en 2. prosinca 1907. u\u00a0Tuzli. Zavr\u0161io Likovnu akademiju u\u00a0Zagrebu, a po njenom zavr\u0161etku boravi u\u00a0Francuskoj, gdje poha\u0111a povijesti umjetnosti na\u00a0Sorbonne. U listopadu 1926. prire\u0111uje prvu samostalnu izlo\u017ebu u\u00a0Sarajevu. Prvu zna\u010dajnu cjelinu slika, s povijesno-kriti\u010dkog aspekta, sa\u010dinjavaju platna naslikana u tada aktualnoj konstruktivnoj formi, a me\u0111u ovim ono najbolje u okviru takvog shva\u0107anja Mujezinovi\u0107 je postigao na portretima porodice \u010caldarovi\u0107, slikanim 1927. godine za vrijeme ljetnih raspusta u\u00a0Bijeljini. U\u00a0Beogradu\u00a0je prvi put izlagao 1930. godine. Dvije godine boravka u\u00a0Parizu, od 1931. do 1933, ne mogu se pratiti na uobi\u010dajen na\u010din iako je Mujezinovi\u0107 tada, kao i prije i kasnije, bio veoma produktivan.Pro\u0161irio je svoje interesiranje na druge oblasti naro\u010dito na knji\u017eevnost, kazali\u0161te i film, te studirao povijest umjetnosti. Prije povratka u\u00a0Sarajevo, gdje \u0107e se kona\u010dno nastaniti od 1936. godine, Mujezinovi\u0107 se zadr\u017eava u\u00a0Zagrebu, na Akademiji 1933. i u\u00a0Splitu\u00a01935. godine. Od 1947. godine usredoto\u010dio se na jednu veliku temu: Prelaz preko Neretve, kojoj \u0107e sve ostalo biti podre\u0111eno.Umro je u Tuzli 7. sije\u010dnja 1984. godine. U njegovu \u010dast, me\u0111unarodni atelje, te jedna od dvije tuzlanske gimnazije nosi ime Ismeta Mujezinovi\u0107a.","breadcrumb":{"@id":"https:\/\/galerijakaptol.hr\/index.php\/2023\/09\/12\/ismet-mujezinovic\/#breadcrumb"},"inLanguage":"hr","potentialAction":[{"@type":"ReadAction","target":["https:\/\/galerijakaptol.hr\/index.php\/2023\/09\/12\/ismet-mujezinovic\/"]}]},{"@type":"BreadcrumbList","@id":"https:\/\/galerijakaptol.hr\/index.php\/2023\/09\/12\/ismet-mujezinovic\/#breadcrumb","itemListElement":[{"@type":"ListItem","position":1,"name":"Po\u010detna stranica","item":"https:\/\/galerijakaptol.hr\/"},{"@type":"ListItem","position":2,"name":"ISMET MUJEZINOVI\u0106"}]},{"@type":"WebSite","@id":"https:\/\/galerijakaptol.hr\/#website","url":"https:\/\/galerijakaptol.hr\/","name":"Galerija umjetnina","description":"","publisher":{"@id":"https:\/\/galerijakaptol.hr\/#organization"},"potentialAction":[{"@type":"SearchAction","target":{"@type":"EntryPoint","urlTemplate":"https:\/\/galerijakaptol.hr\/?s={search_term_string}"},"query-input":{"@type":"PropertyValueSpecification","valueRequired":true,"valueName":"search_term_string"}}],"inLanguage":"hr"},{"@type":"Organization","@id":"https:\/\/galerijakaptol.hr\/#organization","name":"Galerija umjetnina","url":"https:\/\/galerijakaptol.hr\/","logo":{"@type":"ImageObject","inLanguage":"hr","@id":"https:\/\/galerijakaptol.hr\/#\/schema\/logo\/image\/","url":"https:\/\/galerijakaptol.hr\/wp-content\/uploads\/2023\/09\/logo-Kaptol-Galerija.png","contentUrl":"https:\/\/galerijakaptol.hr\/wp-content\/uploads\/2023\/09\/logo-Kaptol-Galerija.png","width":342,"height":72,"caption":"Galerija umjetnina"},"image":{"@id":"https:\/\/galerijakaptol.hr\/#\/schema\/logo\/image\/"}},{"@type":"Person","@id":"https:\/\/galerijakaptol.hr\/#\/schema\/person\/f3d1dc228981eca5894740a7ccd795df","name":"admin","sameAs":["https:\/\/galerijakaptol.hr"],"url":"https:\/\/galerijakaptol.hr\/index.php\/author\/admin_gk\/"}]}},"jetpack_featured_media_url":"","jetpack_sharing_enabled":true,"_links":{"self":[{"href":"https:\/\/galerijakaptol.hr\/index.php\/wp-json\/wp\/v2\/posts\/389","targetHints":{"allow":["GET"]}}],"collection":[{"href":"https:\/\/galerijakaptol.hr\/index.php\/wp-json\/wp\/v2\/posts"}],"about":[{"href":"https:\/\/galerijakaptol.hr\/index.php\/wp-json\/wp\/v2\/types\/post"}],"author":[{"embeddable":true,"href":"https:\/\/galerijakaptol.hr\/index.php\/wp-json\/wp\/v2\/users\/1"}],"replies":[{"embeddable":true,"href":"https:\/\/galerijakaptol.hr\/index.php\/wp-json\/wp\/v2\/comments?post=389"}],"version-history":[{"count":4,"href":"https:\/\/galerijakaptol.hr\/index.php\/wp-json\/wp\/v2\/posts\/389\/revisions"}],"predecessor-version":[{"id":4383,"href":"https:\/\/galerijakaptol.hr\/index.php\/wp-json\/wp\/v2\/posts\/389\/revisions\/4383"}],"wp:attachment":[{"href":"https:\/\/galerijakaptol.hr\/index.php\/wp-json\/wp\/v2\/media?parent=389"}],"wp:term":[{"taxonomy":"category","embeddable":true,"href":"https:\/\/galerijakaptol.hr\/index.php\/wp-json\/wp\/v2\/categories?post=389"},{"taxonomy":"post_tag","embeddable":true,"href":"https:\/\/galerijakaptol.hr\/index.php\/wp-json\/wp\/v2\/tags?post=389"}],"curies":[{"name":"wp","href":"https:\/\/api.w.org\/{rel}","templated":true}]}}