{"id":393,"date":"2023-09-12T19:55:49","date_gmt":"2023-09-12T19:55:49","guid":{"rendered":"https:\/\/galerijakaptol.hr\/?p=393"},"modified":"2025-11-27T10:20:46","modified_gmt":"2025-11-27T10:20:46","slug":"ivan-generalic","status":"publish","type":"post","link":"https:\/\/galerijakaptol.hr\/index.php\/2023\/09\/12\/ivan-generalic\/","title":{"rendered":"IVAN GENERALI\u0106"},"content":{"rendered":"<p><strong>Generali\u0107, Ivan,<\/strong>\u00a0hrvatski\u00a0naivni slikar\u00a0(Hlebine,\u00a021.\u00a0XII.\u00a01914\u00a0\u2013\u00a0Koprivnica,\u00a027.\u00a0XI.\u00a01992). Po zanimanju poljodjelac, sredi\u0161nja li\u010dnost hlebinske slikarske \u0161kole. Njegovu nadarenost uo\u010dio je K. Hegedu\u0161i\u0107 koji ga je uputio u osnove slikarskog umije\u0107a. Prvi je put izlagao s skupinom\u00a0<em>Zemlja<\/em>\u00a01931. crte\u017ee i akvarele koje karakterizira socijalnokriti\u010dki realizam blizak te\u017enjama skupine (<em>Zima u Hlebinama,<\/em>\u00a01931;\u00a0<em>Tu\u010dnjava na pro\u0161tenju,<\/em>\u00a01933). Poslije je slikao ve\u0107inom na staklu uljem ili temperom narativne motive iz \u017eivota na selu i rada u polju, podravske krajolike i mrtve prirode (<em>Sprovod \u0160tefa Hala\u010deka,<\/em>\u00a01934;\u00a0<em>Ciganski svati,<\/em>\u00a01936;\u00a0<em>U \u0161umi,<\/em>\u00a01938;\u00a0<em>Otok,<\/em>\u00a01940;\u00a0<em>Mrtvi pevec,<\/em>\u00a01954;\u00a0<em>Smrt mog prijatelja Viriusa, Drvosje\u010de<\/em>\u00a0i\u00a0<em>Jelenski svati,<\/em>\u00a0sve naslikane 1959). Nakon 1970. mijenja morfologiju i na\u010din slikanja priklanjaju\u0107i se simboli\u010dkim i egzistencijalnim sadr\u017eajima, a na gotovo monokromnim slikama pojedinosti uve\u0107ava do monumentalnih razmjera (<em>Autoportret,<\/em>\u00a01975).<\/p>\n<p>U tehnici i tematici Generali\u0107 povezuje razli\u010dite elemente: od pu\u010dkoga likovnoga govora, folkornoga slikanja na staklu i Breugelova neposrednog realizma do poetskoga naivizma H. Rousseaua i nadrealizma, koje nadopunjuje vlastitim zahvatom u zbilju seoskoga \u017eivota. Figure su na njegovim slikama rustikalne i gotovo plo\u0161ne, smje\u0161tene uglavnom u prednjem planu slike s poetiziranim krajolikom u pozadini, koje donosi minuciozno s mnogo detalja, osobito koraljne kro\u0161nje stabala koje postaju oznakom njegova stila. Posebnu pozornost pridaje perspektivi i prostoru, a u koloritu se isti\u010du istan\u010dani tonski prijelazi. Njegov opus jedna je od najizvornijih pojava u suvremenome hrvatskom slikarstvu.<\/p>\n<figure id=\"attachment_3704\" aria-describedby=\"caption-attachment-3704\" style=\"width: 296px\" class=\"wp-caption aligncenter\"><a href=\"https:\/\/galerijakaptol.hr\/wp-content\/uploads\/2025\/05\/3f3599cb-5444-4fa7-9637-8c141c47cb89.jpeg\"><img loading=\"lazy\" decoding=\"async\" class=\"size-medium wp-image-3704\" src=\"https:\/\/galerijakaptol.hr\/wp-content\/uploads\/2025\/05\/3f3599cb-5444-4fa7-9637-8c141c47cb89-296x300.jpeg\" alt=\"\" width=\"296\" height=\"300\" srcset=\"https:\/\/galerijakaptol.hr\/wp-content\/uploads\/2025\/05\/3f3599cb-5444-4fa7-9637-8c141c47cb89-296x300.jpeg 296w, https:\/\/galerijakaptol.hr\/wp-content\/uploads\/2025\/05\/3f3599cb-5444-4fa7-9637-8c141c47cb89-1010x1024.jpeg 1010w, https:\/\/galerijakaptol.hr\/wp-content\/uploads\/2025\/05\/3f3599cb-5444-4fa7-9637-8c141c47cb89-768x779.jpeg 768w, https:\/\/galerijakaptol.hr\/wp-content\/uploads\/2025\/05\/3f3599cb-5444-4fa7-9637-8c141c47cb89-1515x1536.jpeg 1515w, https:\/\/galerijakaptol.hr\/wp-content\/uploads\/2025\/05\/3f3599cb-5444-4fa7-9637-8c141c47cb89.jpeg 1677w\" sizes=\"auto, (max-width: 296px) 100vw, 296px\" \/><\/a><figcaption id=\"caption-attachment-3704\" class=\"wp-caption-text\"><strong>Par<\/strong><br \/>Tehnika: pastel<br \/>Dimenzije: 35 x 35 cm<br \/>Godina: 1986.<\/figcaption><\/figure>\n<figure id=\"attachment_394\" aria-describedby=\"caption-attachment-394\" style=\"width: 300px\" class=\"wp-caption aligncenter\"><a href=\"https:\/\/galerijakaptol.hr\/wp-content\/uploads\/2023\/09\/IVAN-GENERALIC-Seoska-festa.jpg\"><img loading=\"lazy\" decoding=\"async\" class=\"size-medium wp-image-394\" src=\"https:\/\/galerijakaptol.hr\/wp-content\/uploads\/2023\/09\/IVAN-GENERALIC-Seoska-festa-300x250.jpg\" alt=\"\" width=\"300\" height=\"250\" srcset=\"https:\/\/galerijakaptol.hr\/wp-content\/uploads\/2023\/09\/IVAN-GENERALIC-Seoska-festa-300x250.jpg 300w, https:\/\/galerijakaptol.hr\/wp-content\/uploads\/2023\/09\/IVAN-GENERALIC-Seoska-festa.jpg 624w\" sizes=\"auto, (max-width: 300px) 100vw, 300px\" \/><\/a><figcaption id=\"caption-attachment-394\" class=\"wp-caption-text\"><strong>Seoska fe\u0161ta<\/strong><br \/>Tehnika: ulje na lesonitu<br \/>Dimenzije: 75&#215;90 cm<br \/>Godina: 1959.<\/figcaption><\/figure>\n\n\n<p><\/p>\n","protected":false},"excerpt":{"rendered":"<p>Generali\u0107, Ivan,\u00a0hrvatski\u00a0naivni slikar\u00a0(Hlebine,\u00a021.\u00a0XII.\u00a01914\u00a0\u2013\u00a0Koprivnica,\u00a027.\u00a0XI.\u00a01992). Po zanimanju poljodjelac, sredi\u0161nja li\u010dnost hlebinske slikarske \u0161kole. Njegovu nadarenost uo\u010dio je K. Hegedu\u0161i\u0107 koji ga je uputio u osnove slikarskog umije\u0107a. Prvi je put izlagao s skupinom\u00a0Zemlja\u00a01931. crte\u017ee i akvarele koje karakterizira socijalnokriti\u010dki realizam blizak te\u017enjama skupine (Zima u Hlebinama,\u00a01931;\u00a0Tu\u010dnjava na pro\u0161tenju,\u00a01933). Poslije je slikao ve\u0107inom na staklu uljem ili temperom [&hellip;]<\/p>\n","protected":false},"author":1,"featured_media":394,"comment_status":"closed","ping_status":"open","sticky":false,"template":"blank","format":"standard","meta":{"_jetpack_memberships_contains_paid_content":false,"footnotes":""},"categories":[1],"tags":[],"class_list":["post-393","post","type-post","status-publish","format-standard","has-post-thumbnail","hentry","category-uncategorized"],"yoast_head":"<!-- This site is optimized with the Yoast SEO plugin v27.5 - https:\/\/yoast.com\/product\/yoast-seo-wordpress\/ -->\n<title>IVAN GENERALI\u0106 - Galerija umjetnina<\/title>\n<meta name=\"description\" content=\"Generali\u0107, Ivan,\u00a0hrvatski\u00a0naivni slikar\u00a0(Hlebine,\u00a021.\u00a0XII.\u00a01914\u00a0\u2013\u00a0Koprivnica,\u00a027.\u00a0XI.\u00a01992). Po zanimanju poljodjelac, sredi\u0161nja li\u010dnost hlebinske slikarske \u0161kole. Njegovu nadarenost uo\u010dio je K. Hegedu\u0161i\u0107 koji ga je uputio u osnove slikarskog umije\u0107a. Prvi je put izlagao s skupinom\u00a0Zemlja\u00a01931. crte\u017ee i akvarele koje karakterizira socijalnokriti\u010dki realizam blizak te\u017enjama skupine (Zima u Hlebinama,\u00a01931;\u00a0Tu\u010dnjava na pro\u0161tenju,\u00a01933). Poslije je slikao ve\u0107inom na staklu uljem ili temperom narativne motive iz \u017eivota na selu i rada u polju, podravske krajolike i mrtve prirode (Sprovod \u0160tefa Hala\u010deka,\u00a01934;\u00a0Ciganski svati,\u00a01936;\u00a0U \u0161umi,\u00a01938;\u00a0Otok,\u00a01940;\u00a0Mrtvi pevec,\u00a01954;\u00a0Smrt mog prijatelja Viriusa, Drvosje\u010de\u00a0i\u00a0Jelenski svati,\u00a0sve naslikane 1959). Nakon 1970. mijenja morfologiju i na\u010din slikanja priklanjaju\u0107i se simboli\u010dkim i egzistencijalnim sadr\u017eajima, a na gotovo monokromnim slikama pojedinosti uve\u0107ava do monumentalnih razmjera (Autoportret,\u00a01975).U tehnici i tematici Generali\u0107 povezuje razli\u010dite elemente: od pu\u010dkoga likovnoga govora, folkornoga slikanja na staklu i Breugelova neposrednog realizma do poetskoga naivizma H. Rousseaua i nadrealizma, koje nadopunjuje vlastitim zahvatom u zbilju seoskoga \u017eivota. Figure su na njegovim slikama rustikalne i gotovo plo\u0161ne, smje\u0161tene uglavnom u prednjem planu slike s poetiziranim krajolikom u pozadini, koje donosi minuciozno s mnogo detalja, osobito koraljne kro\u0161nje stabala koje postaju oznakom njegova stila. Posebnu pozornost pridaje perspektivi i prostoru, a u koloritu se isti\u010du istan\u010dani tonski prijelazi. Njegov opus jedna je od najizvornijih pojava u suvremenome hrvatskom slikarstvu.\" \/>\n<meta name=\"robots\" content=\"index, follow, max-snippet:-1, max-image-preview:large, max-video-preview:-1\" \/>\n<link rel=\"canonical\" href=\"https:\/\/galerijakaptol.hr\/index.php\/2023\/09\/12\/ivan-generalic\/\" \/>\n<meta property=\"og:locale\" content=\"hr_HR\" \/>\n<meta property=\"og:type\" content=\"article\" \/>\n<meta property=\"og:title\" content=\"IVAN GENERALI\u0106 - Galerija umjetnina\" \/>\n<meta property=\"og:description\" content=\"Generali\u0107, Ivan,\u00a0hrvatski\u00a0naivni slikar\u00a0(Hlebine,\u00a021.\u00a0XII.\u00a01914\u00a0\u2013\u00a0Koprivnica,\u00a027.\u00a0XI.\u00a01992). Po zanimanju poljodjelac, sredi\u0161nja li\u010dnost hlebinske slikarske \u0161kole. Njegovu nadarenost uo\u010dio je K. Hegedu\u0161i\u0107 koji ga je uputio u osnove slikarskog umije\u0107a. Prvi je put izlagao s skupinom\u00a0Zemlja\u00a01931. crte\u017ee i akvarele koje karakterizira socijalnokriti\u010dki realizam blizak te\u017enjama skupine (Zima u Hlebinama,\u00a01931;\u00a0Tu\u010dnjava na pro\u0161tenju,\u00a01933). Poslije je slikao ve\u0107inom na staklu uljem ili temperom narativne motive iz \u017eivota na selu i rada u polju, podravske krajolike i mrtve prirode (Sprovod \u0160tefa Hala\u010deka,\u00a01934;\u00a0Ciganski svati,\u00a01936;\u00a0U \u0161umi,\u00a01938;\u00a0Otok,\u00a01940;\u00a0Mrtvi pevec,\u00a01954;\u00a0Smrt mog prijatelja Viriusa, Drvosje\u010de\u00a0i\u00a0Jelenski svati,\u00a0sve naslikane 1959). Nakon 1970. mijenja morfologiju i na\u010din slikanja priklanjaju\u0107i se simboli\u010dkim i egzistencijalnim sadr\u017eajima, a na gotovo monokromnim slikama pojedinosti uve\u0107ava do monumentalnih razmjera (Autoportret,\u00a01975).U tehnici i tematici Generali\u0107 povezuje razli\u010dite elemente: od pu\u010dkoga likovnoga govora, folkornoga slikanja na staklu i Breugelova neposrednog realizma do poetskoga naivizma H. Rousseaua i nadrealizma, koje nadopunjuje vlastitim zahvatom u zbilju seoskoga \u017eivota. Figure su na njegovim slikama rustikalne i gotovo plo\u0161ne, smje\u0161tene uglavnom u prednjem planu slike s poetiziranim krajolikom u pozadini, koje donosi minuciozno s mnogo detalja, osobito koraljne kro\u0161nje stabala koje postaju oznakom njegova stila. Posebnu pozornost pridaje perspektivi i prostoru, a u koloritu se isti\u010du istan\u010dani tonski prijelazi. Njegov opus jedna je od najizvornijih pojava u suvremenome hrvatskom slikarstvu.\" \/>\n<meta property=\"og:url\" content=\"https:\/\/galerijakaptol.hr\/index.php\/2023\/09\/12\/ivan-generalic\/\" \/>\n<meta property=\"og:site_name\" content=\"Galerija umjetnina\" \/>\n<meta property=\"article:published_time\" content=\"2023-09-12T19:55:49+00:00\" \/>\n<meta property=\"article:modified_time\" content=\"2025-11-27T10:20:46+00:00\" \/>\n<meta property=\"og:image\" content=\"https:\/\/galerijakaptol.hr\/wp-content\/uploads\/2023\/09\/IVAN-GENERALIC-Seoska-festa.jpg\" \/>\n\t<meta property=\"og:image:width\" content=\"624\" \/>\n\t<meta property=\"og:image:height\" content=\"519\" \/>\n\t<meta property=\"og:image:type\" content=\"image\/jpeg\" \/>\n<meta name=\"author\" content=\"admin\" \/>\n<meta name=\"twitter:card\" content=\"summary_large_image\" \/>\n<meta name=\"twitter:label1\" content=\"Napisao\/la\" \/>\n\t<meta name=\"twitter:data1\" content=\"admin\" \/>\n\t<meta name=\"twitter:label2\" content=\"Procijenjeno vrijeme \u010ditanja\" \/>\n\t<meta name=\"twitter:data2\" content=\"3 minute\" \/>\n<script type=\"application\/ld+json\" class=\"yoast-schema-graph\">{\"@context\":\"https:\\\/\\\/schema.org\",\"@graph\":[{\"@type\":\"Article\",\"@id\":\"https:\\\/\\\/galerijakaptol.hr\\\/index.php\\\/2023\\\/09\\\/12\\\/ivan-generalic\\\/#article\",\"isPartOf\":{\"@id\":\"https:\\\/\\\/galerijakaptol.hr\\\/index.php\\\/2023\\\/09\\\/12\\\/ivan-generalic\\\/\"},\"author\":{\"name\":\"admin\",\"@id\":\"https:\\\/\\\/galerijakaptol.hr\\\/#\\\/schema\\\/person\\\/f3d1dc228981eca5894740a7ccd795df\"},\"headline\":\"IVAN GENERALI\u0106\",\"datePublished\":\"2023-09-12T19:55:49+00:00\",\"dateModified\":\"2025-11-27T10:20:46+00:00\",\"mainEntityOfPage\":{\"@id\":\"https:\\\/\\\/galerijakaptol.hr\\\/index.php\\\/2023\\\/09\\\/12\\\/ivan-generalic\\\/\"},\"wordCount\":271,\"publisher\":{\"@id\":\"https:\\\/\\\/galerijakaptol.hr\\\/#organization\"},\"image\":{\"@id\":\"https:\\\/\\\/galerijakaptol.hr\\\/index.php\\\/2023\\\/09\\\/12\\\/ivan-generalic\\\/#primaryimage\"},\"thumbnailUrl\":\"https:\\\/\\\/galerijakaptol.hr\\\/wp-content\\\/uploads\\\/2023\\\/09\\\/IVAN-GENERALIC-Seoska-festa.jpg\",\"articleSection\":[\"Blog\"],\"inLanguage\":\"hr\"},{\"@type\":\"WebPage\",\"@id\":\"https:\\\/\\\/galerijakaptol.hr\\\/index.php\\\/2023\\\/09\\\/12\\\/ivan-generalic\\\/\",\"url\":\"https:\\\/\\\/galerijakaptol.hr\\\/index.php\\\/2023\\\/09\\\/12\\\/ivan-generalic\\\/\",\"name\":\"IVAN GENERALI\u0106 - Galerija umjetnina\",\"isPartOf\":{\"@id\":\"https:\\\/\\\/galerijakaptol.hr\\\/#website\"},\"primaryImageOfPage\":{\"@id\":\"https:\\\/\\\/galerijakaptol.hr\\\/index.php\\\/2023\\\/09\\\/12\\\/ivan-generalic\\\/#primaryimage\"},\"image\":{\"@id\":\"https:\\\/\\\/galerijakaptol.hr\\\/index.php\\\/2023\\\/09\\\/12\\\/ivan-generalic\\\/#primaryimage\"},\"thumbnailUrl\":\"https:\\\/\\\/galerijakaptol.hr\\\/wp-content\\\/uploads\\\/2023\\\/09\\\/IVAN-GENERALIC-Seoska-festa.jpg\",\"datePublished\":\"2023-09-12T19:55:49+00:00\",\"dateModified\":\"2025-11-27T10:20:46+00:00\",\"description\":\"Generali\u0107, Ivan,\u00a0hrvatski\u00a0naivni slikar\u00a0(Hlebine,\u00a021.\u00a0XII.\u00a01914\u00a0\u2013\u00a0Koprivnica,\u00a027.\u00a0XI.\u00a01992). Po zanimanju poljodjelac, sredi\u0161nja li\u010dnost hlebinske slikarske \u0161kole. Njegovu nadarenost uo\u010dio je K. Hegedu\u0161i\u0107 koji ga je uputio u osnove slikarskog umije\u0107a. Prvi je put izlagao s skupinom\u00a0Zemlja\u00a01931. crte\u017ee i akvarele koje karakterizira socijalnokriti\u010dki realizam blizak te\u017enjama skupine (Zima u Hlebinama,\u00a01931;\u00a0Tu\u010dnjava na pro\u0161tenju,\u00a01933). Poslije je slikao ve\u0107inom na staklu uljem ili temperom narativne motive iz \u017eivota na selu i rada u polju, podravske krajolike i mrtve prirode (Sprovod \u0160tefa Hala\u010deka,\u00a01934;\u00a0Ciganski svati,\u00a01936;\u00a0U \u0161umi,\u00a01938;\u00a0Otok,\u00a01940;\u00a0Mrtvi pevec,\u00a01954;\u00a0Smrt mog prijatelja Viriusa, Drvosje\u010de\u00a0i\u00a0Jelenski svati,\u00a0sve naslikane 1959). Nakon 1970. mijenja morfologiju i na\u010din slikanja priklanjaju\u0107i se simboli\u010dkim i egzistencijalnim sadr\u017eajima, a na gotovo monokromnim slikama pojedinosti uve\u0107ava do monumentalnih razmjera (Autoportret,\u00a01975).U tehnici i tematici Generali\u0107 povezuje razli\u010dite elemente: od pu\u010dkoga likovnoga govora, folkornoga slikanja na staklu i Breugelova neposrednog realizma do poetskoga naivizma H. Rousseaua i nadrealizma, koje nadopunjuje vlastitim zahvatom u zbilju seoskoga \u017eivota. Figure su na njegovim slikama rustikalne i gotovo plo\u0161ne, smje\u0161tene uglavnom u prednjem planu slike s poetiziranim krajolikom u pozadini, koje donosi minuciozno s mnogo detalja, osobito koraljne kro\u0161nje stabala koje postaju oznakom njegova stila. Posebnu pozornost pridaje perspektivi i prostoru, a u koloritu se isti\u010du istan\u010dani tonski prijelazi. Njegov opus jedna je od najizvornijih pojava u suvremenome hrvatskom slikarstvu.\",\"breadcrumb\":{\"@id\":\"https:\\\/\\\/galerijakaptol.hr\\\/index.php\\\/2023\\\/09\\\/12\\\/ivan-generalic\\\/#breadcrumb\"},\"inLanguage\":\"hr\",\"potentialAction\":[{\"@type\":\"ReadAction\",\"target\":[\"https:\\\/\\\/galerijakaptol.hr\\\/index.php\\\/2023\\\/09\\\/12\\\/ivan-generalic\\\/\"]}]},{\"@type\":\"ImageObject\",\"inLanguage\":\"hr\",\"@id\":\"https:\\\/\\\/galerijakaptol.hr\\\/index.php\\\/2023\\\/09\\\/12\\\/ivan-generalic\\\/#primaryimage\",\"url\":\"https:\\\/\\\/galerijakaptol.hr\\\/wp-content\\\/uploads\\\/2023\\\/09\\\/IVAN-GENERALIC-Seoska-festa.jpg\",\"contentUrl\":\"https:\\\/\\\/galerijakaptol.hr\\\/wp-content\\\/uploads\\\/2023\\\/09\\\/IVAN-GENERALIC-Seoska-festa.jpg\",\"width\":624,\"height\":519,\"caption\":\"Seoska fe\u0161ta Tehnika: ulje na lesonitu Dimenzije: 75x90 cm Godina: 1959.\"},{\"@type\":\"BreadcrumbList\",\"@id\":\"https:\\\/\\\/galerijakaptol.hr\\\/index.php\\\/2023\\\/09\\\/12\\\/ivan-generalic\\\/#breadcrumb\",\"itemListElement\":[{\"@type\":\"ListItem\",\"position\":1,\"name\":\"Po\u010detna stranica\",\"item\":\"https:\\\/\\\/galerijakaptol.hr\\\/\"},{\"@type\":\"ListItem\",\"position\":2,\"name\":\"IVAN GENERALI\u0106\"}]},{\"@type\":\"WebSite\",\"@id\":\"https:\\\/\\\/galerijakaptol.hr\\\/#website\",\"url\":\"https:\\\/\\\/galerijakaptol.hr\\\/\",\"name\":\"Galerija umjetnina\",\"description\":\"\",\"publisher\":{\"@id\":\"https:\\\/\\\/galerijakaptol.hr\\\/#organization\"},\"potentialAction\":[{\"@type\":\"SearchAction\",\"target\":{\"@type\":\"EntryPoint\",\"urlTemplate\":\"https:\\\/\\\/galerijakaptol.hr\\\/?s={search_term_string}\"},\"query-input\":{\"@type\":\"PropertyValueSpecification\",\"valueRequired\":true,\"valueName\":\"search_term_string\"}}],\"inLanguage\":\"hr\"},{\"@type\":\"Organization\",\"@id\":\"https:\\\/\\\/galerijakaptol.hr\\\/#organization\",\"name\":\"Galerija umjetnina\",\"url\":\"https:\\\/\\\/galerijakaptol.hr\\\/\",\"logo\":{\"@type\":\"ImageObject\",\"inLanguage\":\"hr\",\"@id\":\"https:\\\/\\\/galerijakaptol.hr\\\/#\\\/schema\\\/logo\\\/image\\\/\",\"url\":\"https:\\\/\\\/galerijakaptol.hr\\\/wp-content\\\/uploads\\\/2023\\\/09\\\/logo-Kaptol-Galerija.png\",\"contentUrl\":\"https:\\\/\\\/galerijakaptol.hr\\\/wp-content\\\/uploads\\\/2023\\\/09\\\/logo-Kaptol-Galerija.png\",\"width\":342,\"height\":72,\"caption\":\"Galerija umjetnina\"},\"image\":{\"@id\":\"https:\\\/\\\/galerijakaptol.hr\\\/#\\\/schema\\\/logo\\\/image\\\/\"}},{\"@type\":\"Person\",\"@id\":\"https:\\\/\\\/galerijakaptol.hr\\\/#\\\/schema\\\/person\\\/f3d1dc228981eca5894740a7ccd795df\",\"name\":\"admin\",\"sameAs\":[\"https:\\\/\\\/galerijakaptol.hr\"],\"url\":\"https:\\\/\\\/galerijakaptol.hr\\\/index.php\\\/author\\\/admin_gk\\\/\"}]}<\/script>\n<!-- \/ Yoast SEO plugin. -->","yoast_head_json":{"title":"IVAN GENERALI\u0106 - Galerija umjetnina","description":"Generali\u0107, Ivan,\u00a0hrvatski\u00a0naivni slikar\u00a0(Hlebine,\u00a021.\u00a0XII.\u00a01914\u00a0\u2013\u00a0Koprivnica,\u00a027.\u00a0XI.\u00a01992). Po zanimanju poljodjelac, sredi\u0161nja li\u010dnost hlebinske slikarske \u0161kole. Njegovu nadarenost uo\u010dio je K. Hegedu\u0161i\u0107 koji ga je uputio u osnove slikarskog umije\u0107a. Prvi je put izlagao s skupinom\u00a0Zemlja\u00a01931. crte\u017ee i akvarele koje karakterizira socijalnokriti\u010dki realizam blizak te\u017enjama skupine (Zima u Hlebinama,\u00a01931;\u00a0Tu\u010dnjava na pro\u0161tenju,\u00a01933). Poslije je slikao ve\u0107inom na staklu uljem ili temperom narativne motive iz \u017eivota na selu i rada u polju, podravske krajolike i mrtve prirode (Sprovod \u0160tefa Hala\u010deka,\u00a01934;\u00a0Ciganski svati,\u00a01936;\u00a0U \u0161umi,\u00a01938;\u00a0Otok,\u00a01940;\u00a0Mrtvi pevec,\u00a01954;\u00a0Smrt mog prijatelja Viriusa, Drvosje\u010de\u00a0i\u00a0Jelenski svati,\u00a0sve naslikane 1959). Nakon 1970. mijenja morfologiju i na\u010din slikanja priklanjaju\u0107i se simboli\u010dkim i egzistencijalnim sadr\u017eajima, a na gotovo monokromnim slikama pojedinosti uve\u0107ava do monumentalnih razmjera (Autoportret,\u00a01975).U tehnici i tematici Generali\u0107 povezuje razli\u010dite elemente: od pu\u010dkoga likovnoga govora, folkornoga slikanja na staklu i Breugelova neposrednog realizma do poetskoga naivizma H. Rousseaua i nadrealizma, koje nadopunjuje vlastitim zahvatom u zbilju seoskoga \u017eivota. Figure su na njegovim slikama rustikalne i gotovo plo\u0161ne, smje\u0161tene uglavnom u prednjem planu slike s poetiziranim krajolikom u pozadini, koje donosi minuciozno s mnogo detalja, osobito koraljne kro\u0161nje stabala koje postaju oznakom njegova stila. Posebnu pozornost pridaje perspektivi i prostoru, a u koloritu se isti\u010du istan\u010dani tonski prijelazi. Njegov opus jedna je od najizvornijih pojava u suvremenome hrvatskom slikarstvu.","robots":{"index":"index","follow":"follow","max-snippet":"max-snippet:-1","max-image-preview":"max-image-preview:large","max-video-preview":"max-video-preview:-1"},"canonical":"https:\/\/galerijakaptol.hr\/index.php\/2023\/09\/12\/ivan-generalic\/","og_locale":"hr_HR","og_type":"article","og_title":"IVAN GENERALI\u0106 - Galerija umjetnina","og_description":"Generali\u0107, Ivan,\u00a0hrvatski\u00a0naivni slikar\u00a0(Hlebine,\u00a021.\u00a0XII.\u00a01914\u00a0\u2013\u00a0Koprivnica,\u00a027.\u00a0XI.\u00a01992). Po zanimanju poljodjelac, sredi\u0161nja li\u010dnost hlebinske slikarske \u0161kole. Njegovu nadarenost uo\u010dio je K. Hegedu\u0161i\u0107 koji ga je uputio u osnove slikarskog umije\u0107a. Prvi je put izlagao s skupinom\u00a0Zemlja\u00a01931. crte\u017ee i akvarele koje karakterizira socijalnokriti\u010dki realizam blizak te\u017enjama skupine (Zima u Hlebinama,\u00a01931;\u00a0Tu\u010dnjava na pro\u0161tenju,\u00a01933). Poslije je slikao ve\u0107inom na staklu uljem ili temperom narativne motive iz \u017eivota na selu i rada u polju, podravske krajolike i mrtve prirode (Sprovod \u0160tefa Hala\u010deka,\u00a01934;\u00a0Ciganski svati,\u00a01936;\u00a0U \u0161umi,\u00a01938;\u00a0Otok,\u00a01940;\u00a0Mrtvi pevec,\u00a01954;\u00a0Smrt mog prijatelja Viriusa, Drvosje\u010de\u00a0i\u00a0Jelenski svati,\u00a0sve naslikane 1959). Nakon 1970. mijenja morfologiju i na\u010din slikanja priklanjaju\u0107i se simboli\u010dkim i egzistencijalnim sadr\u017eajima, a na gotovo monokromnim slikama pojedinosti uve\u0107ava do monumentalnih razmjera (Autoportret,\u00a01975).U tehnici i tematici Generali\u0107 povezuje razli\u010dite elemente: od pu\u010dkoga likovnoga govora, folkornoga slikanja na staklu i Breugelova neposrednog realizma do poetskoga naivizma H. Rousseaua i nadrealizma, koje nadopunjuje vlastitim zahvatom u zbilju seoskoga \u017eivota. Figure su na njegovim slikama rustikalne i gotovo plo\u0161ne, smje\u0161tene uglavnom u prednjem planu slike s poetiziranim krajolikom u pozadini, koje donosi minuciozno s mnogo detalja, osobito koraljne kro\u0161nje stabala koje postaju oznakom njegova stila. Posebnu pozornost pridaje perspektivi i prostoru, a u koloritu se isti\u010du istan\u010dani tonski prijelazi. Njegov opus jedna je od najizvornijih pojava u suvremenome hrvatskom slikarstvu.","og_url":"https:\/\/galerijakaptol.hr\/index.php\/2023\/09\/12\/ivan-generalic\/","og_site_name":"Galerija umjetnina","article_published_time":"2023-09-12T19:55:49+00:00","article_modified_time":"2025-11-27T10:20:46+00:00","og_image":[{"width":624,"height":519,"url":"https:\/\/galerijakaptol.hr\/wp-content\/uploads\/2023\/09\/IVAN-GENERALIC-Seoska-festa.jpg","type":"image\/jpeg"}],"author":"admin","twitter_card":"summary_large_image","twitter_misc":{"Napisao\/la":"admin","Procijenjeno vrijeme \u010ditanja":"3 minute"},"schema":{"@context":"https:\/\/schema.org","@graph":[{"@type":"Article","@id":"https:\/\/galerijakaptol.hr\/index.php\/2023\/09\/12\/ivan-generalic\/#article","isPartOf":{"@id":"https:\/\/galerijakaptol.hr\/index.php\/2023\/09\/12\/ivan-generalic\/"},"author":{"name":"admin","@id":"https:\/\/galerijakaptol.hr\/#\/schema\/person\/f3d1dc228981eca5894740a7ccd795df"},"headline":"IVAN GENERALI\u0106","datePublished":"2023-09-12T19:55:49+00:00","dateModified":"2025-11-27T10:20:46+00:00","mainEntityOfPage":{"@id":"https:\/\/galerijakaptol.hr\/index.php\/2023\/09\/12\/ivan-generalic\/"},"wordCount":271,"publisher":{"@id":"https:\/\/galerijakaptol.hr\/#organization"},"image":{"@id":"https:\/\/galerijakaptol.hr\/index.php\/2023\/09\/12\/ivan-generalic\/#primaryimage"},"thumbnailUrl":"https:\/\/galerijakaptol.hr\/wp-content\/uploads\/2023\/09\/IVAN-GENERALIC-Seoska-festa.jpg","articleSection":["Blog"],"inLanguage":"hr"},{"@type":"WebPage","@id":"https:\/\/galerijakaptol.hr\/index.php\/2023\/09\/12\/ivan-generalic\/","url":"https:\/\/galerijakaptol.hr\/index.php\/2023\/09\/12\/ivan-generalic\/","name":"IVAN GENERALI\u0106 - Galerija umjetnina","isPartOf":{"@id":"https:\/\/galerijakaptol.hr\/#website"},"primaryImageOfPage":{"@id":"https:\/\/galerijakaptol.hr\/index.php\/2023\/09\/12\/ivan-generalic\/#primaryimage"},"image":{"@id":"https:\/\/galerijakaptol.hr\/index.php\/2023\/09\/12\/ivan-generalic\/#primaryimage"},"thumbnailUrl":"https:\/\/galerijakaptol.hr\/wp-content\/uploads\/2023\/09\/IVAN-GENERALIC-Seoska-festa.jpg","datePublished":"2023-09-12T19:55:49+00:00","dateModified":"2025-11-27T10:20:46+00:00","description":"Generali\u0107, Ivan,\u00a0hrvatski\u00a0naivni slikar\u00a0(Hlebine,\u00a021.\u00a0XII.\u00a01914\u00a0\u2013\u00a0Koprivnica,\u00a027.\u00a0XI.\u00a01992). Po zanimanju poljodjelac, sredi\u0161nja li\u010dnost hlebinske slikarske \u0161kole. Njegovu nadarenost uo\u010dio je K. Hegedu\u0161i\u0107 koji ga je uputio u osnove slikarskog umije\u0107a. Prvi je put izlagao s skupinom\u00a0Zemlja\u00a01931. crte\u017ee i akvarele koje karakterizira socijalnokriti\u010dki realizam blizak te\u017enjama skupine (Zima u Hlebinama,\u00a01931;\u00a0Tu\u010dnjava na pro\u0161tenju,\u00a01933). Poslije je slikao ve\u0107inom na staklu uljem ili temperom narativne motive iz \u017eivota na selu i rada u polju, podravske krajolike i mrtve prirode (Sprovod \u0160tefa Hala\u010deka,\u00a01934;\u00a0Ciganski svati,\u00a01936;\u00a0U \u0161umi,\u00a01938;\u00a0Otok,\u00a01940;\u00a0Mrtvi pevec,\u00a01954;\u00a0Smrt mog prijatelja Viriusa, Drvosje\u010de\u00a0i\u00a0Jelenski svati,\u00a0sve naslikane 1959). Nakon 1970. mijenja morfologiju i na\u010din slikanja priklanjaju\u0107i se simboli\u010dkim i egzistencijalnim sadr\u017eajima, a na gotovo monokromnim slikama pojedinosti uve\u0107ava do monumentalnih razmjera (Autoportret,\u00a01975).U tehnici i tematici Generali\u0107 povezuje razli\u010dite elemente: od pu\u010dkoga likovnoga govora, folkornoga slikanja na staklu i Breugelova neposrednog realizma do poetskoga naivizma H. Rousseaua i nadrealizma, koje nadopunjuje vlastitim zahvatom u zbilju seoskoga \u017eivota. Figure su na njegovim slikama rustikalne i gotovo plo\u0161ne, smje\u0161tene uglavnom u prednjem planu slike s poetiziranim krajolikom u pozadini, koje donosi minuciozno s mnogo detalja, osobito koraljne kro\u0161nje stabala koje postaju oznakom njegova stila. Posebnu pozornost pridaje perspektivi i prostoru, a u koloritu se isti\u010du istan\u010dani tonski prijelazi. Njegov opus jedna je od najizvornijih pojava u suvremenome hrvatskom slikarstvu.","breadcrumb":{"@id":"https:\/\/galerijakaptol.hr\/index.php\/2023\/09\/12\/ivan-generalic\/#breadcrumb"},"inLanguage":"hr","potentialAction":[{"@type":"ReadAction","target":["https:\/\/galerijakaptol.hr\/index.php\/2023\/09\/12\/ivan-generalic\/"]}]},{"@type":"ImageObject","inLanguage":"hr","@id":"https:\/\/galerijakaptol.hr\/index.php\/2023\/09\/12\/ivan-generalic\/#primaryimage","url":"https:\/\/galerijakaptol.hr\/wp-content\/uploads\/2023\/09\/IVAN-GENERALIC-Seoska-festa.jpg","contentUrl":"https:\/\/galerijakaptol.hr\/wp-content\/uploads\/2023\/09\/IVAN-GENERALIC-Seoska-festa.jpg","width":624,"height":519,"caption":"Seoska fe\u0161ta Tehnika: ulje na lesonitu Dimenzije: 75x90 cm Godina: 1959."},{"@type":"BreadcrumbList","@id":"https:\/\/galerijakaptol.hr\/index.php\/2023\/09\/12\/ivan-generalic\/#breadcrumb","itemListElement":[{"@type":"ListItem","position":1,"name":"Po\u010detna stranica","item":"https:\/\/galerijakaptol.hr\/"},{"@type":"ListItem","position":2,"name":"IVAN GENERALI\u0106"}]},{"@type":"WebSite","@id":"https:\/\/galerijakaptol.hr\/#website","url":"https:\/\/galerijakaptol.hr\/","name":"Galerija umjetnina","description":"","publisher":{"@id":"https:\/\/galerijakaptol.hr\/#organization"},"potentialAction":[{"@type":"SearchAction","target":{"@type":"EntryPoint","urlTemplate":"https:\/\/galerijakaptol.hr\/?s={search_term_string}"},"query-input":{"@type":"PropertyValueSpecification","valueRequired":true,"valueName":"search_term_string"}}],"inLanguage":"hr"},{"@type":"Organization","@id":"https:\/\/galerijakaptol.hr\/#organization","name":"Galerija umjetnina","url":"https:\/\/galerijakaptol.hr\/","logo":{"@type":"ImageObject","inLanguage":"hr","@id":"https:\/\/galerijakaptol.hr\/#\/schema\/logo\/image\/","url":"https:\/\/galerijakaptol.hr\/wp-content\/uploads\/2023\/09\/logo-Kaptol-Galerija.png","contentUrl":"https:\/\/galerijakaptol.hr\/wp-content\/uploads\/2023\/09\/logo-Kaptol-Galerija.png","width":342,"height":72,"caption":"Galerija umjetnina"},"image":{"@id":"https:\/\/galerijakaptol.hr\/#\/schema\/logo\/image\/"}},{"@type":"Person","@id":"https:\/\/galerijakaptol.hr\/#\/schema\/person\/f3d1dc228981eca5894740a7ccd795df","name":"admin","sameAs":["https:\/\/galerijakaptol.hr"],"url":"https:\/\/galerijakaptol.hr\/index.php\/author\/admin_gk\/"}]}},"jetpack_featured_media_url":"https:\/\/galerijakaptol.hr\/wp-content\/uploads\/2023\/09\/IVAN-GENERALIC-Seoska-festa.jpg","jetpack_sharing_enabled":true,"_links":{"self":[{"href":"https:\/\/galerijakaptol.hr\/index.php\/wp-json\/wp\/v2\/posts\/393","targetHints":{"allow":["GET"]}}],"collection":[{"href":"https:\/\/galerijakaptol.hr\/index.php\/wp-json\/wp\/v2\/posts"}],"about":[{"href":"https:\/\/galerijakaptol.hr\/index.php\/wp-json\/wp\/v2\/types\/post"}],"author":[{"embeddable":true,"href":"https:\/\/galerijakaptol.hr\/index.php\/wp-json\/wp\/v2\/users\/1"}],"replies":[{"embeddable":true,"href":"https:\/\/galerijakaptol.hr\/index.php\/wp-json\/wp\/v2\/comments?post=393"}],"version-history":[{"count":5,"href":"https:\/\/galerijakaptol.hr\/index.php\/wp-json\/wp\/v2\/posts\/393\/revisions"}],"predecessor-version":[{"id":3958,"href":"https:\/\/galerijakaptol.hr\/index.php\/wp-json\/wp\/v2\/posts\/393\/revisions\/3958"}],"wp:featuredmedia":[{"embeddable":true,"href":"https:\/\/galerijakaptol.hr\/index.php\/wp-json\/wp\/v2\/media\/394"}],"wp:attachment":[{"href":"https:\/\/galerijakaptol.hr\/index.php\/wp-json\/wp\/v2\/media?parent=393"}],"wp:term":[{"taxonomy":"category","embeddable":true,"href":"https:\/\/galerijakaptol.hr\/index.php\/wp-json\/wp\/v2\/categories?post=393"},{"taxonomy":"post_tag","embeddable":true,"href":"https:\/\/galerijakaptol.hr\/index.php\/wp-json\/wp\/v2\/tags?post=393"}],"curies":[{"name":"wp","href":"https:\/\/api.w.org\/{rel}","templated":true}]}}