{"id":3946,"date":"2025-09-17T07:23:03","date_gmt":"2025-09-17T07:23:03","guid":{"rendered":"https:\/\/galerijakaptol.hr\/?p=3946"},"modified":"2025-09-22T10:50:43","modified_gmt":"2025-09-22T10:50:43","slug":"leo-junek","status":"publish","type":"post","link":"https:\/\/galerijakaptol.hr\/index.php\/2025\/09\/17\/leo-junek\/","title":{"rendered":"LEO JUNEK"},"content":{"rendered":"\n<p><strong>Leo (Leopold) Junek<\/strong>&nbsp;(<a href=\"https:\/\/hr.m.wikipedia.org\/wiki\/Zagreb\">Zagreb<\/a>,&nbsp;<a href=\"https:\/\/hr.m.wikipedia.org\/wiki\/25._rujna\">25. rujna<\/a>&nbsp;<a href=\"https:\/\/hr.m.wikipedia.org\/wiki\/1899.\">1899.<\/a>\u2013&nbsp;<a href=\"https:\/\/hr.m.wikipedia.org\/w\/index.php?title=Orsay&amp;action=edit&amp;redlink=1\">Orsay<\/a>,&nbsp;<a href=\"https:\/\/hr.m.wikipedia.org\/wiki\/13._srpnja\">13. srpnja<\/a>&nbsp;<a href=\"https:\/\/hr.m.wikipedia.org\/wiki\/1993.\">1993.<\/a>),<a href=\"https:\/\/hr.m.wikipedia.org\/wiki\/Hrvati\">hrvatsko<\/a>&nbsp;&#8211;&nbsp;<a href=\"https:\/\/hr.m.wikipedia.org\/wiki\/Francuzi\">francuski<\/a><a href=\"https:\/\/hr.m.wikipedia.org\/wiki\/Slikar\">slikar<\/a>&nbsp;koji je ve\u0107inu svog \u017eivota proveo u&nbsp;<a href=\"https:\/\/hr.m.wikipedia.org\/wiki\/Francuska\">Francuskoj<\/a>&nbsp;gdje je poznat kao&nbsp;<strong>Lorris Junec<\/strong>.<\/p>\n\n\n\n<p>Godine 1919. <em>Junek<\/em>&nbsp;se upisao na tada\u0161nju&nbsp;<em>Privremenu vi\u0161u \u0161kolu za umjetnost i umjetni obrt<\/em>&nbsp;( dana\u0161nju&nbsp;<a href=\"https:\/\/hr.m.wikipedia.org\/wiki\/Akademija_likovnih_umjetnosti_u_Zagrebu\">zagreba\u010dku Likovnu Akademiju<\/a>), na studij slikarstva. Prvi mu je u\u010ditelj&nbsp;<a href=\"https:\/\/hr.m.wikipedia.org\/wiki\/Ferdo_Kova%C4%8Devi%C4%87\">Ferdo Kova\u010devi\u0107<\/a>, drugi &#8211;&nbsp;<a href=\"https:\/\/hr.m.wikipedia.org\/wiki\/Maksimilijan_Vanka\">Maksimilijan Vanka<\/a>. Od \u0161kolske godine&nbsp;<a href=\"https:\/\/hr.m.wikipedia.org\/wiki\/1921.\">1921.<\/a>\/<a href=\"https:\/\/hr.m.wikipedia.org\/wiki\/1922.\">1922.<\/a>&nbsp;nalazi se u klasi&nbsp;<a href=\"https:\/\/hr.m.wikipedia.org\/wiki\/Ljubo_Babi%C4%87\">Ljube Babi\u0107a<\/a>&nbsp;(<em>to se zvalo specijalka<\/em>) i ostao je u njoj do kraja studija. Uz njega u klasi su bili;&nbsp;<a href=\"https:\/\/hr.m.wikipedia.org\/wiki\/%C4%90uro_Tiljak\">\u0110uro Tiljak<\/a>,&nbsp;<a href=\"https:\/\/hr.m.wikipedia.org\/wiki\/Oton_Postru%C5%BEnik\">Oton Postru\u017enik<\/a>,&nbsp;<a href=\"https:\/\/hr.m.wikipedia.org\/wiki\/Vinko_Grdan\">Vinko Grdan<\/a>&nbsp;i&nbsp;<a href=\"https:\/\/hr.m.wikipedia.org\/wiki\/Ivan_Tabakovi%C4%87\">Ivan Tabakovi\u0107<\/a>&nbsp;njegovi budu\u0107i sudruzi iz&nbsp;<a href=\"https:\/\/hr.m.wikipedia.org\/wiki\/Grupa_Zemlja\">grupe Zemlja<\/a>. Netom prije zavr\u0161etka studija&nbsp;<a href=\"https:\/\/hr.m.wikipedia.org\/wiki\/1924.\">1924.<\/a>, posje\u0107uje&nbsp;<a href=\"https:\/\/hr.m.wikipedia.org\/wiki\/Pariz\">Pariz<\/a>, u koji se trajno zaljubio i gdje se potpuno upoznao sa svojim velikim slikarskim uzorom&nbsp;<a href=\"https:\/\/hr.m.wikipedia.org\/wiki\/Paul_C%C3%A9zanne\">C\u00e9zannom<\/a>. Kolika je bila opsjednutost&nbsp;<em>Juneka<\/em>&nbsp;Parizom, najbolje govore njegove vlastite rije\u010di;&nbsp;<em>Kad sam to vidio, vratio sam se u Zagreb, zavr\u0161io studij kod Babi\u0107a, uzeo diplomu, izlo\u017eio kod Ulricha, dobio stipendiju za Pariz (1925.)&#8230; i jo\u0161 sam uvijek u Parizu<\/em>.<\/p>\n\n\n<figure id=\"attachment_3945\" aria-describedby=\"caption-attachment-3945\" style=\"width: 300px\" class=\"wp-caption aligncenter\"><a href=\"https:\/\/galerijakaptol.hr\/wp-content\/uploads\/2025\/09\/IMG_9111.jpeg\"><img loading=\"lazy\" decoding=\"async\" class=\"size-medium wp-image-3945\" src=\"https:\/\/galerijakaptol.hr\/wp-content\/uploads\/2025\/09\/IMG_9111-300x250.jpeg\" alt=\"\" width=\"300\" height=\"250\" srcset=\"https:\/\/galerijakaptol.hr\/wp-content\/uploads\/2025\/09\/IMG_9111-300x250.jpeg 300w, https:\/\/galerijakaptol.hr\/wp-content\/uploads\/2025\/09\/IMG_9111-1024x853.jpeg 1024w, https:\/\/galerijakaptol.hr\/wp-content\/uploads\/2025\/09\/IMG_9111-768x640.jpeg 768w, https:\/\/galerijakaptol.hr\/wp-content\/uploads\/2025\/09\/IMG_9111-1536x1280.jpeg 1536w, https:\/\/galerijakaptol.hr\/wp-content\/uploads\/2025\/09\/IMG_9111-2048x1707.jpeg 2048w\" sizes=\"auto, (max-width: 300px) 100vw, 300px\" \/><\/a><figcaption id=\"caption-attachment-3945\" class=\"wp-caption-text\"><strong>Apstraktni pejza\u017e<\/strong><br \/>Tehnika: ulje na platnu<br \/>Dimenzije: 54 x 65 cm<\/figcaption><\/figure>\n\n\n<p><\/p>\n","protected":false},"excerpt":{"rendered":"<p>Leo (Leopold) Junek&nbsp;(Zagreb,&nbsp;25. rujna&nbsp;1899.\u2013&nbsp;Orsay,&nbsp;13. srpnja&nbsp;1993.),hrvatsko&nbsp;&#8211;&nbsp;francuskislikar&nbsp;koji je ve\u0107inu svog \u017eivota proveo u&nbsp;Francuskoj&nbsp;gdje je poznat kao&nbsp;Lorris Junec. Godine 1919. Junek&nbsp;se upisao na tada\u0161nju&nbsp;Privremenu vi\u0161u \u0161kolu za umjetnost i umjetni obrt&nbsp;( dana\u0161nju&nbsp;zagreba\u010dku Likovnu Akademiju), na studij slikarstva. Prvi mu je u\u010ditelj&nbsp;Ferdo Kova\u010devi\u0107, drugi &#8211;&nbsp;Maksimilijan Vanka. Od \u0161kolske godine&nbsp;1921.\/1922.&nbsp;nalazi se u klasi&nbsp;Ljube Babi\u0107a&nbsp;(to se zvalo specijalka) i ostao je [&hellip;]<\/p>\n","protected":false},"author":1,"featured_media":3945,"comment_status":"closed","ping_status":"open","sticky":false,"template":"","format":"standard","meta":{"_jetpack_memberships_contains_paid_content":false,"footnotes":""},"categories":[1],"tags":[],"class_list":["post-3946","post","type-post","status-publish","format-standard","has-post-thumbnail","hentry","category-uncategorized"],"yoast_head":"<!-- This site is optimized with the Yoast SEO plugin v27.5 - https:\/\/yoast.com\/product\/yoast-seo-wordpress\/ -->\n<title>LEO JUNEK - Galerija umjetnina<\/title>\n<meta name=\"robots\" content=\"index, follow, max-snippet:-1, max-image-preview:large, max-video-preview:-1\" \/>\n<link rel=\"canonical\" href=\"https:\/\/galerijakaptol.hr\/index.php\/2025\/09\/17\/leo-junek\/\" \/>\n<meta property=\"og:locale\" content=\"hr_HR\" \/>\n<meta property=\"og:type\" content=\"article\" \/>\n<meta property=\"og:title\" content=\"LEO JUNEK - Galerija umjetnina\" \/>\n<meta property=\"og:description\" content=\"Leo (Leopold) Junek&nbsp;(Zagreb,&nbsp;25. rujna&nbsp;1899.\u2013&nbsp;Orsay,&nbsp;13. srpnja&nbsp;1993.),hrvatsko&nbsp;&#8211;&nbsp;francuskislikar&nbsp;koji je ve\u0107inu svog \u017eivota proveo u&nbsp;Francuskoj&nbsp;gdje je poznat kao&nbsp;Lorris Junec. Godine 1919. Junek&nbsp;se upisao na tada\u0161nju&nbsp;Privremenu vi\u0161u \u0161kolu za umjetnost i umjetni obrt&nbsp;( dana\u0161nju&nbsp;zagreba\u010dku Likovnu Akademiju), na studij slikarstva. Prvi mu je u\u010ditelj&nbsp;Ferdo Kova\u010devi\u0107, drugi &#8211;&nbsp;Maksimilijan Vanka. Od \u0161kolske godine&nbsp;1921.\/1922.&nbsp;nalazi se u klasi&nbsp;Ljube Babi\u0107a&nbsp;(to se zvalo specijalka) i ostao je [&hellip;]\" \/>\n<meta property=\"og:url\" content=\"https:\/\/galerijakaptol.hr\/index.php\/2025\/09\/17\/leo-junek\/\" \/>\n<meta property=\"og:site_name\" content=\"Galerija umjetnina\" \/>\n<meta property=\"article:published_time\" content=\"2025-09-17T07:23:03+00:00\" \/>\n<meta property=\"article:modified_time\" content=\"2025-09-22T10:50:43+00:00\" \/>\n<meta property=\"og:image\" content=\"https:\/\/galerijakaptol.hr\/wp-content\/uploads\/2025\/09\/IMG_9111.jpeg\" \/>\n\t<meta property=\"og:image:width\" content=\"2531\" \/>\n\t<meta property=\"og:image:height\" content=\"2109\" \/>\n\t<meta property=\"og:image:type\" content=\"image\/jpeg\" \/>\n<meta name=\"author\" content=\"admin\" \/>\n<meta name=\"twitter:card\" content=\"summary_large_image\" \/>\n<meta name=\"twitter:label1\" content=\"Napisao\/la\" \/>\n\t<meta name=\"twitter:data1\" content=\"admin\" \/>\n\t<meta name=\"twitter:label2\" content=\"Procijenjeno vrijeme \u010ditanja\" \/>\n\t<meta name=\"twitter:data2\" content=\"2 minute\" \/>\n<script type=\"application\/ld+json\" class=\"yoast-schema-graph\">{\"@context\":\"https:\\\/\\\/schema.org\",\"@graph\":[{\"@type\":\"Article\",\"@id\":\"https:\\\/\\\/galerijakaptol.hr\\\/index.php\\\/2025\\\/09\\\/17\\\/leo-junek\\\/#article\",\"isPartOf\":{\"@id\":\"https:\\\/\\\/galerijakaptol.hr\\\/index.php\\\/2025\\\/09\\\/17\\\/leo-junek\\\/\"},\"author\":{\"name\":\"admin\",\"@id\":\"https:\\\/\\\/galerijakaptol.hr\\\/#\\\/schema\\\/person\\\/f3d1dc228981eca5894740a7ccd795df\"},\"headline\":\"LEO JUNEK\",\"datePublished\":\"2025-09-17T07:23:03+00:00\",\"dateModified\":\"2025-09-22T10:50:43+00:00\",\"mainEntityOfPage\":{\"@id\":\"https:\\\/\\\/galerijakaptol.hr\\\/index.php\\\/2025\\\/09\\\/17\\\/leo-junek\\\/\"},\"wordCount\":228,\"publisher\":{\"@id\":\"https:\\\/\\\/galerijakaptol.hr\\\/#organization\"},\"image\":{\"@id\":\"https:\\\/\\\/galerijakaptol.hr\\\/index.php\\\/2025\\\/09\\\/17\\\/leo-junek\\\/#primaryimage\"},\"thumbnailUrl\":\"https:\\\/\\\/galerijakaptol.hr\\\/wp-content\\\/uploads\\\/2025\\\/09\\\/IMG_9111.jpeg\",\"articleSection\":[\"Blog\"],\"inLanguage\":\"hr\"},{\"@type\":\"WebPage\",\"@id\":\"https:\\\/\\\/galerijakaptol.hr\\\/index.php\\\/2025\\\/09\\\/17\\\/leo-junek\\\/\",\"url\":\"https:\\\/\\\/galerijakaptol.hr\\\/index.php\\\/2025\\\/09\\\/17\\\/leo-junek\\\/\",\"name\":\"LEO JUNEK - Galerija umjetnina\",\"isPartOf\":{\"@id\":\"https:\\\/\\\/galerijakaptol.hr\\\/#website\"},\"primaryImageOfPage\":{\"@id\":\"https:\\\/\\\/galerijakaptol.hr\\\/index.php\\\/2025\\\/09\\\/17\\\/leo-junek\\\/#primaryimage\"},\"image\":{\"@id\":\"https:\\\/\\\/galerijakaptol.hr\\\/index.php\\\/2025\\\/09\\\/17\\\/leo-junek\\\/#primaryimage\"},\"thumbnailUrl\":\"https:\\\/\\\/galerijakaptol.hr\\\/wp-content\\\/uploads\\\/2025\\\/09\\\/IMG_9111.jpeg\",\"datePublished\":\"2025-09-17T07:23:03+00:00\",\"dateModified\":\"2025-09-22T10:50:43+00:00\",\"breadcrumb\":{\"@id\":\"https:\\\/\\\/galerijakaptol.hr\\\/index.php\\\/2025\\\/09\\\/17\\\/leo-junek\\\/#breadcrumb\"},\"inLanguage\":\"hr\",\"potentialAction\":[{\"@type\":\"ReadAction\",\"target\":[\"https:\\\/\\\/galerijakaptol.hr\\\/index.php\\\/2025\\\/09\\\/17\\\/leo-junek\\\/\"]}]},{\"@type\":\"ImageObject\",\"inLanguage\":\"hr\",\"@id\":\"https:\\\/\\\/galerijakaptol.hr\\\/index.php\\\/2025\\\/09\\\/17\\\/leo-junek\\\/#primaryimage\",\"url\":\"https:\\\/\\\/galerijakaptol.hr\\\/wp-content\\\/uploads\\\/2025\\\/09\\\/IMG_9111.jpeg\",\"contentUrl\":\"https:\\\/\\\/galerijakaptol.hr\\\/wp-content\\\/uploads\\\/2025\\\/09\\\/IMG_9111.jpeg\",\"width\":2531,\"height\":2109,\"caption\":\"Apstraktni pejza\u017e Tehnika: ulje na platnu Dimenzije: 54 x 65 cm\"},{\"@type\":\"BreadcrumbList\",\"@id\":\"https:\\\/\\\/galerijakaptol.hr\\\/index.php\\\/2025\\\/09\\\/17\\\/leo-junek\\\/#breadcrumb\",\"itemListElement\":[{\"@type\":\"ListItem\",\"position\":1,\"name\":\"Po\u010detna stranica\",\"item\":\"https:\\\/\\\/galerijakaptol.hr\\\/\"},{\"@type\":\"ListItem\",\"position\":2,\"name\":\"LEO JUNEK\"}]},{\"@type\":\"WebSite\",\"@id\":\"https:\\\/\\\/galerijakaptol.hr\\\/#website\",\"url\":\"https:\\\/\\\/galerijakaptol.hr\\\/\",\"name\":\"Galerija umjetnina\",\"description\":\"\",\"publisher\":{\"@id\":\"https:\\\/\\\/galerijakaptol.hr\\\/#organization\"},\"potentialAction\":[{\"@type\":\"SearchAction\",\"target\":{\"@type\":\"EntryPoint\",\"urlTemplate\":\"https:\\\/\\\/galerijakaptol.hr\\\/?s={search_term_string}\"},\"query-input\":{\"@type\":\"PropertyValueSpecification\",\"valueRequired\":true,\"valueName\":\"search_term_string\"}}],\"inLanguage\":\"hr\"},{\"@type\":\"Organization\",\"@id\":\"https:\\\/\\\/galerijakaptol.hr\\\/#organization\",\"name\":\"Galerija umjetnina\",\"url\":\"https:\\\/\\\/galerijakaptol.hr\\\/\",\"logo\":{\"@type\":\"ImageObject\",\"inLanguage\":\"hr\",\"@id\":\"https:\\\/\\\/galerijakaptol.hr\\\/#\\\/schema\\\/logo\\\/image\\\/\",\"url\":\"https:\\\/\\\/galerijakaptol.hr\\\/wp-content\\\/uploads\\\/2023\\\/09\\\/logo-Kaptol-Galerija.png\",\"contentUrl\":\"https:\\\/\\\/galerijakaptol.hr\\\/wp-content\\\/uploads\\\/2023\\\/09\\\/logo-Kaptol-Galerija.png\",\"width\":342,\"height\":72,\"caption\":\"Galerija umjetnina\"},\"image\":{\"@id\":\"https:\\\/\\\/galerijakaptol.hr\\\/#\\\/schema\\\/logo\\\/image\\\/\"}},{\"@type\":\"Person\",\"@id\":\"https:\\\/\\\/galerijakaptol.hr\\\/#\\\/schema\\\/person\\\/f3d1dc228981eca5894740a7ccd795df\",\"name\":\"admin\",\"sameAs\":[\"https:\\\/\\\/galerijakaptol.hr\"],\"url\":\"https:\\\/\\\/galerijakaptol.hr\\\/index.php\\\/author\\\/admin_gk\\\/\"}]}<\/script>\n<!-- \/ Yoast SEO plugin. -->","yoast_head_json":{"title":"LEO JUNEK - Galerija umjetnina","robots":{"index":"index","follow":"follow","max-snippet":"max-snippet:-1","max-image-preview":"max-image-preview:large","max-video-preview":"max-video-preview:-1"},"canonical":"https:\/\/galerijakaptol.hr\/index.php\/2025\/09\/17\/leo-junek\/","og_locale":"hr_HR","og_type":"article","og_title":"LEO JUNEK - Galerija umjetnina","og_description":"Leo (Leopold) Junek&nbsp;(Zagreb,&nbsp;25. rujna&nbsp;1899.\u2013&nbsp;Orsay,&nbsp;13. srpnja&nbsp;1993.),hrvatsko&nbsp;&#8211;&nbsp;francuskislikar&nbsp;koji je ve\u0107inu svog \u017eivota proveo u&nbsp;Francuskoj&nbsp;gdje je poznat kao&nbsp;Lorris Junec. Godine 1919. Junek&nbsp;se upisao na tada\u0161nju&nbsp;Privremenu vi\u0161u \u0161kolu za umjetnost i umjetni obrt&nbsp;( dana\u0161nju&nbsp;zagreba\u010dku Likovnu Akademiju), na studij slikarstva. Prvi mu je u\u010ditelj&nbsp;Ferdo Kova\u010devi\u0107, drugi &#8211;&nbsp;Maksimilijan Vanka. Od \u0161kolske godine&nbsp;1921.\/1922.&nbsp;nalazi se u klasi&nbsp;Ljube Babi\u0107a&nbsp;(to se zvalo specijalka) i ostao je [&hellip;]","og_url":"https:\/\/galerijakaptol.hr\/index.php\/2025\/09\/17\/leo-junek\/","og_site_name":"Galerija umjetnina","article_published_time":"2025-09-17T07:23:03+00:00","article_modified_time":"2025-09-22T10:50:43+00:00","og_image":[{"width":2531,"height":2109,"url":"https:\/\/galerijakaptol.hr\/wp-content\/uploads\/2025\/09\/IMG_9111.jpeg","type":"image\/jpeg"}],"author":"admin","twitter_card":"summary_large_image","twitter_misc":{"Napisao\/la":"admin","Procijenjeno vrijeme \u010ditanja":"2 minute"},"schema":{"@context":"https:\/\/schema.org","@graph":[{"@type":"Article","@id":"https:\/\/galerijakaptol.hr\/index.php\/2025\/09\/17\/leo-junek\/#article","isPartOf":{"@id":"https:\/\/galerijakaptol.hr\/index.php\/2025\/09\/17\/leo-junek\/"},"author":{"name":"admin","@id":"https:\/\/galerijakaptol.hr\/#\/schema\/person\/f3d1dc228981eca5894740a7ccd795df"},"headline":"LEO JUNEK","datePublished":"2025-09-17T07:23:03+00:00","dateModified":"2025-09-22T10:50:43+00:00","mainEntityOfPage":{"@id":"https:\/\/galerijakaptol.hr\/index.php\/2025\/09\/17\/leo-junek\/"},"wordCount":228,"publisher":{"@id":"https:\/\/galerijakaptol.hr\/#organization"},"image":{"@id":"https:\/\/galerijakaptol.hr\/index.php\/2025\/09\/17\/leo-junek\/#primaryimage"},"thumbnailUrl":"https:\/\/galerijakaptol.hr\/wp-content\/uploads\/2025\/09\/IMG_9111.jpeg","articleSection":["Blog"],"inLanguage":"hr"},{"@type":"WebPage","@id":"https:\/\/galerijakaptol.hr\/index.php\/2025\/09\/17\/leo-junek\/","url":"https:\/\/galerijakaptol.hr\/index.php\/2025\/09\/17\/leo-junek\/","name":"LEO JUNEK - Galerija umjetnina","isPartOf":{"@id":"https:\/\/galerijakaptol.hr\/#website"},"primaryImageOfPage":{"@id":"https:\/\/galerijakaptol.hr\/index.php\/2025\/09\/17\/leo-junek\/#primaryimage"},"image":{"@id":"https:\/\/galerijakaptol.hr\/index.php\/2025\/09\/17\/leo-junek\/#primaryimage"},"thumbnailUrl":"https:\/\/galerijakaptol.hr\/wp-content\/uploads\/2025\/09\/IMG_9111.jpeg","datePublished":"2025-09-17T07:23:03+00:00","dateModified":"2025-09-22T10:50:43+00:00","breadcrumb":{"@id":"https:\/\/galerijakaptol.hr\/index.php\/2025\/09\/17\/leo-junek\/#breadcrumb"},"inLanguage":"hr","potentialAction":[{"@type":"ReadAction","target":["https:\/\/galerijakaptol.hr\/index.php\/2025\/09\/17\/leo-junek\/"]}]},{"@type":"ImageObject","inLanguage":"hr","@id":"https:\/\/galerijakaptol.hr\/index.php\/2025\/09\/17\/leo-junek\/#primaryimage","url":"https:\/\/galerijakaptol.hr\/wp-content\/uploads\/2025\/09\/IMG_9111.jpeg","contentUrl":"https:\/\/galerijakaptol.hr\/wp-content\/uploads\/2025\/09\/IMG_9111.jpeg","width":2531,"height":2109,"caption":"Apstraktni pejza\u017e Tehnika: ulje na platnu Dimenzije: 54 x 65 cm"},{"@type":"BreadcrumbList","@id":"https:\/\/galerijakaptol.hr\/index.php\/2025\/09\/17\/leo-junek\/#breadcrumb","itemListElement":[{"@type":"ListItem","position":1,"name":"Po\u010detna stranica","item":"https:\/\/galerijakaptol.hr\/"},{"@type":"ListItem","position":2,"name":"LEO JUNEK"}]},{"@type":"WebSite","@id":"https:\/\/galerijakaptol.hr\/#website","url":"https:\/\/galerijakaptol.hr\/","name":"Galerija umjetnina","description":"","publisher":{"@id":"https:\/\/galerijakaptol.hr\/#organization"},"potentialAction":[{"@type":"SearchAction","target":{"@type":"EntryPoint","urlTemplate":"https:\/\/galerijakaptol.hr\/?s={search_term_string}"},"query-input":{"@type":"PropertyValueSpecification","valueRequired":true,"valueName":"search_term_string"}}],"inLanguage":"hr"},{"@type":"Organization","@id":"https:\/\/galerijakaptol.hr\/#organization","name":"Galerija umjetnina","url":"https:\/\/galerijakaptol.hr\/","logo":{"@type":"ImageObject","inLanguage":"hr","@id":"https:\/\/galerijakaptol.hr\/#\/schema\/logo\/image\/","url":"https:\/\/galerijakaptol.hr\/wp-content\/uploads\/2023\/09\/logo-Kaptol-Galerija.png","contentUrl":"https:\/\/galerijakaptol.hr\/wp-content\/uploads\/2023\/09\/logo-Kaptol-Galerija.png","width":342,"height":72,"caption":"Galerija umjetnina"},"image":{"@id":"https:\/\/galerijakaptol.hr\/#\/schema\/logo\/image\/"}},{"@type":"Person","@id":"https:\/\/galerijakaptol.hr\/#\/schema\/person\/f3d1dc228981eca5894740a7ccd795df","name":"admin","sameAs":["https:\/\/galerijakaptol.hr"],"url":"https:\/\/galerijakaptol.hr\/index.php\/author\/admin_gk\/"}]}},"jetpack_featured_media_url":"https:\/\/galerijakaptol.hr\/wp-content\/uploads\/2025\/09\/IMG_9111.jpeg","jetpack_sharing_enabled":true,"_links":{"self":[{"href":"https:\/\/galerijakaptol.hr\/index.php\/wp-json\/wp\/v2\/posts\/3946","targetHints":{"allow":["GET"]}}],"collection":[{"href":"https:\/\/galerijakaptol.hr\/index.php\/wp-json\/wp\/v2\/posts"}],"about":[{"href":"https:\/\/galerijakaptol.hr\/index.php\/wp-json\/wp\/v2\/types\/post"}],"author":[{"embeddable":true,"href":"https:\/\/galerijakaptol.hr\/index.php\/wp-json\/wp\/v2\/users\/1"}],"replies":[{"embeddable":true,"href":"https:\/\/galerijakaptol.hr\/index.php\/wp-json\/wp\/v2\/comments?post=3946"}],"version-history":[{"count":4,"href":"https:\/\/galerijakaptol.hr\/index.php\/wp-json\/wp\/v2\/posts\/3946\/revisions"}],"predecessor-version":[{"id":3951,"href":"https:\/\/galerijakaptol.hr\/index.php\/wp-json\/wp\/v2\/posts\/3946\/revisions\/3951"}],"wp:featuredmedia":[{"embeddable":true,"href":"https:\/\/galerijakaptol.hr\/index.php\/wp-json\/wp\/v2\/media\/3945"}],"wp:attachment":[{"href":"https:\/\/galerijakaptol.hr\/index.php\/wp-json\/wp\/v2\/media?parent=3946"}],"wp:term":[{"taxonomy":"category","embeddable":true,"href":"https:\/\/galerijakaptol.hr\/index.php\/wp-json\/wp\/v2\/categories?post=3946"},{"taxonomy":"post_tag","embeddable":true,"href":"https:\/\/galerijakaptol.hr\/index.php\/wp-json\/wp\/v2\/tags?post=3946"}],"curies":[{"name":"wp","href":"https:\/\/api.w.org\/{rel}","templated":true}]}}