{"id":404,"date":"2023-09-12T20:01:30","date_gmt":"2023-09-12T20:01:30","guid":{"rendered":"https:\/\/galerijakaptol.hr\/?p=404"},"modified":"2026-03-23T08:51:00","modified_gmt":"2026-03-23T08:51:00","slug":"ivan-lesiak","status":"publish","type":"post","link":"https:\/\/galerijakaptol.hr\/index.php\/2023\/09\/12\/ivan-lesiak\/","title":{"rendered":"IVAN LESIAK"},"content":{"rendered":"<p>IVAN LESIAK ro\u0111en je 5. listopada 1929. godine u Luci kraj Zapre\u0161i\u0107a. \u0160kolu primjenjene umjetnosti zavr\u0161io je u Zagrebu, grafi\u010dki smjer. Zagreba\u010dku akademiju likovnih umjetnosti upisao je 1954. godine, a diplomirao je u klasi prof. Frane Kr\u0161ini\u0107a 1960. godine.<\/p>\n<p>Na specijalizaciji je bio u Gr\u010dkoj 1963. i 1964. godine, a u Egiptu 1973. i 1974. godine.<\/p>\n<p>Od 1963. godine izlagao je samostalno preko \u010detrdeset puta, a na presti\u017enim i reprezentativnim hrvatskim i me\u0111unarodnim skupnim izlo\u017ebama preko tristo puta (Atena, Aleksandrija, Kairo, New Delhi, New York, Washington, Paris, Kyoto, Sttutgart, M\u00c3\u00bcnchen, Be\u010d).<\/p>\n<p>Ivan Lesiak umro je 28. travnja 2008. godine u Zagrebu.<\/p>\n\n\n<p><\/p>\n","protected":false},"excerpt":{"rendered":"<p>IVAN LESIAK ro\u0111en je 5. listopada 1929. godine u Luci kraj Zapre\u0161i\u0107a. \u0160kolu primjenjene umjetnosti zavr\u0161io je u Zagrebu, grafi\u010dki smjer. Zagreba\u010dku akademiju likovnih umjetnosti upisao je 1954. godine, a diplomirao je u klasi prof. Frane Kr\u0161ini\u0107a 1960. godine. Na specijalizaciji je bio u Gr\u010dkoj 1963. i 1964. godine, a u Egiptu 1973. i 1974. [&hellip;]<\/p>\n","protected":false},"author":1,"featured_media":0,"comment_status":"closed","ping_status":"open","sticky":false,"template":"blank","format":"standard","meta":{"_jetpack_memberships_contains_paid_content":false,"footnotes":""},"categories":[1],"tags":[],"class_list":["post-404","post","type-post","status-publish","format-standard","hentry","category-uncategorized"],"yoast_head":"<!-- This site is optimized with the Yoast SEO plugin v27.5 - https:\/\/yoast.com\/product\/yoast-seo-wordpress\/ -->\n<title>IVAN LESIAK - Galerija umjetnina<\/title>\n<meta name=\"description\" content=\"IVAN LESIAK ro\u0111en je 5. listopada 1929. godine u Luci kraj Zapre\u0161i\u0107a. \u0160kolu primjenjene umjetnosti zavr\u0161io je u Zagrebu, grafi\u010dki smjer. Zagreba\u010dku akademiju likovnih umjetnosti upisao je 1954. godine, a diplomirao je u klasi prof. Frane Kr\u0161ini\u0107a 1960. godine.Na specijalizaciji je bio u Gr\u010dkoj 1963. i 1964. godine, a u Egiptu 1973. i 1974. godine.Od 1963. godine izlagao je samostalno preko \u010detrdeset puta, a na presti\u017enim i reprezentativnim hrvatskim i me\u0111unarodnim skupnim izlo\u017ebama preko tristo puta (Atena, Aleksandrija, Kairo, New Delhi, New York, Washington, Paris, Kyoto, Sttutgart, M\u00c3\u00bcnchen, Be\u010d).Ivan Lesiak umro je 28. travnja 2008. godine u Zagrebu.\" \/>\n<meta name=\"robots\" content=\"index, follow, max-snippet:-1, max-image-preview:large, max-video-preview:-1\" \/>\n<link rel=\"canonical\" href=\"https:\/\/galerijakaptol.hr\/index.php\/2023\/09\/12\/ivan-lesiak\/\" \/>\n<meta property=\"og:locale\" content=\"hr_HR\" \/>\n<meta property=\"og:type\" content=\"article\" \/>\n<meta property=\"og:title\" content=\"IVAN LESIAK - Galerija umjetnina\" \/>\n<meta property=\"og:description\" content=\"IVAN LESIAK ro\u0111en je 5. listopada 1929. godine u Luci kraj Zapre\u0161i\u0107a. \u0160kolu primjenjene umjetnosti zavr\u0161io je u Zagrebu, grafi\u010dki smjer. Zagreba\u010dku akademiju likovnih umjetnosti upisao je 1954. godine, a diplomirao je u klasi prof. Frane Kr\u0161ini\u0107a 1960. godine.Na specijalizaciji je bio u Gr\u010dkoj 1963. i 1964. godine, a u Egiptu 1973. i 1974. godine.Od 1963. godine izlagao je samostalno preko \u010detrdeset puta, a na presti\u017enim i reprezentativnim hrvatskim i me\u0111unarodnim skupnim izlo\u017ebama preko tristo puta (Atena, Aleksandrija, Kairo, New Delhi, New York, Washington, Paris, Kyoto, Sttutgart, M\u00c3\u00bcnchen, Be\u010d).Ivan Lesiak umro je 28. travnja 2008. godine u Zagrebu.\" \/>\n<meta property=\"og:url\" content=\"https:\/\/galerijakaptol.hr\/index.php\/2023\/09\/12\/ivan-lesiak\/\" \/>\n<meta property=\"og:site_name\" content=\"Galerija umjetnina\" \/>\n<meta property=\"article:published_time\" content=\"2023-09-12T20:01:30+00:00\" \/>\n<meta property=\"article:modified_time\" content=\"2026-03-23T08:51:00+00:00\" \/>\n<meta name=\"author\" content=\"admin\" \/>\n<meta name=\"twitter:card\" content=\"summary_large_image\" \/>\n<meta name=\"twitter:label1\" content=\"Napisao\/la\" \/>\n\t<meta name=\"twitter:data1\" content=\"admin\" \/>\n\t<meta name=\"twitter:label2\" content=\"Procijenjeno vrijeme \u010ditanja\" \/>\n\t<meta name=\"twitter:data2\" content=\"1 minuta\" \/>\n<script type=\"application\/ld+json\" class=\"yoast-schema-graph\">{\"@context\":\"https:\\\/\\\/schema.org\",\"@graph\":[{\"@type\":\"Article\",\"@id\":\"https:\\\/\\\/galerijakaptol.hr\\\/index.php\\\/2023\\\/09\\\/12\\\/ivan-lesiak\\\/#article\",\"isPartOf\":{\"@id\":\"https:\\\/\\\/galerijakaptol.hr\\\/index.php\\\/2023\\\/09\\\/12\\\/ivan-lesiak\\\/\"},\"author\":{\"name\":\"admin\",\"@id\":\"https:\\\/\\\/galerijakaptol.hr\\\/#\\\/schema\\\/person\\\/f3d1dc228981eca5894740a7ccd795df\"},\"headline\":\"IVAN LESIAK\",\"datePublished\":\"2023-09-12T20:01:30+00:00\",\"dateModified\":\"2026-03-23T08:51:00+00:00\",\"mainEntityOfPage\":{\"@id\":\"https:\\\/\\\/galerijakaptol.hr\\\/index.php\\\/2023\\\/09\\\/12\\\/ivan-lesiak\\\/\"},\"wordCount\":105,\"publisher\":{\"@id\":\"https:\\\/\\\/galerijakaptol.hr\\\/#organization\"},\"articleSection\":[\"Blog\"],\"inLanguage\":\"hr\"},{\"@type\":\"WebPage\",\"@id\":\"https:\\\/\\\/galerijakaptol.hr\\\/index.php\\\/2023\\\/09\\\/12\\\/ivan-lesiak\\\/\",\"url\":\"https:\\\/\\\/galerijakaptol.hr\\\/index.php\\\/2023\\\/09\\\/12\\\/ivan-lesiak\\\/\",\"name\":\"IVAN LESIAK - Galerija umjetnina\",\"isPartOf\":{\"@id\":\"https:\\\/\\\/galerijakaptol.hr\\\/#website\"},\"datePublished\":\"2023-09-12T20:01:30+00:00\",\"dateModified\":\"2026-03-23T08:51:00+00:00\",\"description\":\"IVAN LESIAK ro\u0111en je 5. listopada 1929. godine u Luci kraj Zapre\u0161i\u0107a. \u0160kolu primjenjene umjetnosti zavr\u0161io je u Zagrebu, grafi\u010dki smjer. Zagreba\u010dku akademiju likovnih umjetnosti upisao je 1954. godine, a diplomirao je u klasi prof. Frane Kr\u0161ini\u0107a 1960. godine.Na specijalizaciji je bio u Gr\u010dkoj 1963. i 1964. godine, a u Egiptu 1973. i 1974. godine.Od 1963. godine izlagao je samostalno preko \u010detrdeset puta, a na presti\u017enim i reprezentativnim hrvatskim i me\u0111unarodnim skupnim izlo\u017ebama preko tristo puta (Atena, Aleksandrija, Kairo, New Delhi, New York, Washington, Paris, Kyoto, Sttutgart, M\u00c3\u00bcnchen, Be\u010d).Ivan Lesiak umro je 28. travnja 2008. godine u Zagrebu.\",\"breadcrumb\":{\"@id\":\"https:\\\/\\\/galerijakaptol.hr\\\/index.php\\\/2023\\\/09\\\/12\\\/ivan-lesiak\\\/#breadcrumb\"},\"inLanguage\":\"hr\",\"potentialAction\":[{\"@type\":\"ReadAction\",\"target\":[\"https:\\\/\\\/galerijakaptol.hr\\\/index.php\\\/2023\\\/09\\\/12\\\/ivan-lesiak\\\/\"]}]},{\"@type\":\"BreadcrumbList\",\"@id\":\"https:\\\/\\\/galerijakaptol.hr\\\/index.php\\\/2023\\\/09\\\/12\\\/ivan-lesiak\\\/#breadcrumb\",\"itemListElement\":[{\"@type\":\"ListItem\",\"position\":1,\"name\":\"Po\u010detna stranica\",\"item\":\"https:\\\/\\\/galerijakaptol.hr\\\/\"},{\"@type\":\"ListItem\",\"position\":2,\"name\":\"IVAN LESIAK\"}]},{\"@type\":\"WebSite\",\"@id\":\"https:\\\/\\\/galerijakaptol.hr\\\/#website\",\"url\":\"https:\\\/\\\/galerijakaptol.hr\\\/\",\"name\":\"Galerija umjetnina\",\"description\":\"\",\"publisher\":{\"@id\":\"https:\\\/\\\/galerijakaptol.hr\\\/#organization\"},\"potentialAction\":[{\"@type\":\"SearchAction\",\"target\":{\"@type\":\"EntryPoint\",\"urlTemplate\":\"https:\\\/\\\/galerijakaptol.hr\\\/?s={search_term_string}\"},\"query-input\":{\"@type\":\"PropertyValueSpecification\",\"valueRequired\":true,\"valueName\":\"search_term_string\"}}],\"inLanguage\":\"hr\"},{\"@type\":\"Organization\",\"@id\":\"https:\\\/\\\/galerijakaptol.hr\\\/#organization\",\"name\":\"Galerija umjetnina\",\"url\":\"https:\\\/\\\/galerijakaptol.hr\\\/\",\"logo\":{\"@type\":\"ImageObject\",\"inLanguage\":\"hr\",\"@id\":\"https:\\\/\\\/galerijakaptol.hr\\\/#\\\/schema\\\/logo\\\/image\\\/\",\"url\":\"https:\\\/\\\/galerijakaptol.hr\\\/wp-content\\\/uploads\\\/2023\\\/09\\\/logo-Kaptol-Galerija.png\",\"contentUrl\":\"https:\\\/\\\/galerijakaptol.hr\\\/wp-content\\\/uploads\\\/2023\\\/09\\\/logo-Kaptol-Galerija.png\",\"width\":342,\"height\":72,\"caption\":\"Galerija umjetnina\"},\"image\":{\"@id\":\"https:\\\/\\\/galerijakaptol.hr\\\/#\\\/schema\\\/logo\\\/image\\\/\"}},{\"@type\":\"Person\",\"@id\":\"https:\\\/\\\/galerijakaptol.hr\\\/#\\\/schema\\\/person\\\/f3d1dc228981eca5894740a7ccd795df\",\"name\":\"admin\",\"sameAs\":[\"https:\\\/\\\/galerijakaptol.hr\"],\"url\":\"https:\\\/\\\/galerijakaptol.hr\\\/index.php\\\/author\\\/admin_gk\\\/\"}]}<\/script>\n<!-- \/ Yoast SEO plugin. -->","yoast_head_json":{"title":"IVAN LESIAK - Galerija umjetnina","description":"IVAN LESIAK ro\u0111en je 5. listopada 1929. godine u Luci kraj Zapre\u0161i\u0107a. \u0160kolu primjenjene umjetnosti zavr\u0161io je u Zagrebu, grafi\u010dki smjer. Zagreba\u010dku akademiju likovnih umjetnosti upisao je 1954. godine, a diplomirao je u klasi prof. Frane Kr\u0161ini\u0107a 1960. godine.Na specijalizaciji je bio u Gr\u010dkoj 1963. i 1964. godine, a u Egiptu 1973. i 1974. godine.Od 1963. godine izlagao je samostalno preko \u010detrdeset puta, a na presti\u017enim i reprezentativnim hrvatskim i me\u0111unarodnim skupnim izlo\u017ebama preko tristo puta (Atena, Aleksandrija, Kairo, New Delhi, New York, Washington, Paris, Kyoto, Sttutgart, M\u00c3\u00bcnchen, Be\u010d).Ivan Lesiak umro je 28. travnja 2008. godine u Zagrebu.","robots":{"index":"index","follow":"follow","max-snippet":"max-snippet:-1","max-image-preview":"max-image-preview:large","max-video-preview":"max-video-preview:-1"},"canonical":"https:\/\/galerijakaptol.hr\/index.php\/2023\/09\/12\/ivan-lesiak\/","og_locale":"hr_HR","og_type":"article","og_title":"IVAN LESIAK - Galerija umjetnina","og_description":"IVAN LESIAK ro\u0111en je 5. listopada 1929. godine u Luci kraj Zapre\u0161i\u0107a. \u0160kolu primjenjene umjetnosti zavr\u0161io je u Zagrebu, grafi\u010dki smjer. Zagreba\u010dku akademiju likovnih umjetnosti upisao je 1954. godine, a diplomirao je u klasi prof. Frane Kr\u0161ini\u0107a 1960. godine.Na specijalizaciji je bio u Gr\u010dkoj 1963. i 1964. godine, a u Egiptu 1973. i 1974. godine.Od 1963. godine izlagao je samostalno preko \u010detrdeset puta, a na presti\u017enim i reprezentativnim hrvatskim i me\u0111unarodnim skupnim izlo\u017ebama preko tristo puta (Atena, Aleksandrija, Kairo, New Delhi, New York, Washington, Paris, Kyoto, Sttutgart, M\u00c3\u00bcnchen, Be\u010d).Ivan Lesiak umro je 28. travnja 2008. godine u Zagrebu.","og_url":"https:\/\/galerijakaptol.hr\/index.php\/2023\/09\/12\/ivan-lesiak\/","og_site_name":"Galerija umjetnina","article_published_time":"2023-09-12T20:01:30+00:00","article_modified_time":"2026-03-23T08:51:00+00:00","author":"admin","twitter_card":"summary_large_image","twitter_misc":{"Napisao\/la":"admin","Procijenjeno vrijeme \u010ditanja":"1 minuta"},"schema":{"@context":"https:\/\/schema.org","@graph":[{"@type":"Article","@id":"https:\/\/galerijakaptol.hr\/index.php\/2023\/09\/12\/ivan-lesiak\/#article","isPartOf":{"@id":"https:\/\/galerijakaptol.hr\/index.php\/2023\/09\/12\/ivan-lesiak\/"},"author":{"name":"admin","@id":"https:\/\/galerijakaptol.hr\/#\/schema\/person\/f3d1dc228981eca5894740a7ccd795df"},"headline":"IVAN LESIAK","datePublished":"2023-09-12T20:01:30+00:00","dateModified":"2026-03-23T08:51:00+00:00","mainEntityOfPage":{"@id":"https:\/\/galerijakaptol.hr\/index.php\/2023\/09\/12\/ivan-lesiak\/"},"wordCount":105,"publisher":{"@id":"https:\/\/galerijakaptol.hr\/#organization"},"articleSection":["Blog"],"inLanguage":"hr"},{"@type":"WebPage","@id":"https:\/\/galerijakaptol.hr\/index.php\/2023\/09\/12\/ivan-lesiak\/","url":"https:\/\/galerijakaptol.hr\/index.php\/2023\/09\/12\/ivan-lesiak\/","name":"IVAN LESIAK - Galerija umjetnina","isPartOf":{"@id":"https:\/\/galerijakaptol.hr\/#website"},"datePublished":"2023-09-12T20:01:30+00:00","dateModified":"2026-03-23T08:51:00+00:00","description":"IVAN LESIAK ro\u0111en je 5. listopada 1929. godine u Luci kraj Zapre\u0161i\u0107a. \u0160kolu primjenjene umjetnosti zavr\u0161io je u Zagrebu, grafi\u010dki smjer. Zagreba\u010dku akademiju likovnih umjetnosti upisao je 1954. godine, a diplomirao je u klasi prof. Frane Kr\u0161ini\u0107a 1960. godine.Na specijalizaciji je bio u Gr\u010dkoj 1963. i 1964. godine, a u Egiptu 1973. i 1974. godine.Od 1963. godine izlagao je samostalno preko \u010detrdeset puta, a na presti\u017enim i reprezentativnim hrvatskim i me\u0111unarodnim skupnim izlo\u017ebama preko tristo puta (Atena, Aleksandrija, Kairo, New Delhi, New York, Washington, Paris, Kyoto, Sttutgart, M\u00c3\u00bcnchen, Be\u010d).Ivan Lesiak umro je 28. travnja 2008. godine u Zagrebu.","breadcrumb":{"@id":"https:\/\/galerijakaptol.hr\/index.php\/2023\/09\/12\/ivan-lesiak\/#breadcrumb"},"inLanguage":"hr","potentialAction":[{"@type":"ReadAction","target":["https:\/\/galerijakaptol.hr\/index.php\/2023\/09\/12\/ivan-lesiak\/"]}]},{"@type":"BreadcrumbList","@id":"https:\/\/galerijakaptol.hr\/index.php\/2023\/09\/12\/ivan-lesiak\/#breadcrumb","itemListElement":[{"@type":"ListItem","position":1,"name":"Po\u010detna stranica","item":"https:\/\/galerijakaptol.hr\/"},{"@type":"ListItem","position":2,"name":"IVAN LESIAK"}]},{"@type":"WebSite","@id":"https:\/\/galerijakaptol.hr\/#website","url":"https:\/\/galerijakaptol.hr\/","name":"Galerija umjetnina","description":"","publisher":{"@id":"https:\/\/galerijakaptol.hr\/#organization"},"potentialAction":[{"@type":"SearchAction","target":{"@type":"EntryPoint","urlTemplate":"https:\/\/galerijakaptol.hr\/?s={search_term_string}"},"query-input":{"@type":"PropertyValueSpecification","valueRequired":true,"valueName":"search_term_string"}}],"inLanguage":"hr"},{"@type":"Organization","@id":"https:\/\/galerijakaptol.hr\/#organization","name":"Galerija umjetnina","url":"https:\/\/galerijakaptol.hr\/","logo":{"@type":"ImageObject","inLanguage":"hr","@id":"https:\/\/galerijakaptol.hr\/#\/schema\/logo\/image\/","url":"https:\/\/galerijakaptol.hr\/wp-content\/uploads\/2023\/09\/logo-Kaptol-Galerija.png","contentUrl":"https:\/\/galerijakaptol.hr\/wp-content\/uploads\/2023\/09\/logo-Kaptol-Galerija.png","width":342,"height":72,"caption":"Galerija umjetnina"},"image":{"@id":"https:\/\/galerijakaptol.hr\/#\/schema\/logo\/image\/"}},{"@type":"Person","@id":"https:\/\/galerijakaptol.hr\/#\/schema\/person\/f3d1dc228981eca5894740a7ccd795df","name":"admin","sameAs":["https:\/\/galerijakaptol.hr"],"url":"https:\/\/galerijakaptol.hr\/index.php\/author\/admin_gk\/"}]}},"jetpack_featured_media_url":"","jetpack_sharing_enabled":true,"_links":{"self":[{"href":"https:\/\/galerijakaptol.hr\/index.php\/wp-json\/wp\/v2\/posts\/404","targetHints":{"allow":["GET"]}}],"collection":[{"href":"https:\/\/galerijakaptol.hr\/index.php\/wp-json\/wp\/v2\/posts"}],"about":[{"href":"https:\/\/galerijakaptol.hr\/index.php\/wp-json\/wp\/v2\/types\/post"}],"author":[{"embeddable":true,"href":"https:\/\/galerijakaptol.hr\/index.php\/wp-json\/wp\/v2\/users\/1"}],"replies":[{"embeddable":true,"href":"https:\/\/galerijakaptol.hr\/index.php\/wp-json\/wp\/v2\/comments?post=404"}],"version-history":[{"count":9,"href":"https:\/\/galerijakaptol.hr\/index.php\/wp-json\/wp\/v2\/posts\/404\/revisions"}],"predecessor-version":[{"id":4473,"href":"https:\/\/galerijakaptol.hr\/index.php\/wp-json\/wp\/v2\/posts\/404\/revisions\/4473"}],"wp:attachment":[{"href":"https:\/\/galerijakaptol.hr\/index.php\/wp-json\/wp\/v2\/media?parent=404"}],"wp:term":[{"taxonomy":"category","embeddable":true,"href":"https:\/\/galerijakaptol.hr\/index.php\/wp-json\/wp\/v2\/categories?post=404"},{"taxonomy":"post_tag","embeddable":true,"href":"https:\/\/galerijakaptol.hr\/index.php\/wp-json\/wp\/v2\/tags?post=404"}],"curies":[{"name":"wp","href":"https:\/\/api.w.org\/{rel}","templated":true}]}}