{"id":4044,"date":"2025-10-24T10:02:19","date_gmt":"2025-10-24T10:02:19","guid":{"rendered":"https:\/\/galerijakaptol.hr\/?p=4044"},"modified":"2026-01-19T11:43:34","modified_gmt":"2026-01-19T11:43:34","slug":"milena-lah","status":"publish","type":"post","link":"https:\/\/galerijakaptol.hr\/index.php\/2025\/10\/24\/milena-lah\/","title":{"rendered":"MILENA LAH"},"content":{"rendered":"\n<p><strong>Lah, Milena,<\/strong> hrvatska kiparica (Ajdov\u0161\u010dina, Slovenija, 23.\u00a0V.\u00a01920\u2013 Zagreb, 15.\u00a0VI.\u00a02003). Zavr\u0161ila Akademiju likovnih umjetnosti u Zagrebu te bila suradnica Majstorske radionice V. Radau\u0161a (1949\u201350). U ranome razdoblju radila je realisti\u010dku skulpturu, potom je te\u017eila sintezi oblika i simboli\u010dnoj izra\u017eajnosti materijala. Nadahnuta hrvatskim likovnim i knji\u017eevnim stvarala\u0161tvom u svojem je opusu povezala tradicijske oblike sa suvremenim kiparskim idejama <em>(Veli Jo\u017ee, Umiru\u0107i galijot)<\/em>. Osobitu pozornost poklanjala je \u017eenskim i dje\u010djim likovima <em>(\u017dena, Nevjesta, Djevoj\u010dica)<\/em>. U kasnijim ciklusima, uglavnom mitolo\u0161ke tematike, povezivala je geometrijske i figuralne elemente (<em>Ikarov krug,<\/em> 1982). Dobila je Nagradu \u00bbVladimir Nazor\u00ab za \u017eivotno djelo (1995).<\/p>\n\n\n<figure id=\"attachment_4032\" aria-describedby=\"caption-attachment-4032\" style=\"width: 300px\" class=\"wp-caption aligncenter\"><a href=\"https:\/\/galerijakaptol.hr\/wp-content\/uploads\/2025\/10\/IMG_1728-scaled.jpeg\"><img loading=\"lazy\" decoding=\"async\" class=\"size-medium wp-image-4032\" src=\"https:\/\/galerijakaptol.hr\/wp-content\/uploads\/2025\/10\/IMG_1728-300x248.jpeg\" alt=\"\" width=\"300\" height=\"248\" srcset=\"https:\/\/galerijakaptol.hr\/wp-content\/uploads\/2025\/10\/IMG_1728-300x248.jpeg 300w, https:\/\/galerijakaptol.hr\/wp-content\/uploads\/2025\/10\/IMG_1728-1024x845.jpeg 1024w, https:\/\/galerijakaptol.hr\/wp-content\/uploads\/2025\/10\/IMG_1728-768x634.jpeg 768w, https:\/\/galerijakaptol.hr\/wp-content\/uploads\/2025\/10\/IMG_1728-1536x1267.jpeg 1536w, https:\/\/galerijakaptol.hr\/wp-content\/uploads\/2025\/10\/IMG_1728-2048x1690.jpeg 2048w\" sizes=\"auto, (max-width: 300px) 100vw, 300px\" \/><\/a><figcaption id=\"caption-attachment-4032\" class=\"wp-caption-text\">Vaza s cvije\u0107em<br \/>Tehnika: ulje na platnu<br \/>Dimenzije: 45 x 55 cm<br \/>Godina: 1998.<\/figcaption><\/figure>","protected":false},"excerpt":{"rendered":"<p>Lah, Milena, hrvatska kiparica (Ajdov\u0161\u010dina, Slovenija, 23.\u00a0V.\u00a01920\u2013 Zagreb, 15.\u00a0VI.\u00a02003). Zavr\u0161ila Akademiju likovnih umjetnosti u Zagrebu te bila suradnica Majstorske radionice V. Radau\u0161a (1949\u201350). U ranome razdoblju radila je realisti\u010dku skulpturu, potom je te\u017eila sintezi oblika i simboli\u010dnoj izra\u017eajnosti materijala. Nadahnuta hrvatskim likovnim i knji\u017eevnim stvarala\u0161tvom u svojem je opusu povezala tradicijske oblike sa suvremenim kiparskim [&hellip;]<\/p>\n","protected":false},"author":1,"featured_media":4032,"comment_status":"closed","ping_status":"open","sticky":false,"template":"","format":"standard","meta":{"_jetpack_memberships_contains_paid_content":false,"footnotes":""},"categories":[1],"tags":[],"class_list":["post-4044","post","type-post","status-publish","format-standard","has-post-thumbnail","hentry","category-uncategorized"],"yoast_head":"<!-- This site is optimized with the Yoast SEO plugin v27.5 - https:\/\/yoast.com\/product\/yoast-seo-wordpress\/ -->\n<title>MILENA LAH - Galerija umjetnina<\/title>\n<meta name=\"robots\" content=\"index, follow, max-snippet:-1, max-image-preview:large, max-video-preview:-1\" \/>\n<link rel=\"canonical\" href=\"https:\/\/galerijakaptol.hr\/index.php\/2025\/10\/24\/milena-lah\/\" \/>\n<meta property=\"og:locale\" content=\"hr_HR\" \/>\n<meta property=\"og:type\" content=\"article\" \/>\n<meta property=\"og:title\" content=\"MILENA LAH - Galerija umjetnina\" \/>\n<meta property=\"og:description\" content=\"Lah, Milena, hrvatska kiparica (Ajdov\u0161\u010dina, Slovenija, 23.\u00a0V.\u00a01920\u2013 Zagreb, 15.\u00a0VI.\u00a02003). Zavr\u0161ila Akademiju likovnih umjetnosti u Zagrebu te bila suradnica Majstorske radionice V. Radau\u0161a (1949\u201350). U ranome razdoblju radila je realisti\u010dku skulpturu, potom je te\u017eila sintezi oblika i simboli\u010dnoj izra\u017eajnosti materijala. Nadahnuta hrvatskim likovnim i knji\u017eevnim stvarala\u0161tvom u svojem je opusu povezala tradicijske oblike sa suvremenim kiparskim [&hellip;]\" \/>\n<meta property=\"og:url\" content=\"https:\/\/galerijakaptol.hr\/index.php\/2025\/10\/24\/milena-lah\/\" \/>\n<meta property=\"og:site_name\" content=\"Galerija umjetnina\" \/>\n<meta property=\"article:published_time\" content=\"2025-10-24T10:02:19+00:00\" \/>\n<meta property=\"article:modified_time\" content=\"2026-01-19T11:43:34+00:00\" \/>\n<meta property=\"og:image\" content=\"https:\/\/galerijakaptol.hr\/wp-content\/uploads\/2025\/10\/IMG_1728-scaled.jpeg\" \/>\n\t<meta property=\"og:image:width\" content=\"2560\" \/>\n\t<meta property=\"og:image:height\" content=\"2112\" \/>\n\t<meta property=\"og:image:type\" content=\"image\/jpeg\" \/>\n<meta name=\"author\" content=\"admin\" \/>\n<meta name=\"twitter:card\" content=\"summary_large_image\" \/>\n<meta name=\"twitter:label1\" content=\"Napisao\/la\" \/>\n\t<meta name=\"twitter:data1\" content=\"admin\" \/>\n\t<meta name=\"twitter:label2\" content=\"Procijenjeno vrijeme \u010ditanja\" \/>\n\t<meta name=\"twitter:data2\" content=\"2 minute\" \/>\n<script type=\"application\/ld+json\" class=\"yoast-schema-graph\">{\"@context\":\"https:\\\/\\\/schema.org\",\"@graph\":[{\"@type\":\"Article\",\"@id\":\"https:\\\/\\\/galerijakaptol.hr\\\/index.php\\\/2025\\\/10\\\/24\\\/milena-lah\\\/#article\",\"isPartOf\":{\"@id\":\"https:\\\/\\\/galerijakaptol.hr\\\/index.php\\\/2025\\\/10\\\/24\\\/milena-lah\\\/\"},\"author\":{\"name\":\"admin\",\"@id\":\"https:\\\/\\\/galerijakaptol.hr\\\/#\\\/schema\\\/person\\\/f3d1dc228981eca5894740a7ccd795df\"},\"headline\":\"MILENA LAH\",\"datePublished\":\"2025-10-24T10:02:19+00:00\",\"dateModified\":\"2026-01-19T11:43:34+00:00\",\"mainEntityOfPage\":{\"@id\":\"https:\\\/\\\/galerijakaptol.hr\\\/index.php\\\/2025\\\/10\\\/24\\\/milena-lah\\\/\"},\"wordCount\":124,\"publisher\":{\"@id\":\"https:\\\/\\\/galerijakaptol.hr\\\/#organization\"},\"image\":{\"@id\":\"https:\\\/\\\/galerijakaptol.hr\\\/index.php\\\/2025\\\/10\\\/24\\\/milena-lah\\\/#primaryimage\"},\"thumbnailUrl\":\"https:\\\/\\\/galerijakaptol.hr\\\/wp-content\\\/uploads\\\/2025\\\/10\\\/IMG_1728-scaled.jpeg\",\"articleSection\":[\"Blog\"],\"inLanguage\":\"hr\"},{\"@type\":\"WebPage\",\"@id\":\"https:\\\/\\\/galerijakaptol.hr\\\/index.php\\\/2025\\\/10\\\/24\\\/milena-lah\\\/\",\"url\":\"https:\\\/\\\/galerijakaptol.hr\\\/index.php\\\/2025\\\/10\\\/24\\\/milena-lah\\\/\",\"name\":\"MILENA LAH - Galerija umjetnina\",\"isPartOf\":{\"@id\":\"https:\\\/\\\/galerijakaptol.hr\\\/#website\"},\"primaryImageOfPage\":{\"@id\":\"https:\\\/\\\/galerijakaptol.hr\\\/index.php\\\/2025\\\/10\\\/24\\\/milena-lah\\\/#primaryimage\"},\"image\":{\"@id\":\"https:\\\/\\\/galerijakaptol.hr\\\/index.php\\\/2025\\\/10\\\/24\\\/milena-lah\\\/#primaryimage\"},\"thumbnailUrl\":\"https:\\\/\\\/galerijakaptol.hr\\\/wp-content\\\/uploads\\\/2025\\\/10\\\/IMG_1728-scaled.jpeg\",\"datePublished\":\"2025-10-24T10:02:19+00:00\",\"dateModified\":\"2026-01-19T11:43:34+00:00\",\"breadcrumb\":{\"@id\":\"https:\\\/\\\/galerijakaptol.hr\\\/index.php\\\/2025\\\/10\\\/24\\\/milena-lah\\\/#breadcrumb\"},\"inLanguage\":\"hr\",\"potentialAction\":[{\"@type\":\"ReadAction\",\"target\":[\"https:\\\/\\\/galerijakaptol.hr\\\/index.php\\\/2025\\\/10\\\/24\\\/milena-lah\\\/\"]}]},{\"@type\":\"ImageObject\",\"inLanguage\":\"hr\",\"@id\":\"https:\\\/\\\/galerijakaptol.hr\\\/index.php\\\/2025\\\/10\\\/24\\\/milena-lah\\\/#primaryimage\",\"url\":\"https:\\\/\\\/galerijakaptol.hr\\\/wp-content\\\/uploads\\\/2025\\\/10\\\/IMG_1728-scaled.jpeg\",\"contentUrl\":\"https:\\\/\\\/galerijakaptol.hr\\\/wp-content\\\/uploads\\\/2025\\\/10\\\/IMG_1728-scaled.jpeg\",\"width\":2560,\"height\":2112,\"caption\":\"Vaza s cvije\u0107em Tehnika: ulje na platnu Dimenzije: 45 x 55 cm Godina: 1998.\"},{\"@type\":\"BreadcrumbList\",\"@id\":\"https:\\\/\\\/galerijakaptol.hr\\\/index.php\\\/2025\\\/10\\\/24\\\/milena-lah\\\/#breadcrumb\",\"itemListElement\":[{\"@type\":\"ListItem\",\"position\":1,\"name\":\"Po\u010detna stranica\",\"item\":\"https:\\\/\\\/galerijakaptol.hr\\\/\"},{\"@type\":\"ListItem\",\"position\":2,\"name\":\"MILENA LAH\"}]},{\"@type\":\"WebSite\",\"@id\":\"https:\\\/\\\/galerijakaptol.hr\\\/#website\",\"url\":\"https:\\\/\\\/galerijakaptol.hr\\\/\",\"name\":\"Galerija umjetnina\",\"description\":\"\",\"publisher\":{\"@id\":\"https:\\\/\\\/galerijakaptol.hr\\\/#organization\"},\"potentialAction\":[{\"@type\":\"SearchAction\",\"target\":{\"@type\":\"EntryPoint\",\"urlTemplate\":\"https:\\\/\\\/galerijakaptol.hr\\\/?s={search_term_string}\"},\"query-input\":{\"@type\":\"PropertyValueSpecification\",\"valueRequired\":true,\"valueName\":\"search_term_string\"}}],\"inLanguage\":\"hr\"},{\"@type\":\"Organization\",\"@id\":\"https:\\\/\\\/galerijakaptol.hr\\\/#organization\",\"name\":\"Galerija umjetnina\",\"url\":\"https:\\\/\\\/galerijakaptol.hr\\\/\",\"logo\":{\"@type\":\"ImageObject\",\"inLanguage\":\"hr\",\"@id\":\"https:\\\/\\\/galerijakaptol.hr\\\/#\\\/schema\\\/logo\\\/image\\\/\",\"url\":\"https:\\\/\\\/galerijakaptol.hr\\\/wp-content\\\/uploads\\\/2023\\\/09\\\/logo-Kaptol-Galerija.png\",\"contentUrl\":\"https:\\\/\\\/galerijakaptol.hr\\\/wp-content\\\/uploads\\\/2023\\\/09\\\/logo-Kaptol-Galerija.png\",\"width\":342,\"height\":72,\"caption\":\"Galerija umjetnina\"},\"image\":{\"@id\":\"https:\\\/\\\/galerijakaptol.hr\\\/#\\\/schema\\\/logo\\\/image\\\/\"}},{\"@type\":\"Person\",\"@id\":\"https:\\\/\\\/galerijakaptol.hr\\\/#\\\/schema\\\/person\\\/f3d1dc228981eca5894740a7ccd795df\",\"name\":\"admin\",\"sameAs\":[\"https:\\\/\\\/galerijakaptol.hr\"],\"url\":\"https:\\\/\\\/galerijakaptol.hr\\\/index.php\\\/author\\\/admin_gk\\\/\"}]}<\/script>\n<!-- \/ Yoast SEO plugin. -->","yoast_head_json":{"title":"MILENA LAH - Galerija umjetnina","robots":{"index":"index","follow":"follow","max-snippet":"max-snippet:-1","max-image-preview":"max-image-preview:large","max-video-preview":"max-video-preview:-1"},"canonical":"https:\/\/galerijakaptol.hr\/index.php\/2025\/10\/24\/milena-lah\/","og_locale":"hr_HR","og_type":"article","og_title":"MILENA LAH - Galerija umjetnina","og_description":"Lah, Milena, hrvatska kiparica (Ajdov\u0161\u010dina, Slovenija, 23.\u00a0V.\u00a01920\u2013 Zagreb, 15.\u00a0VI.\u00a02003). Zavr\u0161ila Akademiju likovnih umjetnosti u Zagrebu te bila suradnica Majstorske radionice V. Radau\u0161a (1949\u201350). U ranome razdoblju radila je realisti\u010dku skulpturu, potom je te\u017eila sintezi oblika i simboli\u010dnoj izra\u017eajnosti materijala. Nadahnuta hrvatskim likovnim i knji\u017eevnim stvarala\u0161tvom u svojem je opusu povezala tradicijske oblike sa suvremenim kiparskim [&hellip;]","og_url":"https:\/\/galerijakaptol.hr\/index.php\/2025\/10\/24\/milena-lah\/","og_site_name":"Galerija umjetnina","article_published_time":"2025-10-24T10:02:19+00:00","article_modified_time":"2026-01-19T11:43:34+00:00","og_image":[{"width":2560,"height":2112,"url":"https:\/\/galerijakaptol.hr\/wp-content\/uploads\/2025\/10\/IMG_1728-scaled.jpeg","type":"image\/jpeg"}],"author":"admin","twitter_card":"summary_large_image","twitter_misc":{"Napisao\/la":"admin","Procijenjeno vrijeme \u010ditanja":"2 minute"},"schema":{"@context":"https:\/\/schema.org","@graph":[{"@type":"Article","@id":"https:\/\/galerijakaptol.hr\/index.php\/2025\/10\/24\/milena-lah\/#article","isPartOf":{"@id":"https:\/\/galerijakaptol.hr\/index.php\/2025\/10\/24\/milena-lah\/"},"author":{"name":"admin","@id":"https:\/\/galerijakaptol.hr\/#\/schema\/person\/f3d1dc228981eca5894740a7ccd795df"},"headline":"MILENA LAH","datePublished":"2025-10-24T10:02:19+00:00","dateModified":"2026-01-19T11:43:34+00:00","mainEntityOfPage":{"@id":"https:\/\/galerijakaptol.hr\/index.php\/2025\/10\/24\/milena-lah\/"},"wordCount":124,"publisher":{"@id":"https:\/\/galerijakaptol.hr\/#organization"},"image":{"@id":"https:\/\/galerijakaptol.hr\/index.php\/2025\/10\/24\/milena-lah\/#primaryimage"},"thumbnailUrl":"https:\/\/galerijakaptol.hr\/wp-content\/uploads\/2025\/10\/IMG_1728-scaled.jpeg","articleSection":["Blog"],"inLanguage":"hr"},{"@type":"WebPage","@id":"https:\/\/galerijakaptol.hr\/index.php\/2025\/10\/24\/milena-lah\/","url":"https:\/\/galerijakaptol.hr\/index.php\/2025\/10\/24\/milena-lah\/","name":"MILENA LAH - Galerija umjetnina","isPartOf":{"@id":"https:\/\/galerijakaptol.hr\/#website"},"primaryImageOfPage":{"@id":"https:\/\/galerijakaptol.hr\/index.php\/2025\/10\/24\/milena-lah\/#primaryimage"},"image":{"@id":"https:\/\/galerijakaptol.hr\/index.php\/2025\/10\/24\/milena-lah\/#primaryimage"},"thumbnailUrl":"https:\/\/galerijakaptol.hr\/wp-content\/uploads\/2025\/10\/IMG_1728-scaled.jpeg","datePublished":"2025-10-24T10:02:19+00:00","dateModified":"2026-01-19T11:43:34+00:00","breadcrumb":{"@id":"https:\/\/galerijakaptol.hr\/index.php\/2025\/10\/24\/milena-lah\/#breadcrumb"},"inLanguage":"hr","potentialAction":[{"@type":"ReadAction","target":["https:\/\/galerijakaptol.hr\/index.php\/2025\/10\/24\/milena-lah\/"]}]},{"@type":"ImageObject","inLanguage":"hr","@id":"https:\/\/galerijakaptol.hr\/index.php\/2025\/10\/24\/milena-lah\/#primaryimage","url":"https:\/\/galerijakaptol.hr\/wp-content\/uploads\/2025\/10\/IMG_1728-scaled.jpeg","contentUrl":"https:\/\/galerijakaptol.hr\/wp-content\/uploads\/2025\/10\/IMG_1728-scaled.jpeg","width":2560,"height":2112,"caption":"Vaza s cvije\u0107em Tehnika: ulje na platnu Dimenzije: 45 x 55 cm Godina: 1998."},{"@type":"BreadcrumbList","@id":"https:\/\/galerijakaptol.hr\/index.php\/2025\/10\/24\/milena-lah\/#breadcrumb","itemListElement":[{"@type":"ListItem","position":1,"name":"Po\u010detna stranica","item":"https:\/\/galerijakaptol.hr\/"},{"@type":"ListItem","position":2,"name":"MILENA LAH"}]},{"@type":"WebSite","@id":"https:\/\/galerijakaptol.hr\/#website","url":"https:\/\/galerijakaptol.hr\/","name":"Galerija umjetnina","description":"","publisher":{"@id":"https:\/\/galerijakaptol.hr\/#organization"},"potentialAction":[{"@type":"SearchAction","target":{"@type":"EntryPoint","urlTemplate":"https:\/\/galerijakaptol.hr\/?s={search_term_string}"},"query-input":{"@type":"PropertyValueSpecification","valueRequired":true,"valueName":"search_term_string"}}],"inLanguage":"hr"},{"@type":"Organization","@id":"https:\/\/galerijakaptol.hr\/#organization","name":"Galerija umjetnina","url":"https:\/\/galerijakaptol.hr\/","logo":{"@type":"ImageObject","inLanguage":"hr","@id":"https:\/\/galerijakaptol.hr\/#\/schema\/logo\/image\/","url":"https:\/\/galerijakaptol.hr\/wp-content\/uploads\/2023\/09\/logo-Kaptol-Galerija.png","contentUrl":"https:\/\/galerijakaptol.hr\/wp-content\/uploads\/2023\/09\/logo-Kaptol-Galerija.png","width":342,"height":72,"caption":"Galerija umjetnina"},"image":{"@id":"https:\/\/galerijakaptol.hr\/#\/schema\/logo\/image\/"}},{"@type":"Person","@id":"https:\/\/galerijakaptol.hr\/#\/schema\/person\/f3d1dc228981eca5894740a7ccd795df","name":"admin","sameAs":["https:\/\/galerijakaptol.hr"],"url":"https:\/\/galerijakaptol.hr\/index.php\/author\/admin_gk\/"}]}},"jetpack_featured_media_url":"https:\/\/galerijakaptol.hr\/wp-content\/uploads\/2025\/10\/IMG_1728-scaled.jpeg","jetpack_sharing_enabled":true,"_links":{"self":[{"href":"https:\/\/galerijakaptol.hr\/index.php\/wp-json\/wp\/v2\/posts\/4044","targetHints":{"allow":["GET"]}}],"collection":[{"href":"https:\/\/galerijakaptol.hr\/index.php\/wp-json\/wp\/v2\/posts"}],"about":[{"href":"https:\/\/galerijakaptol.hr\/index.php\/wp-json\/wp\/v2\/types\/post"}],"author":[{"embeddable":true,"href":"https:\/\/galerijakaptol.hr\/index.php\/wp-json\/wp\/v2\/users\/1"}],"replies":[{"embeddable":true,"href":"https:\/\/galerijakaptol.hr\/index.php\/wp-json\/wp\/v2\/comments?post=4044"}],"version-history":[{"count":1,"href":"https:\/\/galerijakaptol.hr\/index.php\/wp-json\/wp\/v2\/posts\/4044\/revisions"}],"predecessor-version":[{"id":4045,"href":"https:\/\/galerijakaptol.hr\/index.php\/wp-json\/wp\/v2\/posts\/4044\/revisions\/4045"}],"wp:featuredmedia":[{"embeddable":true,"href":"https:\/\/galerijakaptol.hr\/index.php\/wp-json\/wp\/v2\/media\/4032"}],"wp:attachment":[{"href":"https:\/\/galerijakaptol.hr\/index.php\/wp-json\/wp\/v2\/media?parent=4044"}],"wp:term":[{"taxonomy":"category","embeddable":true,"href":"https:\/\/galerijakaptol.hr\/index.php\/wp-json\/wp\/v2\/categories?post=4044"},{"taxonomy":"post_tag","embeddable":true,"href":"https:\/\/galerijakaptol.hr\/index.php\/wp-json\/wp\/v2\/tags?post=4044"}],"curies":[{"name":"wp","href":"https:\/\/api.w.org\/{rel}","templated":true}]}}