{"id":416,"date":"2023-09-12T20:07:15","date_gmt":"2023-09-12T20:07:15","guid":{"rendered":"https:\/\/galerijakaptol.hr\/?p=416"},"modified":"2025-05-22T10:58:11","modified_gmt":"2025-05-22T10:58:11","slug":"ivan-vecenaj-tislarov","status":"publish","type":"post","link":"https:\/\/galerijakaptol.hr\/index.php\/2023\/09\/12\/ivan-vecenaj-tislarov\/","title":{"rendered":"IVAN VE\u010cENAJ TI\u0160LAROV"},"content":{"rendered":"<p><strong>Ve\u010denaj, Ivan,<\/strong>\u00a0hrvatski naivni slikar (Gola kraj Koprivnice, 18.\u00a0V.\u00a01920 \u2013 Koprivnica, 13.\u00a0II.\u00a02013). Bavio se poljoprivredom; u slikarstvu samouk. Izlagao od 1954. Isprva je bio sljedbenik hlebinske \u0161kole (<em>Svati,<\/em>\u00a01960), potom je stvorio vlastiti stil pribli\u017eiv\u0161i se nadrealnomu i fantasti\u010dnomu u zavi\u010dajnim motivima i mrtvim prirodama, koji obiluju narativnim pojedinostima i lirskim ugo\u0111ajem.<\/p>\n<figure id=\"attachment_417\" aria-describedby=\"caption-attachment-417\" style=\"width: 300px\" class=\"wp-caption aligncenter\"><a href=\"https:\/\/galerijakaptol.hr\/wp-content\/uploads\/2023\/09\/IVAN-VECENAJ-TISLAROV-Zimski-pogled-na-selo.jpg\"><img loading=\"lazy\" decoding=\"async\" class=\"size-medium wp-image-417\" src=\"https:\/\/galerijakaptol.hr\/wp-content\/uploads\/2023\/09\/IVAN-VECENAJ-TISLAROV-Zimski-pogled-na-selo-300x273.jpg\" alt=\"\" width=\"300\" height=\"273\" srcset=\"https:\/\/galerijakaptol.hr\/wp-content\/uploads\/2023\/09\/IVAN-VECENAJ-TISLAROV-Zimski-pogled-na-selo-300x273.jpg 300w, https:\/\/galerijakaptol.hr\/wp-content\/uploads\/2023\/09\/IVAN-VECENAJ-TISLAROV-Zimski-pogled-na-selo.jpg 624w\" sizes=\"auto, (max-width: 300px) 100vw, 300px\" \/><\/a><figcaption id=\"caption-attachment-417\" class=\"wp-caption-text\"><strong>Zimski pogled na selo<\/strong><br \/>Tehnika: ulje na staklu<br \/>Dimenzije: 36&#215;39 cm<\/figcaption><\/figure>\n","protected":false},"excerpt":{"rendered":"<p>Ve\u010denaj, Ivan,\u00a0hrvatski naivni slikar (Gola kraj Koprivnice, 18.\u00a0V.\u00a01920 \u2013 Koprivnica, 13.\u00a0II.\u00a02013). Bavio se poljoprivredom; u slikarstvu samouk. Izlagao od 1954. Isprva je bio sljedbenik hlebinske \u0161kole (Svati,\u00a01960), potom je stvorio vlastiti stil pribli\u017eiv\u0161i se nadrealnomu i fantasti\u010dnomu u zavi\u010dajnim motivima i mrtvim prirodama, koji obiluju narativnim pojedinostima i lirskim ugo\u0111ajem.<\/p>\n","protected":false},"author":1,"featured_media":3179,"comment_status":"closed","ping_status":"open","sticky":false,"template":"blank","format":"standard","meta":{"_jetpack_memberships_contains_paid_content":false,"footnotes":""},"categories":[1],"tags":[],"class_list":["post-416","post","type-post","status-publish","format-standard","has-post-thumbnail","hentry","category-uncategorized"],"yoast_head":"<!-- This site is optimized with the Yoast SEO plugin v27.5 - https:\/\/yoast.com\/product\/yoast-seo-wordpress\/ -->\n<title>IVAN VE\u010cENAJ TI\u0160LAROV - Galerija umjetnina<\/title>\n<meta name=\"description\" content=\"Ve\u010denaj, Ivan,\u00a0hrvatski naivni slikar (Gola kraj Koprivnice, 18.\u00a0V.\u00a01920 \u2013 Koprivnica, 13.\u00a0II.\u00a02013). Bavio se poljoprivredom; u slikarstvu samouk. Izlagao od 1954. Isprva je bio sljedbenik hlebinske \u0161kole (Svati,\u00a01960), potom je stvorio vlastiti stil pribli\u017eiv\u0161i se nadrealnomu i fantasti\u010dnomu u zavi\u010dajnim motivima i mrtvim prirodama, koji obiluju narativnim pojedinostima i lirskim ugo\u0111ajem.\" \/>\n<meta name=\"robots\" content=\"index, follow, max-snippet:-1, max-image-preview:large, max-video-preview:-1\" \/>\n<link rel=\"canonical\" href=\"https:\/\/galerijakaptol.hr\/index.php\/2023\/09\/12\/ivan-vecenaj-tislarov\/\" \/>\n<meta property=\"og:locale\" content=\"hr_HR\" \/>\n<meta property=\"og:type\" content=\"article\" \/>\n<meta property=\"og:title\" content=\"IVAN VE\u010cENAJ TI\u0160LAROV - Galerija umjetnina\" \/>\n<meta property=\"og:description\" content=\"Ve\u010denaj, Ivan,\u00a0hrvatski naivni slikar (Gola kraj Koprivnice, 18.\u00a0V.\u00a01920 \u2013 Koprivnica, 13.\u00a0II.\u00a02013). Bavio se poljoprivredom; u slikarstvu samouk. Izlagao od 1954. Isprva je bio sljedbenik hlebinske \u0161kole (Svati,\u00a01960), potom je stvorio vlastiti stil pribli\u017eiv\u0161i se nadrealnomu i fantasti\u010dnomu u zavi\u010dajnim motivima i mrtvim prirodama, koji obiluju narativnim pojedinostima i lirskim ugo\u0111ajem.\" \/>\n<meta property=\"og:url\" content=\"https:\/\/galerijakaptol.hr\/index.php\/2023\/09\/12\/ivan-vecenaj-tislarov\/\" \/>\n<meta property=\"og:site_name\" content=\"Galerija umjetnina\" \/>\n<meta property=\"article:published_time\" content=\"2023-09-12T20:07:15+00:00\" \/>\n<meta property=\"article:modified_time\" content=\"2025-05-22T10:58:11+00:00\" \/>\n<meta property=\"og:image\" content=\"https:\/\/galerijakaptol.hr\/wp-content\/uploads\/2024\/11\/IMG_4131-e1731498633750.jpeg\" \/>\n\t<meta property=\"og:image:width\" content=\"2003\" \/>\n\t<meta property=\"og:image:height\" content=\"2148\" \/>\n\t<meta property=\"og:image:type\" content=\"image\/jpeg\" \/>\n<meta name=\"author\" content=\"admin\" \/>\n<meta name=\"twitter:card\" content=\"summary_large_image\" \/>\n<meta name=\"twitter:label1\" content=\"Napisao\/la\" \/>\n\t<meta name=\"twitter:data1\" content=\"admin\" \/>\n\t<meta name=\"twitter:label2\" content=\"Procijenjeno vrijeme \u010ditanja\" \/>\n\t<meta name=\"twitter:data2\" content=\"1 minuta\" \/>\n<script type=\"application\/ld+json\" class=\"yoast-schema-graph\">{\"@context\":\"https:\\\/\\\/schema.org\",\"@graph\":[{\"@type\":\"Article\",\"@id\":\"https:\\\/\\\/galerijakaptol.hr\\\/index.php\\\/2023\\\/09\\\/12\\\/ivan-vecenaj-tislarov\\\/#article\",\"isPartOf\":{\"@id\":\"https:\\\/\\\/galerijakaptol.hr\\\/index.php\\\/2023\\\/09\\\/12\\\/ivan-vecenaj-tislarov\\\/\"},\"author\":{\"name\":\"admin\",\"@id\":\"https:\\\/\\\/galerijakaptol.hr\\\/#\\\/schema\\\/person\\\/f3d1dc228981eca5894740a7ccd795df\"},\"headline\":\"IVAN VE\u010cENAJ TI\u0160LAROV\",\"datePublished\":\"2023-09-12T20:07:15+00:00\",\"dateModified\":\"2025-05-22T10:58:11+00:00\",\"mainEntityOfPage\":{\"@id\":\"https:\\\/\\\/galerijakaptol.hr\\\/index.php\\\/2023\\\/09\\\/12\\\/ivan-vecenaj-tislarov\\\/\"},\"wordCount\":77,\"publisher\":{\"@id\":\"https:\\\/\\\/galerijakaptol.hr\\\/#organization\"},\"image\":{\"@id\":\"https:\\\/\\\/galerijakaptol.hr\\\/index.php\\\/2023\\\/09\\\/12\\\/ivan-vecenaj-tislarov\\\/#primaryimage\"},\"thumbnailUrl\":\"https:\\\/\\\/galerijakaptol.hr\\\/wp-content\\\/uploads\\\/2024\\\/11\\\/IMG_4131-e1731498633750.jpeg\",\"articleSection\":[\"Blog\"],\"inLanguage\":\"hr\"},{\"@type\":\"WebPage\",\"@id\":\"https:\\\/\\\/galerijakaptol.hr\\\/index.php\\\/2023\\\/09\\\/12\\\/ivan-vecenaj-tislarov\\\/\",\"url\":\"https:\\\/\\\/galerijakaptol.hr\\\/index.php\\\/2023\\\/09\\\/12\\\/ivan-vecenaj-tislarov\\\/\",\"name\":\"IVAN VE\u010cENAJ TI\u0160LAROV - Galerija umjetnina\",\"isPartOf\":{\"@id\":\"https:\\\/\\\/galerijakaptol.hr\\\/#website\"},\"primaryImageOfPage\":{\"@id\":\"https:\\\/\\\/galerijakaptol.hr\\\/index.php\\\/2023\\\/09\\\/12\\\/ivan-vecenaj-tislarov\\\/#primaryimage\"},\"image\":{\"@id\":\"https:\\\/\\\/galerijakaptol.hr\\\/index.php\\\/2023\\\/09\\\/12\\\/ivan-vecenaj-tislarov\\\/#primaryimage\"},\"thumbnailUrl\":\"https:\\\/\\\/galerijakaptol.hr\\\/wp-content\\\/uploads\\\/2024\\\/11\\\/IMG_4131-e1731498633750.jpeg\",\"datePublished\":\"2023-09-12T20:07:15+00:00\",\"dateModified\":\"2025-05-22T10:58:11+00:00\",\"description\":\"Ve\u010denaj, Ivan,\u00a0hrvatski naivni slikar (Gola kraj Koprivnice, 18.\u00a0V.\u00a01920 \u2013 Koprivnica, 13.\u00a0II.\u00a02013). Bavio se poljoprivredom; u slikarstvu samouk. Izlagao od 1954. Isprva je bio sljedbenik hlebinske \u0161kole (Svati,\u00a01960), potom je stvorio vlastiti stil pribli\u017eiv\u0161i se nadrealnomu i fantasti\u010dnomu u zavi\u010dajnim motivima i mrtvim prirodama, koji obiluju narativnim pojedinostima i lirskim ugo\u0111ajem.\",\"breadcrumb\":{\"@id\":\"https:\\\/\\\/galerijakaptol.hr\\\/index.php\\\/2023\\\/09\\\/12\\\/ivan-vecenaj-tislarov\\\/#breadcrumb\"},\"inLanguage\":\"hr\",\"potentialAction\":[{\"@type\":\"ReadAction\",\"target\":[\"https:\\\/\\\/galerijakaptol.hr\\\/index.php\\\/2023\\\/09\\\/12\\\/ivan-vecenaj-tislarov\\\/\"]}]},{\"@type\":\"ImageObject\",\"inLanguage\":\"hr\",\"@id\":\"https:\\\/\\\/galerijakaptol.hr\\\/index.php\\\/2023\\\/09\\\/12\\\/ivan-vecenaj-tislarov\\\/#primaryimage\",\"url\":\"https:\\\/\\\/galerijakaptol.hr\\\/wp-content\\\/uploads\\\/2024\\\/11\\\/IMG_4131-e1731498633750.jpeg\",\"contentUrl\":\"https:\\\/\\\/galerijakaptol.hr\\\/wp-content\\\/uploads\\\/2024\\\/11\\\/IMG_4131-e1731498633750.jpeg\",\"width\":2003,\"height\":2148,\"caption\":\"Prolje\u0107e Tehnika: ulje na staklu Dimenzije: 54 x 58 cm Godina: 1988.\"},{\"@type\":\"BreadcrumbList\",\"@id\":\"https:\\\/\\\/galerijakaptol.hr\\\/index.php\\\/2023\\\/09\\\/12\\\/ivan-vecenaj-tislarov\\\/#breadcrumb\",\"itemListElement\":[{\"@type\":\"ListItem\",\"position\":1,\"name\":\"Po\u010detna stranica\",\"item\":\"https:\\\/\\\/galerijakaptol.hr\\\/\"},{\"@type\":\"ListItem\",\"position\":2,\"name\":\"IVAN VE\u010cENAJ TI\u0160LAROV\"}]},{\"@type\":\"WebSite\",\"@id\":\"https:\\\/\\\/galerijakaptol.hr\\\/#website\",\"url\":\"https:\\\/\\\/galerijakaptol.hr\\\/\",\"name\":\"Galerija umjetnina\",\"description\":\"\",\"publisher\":{\"@id\":\"https:\\\/\\\/galerijakaptol.hr\\\/#organization\"},\"potentialAction\":[{\"@type\":\"SearchAction\",\"target\":{\"@type\":\"EntryPoint\",\"urlTemplate\":\"https:\\\/\\\/galerijakaptol.hr\\\/?s={search_term_string}\"},\"query-input\":{\"@type\":\"PropertyValueSpecification\",\"valueRequired\":true,\"valueName\":\"search_term_string\"}}],\"inLanguage\":\"hr\"},{\"@type\":\"Organization\",\"@id\":\"https:\\\/\\\/galerijakaptol.hr\\\/#organization\",\"name\":\"Galerija umjetnina\",\"url\":\"https:\\\/\\\/galerijakaptol.hr\\\/\",\"logo\":{\"@type\":\"ImageObject\",\"inLanguage\":\"hr\",\"@id\":\"https:\\\/\\\/galerijakaptol.hr\\\/#\\\/schema\\\/logo\\\/image\\\/\",\"url\":\"https:\\\/\\\/galerijakaptol.hr\\\/wp-content\\\/uploads\\\/2023\\\/09\\\/logo-Kaptol-Galerija.png\",\"contentUrl\":\"https:\\\/\\\/galerijakaptol.hr\\\/wp-content\\\/uploads\\\/2023\\\/09\\\/logo-Kaptol-Galerija.png\",\"width\":342,\"height\":72,\"caption\":\"Galerija umjetnina\"},\"image\":{\"@id\":\"https:\\\/\\\/galerijakaptol.hr\\\/#\\\/schema\\\/logo\\\/image\\\/\"}},{\"@type\":\"Person\",\"@id\":\"https:\\\/\\\/galerijakaptol.hr\\\/#\\\/schema\\\/person\\\/f3d1dc228981eca5894740a7ccd795df\",\"name\":\"admin\",\"sameAs\":[\"https:\\\/\\\/galerijakaptol.hr\"],\"url\":\"https:\\\/\\\/galerijakaptol.hr\\\/index.php\\\/author\\\/admin_gk\\\/\"}]}<\/script>\n<!-- \/ Yoast SEO plugin. -->","yoast_head_json":{"title":"IVAN VE\u010cENAJ TI\u0160LAROV - Galerija umjetnina","description":"Ve\u010denaj, Ivan,\u00a0hrvatski naivni slikar (Gola kraj Koprivnice, 18.\u00a0V.\u00a01920 \u2013 Koprivnica, 13.\u00a0II.\u00a02013). Bavio se poljoprivredom; u slikarstvu samouk. Izlagao od 1954. Isprva je bio sljedbenik hlebinske \u0161kole (Svati,\u00a01960), potom je stvorio vlastiti stil pribli\u017eiv\u0161i se nadrealnomu i fantasti\u010dnomu u zavi\u010dajnim motivima i mrtvim prirodama, koji obiluju narativnim pojedinostima i lirskim ugo\u0111ajem.","robots":{"index":"index","follow":"follow","max-snippet":"max-snippet:-1","max-image-preview":"max-image-preview:large","max-video-preview":"max-video-preview:-1"},"canonical":"https:\/\/galerijakaptol.hr\/index.php\/2023\/09\/12\/ivan-vecenaj-tislarov\/","og_locale":"hr_HR","og_type":"article","og_title":"IVAN VE\u010cENAJ TI\u0160LAROV - Galerija umjetnina","og_description":"Ve\u010denaj, Ivan,\u00a0hrvatski naivni slikar (Gola kraj Koprivnice, 18.\u00a0V.\u00a01920 \u2013 Koprivnica, 13.\u00a0II.\u00a02013). Bavio se poljoprivredom; u slikarstvu samouk. Izlagao od 1954. Isprva je bio sljedbenik hlebinske \u0161kole (Svati,\u00a01960), potom je stvorio vlastiti stil pribli\u017eiv\u0161i se nadrealnomu i fantasti\u010dnomu u zavi\u010dajnim motivima i mrtvim prirodama, koji obiluju narativnim pojedinostima i lirskim ugo\u0111ajem.","og_url":"https:\/\/galerijakaptol.hr\/index.php\/2023\/09\/12\/ivan-vecenaj-tislarov\/","og_site_name":"Galerija umjetnina","article_published_time":"2023-09-12T20:07:15+00:00","article_modified_time":"2025-05-22T10:58:11+00:00","og_image":[{"width":2003,"height":2148,"url":"https:\/\/galerijakaptol.hr\/wp-content\/uploads\/2024\/11\/IMG_4131-e1731498633750.jpeg","type":"image\/jpeg"}],"author":"admin","twitter_card":"summary_large_image","twitter_misc":{"Napisao\/la":"admin","Procijenjeno vrijeme \u010ditanja":"1 minuta"},"schema":{"@context":"https:\/\/schema.org","@graph":[{"@type":"Article","@id":"https:\/\/galerijakaptol.hr\/index.php\/2023\/09\/12\/ivan-vecenaj-tislarov\/#article","isPartOf":{"@id":"https:\/\/galerijakaptol.hr\/index.php\/2023\/09\/12\/ivan-vecenaj-tislarov\/"},"author":{"name":"admin","@id":"https:\/\/galerijakaptol.hr\/#\/schema\/person\/f3d1dc228981eca5894740a7ccd795df"},"headline":"IVAN VE\u010cENAJ TI\u0160LAROV","datePublished":"2023-09-12T20:07:15+00:00","dateModified":"2025-05-22T10:58:11+00:00","mainEntityOfPage":{"@id":"https:\/\/galerijakaptol.hr\/index.php\/2023\/09\/12\/ivan-vecenaj-tislarov\/"},"wordCount":77,"publisher":{"@id":"https:\/\/galerijakaptol.hr\/#organization"},"image":{"@id":"https:\/\/galerijakaptol.hr\/index.php\/2023\/09\/12\/ivan-vecenaj-tislarov\/#primaryimage"},"thumbnailUrl":"https:\/\/galerijakaptol.hr\/wp-content\/uploads\/2024\/11\/IMG_4131-e1731498633750.jpeg","articleSection":["Blog"],"inLanguage":"hr"},{"@type":"WebPage","@id":"https:\/\/galerijakaptol.hr\/index.php\/2023\/09\/12\/ivan-vecenaj-tislarov\/","url":"https:\/\/galerijakaptol.hr\/index.php\/2023\/09\/12\/ivan-vecenaj-tislarov\/","name":"IVAN VE\u010cENAJ TI\u0160LAROV - Galerija umjetnina","isPartOf":{"@id":"https:\/\/galerijakaptol.hr\/#website"},"primaryImageOfPage":{"@id":"https:\/\/galerijakaptol.hr\/index.php\/2023\/09\/12\/ivan-vecenaj-tislarov\/#primaryimage"},"image":{"@id":"https:\/\/galerijakaptol.hr\/index.php\/2023\/09\/12\/ivan-vecenaj-tislarov\/#primaryimage"},"thumbnailUrl":"https:\/\/galerijakaptol.hr\/wp-content\/uploads\/2024\/11\/IMG_4131-e1731498633750.jpeg","datePublished":"2023-09-12T20:07:15+00:00","dateModified":"2025-05-22T10:58:11+00:00","description":"Ve\u010denaj, Ivan,\u00a0hrvatski naivni slikar (Gola kraj Koprivnice, 18.\u00a0V.\u00a01920 \u2013 Koprivnica, 13.\u00a0II.\u00a02013). Bavio se poljoprivredom; u slikarstvu samouk. Izlagao od 1954. Isprva je bio sljedbenik hlebinske \u0161kole (Svati,\u00a01960), potom je stvorio vlastiti stil pribli\u017eiv\u0161i se nadrealnomu i fantasti\u010dnomu u zavi\u010dajnim motivima i mrtvim prirodama, koji obiluju narativnim pojedinostima i lirskim ugo\u0111ajem.","breadcrumb":{"@id":"https:\/\/galerijakaptol.hr\/index.php\/2023\/09\/12\/ivan-vecenaj-tislarov\/#breadcrumb"},"inLanguage":"hr","potentialAction":[{"@type":"ReadAction","target":["https:\/\/galerijakaptol.hr\/index.php\/2023\/09\/12\/ivan-vecenaj-tislarov\/"]}]},{"@type":"ImageObject","inLanguage":"hr","@id":"https:\/\/galerijakaptol.hr\/index.php\/2023\/09\/12\/ivan-vecenaj-tislarov\/#primaryimage","url":"https:\/\/galerijakaptol.hr\/wp-content\/uploads\/2024\/11\/IMG_4131-e1731498633750.jpeg","contentUrl":"https:\/\/galerijakaptol.hr\/wp-content\/uploads\/2024\/11\/IMG_4131-e1731498633750.jpeg","width":2003,"height":2148,"caption":"Prolje\u0107e Tehnika: ulje na staklu Dimenzije: 54 x 58 cm Godina: 1988."},{"@type":"BreadcrumbList","@id":"https:\/\/galerijakaptol.hr\/index.php\/2023\/09\/12\/ivan-vecenaj-tislarov\/#breadcrumb","itemListElement":[{"@type":"ListItem","position":1,"name":"Po\u010detna stranica","item":"https:\/\/galerijakaptol.hr\/"},{"@type":"ListItem","position":2,"name":"IVAN VE\u010cENAJ TI\u0160LAROV"}]},{"@type":"WebSite","@id":"https:\/\/galerijakaptol.hr\/#website","url":"https:\/\/galerijakaptol.hr\/","name":"Galerija umjetnina","description":"","publisher":{"@id":"https:\/\/galerijakaptol.hr\/#organization"},"potentialAction":[{"@type":"SearchAction","target":{"@type":"EntryPoint","urlTemplate":"https:\/\/galerijakaptol.hr\/?s={search_term_string}"},"query-input":{"@type":"PropertyValueSpecification","valueRequired":true,"valueName":"search_term_string"}}],"inLanguage":"hr"},{"@type":"Organization","@id":"https:\/\/galerijakaptol.hr\/#organization","name":"Galerija umjetnina","url":"https:\/\/galerijakaptol.hr\/","logo":{"@type":"ImageObject","inLanguage":"hr","@id":"https:\/\/galerijakaptol.hr\/#\/schema\/logo\/image\/","url":"https:\/\/galerijakaptol.hr\/wp-content\/uploads\/2023\/09\/logo-Kaptol-Galerija.png","contentUrl":"https:\/\/galerijakaptol.hr\/wp-content\/uploads\/2023\/09\/logo-Kaptol-Galerija.png","width":342,"height":72,"caption":"Galerija umjetnina"},"image":{"@id":"https:\/\/galerijakaptol.hr\/#\/schema\/logo\/image\/"}},{"@type":"Person","@id":"https:\/\/galerijakaptol.hr\/#\/schema\/person\/f3d1dc228981eca5894740a7ccd795df","name":"admin","sameAs":["https:\/\/galerijakaptol.hr"],"url":"https:\/\/galerijakaptol.hr\/index.php\/author\/admin_gk\/"}]}},"jetpack_featured_media_url":"https:\/\/galerijakaptol.hr\/wp-content\/uploads\/2024\/11\/IMG_4131-e1731498633750.jpeg","jetpack_sharing_enabled":true,"_links":{"self":[{"href":"https:\/\/galerijakaptol.hr\/index.php\/wp-json\/wp\/v2\/posts\/416","targetHints":{"allow":["GET"]}}],"collection":[{"href":"https:\/\/galerijakaptol.hr\/index.php\/wp-json\/wp\/v2\/posts"}],"about":[{"href":"https:\/\/galerijakaptol.hr\/index.php\/wp-json\/wp\/v2\/types\/post"}],"author":[{"embeddable":true,"href":"https:\/\/galerijakaptol.hr\/index.php\/wp-json\/wp\/v2\/users\/1"}],"replies":[{"embeddable":true,"href":"https:\/\/galerijakaptol.hr\/index.php\/wp-json\/wp\/v2\/comments?post=416"}],"version-history":[{"count":5,"href":"https:\/\/galerijakaptol.hr\/index.php\/wp-json\/wp\/v2\/posts\/416\/revisions"}],"predecessor-version":[{"id":3336,"href":"https:\/\/galerijakaptol.hr\/index.php\/wp-json\/wp\/v2\/posts\/416\/revisions\/3336"}],"wp:featuredmedia":[{"embeddable":true,"href":"https:\/\/galerijakaptol.hr\/index.php\/wp-json\/wp\/v2\/media\/3179"}],"wp:attachment":[{"href":"https:\/\/galerijakaptol.hr\/index.php\/wp-json\/wp\/v2\/media?parent=416"}],"wp:term":[{"taxonomy":"category","embeddable":true,"href":"https:\/\/galerijakaptol.hr\/index.php\/wp-json\/wp\/v2\/categories?post=416"},{"taxonomy":"post_tag","embeddable":true,"href":"https:\/\/galerijakaptol.hr\/index.php\/wp-json\/wp\/v2\/tags?post=416"}],"curies":[{"name":"wp","href":"https:\/\/api.w.org\/{rel}","templated":true}]}}