{"id":425,"date":"2023-09-12T20:11:52","date_gmt":"2023-09-12T20:11:52","guid":{"rendered":"https:\/\/galerijakaptol.hr\/?p=425"},"modified":"2026-02-03T11:35:00","modified_gmt":"2026-02-03T11:35:00","slug":"ivo-vojvodic","status":"publish","type":"post","link":"https:\/\/galerijakaptol.hr\/index.php\/2023\/09\/12\/ivo-vojvodic\/","title":{"rendered":"IVO VOJVODI\u0106"},"content":{"rendered":"<p>Ivo Vojvodi\u0107 se rodio 29.11.1923. u Dubrovniku.<br \/>\nDiplomirao je na Akademiji likovnih umjetnosti u Zagrebu 1953. godine u klasi profesora \u0110ure Tiljaka.<br \/>\nPoznat je po svojim vedutama Dubrovnika,\u00a0interijerima\u00a0gra\u0111anskih, pomorskih i siroma\u0161nih dubrova\u010dkih obitelji te prikazima\u00a0mora izvedenim\u00a0u mrkim plavim bojama.<br \/>\nPrvu samostalnu izlo\u017ebu imao je 1955. godine u galeriji Likum u Zagrebu.<br \/>\nSudjelovao je u preko 50 samostalnih i preko 250 skupnih izlo\u017ebi u svijetu.<br \/>\nIvo Vojvodi\u0107 je preminuo 5.8.1994. u Dubrovniku.<\/p>\n<figure id=\"attachment_4332\" aria-describedby=\"caption-attachment-4332\" style=\"width: 300px\" class=\"wp-caption aligncenter\"><a href=\"https:\/\/galerijakaptol.hr\/wp-content\/uploads\/2026\/01\/9D5340A8-90D4-4B0B-9BD7-E3E60FE119F9.jpeg\"><img loading=\"lazy\" decoding=\"async\" class=\"size-medium wp-image-4332\" src=\"https:\/\/galerijakaptol.hr\/wp-content\/uploads\/2026\/01\/9D5340A8-90D4-4B0B-9BD7-E3E60FE119F9-300x234.jpeg\" alt=\"\" width=\"300\" height=\"234\" srcset=\"https:\/\/galerijakaptol.hr\/wp-content\/uploads\/2026\/01\/9D5340A8-90D4-4B0B-9BD7-E3E60FE119F9-300x234.jpeg 300w, https:\/\/galerijakaptol.hr\/wp-content\/uploads\/2026\/01\/9D5340A8-90D4-4B0B-9BD7-E3E60FE119F9-1024x799.jpeg 1024w, https:\/\/galerijakaptol.hr\/wp-content\/uploads\/2026\/01\/9D5340A8-90D4-4B0B-9BD7-E3E60FE119F9-768x599.jpeg 768w, https:\/\/galerijakaptol.hr\/wp-content\/uploads\/2026\/01\/9D5340A8-90D4-4B0B-9BD7-E3E60FE119F9-1536x1199.jpeg 1536w, https:\/\/galerijakaptol.hr\/wp-content\/uploads\/2026\/01\/9D5340A8-90D4-4B0B-9BD7-E3E60FE119F9.jpeg 1836w\" sizes=\"auto, (max-width: 300px) 100vw, 300px\" \/><\/a><figcaption id=\"caption-attachment-4332\" class=\"wp-caption-text\"><strong>Komi\u017ea<\/strong><br \/>Tehnika: ulje na platnu<br \/>Dimenzije: 70&#215;90 cm<br \/>Godina: 1979.<\/figcaption><\/figure>\n<figure id=\"attachment_4226\" aria-describedby=\"caption-attachment-4226\" style=\"width: 300px\" class=\"wp-caption aligncenter\"><a href=\"https:\/\/galerijakaptol.hr\/wp-content\/uploads\/2025\/12\/IMG_4668-scaled.jpeg\"><img loading=\"lazy\" decoding=\"async\" class=\"size-medium wp-image-4226\" src=\"https:\/\/galerijakaptol.hr\/wp-content\/uploads\/2025\/12\/IMG_4668-300x201.jpeg\" alt=\"\" width=\"300\" height=\"201\" srcset=\"https:\/\/galerijakaptol.hr\/wp-content\/uploads\/2025\/12\/IMG_4668-300x201.jpeg 300w, https:\/\/galerijakaptol.hr\/wp-content\/uploads\/2025\/12\/IMG_4668-1024x685.jpeg 1024w, https:\/\/galerijakaptol.hr\/wp-content\/uploads\/2025\/12\/IMG_4668-768x514.jpeg 768w, https:\/\/galerijakaptol.hr\/wp-content\/uploads\/2025\/12\/IMG_4668-1536x1028.jpeg 1536w, https:\/\/galerijakaptol.hr\/wp-content\/uploads\/2025\/12\/IMG_4668-2048x1371.jpeg 2048w\" sizes=\"auto, (max-width: 300px) 100vw, 300px\" \/><\/a><figcaption id=\"caption-attachment-4226\" class=\"wp-caption-text\"><strong>Dubrova\u010dki interijer<\/strong><br \/>Tehnika: ulje na kartonu<br \/>Dimenzije: 25 x 34 cm<\/figcaption><\/figure>\n<figure id=\"attachment_4227\" aria-describedby=\"caption-attachment-4227\" style=\"width: 300px\" class=\"wp-caption aligncenter\"><a href=\"https:\/\/galerijakaptol.hr\/wp-content\/uploads\/2025\/12\/IMG_4670-scaled.jpeg\"><img loading=\"lazy\" decoding=\"async\" class=\"size-medium wp-image-4227\" src=\"https:\/\/galerijakaptol.hr\/wp-content\/uploads\/2025\/12\/IMG_4670-300x194.jpeg\" alt=\"\" width=\"300\" height=\"194\" srcset=\"https:\/\/galerijakaptol.hr\/wp-content\/uploads\/2025\/12\/IMG_4670-300x194.jpeg 300w, https:\/\/galerijakaptol.hr\/wp-content\/uploads\/2025\/12\/IMG_4670-1024x662.jpeg 1024w, https:\/\/galerijakaptol.hr\/wp-content\/uploads\/2025\/12\/IMG_4670-768x496.jpeg 768w, https:\/\/galerijakaptol.hr\/wp-content\/uploads\/2025\/12\/IMG_4670-1536x992.jpeg 1536w, https:\/\/galerijakaptol.hr\/wp-content\/uploads\/2025\/12\/IMG_4670-2048x1323.jpeg 2048w\" sizes=\"auto, (max-width: 300px) 100vw, 300px\" \/><\/a><figcaption id=\"caption-attachment-4227\" class=\"wp-caption-text\"><strong>Ljubi\u010dice<\/strong><br \/>Tehnika: ulje na kartonu<br \/>Dimenzije: 16&#215;25 cm<\/figcaption><\/figure>\n","protected":false},"excerpt":{"rendered":"<p>Ivo Vojvodi\u0107 se rodio 29.11.1923. u Dubrovniku. Diplomirao je na Akademiji likovnih umjetnosti u Zagrebu 1953. godine u klasi profesora \u0110ure Tiljaka. Poznat je po svojim vedutama Dubrovnika,\u00a0interijerima\u00a0gra\u0111anskih, pomorskih i siroma\u0161nih dubrova\u010dkih obitelji te prikazima\u00a0mora izvedenim\u00a0u mrkim plavim bojama. Prvu samostalnu izlo\u017ebu imao je 1955. godine u galeriji Likum u Zagrebu. Sudjelovao je u preko [&hellip;]<\/p>\n","protected":false},"author":1,"featured_media":4226,"comment_status":"closed","ping_status":"open","sticky":false,"template":"blank","format":"standard","meta":{"_jetpack_memberships_contains_paid_content":false,"footnotes":""},"categories":[9],"tags":[],"class_list":["post-425","post","type-post","status-publish","format-standard","has-post-thumbnail","hentry","category-fundus"],"yoast_head":"<!-- This site is optimized with the Yoast SEO plugin v27.5 - https:\/\/yoast.com\/product\/yoast-seo-wordpress\/ -->\n<title>IVO VOJVODI\u0106 - Galerija umjetnina<\/title>\n<meta name=\"description\" content=\"Ivo Vojvodi\u0107 se rodio 29.11.1923. u Dubrovniku.Diplomirao je na Akademiji likovnih umjetnosti u Zagrebu 1953. godine u klasi profesora \u0110ure Tiljaka.Poznat je po svojim vedutama Dubrovnika,\u00a0interijerima\u00a0gra\u0111anskih, pomorskih i siroma\u0161nih dubrova\u010dkih obitelji te prikazima\u00a0mora izvedenim\u00a0u mrkim plavim bojama.Prvu samostalnu izlo\u017ebu imao je 1955. godine u galeriji Likum u Zagrebu.Sudjelovao je u preko 50 samostalnih i preko 250 skupnih izlo\u017ebi u svijetu.Ivo Vojvodi\u0107 je preminuo 5.8.1994. u Dubrovniku.\" \/>\n<meta name=\"robots\" content=\"index, follow, max-snippet:-1, max-image-preview:large, max-video-preview:-1\" \/>\n<link rel=\"canonical\" href=\"https:\/\/galerijakaptol.hr\/index.php\/2023\/09\/12\/ivo-vojvodic\/\" \/>\n<meta property=\"og:locale\" content=\"hr_HR\" \/>\n<meta property=\"og:type\" content=\"article\" \/>\n<meta property=\"og:title\" content=\"IVO VOJVODI\u0106 - Galerija umjetnina\" \/>\n<meta property=\"og:description\" content=\"Ivo Vojvodi\u0107 se rodio 29.11.1923. u Dubrovniku.Diplomirao je na Akademiji likovnih umjetnosti u Zagrebu 1953. godine u klasi profesora \u0110ure Tiljaka.Poznat je po svojim vedutama Dubrovnika,\u00a0interijerima\u00a0gra\u0111anskih, pomorskih i siroma\u0161nih dubrova\u010dkih obitelji te prikazima\u00a0mora izvedenim\u00a0u mrkim plavim bojama.Prvu samostalnu izlo\u017ebu imao je 1955. godine u galeriji Likum u Zagrebu.Sudjelovao je u preko 50 samostalnih i preko 250 skupnih izlo\u017ebi u svijetu.Ivo Vojvodi\u0107 je preminuo 5.8.1994. u Dubrovniku.\" \/>\n<meta property=\"og:url\" content=\"https:\/\/galerijakaptol.hr\/index.php\/2023\/09\/12\/ivo-vojvodic\/\" \/>\n<meta property=\"og:site_name\" content=\"Galerija umjetnina\" \/>\n<meta property=\"article:published_time\" content=\"2023-09-12T20:11:52+00:00\" \/>\n<meta property=\"article:modified_time\" content=\"2026-02-03T11:35:00+00:00\" \/>\n<meta property=\"og:image\" content=\"https:\/\/galerijakaptol.hr\/wp-content\/uploads\/2025\/12\/IMG_4668-scaled.jpeg\" \/>\n\t<meta property=\"og:image:width\" content=\"2560\" \/>\n\t<meta property=\"og:image:height\" content=\"1713\" \/>\n\t<meta property=\"og:image:type\" content=\"image\/jpeg\" \/>\n<meta name=\"author\" content=\"admin\" \/>\n<meta name=\"twitter:card\" content=\"summary_large_image\" \/>\n<meta name=\"twitter:label1\" content=\"Napisao\/la\" \/>\n\t<meta name=\"twitter:data1\" content=\"admin\" \/>\n\t<meta name=\"twitter:label2\" content=\"Procijenjeno vrijeme \u010ditanja\" \/>\n\t<meta name=\"twitter:data2\" content=\"2 minute\" \/>\n<script type=\"application\/ld+json\" class=\"yoast-schema-graph\">{\"@context\":\"https:\\\/\\\/schema.org\",\"@graph\":[{\"@type\":\"Article\",\"@id\":\"https:\\\/\\\/galerijakaptol.hr\\\/index.php\\\/2023\\\/09\\\/12\\\/ivo-vojvodic\\\/#article\",\"isPartOf\":{\"@id\":\"https:\\\/\\\/galerijakaptol.hr\\\/index.php\\\/2023\\\/09\\\/12\\\/ivo-vojvodic\\\/\"},\"author\":{\"name\":\"admin\",\"@id\":\"https:\\\/\\\/galerijakaptol.hr\\\/#\\\/schema\\\/person\\\/f3d1dc228981eca5894740a7ccd795df\"},\"headline\":\"IVO VOJVODI\u0106\",\"datePublished\":\"2023-09-12T20:11:52+00:00\",\"dateModified\":\"2026-02-03T11:35:00+00:00\",\"mainEntityOfPage\":{\"@id\":\"https:\\\/\\\/galerijakaptol.hr\\\/index.php\\\/2023\\\/09\\\/12\\\/ivo-vojvodic\\\/\"},\"wordCount\":122,\"publisher\":{\"@id\":\"https:\\\/\\\/galerijakaptol.hr\\\/#organization\"},\"image\":{\"@id\":\"https:\\\/\\\/galerijakaptol.hr\\\/index.php\\\/2023\\\/09\\\/12\\\/ivo-vojvodic\\\/#primaryimage\"},\"thumbnailUrl\":\"https:\\\/\\\/galerijakaptol.hr\\\/wp-content\\\/uploads\\\/2025\\\/12\\\/IMG_4668-scaled.jpeg\",\"articleSection\":[\"Fundus\"],\"inLanguage\":\"hr\"},{\"@type\":\"WebPage\",\"@id\":\"https:\\\/\\\/galerijakaptol.hr\\\/index.php\\\/2023\\\/09\\\/12\\\/ivo-vojvodic\\\/\",\"url\":\"https:\\\/\\\/galerijakaptol.hr\\\/index.php\\\/2023\\\/09\\\/12\\\/ivo-vojvodic\\\/\",\"name\":\"IVO VOJVODI\u0106 - Galerija umjetnina\",\"isPartOf\":{\"@id\":\"https:\\\/\\\/galerijakaptol.hr\\\/#website\"},\"primaryImageOfPage\":{\"@id\":\"https:\\\/\\\/galerijakaptol.hr\\\/index.php\\\/2023\\\/09\\\/12\\\/ivo-vojvodic\\\/#primaryimage\"},\"image\":{\"@id\":\"https:\\\/\\\/galerijakaptol.hr\\\/index.php\\\/2023\\\/09\\\/12\\\/ivo-vojvodic\\\/#primaryimage\"},\"thumbnailUrl\":\"https:\\\/\\\/galerijakaptol.hr\\\/wp-content\\\/uploads\\\/2025\\\/12\\\/IMG_4668-scaled.jpeg\",\"datePublished\":\"2023-09-12T20:11:52+00:00\",\"dateModified\":\"2026-02-03T11:35:00+00:00\",\"description\":\"Ivo Vojvodi\u0107 se rodio 29.11.1923. u Dubrovniku.Diplomirao je na Akademiji likovnih umjetnosti u Zagrebu 1953. godine u klasi profesora \u0110ure Tiljaka.Poznat je po svojim vedutama Dubrovnika,\u00a0interijerima\u00a0gra\u0111anskih, pomorskih i siroma\u0161nih dubrova\u010dkih obitelji te prikazima\u00a0mora izvedenim\u00a0u mrkim plavim bojama.Prvu samostalnu izlo\u017ebu imao je 1955. godine u galeriji Likum u Zagrebu.Sudjelovao je u preko 50 samostalnih i preko 250 skupnih izlo\u017ebi u svijetu.Ivo Vojvodi\u0107 je preminuo 5.8.1994. u Dubrovniku.\",\"breadcrumb\":{\"@id\":\"https:\\\/\\\/galerijakaptol.hr\\\/index.php\\\/2023\\\/09\\\/12\\\/ivo-vojvodic\\\/#breadcrumb\"},\"inLanguage\":\"hr\",\"potentialAction\":[{\"@type\":\"ReadAction\",\"target\":[\"https:\\\/\\\/galerijakaptol.hr\\\/index.php\\\/2023\\\/09\\\/12\\\/ivo-vojvodic\\\/\"]}]},{\"@type\":\"ImageObject\",\"inLanguage\":\"hr\",\"@id\":\"https:\\\/\\\/galerijakaptol.hr\\\/index.php\\\/2023\\\/09\\\/12\\\/ivo-vojvodic\\\/#primaryimage\",\"url\":\"https:\\\/\\\/galerijakaptol.hr\\\/wp-content\\\/uploads\\\/2025\\\/12\\\/IMG_4668-scaled.jpeg\",\"contentUrl\":\"https:\\\/\\\/galerijakaptol.hr\\\/wp-content\\\/uploads\\\/2025\\\/12\\\/IMG_4668-scaled.jpeg\",\"width\":2560,\"height\":1713,\"caption\":\"Dubrova\u010dki interijer Tehnika: ulje na kartonu Dimenzije: 25 x 34 cm\"},{\"@type\":\"BreadcrumbList\",\"@id\":\"https:\\\/\\\/galerijakaptol.hr\\\/index.php\\\/2023\\\/09\\\/12\\\/ivo-vojvodic\\\/#breadcrumb\",\"itemListElement\":[{\"@type\":\"ListItem\",\"position\":1,\"name\":\"Po\u010detna stranica\",\"item\":\"https:\\\/\\\/galerijakaptol.hr\\\/\"},{\"@type\":\"ListItem\",\"position\":2,\"name\":\"IVO VOJVODI\u0106\"}]},{\"@type\":\"WebSite\",\"@id\":\"https:\\\/\\\/galerijakaptol.hr\\\/#website\",\"url\":\"https:\\\/\\\/galerijakaptol.hr\\\/\",\"name\":\"Galerija umjetnina\",\"description\":\"\",\"publisher\":{\"@id\":\"https:\\\/\\\/galerijakaptol.hr\\\/#organization\"},\"potentialAction\":[{\"@type\":\"SearchAction\",\"target\":{\"@type\":\"EntryPoint\",\"urlTemplate\":\"https:\\\/\\\/galerijakaptol.hr\\\/?s={search_term_string}\"},\"query-input\":{\"@type\":\"PropertyValueSpecification\",\"valueRequired\":true,\"valueName\":\"search_term_string\"}}],\"inLanguage\":\"hr\"},{\"@type\":\"Organization\",\"@id\":\"https:\\\/\\\/galerijakaptol.hr\\\/#organization\",\"name\":\"Galerija umjetnina\",\"url\":\"https:\\\/\\\/galerijakaptol.hr\\\/\",\"logo\":{\"@type\":\"ImageObject\",\"inLanguage\":\"hr\",\"@id\":\"https:\\\/\\\/galerijakaptol.hr\\\/#\\\/schema\\\/logo\\\/image\\\/\",\"url\":\"https:\\\/\\\/galerijakaptol.hr\\\/wp-content\\\/uploads\\\/2023\\\/09\\\/logo-Kaptol-Galerija.png\",\"contentUrl\":\"https:\\\/\\\/galerijakaptol.hr\\\/wp-content\\\/uploads\\\/2023\\\/09\\\/logo-Kaptol-Galerija.png\",\"width\":342,\"height\":72,\"caption\":\"Galerija umjetnina\"},\"image\":{\"@id\":\"https:\\\/\\\/galerijakaptol.hr\\\/#\\\/schema\\\/logo\\\/image\\\/\"}},{\"@type\":\"Person\",\"@id\":\"https:\\\/\\\/galerijakaptol.hr\\\/#\\\/schema\\\/person\\\/f3d1dc228981eca5894740a7ccd795df\",\"name\":\"admin\",\"sameAs\":[\"https:\\\/\\\/galerijakaptol.hr\"],\"url\":\"https:\\\/\\\/galerijakaptol.hr\\\/index.php\\\/author\\\/admin_gk\\\/\"}]}<\/script>\n<!-- \/ Yoast SEO plugin. -->","yoast_head_json":{"title":"IVO VOJVODI\u0106 - Galerija umjetnina","description":"Ivo Vojvodi\u0107 se rodio 29.11.1923. u Dubrovniku.Diplomirao je na Akademiji likovnih umjetnosti u Zagrebu 1953. godine u klasi profesora \u0110ure Tiljaka.Poznat je po svojim vedutama Dubrovnika,\u00a0interijerima\u00a0gra\u0111anskih, pomorskih i siroma\u0161nih dubrova\u010dkih obitelji te prikazima\u00a0mora izvedenim\u00a0u mrkim plavim bojama.Prvu samostalnu izlo\u017ebu imao je 1955. godine u galeriji Likum u Zagrebu.Sudjelovao je u preko 50 samostalnih i preko 250 skupnih izlo\u017ebi u svijetu.Ivo Vojvodi\u0107 je preminuo 5.8.1994. u Dubrovniku.","robots":{"index":"index","follow":"follow","max-snippet":"max-snippet:-1","max-image-preview":"max-image-preview:large","max-video-preview":"max-video-preview:-1"},"canonical":"https:\/\/galerijakaptol.hr\/index.php\/2023\/09\/12\/ivo-vojvodic\/","og_locale":"hr_HR","og_type":"article","og_title":"IVO VOJVODI\u0106 - Galerija umjetnina","og_description":"Ivo Vojvodi\u0107 se rodio 29.11.1923. u Dubrovniku.Diplomirao je na Akademiji likovnih umjetnosti u Zagrebu 1953. godine u klasi profesora \u0110ure Tiljaka.Poznat je po svojim vedutama Dubrovnika,\u00a0interijerima\u00a0gra\u0111anskih, pomorskih i siroma\u0161nih dubrova\u010dkih obitelji te prikazima\u00a0mora izvedenim\u00a0u mrkim plavim bojama.Prvu samostalnu izlo\u017ebu imao je 1955. godine u galeriji Likum u Zagrebu.Sudjelovao je u preko 50 samostalnih i preko 250 skupnih izlo\u017ebi u svijetu.Ivo Vojvodi\u0107 je preminuo 5.8.1994. u Dubrovniku.","og_url":"https:\/\/galerijakaptol.hr\/index.php\/2023\/09\/12\/ivo-vojvodic\/","og_site_name":"Galerija umjetnina","article_published_time":"2023-09-12T20:11:52+00:00","article_modified_time":"2026-02-03T11:35:00+00:00","og_image":[{"width":2560,"height":1713,"url":"https:\/\/galerijakaptol.hr\/wp-content\/uploads\/2025\/12\/IMG_4668-scaled.jpeg","type":"image\/jpeg"}],"author":"admin","twitter_card":"summary_large_image","twitter_misc":{"Napisao\/la":"admin","Procijenjeno vrijeme \u010ditanja":"2 minute"},"schema":{"@context":"https:\/\/schema.org","@graph":[{"@type":"Article","@id":"https:\/\/galerijakaptol.hr\/index.php\/2023\/09\/12\/ivo-vojvodic\/#article","isPartOf":{"@id":"https:\/\/galerijakaptol.hr\/index.php\/2023\/09\/12\/ivo-vojvodic\/"},"author":{"name":"admin","@id":"https:\/\/galerijakaptol.hr\/#\/schema\/person\/f3d1dc228981eca5894740a7ccd795df"},"headline":"IVO VOJVODI\u0106","datePublished":"2023-09-12T20:11:52+00:00","dateModified":"2026-02-03T11:35:00+00:00","mainEntityOfPage":{"@id":"https:\/\/galerijakaptol.hr\/index.php\/2023\/09\/12\/ivo-vojvodic\/"},"wordCount":122,"publisher":{"@id":"https:\/\/galerijakaptol.hr\/#organization"},"image":{"@id":"https:\/\/galerijakaptol.hr\/index.php\/2023\/09\/12\/ivo-vojvodic\/#primaryimage"},"thumbnailUrl":"https:\/\/galerijakaptol.hr\/wp-content\/uploads\/2025\/12\/IMG_4668-scaled.jpeg","articleSection":["Fundus"],"inLanguage":"hr"},{"@type":"WebPage","@id":"https:\/\/galerijakaptol.hr\/index.php\/2023\/09\/12\/ivo-vojvodic\/","url":"https:\/\/galerijakaptol.hr\/index.php\/2023\/09\/12\/ivo-vojvodic\/","name":"IVO VOJVODI\u0106 - Galerija umjetnina","isPartOf":{"@id":"https:\/\/galerijakaptol.hr\/#website"},"primaryImageOfPage":{"@id":"https:\/\/galerijakaptol.hr\/index.php\/2023\/09\/12\/ivo-vojvodic\/#primaryimage"},"image":{"@id":"https:\/\/galerijakaptol.hr\/index.php\/2023\/09\/12\/ivo-vojvodic\/#primaryimage"},"thumbnailUrl":"https:\/\/galerijakaptol.hr\/wp-content\/uploads\/2025\/12\/IMG_4668-scaled.jpeg","datePublished":"2023-09-12T20:11:52+00:00","dateModified":"2026-02-03T11:35:00+00:00","description":"Ivo Vojvodi\u0107 se rodio 29.11.1923. u Dubrovniku.Diplomirao je na Akademiji likovnih umjetnosti u Zagrebu 1953. godine u klasi profesora \u0110ure Tiljaka.Poznat je po svojim vedutama Dubrovnika,\u00a0interijerima\u00a0gra\u0111anskih, pomorskih i siroma\u0161nih dubrova\u010dkih obitelji te prikazima\u00a0mora izvedenim\u00a0u mrkim plavim bojama.Prvu samostalnu izlo\u017ebu imao je 1955. godine u galeriji Likum u Zagrebu.Sudjelovao je u preko 50 samostalnih i preko 250 skupnih izlo\u017ebi u svijetu.Ivo Vojvodi\u0107 je preminuo 5.8.1994. u Dubrovniku.","breadcrumb":{"@id":"https:\/\/galerijakaptol.hr\/index.php\/2023\/09\/12\/ivo-vojvodic\/#breadcrumb"},"inLanguage":"hr","potentialAction":[{"@type":"ReadAction","target":["https:\/\/galerijakaptol.hr\/index.php\/2023\/09\/12\/ivo-vojvodic\/"]}]},{"@type":"ImageObject","inLanguage":"hr","@id":"https:\/\/galerijakaptol.hr\/index.php\/2023\/09\/12\/ivo-vojvodic\/#primaryimage","url":"https:\/\/galerijakaptol.hr\/wp-content\/uploads\/2025\/12\/IMG_4668-scaled.jpeg","contentUrl":"https:\/\/galerijakaptol.hr\/wp-content\/uploads\/2025\/12\/IMG_4668-scaled.jpeg","width":2560,"height":1713,"caption":"Dubrova\u010dki interijer Tehnika: ulje na kartonu Dimenzije: 25 x 34 cm"},{"@type":"BreadcrumbList","@id":"https:\/\/galerijakaptol.hr\/index.php\/2023\/09\/12\/ivo-vojvodic\/#breadcrumb","itemListElement":[{"@type":"ListItem","position":1,"name":"Po\u010detna stranica","item":"https:\/\/galerijakaptol.hr\/"},{"@type":"ListItem","position":2,"name":"IVO VOJVODI\u0106"}]},{"@type":"WebSite","@id":"https:\/\/galerijakaptol.hr\/#website","url":"https:\/\/galerijakaptol.hr\/","name":"Galerija umjetnina","description":"","publisher":{"@id":"https:\/\/galerijakaptol.hr\/#organization"},"potentialAction":[{"@type":"SearchAction","target":{"@type":"EntryPoint","urlTemplate":"https:\/\/galerijakaptol.hr\/?s={search_term_string}"},"query-input":{"@type":"PropertyValueSpecification","valueRequired":true,"valueName":"search_term_string"}}],"inLanguage":"hr"},{"@type":"Organization","@id":"https:\/\/galerijakaptol.hr\/#organization","name":"Galerija umjetnina","url":"https:\/\/galerijakaptol.hr\/","logo":{"@type":"ImageObject","inLanguage":"hr","@id":"https:\/\/galerijakaptol.hr\/#\/schema\/logo\/image\/","url":"https:\/\/galerijakaptol.hr\/wp-content\/uploads\/2023\/09\/logo-Kaptol-Galerija.png","contentUrl":"https:\/\/galerijakaptol.hr\/wp-content\/uploads\/2023\/09\/logo-Kaptol-Galerija.png","width":342,"height":72,"caption":"Galerija umjetnina"},"image":{"@id":"https:\/\/galerijakaptol.hr\/#\/schema\/logo\/image\/"}},{"@type":"Person","@id":"https:\/\/galerijakaptol.hr\/#\/schema\/person\/f3d1dc228981eca5894740a7ccd795df","name":"admin","sameAs":["https:\/\/galerijakaptol.hr"],"url":"https:\/\/galerijakaptol.hr\/index.php\/author\/admin_gk\/"}]}},"jetpack_featured_media_url":"https:\/\/galerijakaptol.hr\/wp-content\/uploads\/2025\/12\/IMG_4668-scaled.jpeg","jetpack_sharing_enabled":true,"_links":{"self":[{"href":"https:\/\/galerijakaptol.hr\/index.php\/wp-json\/wp\/v2\/posts\/425","targetHints":{"allow":["GET"]}}],"collection":[{"href":"https:\/\/galerijakaptol.hr\/index.php\/wp-json\/wp\/v2\/posts"}],"about":[{"href":"https:\/\/galerijakaptol.hr\/index.php\/wp-json\/wp\/v2\/types\/post"}],"author":[{"embeddable":true,"href":"https:\/\/galerijakaptol.hr\/index.php\/wp-json\/wp\/v2\/users\/1"}],"replies":[{"embeddable":true,"href":"https:\/\/galerijakaptol.hr\/index.php\/wp-json\/wp\/v2\/comments?post=425"}],"version-history":[{"count":14,"href":"https:\/\/galerijakaptol.hr\/index.php\/wp-json\/wp\/v2\/posts\/425\/revisions"}],"predecessor-version":[{"id":4348,"href":"https:\/\/galerijakaptol.hr\/index.php\/wp-json\/wp\/v2\/posts\/425\/revisions\/4348"}],"wp:featuredmedia":[{"embeddable":true,"href":"https:\/\/galerijakaptol.hr\/index.php\/wp-json\/wp\/v2\/media\/4226"}],"wp:attachment":[{"href":"https:\/\/galerijakaptol.hr\/index.php\/wp-json\/wp\/v2\/media?parent=425"}],"wp:term":[{"taxonomy":"category","embeddable":true,"href":"https:\/\/galerijakaptol.hr\/index.php\/wp-json\/wp\/v2\/categories?post=425"},{"taxonomy":"post_tag","embeddable":true,"href":"https:\/\/galerijakaptol.hr\/index.php\/wp-json\/wp\/v2\/tags?post=425"}],"curies":[{"name":"wp","href":"https:\/\/api.w.org\/{rel}","templated":true}]}}