{"id":455,"date":"2023-09-12T21:12:02","date_gmt":"2023-09-12T21:12:02","guid":{"rendered":"https:\/\/galerijakaptol.hr\/?p=455"},"modified":"2025-09-26T18:33:56","modified_gmt":"2025-09-26T18:33:56","slug":"jozo-janda","status":"publish","type":"post","link":"https:\/\/galerijakaptol.hr\/index.php\/2023\/09\/12\/jozo-janda\/","title":{"rendered":"JOZO JANDA"},"content":{"rendered":"<p>Jozo Janda, akademski slikar ro\u0111en je 1911. u Kaptolu, Slavonska Po\u017eega.\u00a0 Osnovnu i srednju \u0161kolu poha\u0111ao je u Novoj Gradi\u0161ki i Zagrebu. Diplomirao na Akademiji likovnih umjetnosti u Zagrebu 1938. godine u klasi prof. Vladimira Beci\u0107a. Radio je kao scenograf na prvom hrvatskom filmu \u201eSlavica\u201c. Kao scenograf radi i u kazali\u0161tu do 1956., poslije \u010dega odlazi u slobodnu profesiju. Samostalno je izlagao u mnogim ve\u0107im mjestima u zemlji, a u inozemstvu 1959. Kairo, Aleksandrija i Khartoum, 1960. Adis Abeba, 1966. Ravena, 1969. Salzburg, Milano, Verona, Monte Catina i dr. Skupno je izlagao u zemlji i inozemstvu, a s populitima u Parizu.<\/p>\n<p>Slikao je krajolike, motive pletera i narodnog veza, ognji\u0161ta i interijere starih ku\u0107a (posebno u Istri), vedute istarskih gradova i malih primorskih mjesta, lu\u010dice, alegorijske preobrazbe ste\u010daka i sl. Blizak je ekspresionizmu osobito u pejsa\u017eima te portretima iz Afrike gdje je boravio od 1958. do 1960. godine. U po\u017ee\u0161kom Muzeju 1990. godine izla\u017ee svoje \u201ezlatne\u201c pejza\u017ee vra\u010daju\u0107i se ponovno zemlji na kojoj se rodio. Od tada pa sve do svoje bolesti bio je zaokupljen mi\u0161lju kako bi svoja djela poklonio kraju otkuda je i potekao.<\/p>\n<p>Jozo Janda preminuo je 1999. godine.<\/p>\n<figure id=\"attachment_458\" aria-describedby=\"caption-attachment-458\" style=\"width: 198px\" class=\"wp-caption aligncenter\"><a href=\"https:\/\/galerijakaptol.hr\/wp-content\/uploads\/2023\/09\/JOZO-JANDA-Galla-djevojke-iz-serije-Djevojke-iz-Galla-plemena.jpg\"><img loading=\"lazy\" decoding=\"async\" class=\"size-medium wp-image-458\" src=\"https:\/\/galerijakaptol.hr\/wp-content\/uploads\/2023\/09\/JOZO-JANDA-Galla-djevojke-iz-serije-Djevojke-iz-Galla-plemena-198x300.jpg\" alt=\"\" width=\"198\" height=\"300\" srcset=\"https:\/\/galerijakaptol.hr\/wp-content\/uploads\/2023\/09\/JOZO-JANDA-Galla-djevojke-iz-serije-Djevojke-iz-Galla-plemena-198x300.jpg 198w, https:\/\/galerijakaptol.hr\/wp-content\/uploads\/2023\/09\/JOZO-JANDA-Galla-djevojke-iz-serije-Djevojke-iz-Galla-plemena.jpg 362w\" sizes=\"auto, (max-width: 198px) 100vw, 198px\" \/><\/a><figcaption id=\"caption-attachment-458\" class=\"wp-caption-text\"><strong>Galla djevojke, iz serije &#8216;Djevojke iz Galla plemena&#8217;<\/strong><br \/>Tehnika: ulje na platnu<br \/>Dimenzije: 90&#215;60 cm<br \/>Godina: 1958.\/60.<\/figcaption><\/figure>\n","protected":false},"excerpt":{"rendered":"<p>Jozo Janda, akademski slikar ro\u0111en je 1911. u Kaptolu, Slavonska Po\u017eega.\u00a0 Osnovnu i srednju \u0161kolu poha\u0111ao je u Novoj Gradi\u0161ki i Zagrebu. Diplomirao na Akademiji likovnih umjetnosti u Zagrebu 1938. godine u klasi prof. Vladimira Beci\u0107a. Radio je kao scenograf na prvom hrvatskom filmu \u201eSlavica\u201c. Kao scenograf radi i u kazali\u0161tu do 1956., poslije \u010dega [&hellip;]<\/p>\n","protected":false},"author":1,"featured_media":456,"comment_status":"closed","ping_status":"open","sticky":false,"template":"blank","format":"standard","meta":{"_jetpack_memberships_contains_paid_content":false,"footnotes":""},"categories":[1],"tags":[],"class_list":["post-455","post","type-post","status-publish","format-standard","has-post-thumbnail","hentry","category-uncategorized"],"yoast_head":"<!-- This site is optimized with the Yoast SEO plugin v27.5 - https:\/\/yoast.com\/product\/yoast-seo-wordpress\/ -->\n<title>JOZO JANDA - Galerija umjetnina<\/title>\n<meta name=\"description\" content=\"Jozo Janda, akademski slikar ro\u0111en je 1911. u Kaptolu, Slavonska Po\u017eega.\u00a0 Osnovnu i srednju \u0161kolu poha\u0111ao je u Novoj Gradi\u0161ki i Zagrebu. Diplomirao na Akademiji likovnih umjetnosti u Zagrebu 1938. godine u klasi prof. Vladimira Beci\u0107a. Radio je kao scenograf na prvom hrvatskom filmu \u201eSlavica\u201c. Kao scenograf radi i u kazali\u0161tu do 1956., poslije \u010dega odlazi u slobodnu profesiju. Samostalno je izlagao u mnogim ve\u0107im mjestima u zemlji, a u inozemstvu 1959. Kairo, Aleksandrija i Khartoum, 1960. Adis Abeba, 1966. Ravena, 1969. Salzburg, Milano, Verona, Monte Catina i dr. Skupno je izlagao u zemlji i inozemstvu, a s populitima u Parizu.Slikao je krajolike, motive pletera i narodnog veza, ognji\u0161ta i interijere starih ku\u0107a (posebno u Istri), vedute istarskih gradova i malih primorskih mjesta, lu\u010dice, alegorijske preobrazbe ste\u010daka i sl. Blizak je ekspresionizmu osobito u pejsa\u017eima te portretima iz Afrike gdje je boravio od 1958. do 1960. godine. U po\u017ee\u0161kom Muzeju 1990. godine izla\u017ee svoje \u201ezlatne\u201c pejza\u017ee vra\u010daju\u0107i se ponovno zemlji na kojoj se rodio. Od tada pa sve do svoje bolesti bio je zaokupljen mi\u0161lju kako bi svoja djela poklonio kraju otkuda je i potekao.Jozo Janda preminuo je 1999. godine.\" \/>\n<meta name=\"robots\" content=\"index, follow, max-snippet:-1, max-image-preview:large, max-video-preview:-1\" \/>\n<link rel=\"canonical\" href=\"https:\/\/galerijakaptol.hr\/index.php\/2023\/09\/12\/jozo-janda\/\" \/>\n<meta property=\"og:locale\" content=\"hr_HR\" \/>\n<meta property=\"og:type\" content=\"article\" \/>\n<meta property=\"og:title\" content=\"JOZO JANDA - Galerija umjetnina\" \/>\n<meta property=\"og:description\" content=\"Jozo Janda, akademski slikar ro\u0111en je 1911. u Kaptolu, Slavonska Po\u017eega.\u00a0 Osnovnu i srednju \u0161kolu poha\u0111ao je u Novoj Gradi\u0161ki i Zagrebu. Diplomirao na Akademiji likovnih umjetnosti u Zagrebu 1938. godine u klasi prof. Vladimira Beci\u0107a. Radio je kao scenograf na prvom hrvatskom filmu \u201eSlavica\u201c. Kao scenograf radi i u kazali\u0161tu do 1956., poslije \u010dega odlazi u slobodnu profesiju. Samostalno je izlagao u mnogim ve\u0107im mjestima u zemlji, a u inozemstvu 1959. Kairo, Aleksandrija i Khartoum, 1960. Adis Abeba, 1966. Ravena, 1969. Salzburg, Milano, Verona, Monte Catina i dr. Skupno je izlagao u zemlji i inozemstvu, a s populitima u Parizu.Slikao je krajolike, motive pletera i narodnog veza, ognji\u0161ta i interijere starih ku\u0107a (posebno u Istri), vedute istarskih gradova i malih primorskih mjesta, lu\u010dice, alegorijske preobrazbe ste\u010daka i sl. Blizak je ekspresionizmu osobito u pejsa\u017eima te portretima iz Afrike gdje je boravio od 1958. do 1960. godine. U po\u017ee\u0161kom Muzeju 1990. godine izla\u017ee svoje \u201ezlatne\u201c pejza\u017ee vra\u010daju\u0107i se ponovno zemlji na kojoj se rodio. Od tada pa sve do svoje bolesti bio je zaokupljen mi\u0161lju kako bi svoja djela poklonio kraju otkuda je i potekao.Jozo Janda preminuo je 1999. godine.\" \/>\n<meta property=\"og:url\" content=\"https:\/\/galerijakaptol.hr\/index.php\/2023\/09\/12\/jozo-janda\/\" \/>\n<meta property=\"og:site_name\" content=\"Galerija umjetnina\" \/>\n<meta property=\"article:published_time\" content=\"2023-09-12T21:12:02+00:00\" \/>\n<meta property=\"article:modified_time\" content=\"2025-09-26T18:33:56+00:00\" \/>\n<meta property=\"og:image\" content=\"https:\/\/galerijakaptol.hr\/wp-content\/uploads\/2023\/09\/JOZO-JANDA-Bez-naziva.jpg\" \/>\n\t<meta property=\"og:image:width\" content=\"416\" \/>\n\t<meta property=\"og:image:height\" content=\"319\" \/>\n\t<meta property=\"og:image:type\" content=\"image\/jpeg\" \/>\n<meta name=\"author\" content=\"admin\" \/>\n<meta name=\"twitter:card\" content=\"summary_large_image\" \/>\n<meta name=\"twitter:label1\" content=\"Napisao\/la\" \/>\n\t<meta name=\"twitter:data1\" content=\"admin\" \/>\n\t<meta name=\"twitter:label2\" content=\"Procijenjeno vrijeme \u010ditanja\" \/>\n\t<meta name=\"twitter:data2\" content=\"2 minute\" \/>\n<script type=\"application\/ld+json\" class=\"yoast-schema-graph\">{\"@context\":\"https:\\\/\\\/schema.org\",\"@graph\":[{\"@type\":\"Article\",\"@id\":\"https:\\\/\\\/galerijakaptol.hr\\\/index.php\\\/2023\\\/09\\\/12\\\/jozo-janda\\\/#article\",\"isPartOf\":{\"@id\":\"https:\\\/\\\/galerijakaptol.hr\\\/index.php\\\/2023\\\/09\\\/12\\\/jozo-janda\\\/\"},\"author\":{\"name\":\"admin\",\"@id\":\"https:\\\/\\\/galerijakaptol.hr\\\/#\\\/schema\\\/person\\\/f3d1dc228981eca5894740a7ccd795df\"},\"headline\":\"JOZO JANDA\",\"datePublished\":\"2023-09-12T21:12:02+00:00\",\"dateModified\":\"2025-09-26T18:33:56+00:00\",\"mainEntityOfPage\":{\"@id\":\"https:\\\/\\\/galerijakaptol.hr\\\/index.php\\\/2023\\\/09\\\/12\\\/jozo-janda\\\/\"},\"wordCount\":223,\"publisher\":{\"@id\":\"https:\\\/\\\/galerijakaptol.hr\\\/#organization\"},\"image\":{\"@id\":\"https:\\\/\\\/galerijakaptol.hr\\\/index.php\\\/2023\\\/09\\\/12\\\/jozo-janda\\\/#primaryimage\"},\"thumbnailUrl\":\"https:\\\/\\\/galerijakaptol.hr\\\/wp-content\\\/uploads\\\/2023\\\/09\\\/JOZO-JANDA-Bez-naziva.jpg\",\"articleSection\":[\"Blog\"],\"inLanguage\":\"hr\"},{\"@type\":\"WebPage\",\"@id\":\"https:\\\/\\\/galerijakaptol.hr\\\/index.php\\\/2023\\\/09\\\/12\\\/jozo-janda\\\/\",\"url\":\"https:\\\/\\\/galerijakaptol.hr\\\/index.php\\\/2023\\\/09\\\/12\\\/jozo-janda\\\/\",\"name\":\"JOZO JANDA - Galerija umjetnina\",\"isPartOf\":{\"@id\":\"https:\\\/\\\/galerijakaptol.hr\\\/#website\"},\"primaryImageOfPage\":{\"@id\":\"https:\\\/\\\/galerijakaptol.hr\\\/index.php\\\/2023\\\/09\\\/12\\\/jozo-janda\\\/#primaryimage\"},\"image\":{\"@id\":\"https:\\\/\\\/galerijakaptol.hr\\\/index.php\\\/2023\\\/09\\\/12\\\/jozo-janda\\\/#primaryimage\"},\"thumbnailUrl\":\"https:\\\/\\\/galerijakaptol.hr\\\/wp-content\\\/uploads\\\/2023\\\/09\\\/JOZO-JANDA-Bez-naziva.jpg\",\"datePublished\":\"2023-09-12T21:12:02+00:00\",\"dateModified\":\"2025-09-26T18:33:56+00:00\",\"description\":\"Jozo Janda, akademski slikar ro\u0111en je 1911. u Kaptolu, Slavonska Po\u017eega.\u00a0 Osnovnu i srednju \u0161kolu poha\u0111ao je u Novoj Gradi\u0161ki i Zagrebu. Diplomirao na Akademiji likovnih umjetnosti u Zagrebu 1938. godine u klasi prof. Vladimira Beci\u0107a. Radio je kao scenograf na prvom hrvatskom filmu \u201eSlavica\u201c. Kao scenograf radi i u kazali\u0161tu do 1956., poslije \u010dega odlazi u slobodnu profesiju. Samostalno je izlagao u mnogim ve\u0107im mjestima u zemlji, a u inozemstvu 1959. Kairo, Aleksandrija i Khartoum, 1960. Adis Abeba, 1966. Ravena, 1969. Salzburg, Milano, Verona, Monte Catina i dr. Skupno je izlagao u zemlji i inozemstvu, a s populitima u Parizu.Slikao je krajolike, motive pletera i narodnog veza, ognji\u0161ta i interijere starih ku\u0107a (posebno u Istri), vedute istarskih gradova i malih primorskih mjesta, lu\u010dice, alegorijske preobrazbe ste\u010daka i sl. Blizak je ekspresionizmu osobito u pejsa\u017eima te portretima iz Afrike gdje je boravio od 1958. do 1960. godine. U po\u017ee\u0161kom Muzeju 1990. godine izla\u017ee svoje \u201ezlatne\u201c pejza\u017ee vra\u010daju\u0107i se ponovno zemlji na kojoj se rodio. Od tada pa sve do svoje bolesti bio je zaokupljen mi\u0161lju kako bi svoja djela poklonio kraju otkuda je i potekao.Jozo Janda preminuo je 1999. godine.\",\"breadcrumb\":{\"@id\":\"https:\\\/\\\/galerijakaptol.hr\\\/index.php\\\/2023\\\/09\\\/12\\\/jozo-janda\\\/#breadcrumb\"},\"inLanguage\":\"hr\",\"potentialAction\":[{\"@type\":\"ReadAction\",\"target\":[\"https:\\\/\\\/galerijakaptol.hr\\\/index.php\\\/2023\\\/09\\\/12\\\/jozo-janda\\\/\"]}]},{\"@type\":\"ImageObject\",\"inLanguage\":\"hr\",\"@id\":\"https:\\\/\\\/galerijakaptol.hr\\\/index.php\\\/2023\\\/09\\\/12\\\/jozo-janda\\\/#primaryimage\",\"url\":\"https:\\\/\\\/galerijakaptol.hr\\\/wp-content\\\/uploads\\\/2023\\\/09\\\/JOZO-JANDA-Bez-naziva.jpg\",\"contentUrl\":\"https:\\\/\\\/galerijakaptol.hr\\\/wp-content\\\/uploads\\\/2023\\\/09\\\/JOZO-JANDA-Bez-naziva.jpg\",\"width\":416,\"height\":319,\"caption\":\"Bez naziva Tehnika: ulje na kartonu Dimenzije: 35x45 cm\"},{\"@type\":\"BreadcrumbList\",\"@id\":\"https:\\\/\\\/galerijakaptol.hr\\\/index.php\\\/2023\\\/09\\\/12\\\/jozo-janda\\\/#breadcrumb\",\"itemListElement\":[{\"@type\":\"ListItem\",\"position\":1,\"name\":\"Po\u010detna stranica\",\"item\":\"https:\\\/\\\/galerijakaptol.hr\\\/\"},{\"@type\":\"ListItem\",\"position\":2,\"name\":\"JOZO JANDA\"}]},{\"@type\":\"WebSite\",\"@id\":\"https:\\\/\\\/galerijakaptol.hr\\\/#website\",\"url\":\"https:\\\/\\\/galerijakaptol.hr\\\/\",\"name\":\"Galerija umjetnina\",\"description\":\"\",\"publisher\":{\"@id\":\"https:\\\/\\\/galerijakaptol.hr\\\/#organization\"},\"potentialAction\":[{\"@type\":\"SearchAction\",\"target\":{\"@type\":\"EntryPoint\",\"urlTemplate\":\"https:\\\/\\\/galerijakaptol.hr\\\/?s={search_term_string}\"},\"query-input\":{\"@type\":\"PropertyValueSpecification\",\"valueRequired\":true,\"valueName\":\"search_term_string\"}}],\"inLanguage\":\"hr\"},{\"@type\":\"Organization\",\"@id\":\"https:\\\/\\\/galerijakaptol.hr\\\/#organization\",\"name\":\"Galerija umjetnina\",\"url\":\"https:\\\/\\\/galerijakaptol.hr\\\/\",\"logo\":{\"@type\":\"ImageObject\",\"inLanguage\":\"hr\",\"@id\":\"https:\\\/\\\/galerijakaptol.hr\\\/#\\\/schema\\\/logo\\\/image\\\/\",\"url\":\"https:\\\/\\\/galerijakaptol.hr\\\/wp-content\\\/uploads\\\/2023\\\/09\\\/logo-Kaptol-Galerija.png\",\"contentUrl\":\"https:\\\/\\\/galerijakaptol.hr\\\/wp-content\\\/uploads\\\/2023\\\/09\\\/logo-Kaptol-Galerija.png\",\"width\":342,\"height\":72,\"caption\":\"Galerija umjetnina\"},\"image\":{\"@id\":\"https:\\\/\\\/galerijakaptol.hr\\\/#\\\/schema\\\/logo\\\/image\\\/\"}},{\"@type\":\"Person\",\"@id\":\"https:\\\/\\\/galerijakaptol.hr\\\/#\\\/schema\\\/person\\\/f3d1dc228981eca5894740a7ccd795df\",\"name\":\"admin\",\"sameAs\":[\"https:\\\/\\\/galerijakaptol.hr\"],\"url\":\"https:\\\/\\\/galerijakaptol.hr\\\/index.php\\\/author\\\/admin_gk\\\/\"}]}<\/script>\n<!-- \/ Yoast SEO plugin. -->","yoast_head_json":{"title":"JOZO JANDA - Galerija umjetnina","description":"Jozo Janda, akademski slikar ro\u0111en je 1911. u Kaptolu, Slavonska Po\u017eega.\u00a0 Osnovnu i srednju \u0161kolu poha\u0111ao je u Novoj Gradi\u0161ki i Zagrebu. Diplomirao na Akademiji likovnih umjetnosti u Zagrebu 1938. godine u klasi prof. Vladimira Beci\u0107a. Radio je kao scenograf na prvom hrvatskom filmu \u201eSlavica\u201c. Kao scenograf radi i u kazali\u0161tu do 1956., poslije \u010dega odlazi u slobodnu profesiju. Samostalno je izlagao u mnogim ve\u0107im mjestima u zemlji, a u inozemstvu 1959. Kairo, Aleksandrija i Khartoum, 1960. Adis Abeba, 1966. Ravena, 1969. Salzburg, Milano, Verona, Monte Catina i dr. Skupno je izlagao u zemlji i inozemstvu, a s populitima u Parizu.Slikao je krajolike, motive pletera i narodnog veza, ognji\u0161ta i interijere starih ku\u0107a (posebno u Istri), vedute istarskih gradova i malih primorskih mjesta, lu\u010dice, alegorijske preobrazbe ste\u010daka i sl. Blizak je ekspresionizmu osobito u pejsa\u017eima te portretima iz Afrike gdje je boravio od 1958. do 1960. godine. U po\u017ee\u0161kom Muzeju 1990. godine izla\u017ee svoje \u201ezlatne\u201c pejza\u017ee vra\u010daju\u0107i se ponovno zemlji na kojoj se rodio. Od tada pa sve do svoje bolesti bio je zaokupljen mi\u0161lju kako bi svoja djela poklonio kraju otkuda je i potekao.Jozo Janda preminuo je 1999. godine.","robots":{"index":"index","follow":"follow","max-snippet":"max-snippet:-1","max-image-preview":"max-image-preview:large","max-video-preview":"max-video-preview:-1"},"canonical":"https:\/\/galerijakaptol.hr\/index.php\/2023\/09\/12\/jozo-janda\/","og_locale":"hr_HR","og_type":"article","og_title":"JOZO JANDA - Galerija umjetnina","og_description":"Jozo Janda, akademski slikar ro\u0111en je 1911. u Kaptolu, Slavonska Po\u017eega.\u00a0 Osnovnu i srednju \u0161kolu poha\u0111ao je u Novoj Gradi\u0161ki i Zagrebu. Diplomirao na Akademiji likovnih umjetnosti u Zagrebu 1938. godine u klasi prof. Vladimira Beci\u0107a. Radio je kao scenograf na prvom hrvatskom filmu \u201eSlavica\u201c. Kao scenograf radi i u kazali\u0161tu do 1956., poslije \u010dega odlazi u slobodnu profesiju. Samostalno je izlagao u mnogim ve\u0107im mjestima u zemlji, a u inozemstvu 1959. Kairo, Aleksandrija i Khartoum, 1960. Adis Abeba, 1966. Ravena, 1969. Salzburg, Milano, Verona, Monte Catina i dr. Skupno je izlagao u zemlji i inozemstvu, a s populitima u Parizu.Slikao je krajolike, motive pletera i narodnog veza, ognji\u0161ta i interijere starih ku\u0107a (posebno u Istri), vedute istarskih gradova i malih primorskih mjesta, lu\u010dice, alegorijske preobrazbe ste\u010daka i sl. Blizak je ekspresionizmu osobito u pejsa\u017eima te portretima iz Afrike gdje je boravio od 1958. do 1960. godine. U po\u017ee\u0161kom Muzeju 1990. godine izla\u017ee svoje \u201ezlatne\u201c pejza\u017ee vra\u010daju\u0107i se ponovno zemlji na kojoj se rodio. Od tada pa sve do svoje bolesti bio je zaokupljen mi\u0161lju kako bi svoja djela poklonio kraju otkuda je i potekao.Jozo Janda preminuo je 1999. godine.","og_url":"https:\/\/galerijakaptol.hr\/index.php\/2023\/09\/12\/jozo-janda\/","og_site_name":"Galerija umjetnina","article_published_time":"2023-09-12T21:12:02+00:00","article_modified_time":"2025-09-26T18:33:56+00:00","og_image":[{"width":416,"height":319,"url":"https:\/\/galerijakaptol.hr\/wp-content\/uploads\/2023\/09\/JOZO-JANDA-Bez-naziva.jpg","type":"image\/jpeg"}],"author":"admin","twitter_card":"summary_large_image","twitter_misc":{"Napisao\/la":"admin","Procijenjeno vrijeme \u010ditanja":"2 minute"},"schema":{"@context":"https:\/\/schema.org","@graph":[{"@type":"Article","@id":"https:\/\/galerijakaptol.hr\/index.php\/2023\/09\/12\/jozo-janda\/#article","isPartOf":{"@id":"https:\/\/galerijakaptol.hr\/index.php\/2023\/09\/12\/jozo-janda\/"},"author":{"name":"admin","@id":"https:\/\/galerijakaptol.hr\/#\/schema\/person\/f3d1dc228981eca5894740a7ccd795df"},"headline":"JOZO JANDA","datePublished":"2023-09-12T21:12:02+00:00","dateModified":"2025-09-26T18:33:56+00:00","mainEntityOfPage":{"@id":"https:\/\/galerijakaptol.hr\/index.php\/2023\/09\/12\/jozo-janda\/"},"wordCount":223,"publisher":{"@id":"https:\/\/galerijakaptol.hr\/#organization"},"image":{"@id":"https:\/\/galerijakaptol.hr\/index.php\/2023\/09\/12\/jozo-janda\/#primaryimage"},"thumbnailUrl":"https:\/\/galerijakaptol.hr\/wp-content\/uploads\/2023\/09\/JOZO-JANDA-Bez-naziva.jpg","articleSection":["Blog"],"inLanguage":"hr"},{"@type":"WebPage","@id":"https:\/\/galerijakaptol.hr\/index.php\/2023\/09\/12\/jozo-janda\/","url":"https:\/\/galerijakaptol.hr\/index.php\/2023\/09\/12\/jozo-janda\/","name":"JOZO JANDA - Galerija umjetnina","isPartOf":{"@id":"https:\/\/galerijakaptol.hr\/#website"},"primaryImageOfPage":{"@id":"https:\/\/galerijakaptol.hr\/index.php\/2023\/09\/12\/jozo-janda\/#primaryimage"},"image":{"@id":"https:\/\/galerijakaptol.hr\/index.php\/2023\/09\/12\/jozo-janda\/#primaryimage"},"thumbnailUrl":"https:\/\/galerijakaptol.hr\/wp-content\/uploads\/2023\/09\/JOZO-JANDA-Bez-naziva.jpg","datePublished":"2023-09-12T21:12:02+00:00","dateModified":"2025-09-26T18:33:56+00:00","description":"Jozo Janda, akademski slikar ro\u0111en je 1911. u Kaptolu, Slavonska Po\u017eega.\u00a0 Osnovnu i srednju \u0161kolu poha\u0111ao je u Novoj Gradi\u0161ki i Zagrebu. Diplomirao na Akademiji likovnih umjetnosti u Zagrebu 1938. godine u klasi prof. Vladimira Beci\u0107a. Radio je kao scenograf na prvom hrvatskom filmu \u201eSlavica\u201c. Kao scenograf radi i u kazali\u0161tu do 1956., poslije \u010dega odlazi u slobodnu profesiju. Samostalno je izlagao u mnogim ve\u0107im mjestima u zemlji, a u inozemstvu 1959. Kairo, Aleksandrija i Khartoum, 1960. Adis Abeba, 1966. Ravena, 1969. Salzburg, Milano, Verona, Monte Catina i dr. Skupno je izlagao u zemlji i inozemstvu, a s populitima u Parizu.Slikao je krajolike, motive pletera i narodnog veza, ognji\u0161ta i interijere starih ku\u0107a (posebno u Istri), vedute istarskih gradova i malih primorskih mjesta, lu\u010dice, alegorijske preobrazbe ste\u010daka i sl. Blizak je ekspresionizmu osobito u pejsa\u017eima te portretima iz Afrike gdje je boravio od 1958. do 1960. godine. U po\u017ee\u0161kom Muzeju 1990. godine izla\u017ee svoje \u201ezlatne\u201c pejza\u017ee vra\u010daju\u0107i se ponovno zemlji na kojoj se rodio. Od tada pa sve do svoje bolesti bio je zaokupljen mi\u0161lju kako bi svoja djela poklonio kraju otkuda je i potekao.Jozo Janda preminuo je 1999. godine.","breadcrumb":{"@id":"https:\/\/galerijakaptol.hr\/index.php\/2023\/09\/12\/jozo-janda\/#breadcrumb"},"inLanguage":"hr","potentialAction":[{"@type":"ReadAction","target":["https:\/\/galerijakaptol.hr\/index.php\/2023\/09\/12\/jozo-janda\/"]}]},{"@type":"ImageObject","inLanguage":"hr","@id":"https:\/\/galerijakaptol.hr\/index.php\/2023\/09\/12\/jozo-janda\/#primaryimage","url":"https:\/\/galerijakaptol.hr\/wp-content\/uploads\/2023\/09\/JOZO-JANDA-Bez-naziva.jpg","contentUrl":"https:\/\/galerijakaptol.hr\/wp-content\/uploads\/2023\/09\/JOZO-JANDA-Bez-naziva.jpg","width":416,"height":319,"caption":"Bez naziva Tehnika: ulje na kartonu Dimenzije: 35x45 cm"},{"@type":"BreadcrumbList","@id":"https:\/\/galerijakaptol.hr\/index.php\/2023\/09\/12\/jozo-janda\/#breadcrumb","itemListElement":[{"@type":"ListItem","position":1,"name":"Po\u010detna stranica","item":"https:\/\/galerijakaptol.hr\/"},{"@type":"ListItem","position":2,"name":"JOZO JANDA"}]},{"@type":"WebSite","@id":"https:\/\/galerijakaptol.hr\/#website","url":"https:\/\/galerijakaptol.hr\/","name":"Galerija umjetnina","description":"","publisher":{"@id":"https:\/\/galerijakaptol.hr\/#organization"},"potentialAction":[{"@type":"SearchAction","target":{"@type":"EntryPoint","urlTemplate":"https:\/\/galerijakaptol.hr\/?s={search_term_string}"},"query-input":{"@type":"PropertyValueSpecification","valueRequired":true,"valueName":"search_term_string"}}],"inLanguage":"hr"},{"@type":"Organization","@id":"https:\/\/galerijakaptol.hr\/#organization","name":"Galerija umjetnina","url":"https:\/\/galerijakaptol.hr\/","logo":{"@type":"ImageObject","inLanguage":"hr","@id":"https:\/\/galerijakaptol.hr\/#\/schema\/logo\/image\/","url":"https:\/\/galerijakaptol.hr\/wp-content\/uploads\/2023\/09\/logo-Kaptol-Galerija.png","contentUrl":"https:\/\/galerijakaptol.hr\/wp-content\/uploads\/2023\/09\/logo-Kaptol-Galerija.png","width":342,"height":72,"caption":"Galerija umjetnina"},"image":{"@id":"https:\/\/galerijakaptol.hr\/#\/schema\/logo\/image\/"}},{"@type":"Person","@id":"https:\/\/galerijakaptol.hr\/#\/schema\/person\/f3d1dc228981eca5894740a7ccd795df","name":"admin","sameAs":["https:\/\/galerijakaptol.hr"],"url":"https:\/\/galerijakaptol.hr\/index.php\/author\/admin_gk\/"}]}},"jetpack_featured_media_url":"https:\/\/galerijakaptol.hr\/wp-content\/uploads\/2023\/09\/JOZO-JANDA-Bez-naziva.jpg","jetpack_sharing_enabled":true,"_links":{"self":[{"href":"https:\/\/galerijakaptol.hr\/index.php\/wp-json\/wp\/v2\/posts\/455","targetHints":{"allow":["GET"]}}],"collection":[{"href":"https:\/\/galerijakaptol.hr\/index.php\/wp-json\/wp\/v2\/posts"}],"about":[{"href":"https:\/\/galerijakaptol.hr\/index.php\/wp-json\/wp\/v2\/types\/post"}],"author":[{"embeddable":true,"href":"https:\/\/galerijakaptol.hr\/index.php\/wp-json\/wp\/v2\/users\/1"}],"replies":[{"embeddable":true,"href":"https:\/\/galerijakaptol.hr\/index.php\/wp-json\/wp\/v2\/comments?post=455"}],"version-history":[{"count":7,"href":"https:\/\/galerijakaptol.hr\/index.php\/wp-json\/wp\/v2\/posts\/455\/revisions"}],"predecessor-version":[{"id":3755,"href":"https:\/\/galerijakaptol.hr\/index.php\/wp-json\/wp\/v2\/posts\/455\/revisions\/3755"}],"wp:featuredmedia":[{"embeddable":true,"href":"https:\/\/galerijakaptol.hr\/index.php\/wp-json\/wp\/v2\/media\/456"}],"wp:attachment":[{"href":"https:\/\/galerijakaptol.hr\/index.php\/wp-json\/wp\/v2\/media?parent=455"}],"wp:term":[{"taxonomy":"category","embeddable":true,"href":"https:\/\/galerijakaptol.hr\/index.php\/wp-json\/wp\/v2\/categories?post=455"},{"taxonomy":"post_tag","embeddable":true,"href":"https:\/\/galerijakaptol.hr\/index.php\/wp-json\/wp\/v2\/tags?post=455"}],"curies":[{"name":"wp","href":"https:\/\/api.w.org\/{rel}","templated":true}]}}