{"id":601,"date":"2023-09-20T18:42:26","date_gmt":"2023-09-20T18:42:26","guid":{"rendered":"https:\/\/galerijakaptol.hr\/?p=601"},"modified":"2026-02-16T09:56:17","modified_gmt":"2026-02-16T09:56:17","slug":"nenad-vorih","status":"publish","type":"post","link":"https:\/\/galerijakaptol.hr\/index.php\/2023\/09\/20\/nenad-vorih\/","title":{"rendered":"NENAD VORIH"},"content":{"rendered":"\n<p>Ro\u0111en je 1.8.1963. godine u Zagrebu. Strast prema slikarstvu otkriva s trinaest godina i od tada razvija svoj talent. Nakon uspje\u0161nog osnovnog i srednjeg obrazovanja, maturira s odli\u010dnim uspjehom u obrazovnom centru za jezike. 1983. godine upisuje se na Akademiju likovnih umjetnosti u Zagrebu, slikarski smjer. 1987. zavr\u0161ava studij slikarstva u klasi prof. Ferdinanda Kulmera. 1988. godine primljen je u Hrvatsko dru\u0161tvo likovnih umjetnika te iste godine ostvaruje status Samostalnog umjetnika pri Hrvatskoj zajednici samostalnih umjetnika. 1993. godine uvr\u0161ten je u Enciklopediju likovnih umjetnosti, a 2000. u katalog KUNST-WERK, godi\u0161nje izdanje moderne likovne umjetnosti u Njema\u010dkoj. Smatra se posebnim i tematski vrlo zanimljivim umjetnikom, originalan je u svom pristupu i vrlo suvremen. Vorih spada u elitu moderne umjetnosti.<\/p>\n\n\n<figure id=\"attachment_4393\" aria-describedby=\"caption-attachment-4393\" style=\"width: 300px\" class=\"wp-caption aligncenter\"><a href=\"https:\/\/galerijakaptol.hr\/wp-content\/uploads\/2026\/02\/IMG_7013-scaled.jpeg\"><img loading=\"lazy\" decoding=\"async\" class=\"size-medium wp-image-4393\" src=\"https:\/\/galerijakaptol.hr\/wp-content\/uploads\/2026\/02\/IMG_7013-300x232.jpeg\" alt=\"\" width=\"300\" height=\"232\" srcset=\"https:\/\/galerijakaptol.hr\/wp-content\/uploads\/2026\/02\/IMG_7013-300x232.jpeg 300w, https:\/\/galerijakaptol.hr\/wp-content\/uploads\/2026\/02\/IMG_7013-1024x793.jpeg 1024w, https:\/\/galerijakaptol.hr\/wp-content\/uploads\/2026\/02\/IMG_7013-768x595.jpeg 768w, https:\/\/galerijakaptol.hr\/wp-content\/uploads\/2026\/02\/IMG_7013-1536x1190.jpeg 1536w, https:\/\/galerijakaptol.hr\/wp-content\/uploads\/2026\/02\/IMG_7013-2048x1586.jpeg 2048w\" sizes=\"auto, (max-width: 300px) 100vw, 300px\" \/><\/a><figcaption id=\"caption-attachment-4393\" class=\"wp-caption-text\"><strong>New York<\/strong><br \/>Tehnika: ulje na platnu<br \/>Dimenzije: 100&#215;130 cm<br \/>Godina: 2000.<\/figcaption><\/figure>\n<p>\u00a0<\/p>\n<figure id=\"attachment_2465\" aria-describedby=\"caption-attachment-2465\" style=\"width: 300px\" class=\"wp-caption aligncenter\"><a href=\"https:\/\/galerijakaptol.hr\/wp-content\/uploads\/2023\/09\/WhatsApp-Image-2024-04-18-at-12.03.02.jpeg\"><img loading=\"lazy\" decoding=\"async\" class=\"size-medium wp-image-2465\" src=\"https:\/\/galerijakaptol.hr\/wp-content\/uploads\/2023\/09\/WhatsApp-Image-2024-04-18-at-12.03.02-300x239.jpeg\" alt=\"\" width=\"300\" height=\"239\" srcset=\"https:\/\/galerijakaptol.hr\/wp-content\/uploads\/2023\/09\/WhatsApp-Image-2024-04-18-at-12.03.02-300x239.jpeg 300w, https:\/\/galerijakaptol.hr\/wp-content\/uploads\/2023\/09\/WhatsApp-Image-2024-04-18-at-12.03.02-1024x816.jpeg 1024w, https:\/\/galerijakaptol.hr\/wp-content\/uploads\/2023\/09\/WhatsApp-Image-2024-04-18-at-12.03.02-768x612.jpeg 768w, https:\/\/galerijakaptol.hr\/wp-content\/uploads\/2023\/09\/WhatsApp-Image-2024-04-18-at-12.03.02.jpeg 1465w\" sizes=\"auto, (max-width: 300px) 100vw, 300px\" \/><\/a><figcaption id=\"caption-attachment-2465\" class=\"wp-caption-text\"><strong>Show time<\/strong><br \/>Tehnika: Ulje na platnu<br \/>Dimenzije: 85 x 105 cm<br \/>Godina: 2019.<\/figcaption><\/figure>","protected":false},"excerpt":{"rendered":"<p>Ro\u0111en je 1.8.1963. godine u Zagrebu. Strast prema slikarstvu otkriva s trinaest godina i od tada razvija svoj talent. Nakon uspje\u0161nog osnovnog i srednjeg obrazovanja, maturira s odli\u010dnim uspjehom u obrazovnom centru za jezike. 1983. godine upisuje se na Akademiju likovnih umjetnosti u Zagrebu, slikarski smjer. 1987. zavr\u0161ava studij slikarstva u klasi prof. Ferdinanda Kulmera. [&hellip;]<\/p>\n","protected":false},"author":1,"featured_media":2465,"comment_status":"closed","ping_status":"open","sticky":false,"template":"blank","format":"standard","meta":{"_jetpack_memberships_contains_paid_content":false,"footnotes":""},"categories":[9],"tags":[],"class_list":["post-601","post","type-post","status-publish","format-standard","has-post-thumbnail","hentry","category-fundus"],"yoast_head":"<!-- This site is optimized with the Yoast SEO plugin v27.5 - https:\/\/yoast.com\/product\/yoast-seo-wordpress\/ -->\n<title>NENAD VORIH - Galerija umjetnina<\/title>\n<meta name=\"description\" content=\"Nenad Vorih, hrvatski umjetnik, slike New York\" \/>\n<meta name=\"robots\" content=\"index, follow, max-snippet:-1, max-image-preview:large, max-video-preview:-1\" \/>\n<link rel=\"canonical\" href=\"https:\/\/galerijakaptol.hr\/index.php\/2023\/09\/20\/nenad-vorih\/\" \/>\n<meta property=\"og:locale\" content=\"hr_HR\" \/>\n<meta property=\"og:type\" content=\"article\" \/>\n<meta property=\"og:title\" content=\"NENAD VORIH - Galerija umjetnina\" \/>\n<meta property=\"og:description\" content=\"Nenad Vorih, hrvatski umjetnik, slike New York\" \/>\n<meta property=\"og:url\" content=\"https:\/\/galerijakaptol.hr\/index.php\/2023\/09\/20\/nenad-vorih\/\" \/>\n<meta property=\"og:site_name\" content=\"Galerija umjetnina\" \/>\n<meta property=\"article:published_time\" content=\"2023-09-20T18:42:26+00:00\" \/>\n<meta property=\"article:modified_time\" content=\"2026-02-16T09:56:17+00:00\" \/>\n<meta property=\"og:image\" content=\"https:\/\/galerijakaptol.hr\/wp-content\/uploads\/2023\/09\/WhatsApp-Image-2024-04-18-at-12.03.02.jpeg\" \/>\n\t<meta property=\"og:image:width\" content=\"1465\" \/>\n\t<meta property=\"og:image:height\" content=\"1168\" \/>\n\t<meta property=\"og:image:type\" content=\"image\/jpeg\" \/>\n<meta name=\"author\" content=\"admin\" \/>\n<meta name=\"twitter:card\" content=\"summary_large_image\" \/>\n<meta name=\"twitter:label1\" content=\"Napisao\/la\" \/>\n\t<meta name=\"twitter:data1\" content=\"admin\" \/>\n\t<meta name=\"twitter:label2\" content=\"Procijenjeno vrijeme \u010ditanja\" \/>\n\t<meta name=\"twitter:data2\" content=\"2 minute\" \/>\n<script type=\"application\/ld+json\" class=\"yoast-schema-graph\">{\"@context\":\"https:\\\/\\\/schema.org\",\"@graph\":[{\"@type\":\"Article\",\"@id\":\"https:\\\/\\\/galerijakaptol.hr\\\/index.php\\\/2023\\\/09\\\/20\\\/nenad-vorih\\\/#article\",\"isPartOf\":{\"@id\":\"https:\\\/\\\/galerijakaptol.hr\\\/index.php\\\/2023\\\/09\\\/20\\\/nenad-vorih\\\/\"},\"author\":{\"name\":\"admin\",\"@id\":\"https:\\\/\\\/galerijakaptol.hr\\\/#\\\/schema\\\/person\\\/f3d1dc228981eca5894740a7ccd795df\"},\"headline\":\"NENAD VORIH\",\"datePublished\":\"2023-09-20T18:42:26+00:00\",\"dateModified\":\"2026-02-16T09:56:17+00:00\",\"mainEntityOfPage\":{\"@id\":\"https:\\\/\\\/galerijakaptol.hr\\\/index.php\\\/2023\\\/09\\\/20\\\/nenad-vorih\\\/\"},\"wordCount\":152,\"publisher\":{\"@id\":\"https:\\\/\\\/galerijakaptol.hr\\\/#organization\"},\"image\":{\"@id\":\"https:\\\/\\\/galerijakaptol.hr\\\/index.php\\\/2023\\\/09\\\/20\\\/nenad-vorih\\\/#primaryimage\"},\"thumbnailUrl\":\"https:\\\/\\\/galerijakaptol.hr\\\/wp-content\\\/uploads\\\/2023\\\/09\\\/WhatsApp-Image-2024-04-18-at-12.03.02.jpeg\",\"articleSection\":[\"Fundus\"],\"inLanguage\":\"hr\"},{\"@type\":\"WebPage\",\"@id\":\"https:\\\/\\\/galerijakaptol.hr\\\/index.php\\\/2023\\\/09\\\/20\\\/nenad-vorih\\\/\",\"url\":\"https:\\\/\\\/galerijakaptol.hr\\\/index.php\\\/2023\\\/09\\\/20\\\/nenad-vorih\\\/\",\"name\":\"NENAD VORIH - Galerija umjetnina\",\"isPartOf\":{\"@id\":\"https:\\\/\\\/galerijakaptol.hr\\\/#website\"},\"primaryImageOfPage\":{\"@id\":\"https:\\\/\\\/galerijakaptol.hr\\\/index.php\\\/2023\\\/09\\\/20\\\/nenad-vorih\\\/#primaryimage\"},\"image\":{\"@id\":\"https:\\\/\\\/galerijakaptol.hr\\\/index.php\\\/2023\\\/09\\\/20\\\/nenad-vorih\\\/#primaryimage\"},\"thumbnailUrl\":\"https:\\\/\\\/galerijakaptol.hr\\\/wp-content\\\/uploads\\\/2023\\\/09\\\/WhatsApp-Image-2024-04-18-at-12.03.02.jpeg\",\"datePublished\":\"2023-09-20T18:42:26+00:00\",\"dateModified\":\"2026-02-16T09:56:17+00:00\",\"description\":\"Nenad Vorih, hrvatski umjetnik, slike New York\",\"breadcrumb\":{\"@id\":\"https:\\\/\\\/galerijakaptol.hr\\\/index.php\\\/2023\\\/09\\\/20\\\/nenad-vorih\\\/#breadcrumb\"},\"inLanguage\":\"hr\",\"potentialAction\":[{\"@type\":\"ReadAction\",\"target\":[\"https:\\\/\\\/galerijakaptol.hr\\\/index.php\\\/2023\\\/09\\\/20\\\/nenad-vorih\\\/\"]}]},{\"@type\":\"ImageObject\",\"inLanguage\":\"hr\",\"@id\":\"https:\\\/\\\/galerijakaptol.hr\\\/index.php\\\/2023\\\/09\\\/20\\\/nenad-vorih\\\/#primaryimage\",\"url\":\"https:\\\/\\\/galerijakaptol.hr\\\/wp-content\\\/uploads\\\/2023\\\/09\\\/WhatsApp-Image-2024-04-18-at-12.03.02.jpeg\",\"contentUrl\":\"https:\\\/\\\/galerijakaptol.hr\\\/wp-content\\\/uploads\\\/2023\\\/09\\\/WhatsApp-Image-2024-04-18-at-12.03.02.jpeg\",\"width\":1465,\"height\":1168,\"caption\":\"Show time Tehnika: Ulje na platnu Dimenzije: 85 x 105 cm Godina: 2019.\"},{\"@type\":\"BreadcrumbList\",\"@id\":\"https:\\\/\\\/galerijakaptol.hr\\\/index.php\\\/2023\\\/09\\\/20\\\/nenad-vorih\\\/#breadcrumb\",\"itemListElement\":[{\"@type\":\"ListItem\",\"position\":1,\"name\":\"Po\u010detna stranica\",\"item\":\"https:\\\/\\\/galerijakaptol.hr\\\/\"},{\"@type\":\"ListItem\",\"position\":2,\"name\":\"NENAD VORIH\"}]},{\"@type\":\"WebSite\",\"@id\":\"https:\\\/\\\/galerijakaptol.hr\\\/#website\",\"url\":\"https:\\\/\\\/galerijakaptol.hr\\\/\",\"name\":\"Galerija umjetnina\",\"description\":\"\",\"publisher\":{\"@id\":\"https:\\\/\\\/galerijakaptol.hr\\\/#organization\"},\"potentialAction\":[{\"@type\":\"SearchAction\",\"target\":{\"@type\":\"EntryPoint\",\"urlTemplate\":\"https:\\\/\\\/galerijakaptol.hr\\\/?s={search_term_string}\"},\"query-input\":{\"@type\":\"PropertyValueSpecification\",\"valueRequired\":true,\"valueName\":\"search_term_string\"}}],\"inLanguage\":\"hr\"},{\"@type\":\"Organization\",\"@id\":\"https:\\\/\\\/galerijakaptol.hr\\\/#organization\",\"name\":\"Galerija umjetnina\",\"url\":\"https:\\\/\\\/galerijakaptol.hr\\\/\",\"logo\":{\"@type\":\"ImageObject\",\"inLanguage\":\"hr\",\"@id\":\"https:\\\/\\\/galerijakaptol.hr\\\/#\\\/schema\\\/logo\\\/image\\\/\",\"url\":\"https:\\\/\\\/galerijakaptol.hr\\\/wp-content\\\/uploads\\\/2023\\\/09\\\/logo-Kaptol-Galerija.png\",\"contentUrl\":\"https:\\\/\\\/galerijakaptol.hr\\\/wp-content\\\/uploads\\\/2023\\\/09\\\/logo-Kaptol-Galerija.png\",\"width\":342,\"height\":72,\"caption\":\"Galerija umjetnina\"},\"image\":{\"@id\":\"https:\\\/\\\/galerijakaptol.hr\\\/#\\\/schema\\\/logo\\\/image\\\/\"}},{\"@type\":\"Person\",\"@id\":\"https:\\\/\\\/galerijakaptol.hr\\\/#\\\/schema\\\/person\\\/f3d1dc228981eca5894740a7ccd795df\",\"name\":\"admin\",\"sameAs\":[\"https:\\\/\\\/galerijakaptol.hr\"],\"url\":\"https:\\\/\\\/galerijakaptol.hr\\\/index.php\\\/author\\\/admin_gk\\\/\"}]}<\/script>\n<!-- \/ Yoast SEO plugin. -->","yoast_head_json":{"title":"NENAD VORIH - Galerija umjetnina","description":"Nenad Vorih, hrvatski umjetnik, slike New York","robots":{"index":"index","follow":"follow","max-snippet":"max-snippet:-1","max-image-preview":"max-image-preview:large","max-video-preview":"max-video-preview:-1"},"canonical":"https:\/\/galerijakaptol.hr\/index.php\/2023\/09\/20\/nenad-vorih\/","og_locale":"hr_HR","og_type":"article","og_title":"NENAD VORIH - Galerija umjetnina","og_description":"Nenad Vorih, hrvatski umjetnik, slike New York","og_url":"https:\/\/galerijakaptol.hr\/index.php\/2023\/09\/20\/nenad-vorih\/","og_site_name":"Galerija umjetnina","article_published_time":"2023-09-20T18:42:26+00:00","article_modified_time":"2026-02-16T09:56:17+00:00","og_image":[{"width":1465,"height":1168,"url":"https:\/\/galerijakaptol.hr\/wp-content\/uploads\/2023\/09\/WhatsApp-Image-2024-04-18-at-12.03.02.jpeg","type":"image\/jpeg"}],"author":"admin","twitter_card":"summary_large_image","twitter_misc":{"Napisao\/la":"admin","Procijenjeno vrijeme \u010ditanja":"2 minute"},"schema":{"@context":"https:\/\/schema.org","@graph":[{"@type":"Article","@id":"https:\/\/galerijakaptol.hr\/index.php\/2023\/09\/20\/nenad-vorih\/#article","isPartOf":{"@id":"https:\/\/galerijakaptol.hr\/index.php\/2023\/09\/20\/nenad-vorih\/"},"author":{"name":"admin","@id":"https:\/\/galerijakaptol.hr\/#\/schema\/person\/f3d1dc228981eca5894740a7ccd795df"},"headline":"NENAD VORIH","datePublished":"2023-09-20T18:42:26+00:00","dateModified":"2026-02-16T09:56:17+00:00","mainEntityOfPage":{"@id":"https:\/\/galerijakaptol.hr\/index.php\/2023\/09\/20\/nenad-vorih\/"},"wordCount":152,"publisher":{"@id":"https:\/\/galerijakaptol.hr\/#organization"},"image":{"@id":"https:\/\/galerijakaptol.hr\/index.php\/2023\/09\/20\/nenad-vorih\/#primaryimage"},"thumbnailUrl":"https:\/\/galerijakaptol.hr\/wp-content\/uploads\/2023\/09\/WhatsApp-Image-2024-04-18-at-12.03.02.jpeg","articleSection":["Fundus"],"inLanguage":"hr"},{"@type":"WebPage","@id":"https:\/\/galerijakaptol.hr\/index.php\/2023\/09\/20\/nenad-vorih\/","url":"https:\/\/galerijakaptol.hr\/index.php\/2023\/09\/20\/nenad-vorih\/","name":"NENAD VORIH - Galerija umjetnina","isPartOf":{"@id":"https:\/\/galerijakaptol.hr\/#website"},"primaryImageOfPage":{"@id":"https:\/\/galerijakaptol.hr\/index.php\/2023\/09\/20\/nenad-vorih\/#primaryimage"},"image":{"@id":"https:\/\/galerijakaptol.hr\/index.php\/2023\/09\/20\/nenad-vorih\/#primaryimage"},"thumbnailUrl":"https:\/\/galerijakaptol.hr\/wp-content\/uploads\/2023\/09\/WhatsApp-Image-2024-04-18-at-12.03.02.jpeg","datePublished":"2023-09-20T18:42:26+00:00","dateModified":"2026-02-16T09:56:17+00:00","description":"Nenad Vorih, hrvatski umjetnik, slike New York","breadcrumb":{"@id":"https:\/\/galerijakaptol.hr\/index.php\/2023\/09\/20\/nenad-vorih\/#breadcrumb"},"inLanguage":"hr","potentialAction":[{"@type":"ReadAction","target":["https:\/\/galerijakaptol.hr\/index.php\/2023\/09\/20\/nenad-vorih\/"]}]},{"@type":"ImageObject","inLanguage":"hr","@id":"https:\/\/galerijakaptol.hr\/index.php\/2023\/09\/20\/nenad-vorih\/#primaryimage","url":"https:\/\/galerijakaptol.hr\/wp-content\/uploads\/2023\/09\/WhatsApp-Image-2024-04-18-at-12.03.02.jpeg","contentUrl":"https:\/\/galerijakaptol.hr\/wp-content\/uploads\/2023\/09\/WhatsApp-Image-2024-04-18-at-12.03.02.jpeg","width":1465,"height":1168,"caption":"Show time Tehnika: Ulje na platnu Dimenzije: 85 x 105 cm Godina: 2019."},{"@type":"BreadcrumbList","@id":"https:\/\/galerijakaptol.hr\/index.php\/2023\/09\/20\/nenad-vorih\/#breadcrumb","itemListElement":[{"@type":"ListItem","position":1,"name":"Po\u010detna stranica","item":"https:\/\/galerijakaptol.hr\/"},{"@type":"ListItem","position":2,"name":"NENAD VORIH"}]},{"@type":"WebSite","@id":"https:\/\/galerijakaptol.hr\/#website","url":"https:\/\/galerijakaptol.hr\/","name":"Galerija umjetnina","description":"","publisher":{"@id":"https:\/\/galerijakaptol.hr\/#organization"},"potentialAction":[{"@type":"SearchAction","target":{"@type":"EntryPoint","urlTemplate":"https:\/\/galerijakaptol.hr\/?s={search_term_string}"},"query-input":{"@type":"PropertyValueSpecification","valueRequired":true,"valueName":"search_term_string"}}],"inLanguage":"hr"},{"@type":"Organization","@id":"https:\/\/galerijakaptol.hr\/#organization","name":"Galerija umjetnina","url":"https:\/\/galerijakaptol.hr\/","logo":{"@type":"ImageObject","inLanguage":"hr","@id":"https:\/\/galerijakaptol.hr\/#\/schema\/logo\/image\/","url":"https:\/\/galerijakaptol.hr\/wp-content\/uploads\/2023\/09\/logo-Kaptol-Galerija.png","contentUrl":"https:\/\/galerijakaptol.hr\/wp-content\/uploads\/2023\/09\/logo-Kaptol-Galerija.png","width":342,"height":72,"caption":"Galerija umjetnina"},"image":{"@id":"https:\/\/galerijakaptol.hr\/#\/schema\/logo\/image\/"}},{"@type":"Person","@id":"https:\/\/galerijakaptol.hr\/#\/schema\/person\/f3d1dc228981eca5894740a7ccd795df","name":"admin","sameAs":["https:\/\/galerijakaptol.hr"],"url":"https:\/\/galerijakaptol.hr\/index.php\/author\/admin_gk\/"}]}},"jetpack_featured_media_url":"https:\/\/galerijakaptol.hr\/wp-content\/uploads\/2023\/09\/WhatsApp-Image-2024-04-18-at-12.03.02.jpeg","jetpack_sharing_enabled":true,"_links":{"self":[{"href":"https:\/\/galerijakaptol.hr\/index.php\/wp-json\/wp\/v2\/posts\/601","targetHints":{"allow":["GET"]}}],"collection":[{"href":"https:\/\/galerijakaptol.hr\/index.php\/wp-json\/wp\/v2\/posts"}],"about":[{"href":"https:\/\/galerijakaptol.hr\/index.php\/wp-json\/wp\/v2\/types\/post"}],"author":[{"embeddable":true,"href":"https:\/\/galerijakaptol.hr\/index.php\/wp-json\/wp\/v2\/users\/1"}],"replies":[{"embeddable":true,"href":"https:\/\/galerijakaptol.hr\/index.php\/wp-json\/wp\/v2\/comments?post=601"}],"version-history":[{"count":6,"href":"https:\/\/galerijakaptol.hr\/index.php\/wp-json\/wp\/v2\/posts\/601\/revisions"}],"predecessor-version":[{"id":4401,"href":"https:\/\/galerijakaptol.hr\/index.php\/wp-json\/wp\/v2\/posts\/601\/revisions\/4401"}],"wp:featuredmedia":[{"embeddable":true,"href":"https:\/\/galerijakaptol.hr\/index.php\/wp-json\/wp\/v2\/media\/2465"}],"wp:attachment":[{"href":"https:\/\/galerijakaptol.hr\/index.php\/wp-json\/wp\/v2\/media?parent=601"}],"wp:term":[{"taxonomy":"category","embeddable":true,"href":"https:\/\/galerijakaptol.hr\/index.php\/wp-json\/wp\/v2\/categories?post=601"},{"taxonomy":"post_tag","embeddable":true,"href":"https:\/\/galerijakaptol.hr\/index.php\/wp-json\/wp\/v2\/tags?post=601"}],"curies":[{"name":"wp","href":"https:\/\/api.w.org\/{rel}","templated":true}]}}