{"id":605,"date":"2023-09-20T18:45:27","date_gmt":"2023-09-20T18:45:27","guid":{"rendered":"https:\/\/galerijakaptol.hr\/?p=605"},"modified":"2025-10-25T08:43:42","modified_gmt":"2025-10-25T08:43:42","slug":"neno-mikulic","status":"publish","type":"post","link":"https:\/\/galerijakaptol.hr\/index.php\/2023\/09\/20\/neno-mikulic\/","title":{"rendered":"NENO MIKULI\u0106"},"content":{"rendered":"\n<p>Ro\u0111en je 1964.g. u Splitu . Kemijsko-tehnolo\u0161ki fakultet zavr\u0161io je u Zagrebu 1987. godine.<br>Od 1986. godine bavi se novinskom karikaturom i stripom.<br>U prosincu 2002 . godine diplomirao je slikarstvo na Umjetni\u010dkoj akademiji u Splitu u klasi prof. Gorkog \u017duvele . Samostalno izlagao u Splitu, \u0160ibeniku, Zagrebu, Roseggu..<br>\u017divi i radi u Splitu.<\/p>\n\n\n<figure id=\"attachment_606\" aria-describedby=\"caption-attachment-606\" style=\"width: 300px\" class=\"wp-caption aligncenter\"><a href=\"https:\/\/galerijakaptol.hr\/wp-content\/uploads\/2023\/09\/NENO-MIKULIC-Nudisti-za-vecerom.jpg\"><img loading=\"lazy\" decoding=\"async\" class=\"size-medium wp-image-606\" src=\"https:\/\/galerijakaptol.hr\/wp-content\/uploads\/2023\/09\/NENO-MIKULIC-Nudisti-za-vecerom-300x207.jpg\" alt=\"\" width=\"300\" height=\"207\" srcset=\"https:\/\/galerijakaptol.hr\/wp-content\/uploads\/2023\/09\/NENO-MIKULIC-Nudisti-za-vecerom-300x207.jpg 300w, https:\/\/galerijakaptol.hr\/wp-content\/uploads\/2023\/09\/NENO-MIKULIC-Nudisti-za-vecerom.jpg 431w\" sizes=\"auto, (max-width: 300px) 100vw, 300px\" \/><\/a><figcaption id=\"caption-attachment-606\" class=\"wp-caption-text\"><strong>Nudisti za ve\u010derom<\/strong><br \/>Tehnika: asemblage<br \/>Dimenzije: 60&#215;83 cm<br \/>Godina: 2005.<\/figcaption><\/figure>\n<figure id=\"attachment_607\" aria-describedby=\"caption-attachment-607\" style=\"width: 300px\" class=\"wp-caption aligncenter\"><a href=\"https:\/\/galerijakaptol.hr\/wp-content\/uploads\/2023\/09\/NENO-MIKULIC-Covik-i-pas.jpg\"><img loading=\"lazy\" decoding=\"async\" class=\"size-medium wp-image-607\" src=\"https:\/\/galerijakaptol.hr\/wp-content\/uploads\/2023\/09\/NENO-MIKULIC-Covik-i-pas-300x199.jpg\" alt=\"\" width=\"300\" height=\"199\" srcset=\"https:\/\/galerijakaptol.hr\/wp-content\/uploads\/2023\/09\/NENO-MIKULIC-Covik-i-pas-300x199.jpg 300w, https:\/\/galerijakaptol.hr\/wp-content\/uploads\/2023\/09\/NENO-MIKULIC-Covik-i-pas.jpg 598w\" sizes=\"auto, (max-width: 300px) 100vw, 300px\" \/><\/a><figcaption id=\"caption-attachment-607\" class=\"wp-caption-text\"><strong>\u010covik i pas<\/strong><br \/>Tehnika: ulje na platnu<br \/>Dimenzije: 78&#215;118 cm<br \/>Godina: 2018.<\/figcaption><\/figure>\n<figure id=\"attachment_608\" aria-describedby=\"caption-attachment-608\" style=\"width: 241px\" class=\"wp-caption aligncenter\"><a href=\"https:\/\/galerijakaptol.hr\/wp-content\/uploads\/2023\/09\/NENO-MIKULIC-Covik-koji-sidi.jpg\"><img loading=\"lazy\" decoding=\"async\" class=\"size-medium wp-image-608\" src=\"https:\/\/galerijakaptol.hr\/wp-content\/uploads\/2023\/09\/NENO-MIKULIC-Covik-koji-sidi-241x300.jpg\" alt=\"\" width=\"241\" height=\"300\" srcset=\"https:\/\/galerijakaptol.hr\/wp-content\/uploads\/2023\/09\/NENO-MIKULIC-Covik-koji-sidi-241x300.jpg 241w, https:\/\/galerijakaptol.hr\/wp-content\/uploads\/2023\/09\/NENO-MIKULIC-Covik-koji-sidi.jpg 598w\" sizes=\"auto, (max-width: 241px) 100vw, 241px\" \/><\/a><figcaption id=\"caption-attachment-608\" class=\"wp-caption-text\"><strong>\u010covik koji sidi<\/strong><br \/>Tehnika: ulje na platnu<br \/>Dimenzije: 100&#215;80 cm<br \/>Godina: 2018.<\/figcaption><\/figure>\n<figure id=\"attachment_609\" aria-describedby=\"caption-attachment-609\" style=\"width: 209px\" class=\"wp-caption aligncenter\"><a href=\"https:\/\/galerijakaptol.hr\/wp-content\/uploads\/2023\/09\/NENO-MIKULIC-Akt.jpg\"><img loading=\"lazy\" decoding=\"async\" class=\"size-medium wp-image-609\" src=\"https:\/\/galerijakaptol.hr\/wp-content\/uploads\/2023\/09\/NENO-MIKULIC-Akt-209x300.jpg\" alt=\"\" width=\"209\" height=\"300\" srcset=\"https:\/\/galerijakaptol.hr\/wp-content\/uploads\/2023\/09\/NENO-MIKULIC-Akt-209x300.jpg 209w, https:\/\/galerijakaptol.hr\/wp-content\/uploads\/2023\/09\/NENO-MIKULIC-Akt.jpg 578w\" sizes=\"auto, (max-width: 209px) 100vw, 209px\" \/><\/a><figcaption id=\"caption-attachment-609\" class=\"wp-caption-text\"><strong>Akt<\/strong><br \/>Tehnika: ulje na platnu<br \/>Dimenzije: 140&#215;100 cm<br \/>Godina: 2018.<\/figcaption><\/figure>","protected":false},"excerpt":{"rendered":"<p>Ro\u0111en je 1964.g. u Splitu . Kemijsko-tehnolo\u0161ki fakultet zavr\u0161io je u Zagrebu 1987. godine.Od 1986. godine bavi se novinskom karikaturom i stripom.U prosincu 2002 . godine diplomirao je slikarstvo na Umjetni\u010dkoj akademiji u Splitu u klasi prof. Gorkog \u017duvele . Samostalno izlagao u Splitu, \u0160ibeniku, Zagrebu, Roseggu..\u017divi i radi u Splitu.<\/p>\n","protected":false},"author":1,"featured_media":606,"comment_status":"closed","ping_status":"open","sticky":false,"template":"blank","format":"standard","meta":{"_jetpack_memberships_contains_paid_content":false,"footnotes":""},"categories":[9],"tags":[],"class_list":["post-605","post","type-post","status-publish","format-standard","has-post-thumbnail","hentry","category-fundus"],"yoast_head":"<!-- This site is optimized with the Yoast SEO plugin v27.5 - https:\/\/yoast.com\/product\/yoast-seo-wordpress\/ -->\n<title>NENO MIKULI\u0106 - Galerija umjetnina<\/title>\n<meta name=\"description\" content=\"Neno Mikuli\u0107, splitski umjetnik\" \/>\n<meta name=\"robots\" content=\"index, follow, max-snippet:-1, max-image-preview:large, max-video-preview:-1\" \/>\n<link rel=\"canonical\" href=\"https:\/\/galerijakaptol.hr\/index.php\/2023\/09\/20\/neno-mikulic\/\" \/>\n<meta property=\"og:locale\" content=\"hr_HR\" \/>\n<meta property=\"og:type\" content=\"article\" \/>\n<meta property=\"og:title\" content=\"NENO MIKULI\u0106 - Galerija umjetnina\" \/>\n<meta property=\"og:description\" content=\"Neno Mikuli\u0107, splitski umjetnik\" \/>\n<meta property=\"og:url\" content=\"https:\/\/galerijakaptol.hr\/index.php\/2023\/09\/20\/neno-mikulic\/\" \/>\n<meta property=\"og:site_name\" content=\"Galerija umjetnina\" \/>\n<meta property=\"article:published_time\" content=\"2023-09-20T18:45:27+00:00\" \/>\n<meta property=\"article:modified_time\" content=\"2025-10-25T08:43:42+00:00\" \/>\n<meta property=\"og:image\" content=\"https:\/\/galerijakaptol.hr\/wp-content\/uploads\/2023\/09\/NENO-MIKULIC-Nudisti-za-vecerom.jpg\" \/>\n\t<meta property=\"og:image:width\" content=\"431\" \/>\n\t<meta property=\"og:image:height\" content=\"298\" \/>\n\t<meta property=\"og:image:type\" content=\"image\/jpeg\" \/>\n<meta name=\"author\" content=\"admin\" \/>\n<meta name=\"twitter:card\" content=\"summary_large_image\" \/>\n<meta name=\"twitter:label1\" content=\"Napisao\/la\" \/>\n\t<meta name=\"twitter:data1\" content=\"admin\" \/>\n\t<meta name=\"twitter:label2\" content=\"Procijenjeno vrijeme \u010ditanja\" \/>\n\t<meta name=\"twitter:data2\" content=\"2 minute\" \/>\n<script type=\"application\/ld+json\" class=\"yoast-schema-graph\">{\"@context\":\"https:\\\/\\\/schema.org\",\"@graph\":[{\"@type\":\"Article\",\"@id\":\"https:\\\/\\\/galerijakaptol.hr\\\/index.php\\\/2023\\\/09\\\/20\\\/neno-mikulic\\\/#article\",\"isPartOf\":{\"@id\":\"https:\\\/\\\/galerijakaptol.hr\\\/index.php\\\/2023\\\/09\\\/20\\\/neno-mikulic\\\/\"},\"author\":{\"name\":\"admin\",\"@id\":\"https:\\\/\\\/galerijakaptol.hr\\\/#\\\/schema\\\/person\\\/f3d1dc228981eca5894740a7ccd795df\"},\"headline\":\"NENO MIKULI\u0106\",\"datePublished\":\"2023-09-20T18:45:27+00:00\",\"dateModified\":\"2025-10-25T08:43:42+00:00\",\"mainEntityOfPage\":{\"@id\":\"https:\\\/\\\/galerijakaptol.hr\\\/index.php\\\/2023\\\/09\\\/20\\\/neno-mikulic\\\/\"},\"wordCount\":115,\"publisher\":{\"@id\":\"https:\\\/\\\/galerijakaptol.hr\\\/#organization\"},\"image\":{\"@id\":\"https:\\\/\\\/galerijakaptol.hr\\\/index.php\\\/2023\\\/09\\\/20\\\/neno-mikulic\\\/#primaryimage\"},\"thumbnailUrl\":\"https:\\\/\\\/galerijakaptol.hr\\\/wp-content\\\/uploads\\\/2023\\\/09\\\/NENO-MIKULIC-Nudisti-za-vecerom.jpg\",\"articleSection\":[\"Fundus\"],\"inLanguage\":\"hr\"},{\"@type\":\"WebPage\",\"@id\":\"https:\\\/\\\/galerijakaptol.hr\\\/index.php\\\/2023\\\/09\\\/20\\\/neno-mikulic\\\/\",\"url\":\"https:\\\/\\\/galerijakaptol.hr\\\/index.php\\\/2023\\\/09\\\/20\\\/neno-mikulic\\\/\",\"name\":\"NENO MIKULI\u0106 - Galerija umjetnina\",\"isPartOf\":{\"@id\":\"https:\\\/\\\/galerijakaptol.hr\\\/#website\"},\"primaryImageOfPage\":{\"@id\":\"https:\\\/\\\/galerijakaptol.hr\\\/index.php\\\/2023\\\/09\\\/20\\\/neno-mikulic\\\/#primaryimage\"},\"image\":{\"@id\":\"https:\\\/\\\/galerijakaptol.hr\\\/index.php\\\/2023\\\/09\\\/20\\\/neno-mikulic\\\/#primaryimage\"},\"thumbnailUrl\":\"https:\\\/\\\/galerijakaptol.hr\\\/wp-content\\\/uploads\\\/2023\\\/09\\\/NENO-MIKULIC-Nudisti-za-vecerom.jpg\",\"datePublished\":\"2023-09-20T18:45:27+00:00\",\"dateModified\":\"2025-10-25T08:43:42+00:00\",\"description\":\"Neno Mikuli\u0107, splitski umjetnik\",\"breadcrumb\":{\"@id\":\"https:\\\/\\\/galerijakaptol.hr\\\/index.php\\\/2023\\\/09\\\/20\\\/neno-mikulic\\\/#breadcrumb\"},\"inLanguage\":\"hr\",\"potentialAction\":[{\"@type\":\"ReadAction\",\"target\":[\"https:\\\/\\\/galerijakaptol.hr\\\/index.php\\\/2023\\\/09\\\/20\\\/neno-mikulic\\\/\"]}]},{\"@type\":\"ImageObject\",\"inLanguage\":\"hr\",\"@id\":\"https:\\\/\\\/galerijakaptol.hr\\\/index.php\\\/2023\\\/09\\\/20\\\/neno-mikulic\\\/#primaryimage\",\"url\":\"https:\\\/\\\/galerijakaptol.hr\\\/wp-content\\\/uploads\\\/2023\\\/09\\\/NENO-MIKULIC-Nudisti-za-vecerom.jpg\",\"contentUrl\":\"https:\\\/\\\/galerijakaptol.hr\\\/wp-content\\\/uploads\\\/2023\\\/09\\\/NENO-MIKULIC-Nudisti-za-vecerom.jpg\",\"width\":431,\"height\":298,\"caption\":\"Nudisti za ve\u010derom Tehnika: asemblage Dimenzije: 60x83 cm Godina: 2005.\"},{\"@type\":\"BreadcrumbList\",\"@id\":\"https:\\\/\\\/galerijakaptol.hr\\\/index.php\\\/2023\\\/09\\\/20\\\/neno-mikulic\\\/#breadcrumb\",\"itemListElement\":[{\"@type\":\"ListItem\",\"position\":1,\"name\":\"Po\u010detna stranica\",\"item\":\"https:\\\/\\\/galerijakaptol.hr\\\/\"},{\"@type\":\"ListItem\",\"position\":2,\"name\":\"NENO MIKULI\u0106\"}]},{\"@type\":\"WebSite\",\"@id\":\"https:\\\/\\\/galerijakaptol.hr\\\/#website\",\"url\":\"https:\\\/\\\/galerijakaptol.hr\\\/\",\"name\":\"Galerija umjetnina\",\"description\":\"\",\"publisher\":{\"@id\":\"https:\\\/\\\/galerijakaptol.hr\\\/#organization\"},\"potentialAction\":[{\"@type\":\"SearchAction\",\"target\":{\"@type\":\"EntryPoint\",\"urlTemplate\":\"https:\\\/\\\/galerijakaptol.hr\\\/?s={search_term_string}\"},\"query-input\":{\"@type\":\"PropertyValueSpecification\",\"valueRequired\":true,\"valueName\":\"search_term_string\"}}],\"inLanguage\":\"hr\"},{\"@type\":\"Organization\",\"@id\":\"https:\\\/\\\/galerijakaptol.hr\\\/#organization\",\"name\":\"Galerija umjetnina\",\"url\":\"https:\\\/\\\/galerijakaptol.hr\\\/\",\"logo\":{\"@type\":\"ImageObject\",\"inLanguage\":\"hr\",\"@id\":\"https:\\\/\\\/galerijakaptol.hr\\\/#\\\/schema\\\/logo\\\/image\\\/\",\"url\":\"https:\\\/\\\/galerijakaptol.hr\\\/wp-content\\\/uploads\\\/2023\\\/09\\\/logo-Kaptol-Galerija.png\",\"contentUrl\":\"https:\\\/\\\/galerijakaptol.hr\\\/wp-content\\\/uploads\\\/2023\\\/09\\\/logo-Kaptol-Galerija.png\",\"width\":342,\"height\":72,\"caption\":\"Galerija umjetnina\"},\"image\":{\"@id\":\"https:\\\/\\\/galerijakaptol.hr\\\/#\\\/schema\\\/logo\\\/image\\\/\"}},{\"@type\":\"Person\",\"@id\":\"https:\\\/\\\/galerijakaptol.hr\\\/#\\\/schema\\\/person\\\/f3d1dc228981eca5894740a7ccd795df\",\"name\":\"admin\",\"sameAs\":[\"https:\\\/\\\/galerijakaptol.hr\"],\"url\":\"https:\\\/\\\/galerijakaptol.hr\\\/index.php\\\/author\\\/admin_gk\\\/\"}]}<\/script>\n<!-- \/ Yoast SEO plugin. -->","yoast_head_json":{"title":"NENO MIKULI\u0106 - Galerija umjetnina","description":"Neno Mikuli\u0107, splitski umjetnik","robots":{"index":"index","follow":"follow","max-snippet":"max-snippet:-1","max-image-preview":"max-image-preview:large","max-video-preview":"max-video-preview:-1"},"canonical":"https:\/\/galerijakaptol.hr\/index.php\/2023\/09\/20\/neno-mikulic\/","og_locale":"hr_HR","og_type":"article","og_title":"NENO MIKULI\u0106 - Galerija umjetnina","og_description":"Neno Mikuli\u0107, splitski umjetnik","og_url":"https:\/\/galerijakaptol.hr\/index.php\/2023\/09\/20\/neno-mikulic\/","og_site_name":"Galerija umjetnina","article_published_time":"2023-09-20T18:45:27+00:00","article_modified_time":"2025-10-25T08:43:42+00:00","og_image":[{"width":431,"height":298,"url":"https:\/\/galerijakaptol.hr\/wp-content\/uploads\/2023\/09\/NENO-MIKULIC-Nudisti-za-vecerom.jpg","type":"image\/jpeg"}],"author":"admin","twitter_card":"summary_large_image","twitter_misc":{"Napisao\/la":"admin","Procijenjeno vrijeme \u010ditanja":"2 minute"},"schema":{"@context":"https:\/\/schema.org","@graph":[{"@type":"Article","@id":"https:\/\/galerijakaptol.hr\/index.php\/2023\/09\/20\/neno-mikulic\/#article","isPartOf":{"@id":"https:\/\/galerijakaptol.hr\/index.php\/2023\/09\/20\/neno-mikulic\/"},"author":{"name":"admin","@id":"https:\/\/galerijakaptol.hr\/#\/schema\/person\/f3d1dc228981eca5894740a7ccd795df"},"headline":"NENO MIKULI\u0106","datePublished":"2023-09-20T18:45:27+00:00","dateModified":"2025-10-25T08:43:42+00:00","mainEntityOfPage":{"@id":"https:\/\/galerijakaptol.hr\/index.php\/2023\/09\/20\/neno-mikulic\/"},"wordCount":115,"publisher":{"@id":"https:\/\/galerijakaptol.hr\/#organization"},"image":{"@id":"https:\/\/galerijakaptol.hr\/index.php\/2023\/09\/20\/neno-mikulic\/#primaryimage"},"thumbnailUrl":"https:\/\/galerijakaptol.hr\/wp-content\/uploads\/2023\/09\/NENO-MIKULIC-Nudisti-za-vecerom.jpg","articleSection":["Fundus"],"inLanguage":"hr"},{"@type":"WebPage","@id":"https:\/\/galerijakaptol.hr\/index.php\/2023\/09\/20\/neno-mikulic\/","url":"https:\/\/galerijakaptol.hr\/index.php\/2023\/09\/20\/neno-mikulic\/","name":"NENO MIKULI\u0106 - Galerija umjetnina","isPartOf":{"@id":"https:\/\/galerijakaptol.hr\/#website"},"primaryImageOfPage":{"@id":"https:\/\/galerijakaptol.hr\/index.php\/2023\/09\/20\/neno-mikulic\/#primaryimage"},"image":{"@id":"https:\/\/galerijakaptol.hr\/index.php\/2023\/09\/20\/neno-mikulic\/#primaryimage"},"thumbnailUrl":"https:\/\/galerijakaptol.hr\/wp-content\/uploads\/2023\/09\/NENO-MIKULIC-Nudisti-za-vecerom.jpg","datePublished":"2023-09-20T18:45:27+00:00","dateModified":"2025-10-25T08:43:42+00:00","description":"Neno Mikuli\u0107, splitski umjetnik","breadcrumb":{"@id":"https:\/\/galerijakaptol.hr\/index.php\/2023\/09\/20\/neno-mikulic\/#breadcrumb"},"inLanguage":"hr","potentialAction":[{"@type":"ReadAction","target":["https:\/\/galerijakaptol.hr\/index.php\/2023\/09\/20\/neno-mikulic\/"]}]},{"@type":"ImageObject","inLanguage":"hr","@id":"https:\/\/galerijakaptol.hr\/index.php\/2023\/09\/20\/neno-mikulic\/#primaryimage","url":"https:\/\/galerijakaptol.hr\/wp-content\/uploads\/2023\/09\/NENO-MIKULIC-Nudisti-za-vecerom.jpg","contentUrl":"https:\/\/galerijakaptol.hr\/wp-content\/uploads\/2023\/09\/NENO-MIKULIC-Nudisti-za-vecerom.jpg","width":431,"height":298,"caption":"Nudisti za ve\u010derom Tehnika: asemblage Dimenzije: 60x83 cm Godina: 2005."},{"@type":"BreadcrumbList","@id":"https:\/\/galerijakaptol.hr\/index.php\/2023\/09\/20\/neno-mikulic\/#breadcrumb","itemListElement":[{"@type":"ListItem","position":1,"name":"Po\u010detna stranica","item":"https:\/\/galerijakaptol.hr\/"},{"@type":"ListItem","position":2,"name":"NENO MIKULI\u0106"}]},{"@type":"WebSite","@id":"https:\/\/galerijakaptol.hr\/#website","url":"https:\/\/galerijakaptol.hr\/","name":"Galerija umjetnina","description":"","publisher":{"@id":"https:\/\/galerijakaptol.hr\/#organization"},"potentialAction":[{"@type":"SearchAction","target":{"@type":"EntryPoint","urlTemplate":"https:\/\/galerijakaptol.hr\/?s={search_term_string}"},"query-input":{"@type":"PropertyValueSpecification","valueRequired":true,"valueName":"search_term_string"}}],"inLanguage":"hr"},{"@type":"Organization","@id":"https:\/\/galerijakaptol.hr\/#organization","name":"Galerija umjetnina","url":"https:\/\/galerijakaptol.hr\/","logo":{"@type":"ImageObject","inLanguage":"hr","@id":"https:\/\/galerijakaptol.hr\/#\/schema\/logo\/image\/","url":"https:\/\/galerijakaptol.hr\/wp-content\/uploads\/2023\/09\/logo-Kaptol-Galerija.png","contentUrl":"https:\/\/galerijakaptol.hr\/wp-content\/uploads\/2023\/09\/logo-Kaptol-Galerija.png","width":342,"height":72,"caption":"Galerija umjetnina"},"image":{"@id":"https:\/\/galerijakaptol.hr\/#\/schema\/logo\/image\/"}},{"@type":"Person","@id":"https:\/\/galerijakaptol.hr\/#\/schema\/person\/f3d1dc228981eca5894740a7ccd795df","name":"admin","sameAs":["https:\/\/galerijakaptol.hr"],"url":"https:\/\/galerijakaptol.hr\/index.php\/author\/admin_gk\/"}]}},"jetpack_featured_media_url":"https:\/\/galerijakaptol.hr\/wp-content\/uploads\/2023\/09\/NENO-MIKULIC-Nudisti-za-vecerom.jpg","jetpack_sharing_enabled":true,"_links":{"self":[{"href":"https:\/\/galerijakaptol.hr\/index.php\/wp-json\/wp\/v2\/posts\/605","targetHints":{"allow":["GET"]}}],"collection":[{"href":"https:\/\/galerijakaptol.hr\/index.php\/wp-json\/wp\/v2\/posts"}],"about":[{"href":"https:\/\/galerijakaptol.hr\/index.php\/wp-json\/wp\/v2\/types\/post"}],"author":[{"embeddable":true,"href":"https:\/\/galerijakaptol.hr\/index.php\/wp-json\/wp\/v2\/users\/1"}],"replies":[{"embeddable":true,"href":"https:\/\/galerijakaptol.hr\/index.php\/wp-json\/wp\/v2\/comments?post=605"}],"version-history":[{"count":4,"href":"https:\/\/galerijakaptol.hr\/index.php\/wp-json\/wp\/v2\/posts\/605\/revisions"}],"predecessor-version":[{"id":1211,"href":"https:\/\/galerijakaptol.hr\/index.php\/wp-json\/wp\/v2\/posts\/605\/revisions\/1211"}],"wp:featuredmedia":[{"embeddable":true,"href":"https:\/\/galerijakaptol.hr\/index.php\/wp-json\/wp\/v2\/media\/606"}],"wp:attachment":[{"href":"https:\/\/galerijakaptol.hr\/index.php\/wp-json\/wp\/v2\/media?parent=605"}],"wp:term":[{"taxonomy":"category","embeddable":true,"href":"https:\/\/galerijakaptol.hr\/index.php\/wp-json\/wp\/v2\/categories?post=605"},{"taxonomy":"post_tag","embeddable":true,"href":"https:\/\/galerijakaptol.hr\/index.php\/wp-json\/wp\/v2\/tags?post=605"}],"curies":[{"name":"wp","href":"https:\/\/api.w.org\/{rel}","templated":true}]}}