{"id":655,"date":"2023-09-20T19:15:59","date_gmt":"2023-09-20T19:15:59","guid":{"rendered":"https:\/\/galerijakaptol.hr\/?p=655"},"modified":"2026-01-27T12:00:29","modified_gmt":"2026-01-27T12:00:29","slug":"stipe-nobilo","status":"publish","type":"post","link":"https:\/\/galerijakaptol.hr\/index.php\/2023\/09\/20\/stipe-nobilo\/","title":{"rendered":"STIPE NOBILO"},"content":{"rendered":"\n<p>Ro\u0111en je 1945. godine u Lumbardi na otoku Kor\u010duli.<br>Pedago\u0161ku akademiju, likovni smjer, zavr\u0161io je u Splitu u klasi profesora Ante Ka\u0161telan\u010di\u0107a.<br>Diplomirao je na Akademiji likovnih umjetnosti u Zagrebu 1971. godine u klasi prof. \u0160ime Peri\u0107a.<br>Nakon Akademije vra\u0107a se u rodnu Lumbardu gdje i danas stvara. <\/p>\n\n\n\n<p>Godine 1973. s Ivom Dul\u010di\u0107em radi na mozaicima u Dubrovniku, Kre\u0161evu i Hvaru. Samostalno izlagao u Zagrebu Dubrovniku, Splitu, Be\u010du, New Yorku..<\/p>\n\n\n<p>\u00a0<\/p>\n<figure id=\"attachment_4075\" aria-describedby=\"caption-attachment-4075\" style=\"width: 300px\" class=\"wp-caption aligncenter\"><a href=\"https:\/\/galerijakaptol.hr\/wp-content\/uploads\/2025\/10\/4AC93849-97F5-46AB-BFC9-A1ADAE53BE1C.jpeg\"><img loading=\"lazy\" decoding=\"async\" class=\"size-medium wp-image-4075\" src=\"https:\/\/galerijakaptol.hr\/wp-content\/uploads\/2025\/10\/4AC93849-97F5-46AB-BFC9-A1ADAE53BE1C-300x248.jpeg\" alt=\"\" width=\"300\" height=\"248\" srcset=\"https:\/\/galerijakaptol.hr\/wp-content\/uploads\/2025\/10\/4AC93849-97F5-46AB-BFC9-A1ADAE53BE1C-300x248.jpeg 300w, https:\/\/galerijakaptol.hr\/wp-content\/uploads\/2025\/10\/4AC93849-97F5-46AB-BFC9-A1ADAE53BE1C-1024x846.jpeg 1024w, https:\/\/galerijakaptol.hr\/wp-content\/uploads\/2025\/10\/4AC93849-97F5-46AB-BFC9-A1ADAE53BE1C-768x634.jpeg 768w, https:\/\/galerijakaptol.hr\/wp-content\/uploads\/2025\/10\/4AC93849-97F5-46AB-BFC9-A1ADAE53BE1C-1536x1269.jpeg 1536w, https:\/\/galerijakaptol.hr\/wp-content\/uploads\/2025\/10\/4AC93849-97F5-46AB-BFC9-A1ADAE53BE1C-2048x1691.jpeg 2048w\" sizes=\"auto, (max-width: 300px) 100vw, 300px\" \/><\/a><figcaption id=\"caption-attachment-4075\" class=\"wp-caption-text\"><strong>Crkvica<\/strong><br \/>Tehnika: ulje na platnu<br \/>Dimenzije: 21 x 35 cm<br \/>Godina: 2025.<\/figcaption><\/figure>\n<p>\u00a0<\/p>\n<figure id=\"attachment_4234\" aria-describedby=\"caption-attachment-4234\" style=\"width: 300px\" class=\"wp-caption aligncenter\"><a href=\"https:\/\/galerijakaptol.hr\/wp-content\/uploads\/2025\/12\/IMG_4824-scaled.jpeg\"><img loading=\"lazy\" decoding=\"async\" class=\"size-medium wp-image-4234\" src=\"https:\/\/galerijakaptol.hr\/wp-content\/uploads\/2025\/12\/IMG_4824-300x196.jpeg\" alt=\"\" width=\"300\" height=\"196\" srcset=\"https:\/\/galerijakaptol.hr\/wp-content\/uploads\/2025\/12\/IMG_4824-300x196.jpeg 300w, https:\/\/galerijakaptol.hr\/wp-content\/uploads\/2025\/12\/IMG_4824-1024x668.jpeg 1024w, https:\/\/galerijakaptol.hr\/wp-content\/uploads\/2025\/12\/IMG_4824-768x501.jpeg 768w, https:\/\/galerijakaptol.hr\/wp-content\/uploads\/2025\/12\/IMG_4824-1536x1002.jpeg 1536w, https:\/\/galerijakaptol.hr\/wp-content\/uploads\/2025\/12\/IMG_4824-2048x1337.jpeg 2048w\" sizes=\"auto, (max-width: 300px) 100vw, 300px\" \/><\/a><figcaption id=\"caption-attachment-4234\" class=\"wp-caption-text\"><strong>\u0160areni krajolik<\/strong><br \/>Tehnika: ulje na platnu<br \/>Dimenzije: 40 x 60 cm<br \/>Godina: 2025.<\/figcaption><\/figure>\n<p>\u00a0<\/p>\n<figure id=\"attachment_4076\" aria-describedby=\"caption-attachment-4076\" style=\"width: 300px\" class=\"wp-caption aligncenter\"><a href=\"https:\/\/galerijakaptol.hr\/wp-content\/uploads\/2025\/10\/4AC93849-97F5-46AB-BFC9-A1ADAE53BE1C-1.jpeg\"><img loading=\"lazy\" decoding=\"async\" class=\"size-medium wp-image-4076\" src=\"https:\/\/galerijakaptol.hr\/wp-content\/uploads\/2025\/10\/4AC93849-97F5-46AB-BFC9-A1ADAE53BE1C-1-300x234.jpeg\" alt=\"\" width=\"300\" height=\"234\" srcset=\"https:\/\/galerijakaptol.hr\/wp-content\/uploads\/2025\/10\/4AC93849-97F5-46AB-BFC9-A1ADAE53BE1C-1-300x234.jpeg 300w, https:\/\/galerijakaptol.hr\/wp-content\/uploads\/2025\/10\/4AC93849-97F5-46AB-BFC9-A1ADAE53BE1C-1-1024x800.jpeg 1024w, https:\/\/galerijakaptol.hr\/wp-content\/uploads\/2025\/10\/4AC93849-97F5-46AB-BFC9-A1ADAE53BE1C-1-768x600.jpeg 768w, https:\/\/galerijakaptol.hr\/wp-content\/uploads\/2025\/10\/4AC93849-97F5-46AB-BFC9-A1ADAE53BE1C-1-1536x1200.jpeg 1536w, https:\/\/galerijakaptol.hr\/wp-content\/uploads\/2025\/10\/4AC93849-97F5-46AB-BFC9-A1ADAE53BE1C-1-2048x1600.jpeg 2048w\" sizes=\"auto, (max-width: 300px) 100vw, 300px\" \/><\/a><figcaption id=\"caption-attachment-4076\" class=\"wp-caption-text\"><strong>Morski krajolik<\/strong><br \/>Tehnika: ulje na platnu<br \/>Dimenzije: 21 x 35 cm<br \/>Godina: 2025.<\/figcaption><\/figure>\n<p>\u00a0<\/p>\n<figure id=\"attachment_3870\" aria-describedby=\"caption-attachment-3870\" style=\"width: 300px\" class=\"wp-caption aligncenter\"><a href=\"https:\/\/galerijakaptol.hr\/wp-content\/uploads\/2025\/07\/ec797661-5f51-45d6-a87f-f68db1691f4e.jpeg\"><img loading=\"lazy\" decoding=\"async\" class=\"size-medium wp-image-3870\" src=\"https:\/\/galerijakaptol.hr\/wp-content\/uploads\/2025\/07\/ec797661-5f51-45d6-a87f-f68db1691f4e-300x224.jpeg\" alt=\"\" width=\"300\" height=\"224\" srcset=\"https:\/\/galerijakaptol.hr\/wp-content\/uploads\/2025\/07\/ec797661-5f51-45d6-a87f-f68db1691f4e-300x224.jpeg 300w, https:\/\/galerijakaptol.hr\/wp-content\/uploads\/2025\/07\/ec797661-5f51-45d6-a87f-f68db1691f4e-1024x763.jpeg 1024w, https:\/\/galerijakaptol.hr\/wp-content\/uploads\/2025\/07\/ec797661-5f51-45d6-a87f-f68db1691f4e-768x572.jpeg 768w, https:\/\/galerijakaptol.hr\/wp-content\/uploads\/2025\/07\/ec797661-5f51-45d6-a87f-f68db1691f4e-1536x1145.jpeg 1536w, https:\/\/galerijakaptol.hr\/wp-content\/uploads\/2025\/07\/ec797661-5f51-45d6-a87f-f68db1691f4e.jpeg 1798w\" sizes=\"auto, (max-width: 300px) 100vw, 300px\" \/><\/a><figcaption id=\"caption-attachment-3870\" class=\"wp-caption-text\"><strong>Vala<\/strong><br \/>Tehnika: ulje na platnu<br \/>Dimenzije: 75 x 100 cm<br \/>Godina: 2025.<\/figcaption><\/figure>","protected":false},"excerpt":{"rendered":"<p>Ro\u0111en je 1945. godine u Lumbardi na otoku Kor\u010duli.Pedago\u0161ku akademiju, likovni smjer, zavr\u0161io je u Splitu u klasi profesora Ante Ka\u0161telan\u010di\u0107a.Diplomirao je na Akademiji likovnih umjetnosti u Zagrebu 1971. godine u klasi prof. \u0160ime Peri\u0107a.Nakon Akademije vra\u0107a se u rodnu Lumbardu gdje i danas stvara. Godine 1973. s Ivom Dul\u010di\u0107em radi na mozaicima u Dubrovniku, [&hellip;]<\/p>\n","protected":false},"author":1,"featured_media":3870,"comment_status":"closed","ping_status":"open","sticky":false,"template":"blank","format":"standard","meta":{"_jetpack_memberships_contains_paid_content":false,"footnotes":""},"categories":[9],"tags":[],"class_list":["post-655","post","type-post","status-publish","format-standard","has-post-thumbnail","hentry","category-fundus"],"yoast_head":"<!-- This site is optimized with the Yoast SEO plugin v27.5 - https:\/\/yoast.com\/product\/yoast-seo-wordpress\/ -->\n<title>STIPE NOBILO - Galerija umjetnina<\/title>\n<meta name=\"robots\" content=\"index, follow, max-snippet:-1, max-image-preview:large, max-video-preview:-1\" \/>\n<link rel=\"canonical\" href=\"https:\/\/galerijakaptol.hr\/index.php\/2023\/09\/20\/stipe-nobilo\/\" \/>\n<meta property=\"og:locale\" content=\"hr_HR\" \/>\n<meta property=\"og:type\" content=\"article\" \/>\n<meta property=\"og:title\" content=\"STIPE NOBILO - Galerija umjetnina\" \/>\n<meta property=\"og:description\" content=\"Ro\u0111en je 1945. godine u Lumbardi na otoku Kor\u010duli.Pedago\u0161ku akademiju, likovni smjer, zavr\u0161io je u Splitu u klasi profesora Ante Ka\u0161telan\u010di\u0107a.Diplomirao je na Akademiji likovnih umjetnosti u Zagrebu 1971. godine u klasi prof. \u0160ime Peri\u0107a.Nakon Akademije vra\u0107a se u rodnu Lumbardu gdje i danas stvara. Godine 1973. s Ivom Dul\u010di\u0107em radi na mozaicima u Dubrovniku, [&hellip;]\" \/>\n<meta property=\"og:url\" content=\"https:\/\/galerijakaptol.hr\/index.php\/2023\/09\/20\/stipe-nobilo\/\" \/>\n<meta property=\"og:site_name\" content=\"Galerija umjetnina\" \/>\n<meta property=\"article:published_time\" content=\"2023-09-20T19:15:59+00:00\" \/>\n<meta property=\"article:modified_time\" content=\"2026-01-27T12:00:29+00:00\" \/>\n<meta property=\"og:image\" content=\"https:\/\/galerijakaptol.hr\/wp-content\/uploads\/2025\/07\/ec797661-5f51-45d6-a87f-f68db1691f4e.jpeg\" \/>\n\t<meta property=\"og:image:width\" content=\"1798\" \/>\n\t<meta property=\"og:image:height\" content=\"1340\" \/>\n\t<meta property=\"og:image:type\" content=\"image\/jpeg\" \/>\n<meta name=\"author\" content=\"admin\" \/>\n<meta name=\"twitter:card\" content=\"summary_large_image\" \/>\n<meta name=\"twitter:label1\" content=\"Napisao\/la\" \/>\n\t<meta name=\"twitter:data1\" content=\"admin\" \/>\n\t<meta name=\"twitter:label2\" content=\"Procijenjeno vrijeme \u010ditanja\" \/>\n\t<meta name=\"twitter:data2\" content=\"2 minute\" \/>\n<script type=\"application\/ld+json\" class=\"yoast-schema-graph\">{\"@context\":\"https:\\\/\\\/schema.org\",\"@graph\":[{\"@type\":\"Article\",\"@id\":\"https:\\\/\\\/galerijakaptol.hr\\\/index.php\\\/2023\\\/09\\\/20\\\/stipe-nobilo\\\/#article\",\"isPartOf\":{\"@id\":\"https:\\\/\\\/galerijakaptol.hr\\\/index.php\\\/2023\\\/09\\\/20\\\/stipe-nobilo\\\/\"},\"author\":{\"name\":\"admin\",\"@id\":\"https:\\\/\\\/galerijakaptol.hr\\\/#\\\/schema\\\/person\\\/f3d1dc228981eca5894740a7ccd795df\"},\"headline\":\"STIPE NOBILO\",\"datePublished\":\"2023-09-20T19:15:59+00:00\",\"dateModified\":\"2026-01-27T12:00:29+00:00\",\"mainEntityOfPage\":{\"@id\":\"https:\\\/\\\/galerijakaptol.hr\\\/index.php\\\/2023\\\/09\\\/20\\\/stipe-nobilo\\\/\"},\"wordCount\":140,\"publisher\":{\"@id\":\"https:\\\/\\\/galerijakaptol.hr\\\/#organization\"},\"image\":{\"@id\":\"https:\\\/\\\/galerijakaptol.hr\\\/index.php\\\/2023\\\/09\\\/20\\\/stipe-nobilo\\\/#primaryimage\"},\"thumbnailUrl\":\"https:\\\/\\\/galerijakaptol.hr\\\/wp-content\\\/uploads\\\/2025\\\/07\\\/ec797661-5f51-45d6-a87f-f68db1691f4e.jpeg\",\"articleSection\":[\"Fundus\"],\"inLanguage\":\"hr\"},{\"@type\":\"WebPage\",\"@id\":\"https:\\\/\\\/galerijakaptol.hr\\\/index.php\\\/2023\\\/09\\\/20\\\/stipe-nobilo\\\/\",\"url\":\"https:\\\/\\\/galerijakaptol.hr\\\/index.php\\\/2023\\\/09\\\/20\\\/stipe-nobilo\\\/\",\"name\":\"STIPE NOBILO - Galerija umjetnina\",\"isPartOf\":{\"@id\":\"https:\\\/\\\/galerijakaptol.hr\\\/#website\"},\"primaryImageOfPage\":{\"@id\":\"https:\\\/\\\/galerijakaptol.hr\\\/index.php\\\/2023\\\/09\\\/20\\\/stipe-nobilo\\\/#primaryimage\"},\"image\":{\"@id\":\"https:\\\/\\\/galerijakaptol.hr\\\/index.php\\\/2023\\\/09\\\/20\\\/stipe-nobilo\\\/#primaryimage\"},\"thumbnailUrl\":\"https:\\\/\\\/galerijakaptol.hr\\\/wp-content\\\/uploads\\\/2025\\\/07\\\/ec797661-5f51-45d6-a87f-f68db1691f4e.jpeg\",\"datePublished\":\"2023-09-20T19:15:59+00:00\",\"dateModified\":\"2026-01-27T12:00:29+00:00\",\"breadcrumb\":{\"@id\":\"https:\\\/\\\/galerijakaptol.hr\\\/index.php\\\/2023\\\/09\\\/20\\\/stipe-nobilo\\\/#breadcrumb\"},\"inLanguage\":\"hr\",\"potentialAction\":[{\"@type\":\"ReadAction\",\"target\":[\"https:\\\/\\\/galerijakaptol.hr\\\/index.php\\\/2023\\\/09\\\/20\\\/stipe-nobilo\\\/\"]}]},{\"@type\":\"ImageObject\",\"inLanguage\":\"hr\",\"@id\":\"https:\\\/\\\/galerijakaptol.hr\\\/index.php\\\/2023\\\/09\\\/20\\\/stipe-nobilo\\\/#primaryimage\",\"url\":\"https:\\\/\\\/galerijakaptol.hr\\\/wp-content\\\/uploads\\\/2025\\\/07\\\/ec797661-5f51-45d6-a87f-f68db1691f4e.jpeg\",\"contentUrl\":\"https:\\\/\\\/galerijakaptol.hr\\\/wp-content\\\/uploads\\\/2025\\\/07\\\/ec797661-5f51-45d6-a87f-f68db1691f4e.jpeg\",\"width\":1798,\"height\":1340,\"caption\":\"Vala Tehnika: ulje na platnu Dimenzije: 75 x 100 cm Godina: 2025.\"},{\"@type\":\"BreadcrumbList\",\"@id\":\"https:\\\/\\\/galerijakaptol.hr\\\/index.php\\\/2023\\\/09\\\/20\\\/stipe-nobilo\\\/#breadcrumb\",\"itemListElement\":[{\"@type\":\"ListItem\",\"position\":1,\"name\":\"Po\u010detna stranica\",\"item\":\"https:\\\/\\\/galerijakaptol.hr\\\/\"},{\"@type\":\"ListItem\",\"position\":2,\"name\":\"STIPE NOBILO\"}]},{\"@type\":\"WebSite\",\"@id\":\"https:\\\/\\\/galerijakaptol.hr\\\/#website\",\"url\":\"https:\\\/\\\/galerijakaptol.hr\\\/\",\"name\":\"Galerija umjetnina\",\"description\":\"\",\"publisher\":{\"@id\":\"https:\\\/\\\/galerijakaptol.hr\\\/#organization\"},\"potentialAction\":[{\"@type\":\"SearchAction\",\"target\":{\"@type\":\"EntryPoint\",\"urlTemplate\":\"https:\\\/\\\/galerijakaptol.hr\\\/?s={search_term_string}\"},\"query-input\":{\"@type\":\"PropertyValueSpecification\",\"valueRequired\":true,\"valueName\":\"search_term_string\"}}],\"inLanguage\":\"hr\"},{\"@type\":\"Organization\",\"@id\":\"https:\\\/\\\/galerijakaptol.hr\\\/#organization\",\"name\":\"Galerija umjetnina\",\"url\":\"https:\\\/\\\/galerijakaptol.hr\\\/\",\"logo\":{\"@type\":\"ImageObject\",\"inLanguage\":\"hr\",\"@id\":\"https:\\\/\\\/galerijakaptol.hr\\\/#\\\/schema\\\/logo\\\/image\\\/\",\"url\":\"https:\\\/\\\/galerijakaptol.hr\\\/wp-content\\\/uploads\\\/2023\\\/09\\\/logo-Kaptol-Galerija.png\",\"contentUrl\":\"https:\\\/\\\/galerijakaptol.hr\\\/wp-content\\\/uploads\\\/2023\\\/09\\\/logo-Kaptol-Galerija.png\",\"width\":342,\"height\":72,\"caption\":\"Galerija umjetnina\"},\"image\":{\"@id\":\"https:\\\/\\\/galerijakaptol.hr\\\/#\\\/schema\\\/logo\\\/image\\\/\"}},{\"@type\":\"Person\",\"@id\":\"https:\\\/\\\/galerijakaptol.hr\\\/#\\\/schema\\\/person\\\/f3d1dc228981eca5894740a7ccd795df\",\"name\":\"admin\",\"sameAs\":[\"https:\\\/\\\/galerijakaptol.hr\"],\"url\":\"https:\\\/\\\/galerijakaptol.hr\\\/index.php\\\/author\\\/admin_gk\\\/\"}]}<\/script>\n<!-- \/ Yoast SEO plugin. -->","yoast_head_json":{"title":"STIPE NOBILO - Galerija umjetnina","robots":{"index":"index","follow":"follow","max-snippet":"max-snippet:-1","max-image-preview":"max-image-preview:large","max-video-preview":"max-video-preview:-1"},"canonical":"https:\/\/galerijakaptol.hr\/index.php\/2023\/09\/20\/stipe-nobilo\/","og_locale":"hr_HR","og_type":"article","og_title":"STIPE NOBILO - Galerija umjetnina","og_description":"Ro\u0111en je 1945. godine u Lumbardi na otoku Kor\u010duli.Pedago\u0161ku akademiju, likovni smjer, zavr\u0161io je u Splitu u klasi profesora Ante Ka\u0161telan\u010di\u0107a.Diplomirao je na Akademiji likovnih umjetnosti u Zagrebu 1971. godine u klasi prof. \u0160ime Peri\u0107a.Nakon Akademije vra\u0107a se u rodnu Lumbardu gdje i danas stvara. Godine 1973. s Ivom Dul\u010di\u0107em radi na mozaicima u Dubrovniku, [&hellip;]","og_url":"https:\/\/galerijakaptol.hr\/index.php\/2023\/09\/20\/stipe-nobilo\/","og_site_name":"Galerija umjetnina","article_published_time":"2023-09-20T19:15:59+00:00","article_modified_time":"2026-01-27T12:00:29+00:00","og_image":[{"width":1798,"height":1340,"url":"https:\/\/galerijakaptol.hr\/wp-content\/uploads\/2025\/07\/ec797661-5f51-45d6-a87f-f68db1691f4e.jpeg","type":"image\/jpeg"}],"author":"admin","twitter_card":"summary_large_image","twitter_misc":{"Napisao\/la":"admin","Procijenjeno vrijeme \u010ditanja":"2 minute"},"schema":{"@context":"https:\/\/schema.org","@graph":[{"@type":"Article","@id":"https:\/\/galerijakaptol.hr\/index.php\/2023\/09\/20\/stipe-nobilo\/#article","isPartOf":{"@id":"https:\/\/galerijakaptol.hr\/index.php\/2023\/09\/20\/stipe-nobilo\/"},"author":{"name":"admin","@id":"https:\/\/galerijakaptol.hr\/#\/schema\/person\/f3d1dc228981eca5894740a7ccd795df"},"headline":"STIPE NOBILO","datePublished":"2023-09-20T19:15:59+00:00","dateModified":"2026-01-27T12:00:29+00:00","mainEntityOfPage":{"@id":"https:\/\/galerijakaptol.hr\/index.php\/2023\/09\/20\/stipe-nobilo\/"},"wordCount":140,"publisher":{"@id":"https:\/\/galerijakaptol.hr\/#organization"},"image":{"@id":"https:\/\/galerijakaptol.hr\/index.php\/2023\/09\/20\/stipe-nobilo\/#primaryimage"},"thumbnailUrl":"https:\/\/galerijakaptol.hr\/wp-content\/uploads\/2025\/07\/ec797661-5f51-45d6-a87f-f68db1691f4e.jpeg","articleSection":["Fundus"],"inLanguage":"hr"},{"@type":"WebPage","@id":"https:\/\/galerijakaptol.hr\/index.php\/2023\/09\/20\/stipe-nobilo\/","url":"https:\/\/galerijakaptol.hr\/index.php\/2023\/09\/20\/stipe-nobilo\/","name":"STIPE NOBILO - Galerija umjetnina","isPartOf":{"@id":"https:\/\/galerijakaptol.hr\/#website"},"primaryImageOfPage":{"@id":"https:\/\/galerijakaptol.hr\/index.php\/2023\/09\/20\/stipe-nobilo\/#primaryimage"},"image":{"@id":"https:\/\/galerijakaptol.hr\/index.php\/2023\/09\/20\/stipe-nobilo\/#primaryimage"},"thumbnailUrl":"https:\/\/galerijakaptol.hr\/wp-content\/uploads\/2025\/07\/ec797661-5f51-45d6-a87f-f68db1691f4e.jpeg","datePublished":"2023-09-20T19:15:59+00:00","dateModified":"2026-01-27T12:00:29+00:00","breadcrumb":{"@id":"https:\/\/galerijakaptol.hr\/index.php\/2023\/09\/20\/stipe-nobilo\/#breadcrumb"},"inLanguage":"hr","potentialAction":[{"@type":"ReadAction","target":["https:\/\/galerijakaptol.hr\/index.php\/2023\/09\/20\/stipe-nobilo\/"]}]},{"@type":"ImageObject","inLanguage":"hr","@id":"https:\/\/galerijakaptol.hr\/index.php\/2023\/09\/20\/stipe-nobilo\/#primaryimage","url":"https:\/\/galerijakaptol.hr\/wp-content\/uploads\/2025\/07\/ec797661-5f51-45d6-a87f-f68db1691f4e.jpeg","contentUrl":"https:\/\/galerijakaptol.hr\/wp-content\/uploads\/2025\/07\/ec797661-5f51-45d6-a87f-f68db1691f4e.jpeg","width":1798,"height":1340,"caption":"Vala Tehnika: ulje na platnu Dimenzije: 75 x 100 cm Godina: 2025."},{"@type":"BreadcrumbList","@id":"https:\/\/galerijakaptol.hr\/index.php\/2023\/09\/20\/stipe-nobilo\/#breadcrumb","itemListElement":[{"@type":"ListItem","position":1,"name":"Po\u010detna stranica","item":"https:\/\/galerijakaptol.hr\/"},{"@type":"ListItem","position":2,"name":"STIPE NOBILO"}]},{"@type":"WebSite","@id":"https:\/\/galerijakaptol.hr\/#website","url":"https:\/\/galerijakaptol.hr\/","name":"Galerija umjetnina","description":"","publisher":{"@id":"https:\/\/galerijakaptol.hr\/#organization"},"potentialAction":[{"@type":"SearchAction","target":{"@type":"EntryPoint","urlTemplate":"https:\/\/galerijakaptol.hr\/?s={search_term_string}"},"query-input":{"@type":"PropertyValueSpecification","valueRequired":true,"valueName":"search_term_string"}}],"inLanguage":"hr"},{"@type":"Organization","@id":"https:\/\/galerijakaptol.hr\/#organization","name":"Galerija umjetnina","url":"https:\/\/galerijakaptol.hr\/","logo":{"@type":"ImageObject","inLanguage":"hr","@id":"https:\/\/galerijakaptol.hr\/#\/schema\/logo\/image\/","url":"https:\/\/galerijakaptol.hr\/wp-content\/uploads\/2023\/09\/logo-Kaptol-Galerija.png","contentUrl":"https:\/\/galerijakaptol.hr\/wp-content\/uploads\/2023\/09\/logo-Kaptol-Galerija.png","width":342,"height":72,"caption":"Galerija umjetnina"},"image":{"@id":"https:\/\/galerijakaptol.hr\/#\/schema\/logo\/image\/"}},{"@type":"Person","@id":"https:\/\/galerijakaptol.hr\/#\/schema\/person\/f3d1dc228981eca5894740a7ccd795df","name":"admin","sameAs":["https:\/\/galerijakaptol.hr"],"url":"https:\/\/galerijakaptol.hr\/index.php\/author\/admin_gk\/"}]}},"jetpack_featured_media_url":"https:\/\/galerijakaptol.hr\/wp-content\/uploads\/2025\/07\/ec797661-5f51-45d6-a87f-f68db1691f4e.jpeg","jetpack_sharing_enabled":true,"_links":{"self":[{"href":"https:\/\/galerijakaptol.hr\/index.php\/wp-json\/wp\/v2\/posts\/655","targetHints":{"allow":["GET"]}}],"collection":[{"href":"https:\/\/galerijakaptol.hr\/index.php\/wp-json\/wp\/v2\/posts"}],"about":[{"href":"https:\/\/galerijakaptol.hr\/index.php\/wp-json\/wp\/v2\/types\/post"}],"author":[{"embeddable":true,"href":"https:\/\/galerijakaptol.hr\/index.php\/wp-json\/wp\/v2\/users\/1"}],"replies":[{"embeddable":true,"href":"https:\/\/galerijakaptol.hr\/index.php\/wp-json\/wp\/v2\/comments?post=655"}],"version-history":[{"count":26,"href":"https:\/\/galerijakaptol.hr\/index.php\/wp-json\/wp\/v2\/posts\/655\/revisions"}],"predecessor-version":[{"id":4328,"href":"https:\/\/galerijakaptol.hr\/index.php\/wp-json\/wp\/v2\/posts\/655\/revisions\/4328"}],"wp:featuredmedia":[{"embeddable":true,"href":"https:\/\/galerijakaptol.hr\/index.php\/wp-json\/wp\/v2\/media\/3870"}],"wp:attachment":[{"href":"https:\/\/galerijakaptol.hr\/index.php\/wp-json\/wp\/v2\/media?parent=655"}],"wp:term":[{"taxonomy":"category","embeddable":true,"href":"https:\/\/galerijakaptol.hr\/index.php\/wp-json\/wp\/v2\/categories?post=655"},{"taxonomy":"post_tag","embeddable":true,"href":"https:\/\/galerijakaptol.hr\/index.php\/wp-json\/wp\/v2\/tags?post=655"}],"curies":[{"name":"wp","href":"https:\/\/api.w.org\/{rel}","templated":true}]}}