{"id":698,"date":"2023-09-20T19:42:01","date_gmt":"2023-09-20T19:42:01","guid":{"rendered":"https:\/\/galerijakaptol.hr\/?p=698"},"modified":"2025-06-23T08:37:02","modified_gmt":"2025-06-23T08:37:02","slug":"vasko-lipovac","status":"publish","type":"post","link":"https:\/\/galerijakaptol.hr\/index.php\/2023\/09\/20\/vasko-lipovac\/","title":{"rendered":"VASKO LIPOVAC"},"content":{"rendered":"\n<p>Slikar, kipar i grafi\u010dar, ro\u0111en je 14. lipnja 1931. godine u Kotoru. \u0160kolovao se na zagreba\u010dkoj Akademiji primjenjenih umjetnosti gdje je stekao izrazito kvalitetno obrazovanje. Nakon zavr\u0161ene Akademije, &nbsp;u razdoblju od 1955. do 1959. godine, bio je polaznik Majstorske radionice Krste Hegedu\u0161i\u0107a. Vasko nije izlagao bilo kada i bilo gdje. Njegove izlo\u017ebe su se doga\u0111ale samo onda kada bi zaokru\u017eio jedan dio svoga rada te ga smatrao dovoljno vrijednim izlaganju pogledu javnosti. Zato je svaka Vaskova samostalna ili skupna izlo\u017eba bila iznena\u0111enje i za stru\u010dnu i za \u0161iroku publiku. &#8211; M. Gelemanovi\u0107<\/p>\n\n\n<figure id=\"attachment_3644\" aria-describedby=\"caption-attachment-3644\" style=\"width: 300px\" class=\"wp-caption aligncenter\"><a href=\"https:\/\/galerijakaptol.hr\/wp-content\/uploads\/2025\/04\/IMG_2764.jpeg\"><img loading=\"lazy\" decoding=\"async\" class=\"size-medium wp-image-3644\" src=\"https:\/\/galerijakaptol.hr\/wp-content\/uploads\/2025\/04\/IMG_2764-300x300.jpeg\" alt=\"\" width=\"300\" height=\"300\" srcset=\"https:\/\/galerijakaptol.hr\/wp-content\/uploads\/2025\/04\/IMG_2764-300x300.jpeg 300w, https:\/\/galerijakaptol.hr\/wp-content\/uploads\/2025\/04\/IMG_2764-1024x1024.jpeg 1024w, https:\/\/galerijakaptol.hr\/wp-content\/uploads\/2025\/04\/IMG_2764-250x250.jpeg 250w, https:\/\/galerijakaptol.hr\/wp-content\/uploads\/2025\/04\/IMG_2764-768x768.jpeg 768w, https:\/\/galerijakaptol.hr\/wp-content\/uploads\/2025\/04\/IMG_2764-150x150.jpeg 150w, https:\/\/galerijakaptol.hr\/wp-content\/uploads\/2025\/04\/IMG_2764.jpeg 1310w\" sizes=\"auto, (max-width: 300px) 100vw, 300px\" \/><\/a><figcaption id=\"caption-attachment-3644\" class=\"wp-caption-text\"><strong>Penelopa<\/strong><br \/>Tehnika: tempera<br \/>Dimenzije: 17 x 17 cm<\/figcaption><\/figure>","protected":false},"excerpt":{"rendered":"<p>Slikar, kipar i grafi\u010dar, ro\u0111en je 14. lipnja 1931. godine u Kotoru. \u0160kolovao se na zagreba\u010dkoj Akademiji primjenjenih umjetnosti gdje je stekao izrazito kvalitetno obrazovanje. Nakon zavr\u0161ene Akademije, &nbsp;u razdoblju od 1955. do 1959. godine, bio je polaznik Majstorske radionice Krste Hegedu\u0161i\u0107a. Vasko nije izlagao bilo kada i bilo gdje. Njegove izlo\u017ebe su se doga\u0111ale [&hellip;]<\/p>\n","protected":false},"author":1,"featured_media":3644,"comment_status":"closed","ping_status":"open","sticky":false,"template":"blank","format":"standard","meta":{"_jetpack_memberships_contains_paid_content":false,"footnotes":""},"categories":[1],"tags":[],"class_list":["post-698","post","type-post","status-publish","format-standard","has-post-thumbnail","hentry","category-uncategorized"],"yoast_head":"<!-- This site is optimized with the Yoast SEO plugin v27.5 - https:\/\/yoast.com\/product\/yoast-seo-wordpress\/ -->\n<title>VASKO LIPOVAC - Galerija umjetnina<\/title>\n<meta name=\"robots\" content=\"index, follow, max-snippet:-1, max-image-preview:large, max-video-preview:-1\" \/>\n<link rel=\"canonical\" href=\"https:\/\/galerijakaptol.hr\/index.php\/2023\/09\/20\/vasko-lipovac\/\" \/>\n<meta property=\"og:locale\" content=\"hr_HR\" \/>\n<meta property=\"og:type\" content=\"article\" \/>\n<meta property=\"og:title\" content=\"VASKO LIPOVAC - Galerija umjetnina\" \/>\n<meta property=\"og:description\" content=\"Slikar, kipar i grafi\u010dar, ro\u0111en je 14. lipnja 1931. godine u Kotoru. \u0160kolovao se na zagreba\u010dkoj Akademiji primjenjenih umjetnosti gdje je stekao izrazito kvalitetno obrazovanje. Nakon zavr\u0161ene Akademije, &nbsp;u razdoblju od 1955. do 1959. godine, bio je polaznik Majstorske radionice Krste Hegedu\u0161i\u0107a. Vasko nije izlagao bilo kada i bilo gdje. Njegove izlo\u017ebe su se doga\u0111ale [&hellip;]\" \/>\n<meta property=\"og:url\" content=\"https:\/\/galerijakaptol.hr\/index.php\/2023\/09\/20\/vasko-lipovac\/\" \/>\n<meta property=\"og:site_name\" content=\"Galerija umjetnina\" \/>\n<meta property=\"article:published_time\" content=\"2023-09-20T19:42:01+00:00\" \/>\n<meta property=\"article:modified_time\" content=\"2025-06-23T08:37:02+00:00\" \/>\n<meta property=\"og:image\" content=\"https:\/\/galerijakaptol.hr\/wp-content\/uploads\/2025\/04\/IMG_2764.jpeg\" \/>\n\t<meta property=\"og:image:width\" content=\"1310\" \/>\n\t<meta property=\"og:image:height\" content=\"1310\" \/>\n\t<meta property=\"og:image:type\" content=\"image\/jpeg\" \/>\n<meta name=\"author\" content=\"admin\" \/>\n<meta name=\"twitter:card\" content=\"summary_large_image\" \/>\n<meta name=\"twitter:label1\" content=\"Napisao\/la\" \/>\n\t<meta name=\"twitter:data1\" content=\"admin\" \/>\n\t<meta name=\"twitter:label2\" content=\"Procijenjeno vrijeme \u010ditanja\" \/>\n\t<meta name=\"twitter:data2\" content=\"1 minuta\" \/>\n<script type=\"application\/ld+json\" class=\"yoast-schema-graph\">{\"@context\":\"https:\\\/\\\/schema.org\",\"@graph\":[{\"@type\":\"Article\",\"@id\":\"https:\\\/\\\/galerijakaptol.hr\\\/index.php\\\/2023\\\/09\\\/20\\\/vasko-lipovac\\\/#article\",\"isPartOf\":{\"@id\":\"https:\\\/\\\/galerijakaptol.hr\\\/index.php\\\/2023\\\/09\\\/20\\\/vasko-lipovac\\\/\"},\"author\":{\"name\":\"admin\",\"@id\":\"https:\\\/\\\/galerijakaptol.hr\\\/#\\\/schema\\\/person\\\/f3d1dc228981eca5894740a7ccd795df\"},\"headline\":\"VASKO LIPOVAC\",\"datePublished\":\"2023-09-20T19:42:01+00:00\",\"dateModified\":\"2025-06-23T08:37:02+00:00\",\"mainEntityOfPage\":{\"@id\":\"https:\\\/\\\/galerijakaptol.hr\\\/index.php\\\/2023\\\/09\\\/20\\\/vasko-lipovac\\\/\"},\"wordCount\":115,\"publisher\":{\"@id\":\"https:\\\/\\\/galerijakaptol.hr\\\/#organization\"},\"image\":{\"@id\":\"https:\\\/\\\/galerijakaptol.hr\\\/index.php\\\/2023\\\/09\\\/20\\\/vasko-lipovac\\\/#primaryimage\"},\"thumbnailUrl\":\"https:\\\/\\\/galerijakaptol.hr\\\/wp-content\\\/uploads\\\/2025\\\/04\\\/IMG_2764.jpeg\",\"articleSection\":[\"Blog\"],\"inLanguage\":\"hr\"},{\"@type\":\"WebPage\",\"@id\":\"https:\\\/\\\/galerijakaptol.hr\\\/index.php\\\/2023\\\/09\\\/20\\\/vasko-lipovac\\\/\",\"url\":\"https:\\\/\\\/galerijakaptol.hr\\\/index.php\\\/2023\\\/09\\\/20\\\/vasko-lipovac\\\/\",\"name\":\"VASKO LIPOVAC - Galerija umjetnina\",\"isPartOf\":{\"@id\":\"https:\\\/\\\/galerijakaptol.hr\\\/#website\"},\"primaryImageOfPage\":{\"@id\":\"https:\\\/\\\/galerijakaptol.hr\\\/index.php\\\/2023\\\/09\\\/20\\\/vasko-lipovac\\\/#primaryimage\"},\"image\":{\"@id\":\"https:\\\/\\\/galerijakaptol.hr\\\/index.php\\\/2023\\\/09\\\/20\\\/vasko-lipovac\\\/#primaryimage\"},\"thumbnailUrl\":\"https:\\\/\\\/galerijakaptol.hr\\\/wp-content\\\/uploads\\\/2025\\\/04\\\/IMG_2764.jpeg\",\"datePublished\":\"2023-09-20T19:42:01+00:00\",\"dateModified\":\"2025-06-23T08:37:02+00:00\",\"breadcrumb\":{\"@id\":\"https:\\\/\\\/galerijakaptol.hr\\\/index.php\\\/2023\\\/09\\\/20\\\/vasko-lipovac\\\/#breadcrumb\"},\"inLanguage\":\"hr\",\"potentialAction\":[{\"@type\":\"ReadAction\",\"target\":[\"https:\\\/\\\/galerijakaptol.hr\\\/index.php\\\/2023\\\/09\\\/20\\\/vasko-lipovac\\\/\"]}]},{\"@type\":\"ImageObject\",\"inLanguage\":\"hr\",\"@id\":\"https:\\\/\\\/galerijakaptol.hr\\\/index.php\\\/2023\\\/09\\\/20\\\/vasko-lipovac\\\/#primaryimage\",\"url\":\"https:\\\/\\\/galerijakaptol.hr\\\/wp-content\\\/uploads\\\/2025\\\/04\\\/IMG_2764.jpeg\",\"contentUrl\":\"https:\\\/\\\/galerijakaptol.hr\\\/wp-content\\\/uploads\\\/2025\\\/04\\\/IMG_2764.jpeg\",\"width\":1310,\"height\":1310,\"caption\":\"Penelopa Tehnika: tempera Dimenzije: 17 x 17 cm\"},{\"@type\":\"BreadcrumbList\",\"@id\":\"https:\\\/\\\/galerijakaptol.hr\\\/index.php\\\/2023\\\/09\\\/20\\\/vasko-lipovac\\\/#breadcrumb\",\"itemListElement\":[{\"@type\":\"ListItem\",\"position\":1,\"name\":\"Po\u010detna stranica\",\"item\":\"https:\\\/\\\/galerijakaptol.hr\\\/\"},{\"@type\":\"ListItem\",\"position\":2,\"name\":\"VASKO LIPOVAC\"}]},{\"@type\":\"WebSite\",\"@id\":\"https:\\\/\\\/galerijakaptol.hr\\\/#website\",\"url\":\"https:\\\/\\\/galerijakaptol.hr\\\/\",\"name\":\"Galerija umjetnina\",\"description\":\"\",\"publisher\":{\"@id\":\"https:\\\/\\\/galerijakaptol.hr\\\/#organization\"},\"potentialAction\":[{\"@type\":\"SearchAction\",\"target\":{\"@type\":\"EntryPoint\",\"urlTemplate\":\"https:\\\/\\\/galerijakaptol.hr\\\/?s={search_term_string}\"},\"query-input\":{\"@type\":\"PropertyValueSpecification\",\"valueRequired\":true,\"valueName\":\"search_term_string\"}}],\"inLanguage\":\"hr\"},{\"@type\":\"Organization\",\"@id\":\"https:\\\/\\\/galerijakaptol.hr\\\/#organization\",\"name\":\"Galerija umjetnina\",\"url\":\"https:\\\/\\\/galerijakaptol.hr\\\/\",\"logo\":{\"@type\":\"ImageObject\",\"inLanguage\":\"hr\",\"@id\":\"https:\\\/\\\/galerijakaptol.hr\\\/#\\\/schema\\\/logo\\\/image\\\/\",\"url\":\"https:\\\/\\\/galerijakaptol.hr\\\/wp-content\\\/uploads\\\/2023\\\/09\\\/logo-Kaptol-Galerija.png\",\"contentUrl\":\"https:\\\/\\\/galerijakaptol.hr\\\/wp-content\\\/uploads\\\/2023\\\/09\\\/logo-Kaptol-Galerija.png\",\"width\":342,\"height\":72,\"caption\":\"Galerija umjetnina\"},\"image\":{\"@id\":\"https:\\\/\\\/galerijakaptol.hr\\\/#\\\/schema\\\/logo\\\/image\\\/\"}},{\"@type\":\"Person\",\"@id\":\"https:\\\/\\\/galerijakaptol.hr\\\/#\\\/schema\\\/person\\\/f3d1dc228981eca5894740a7ccd795df\",\"name\":\"admin\",\"sameAs\":[\"https:\\\/\\\/galerijakaptol.hr\"],\"url\":\"https:\\\/\\\/galerijakaptol.hr\\\/index.php\\\/author\\\/admin_gk\\\/\"}]}<\/script>\n<!-- \/ Yoast SEO plugin. -->","yoast_head_json":{"title":"VASKO LIPOVAC - Galerija umjetnina","robots":{"index":"index","follow":"follow","max-snippet":"max-snippet:-1","max-image-preview":"max-image-preview:large","max-video-preview":"max-video-preview:-1"},"canonical":"https:\/\/galerijakaptol.hr\/index.php\/2023\/09\/20\/vasko-lipovac\/","og_locale":"hr_HR","og_type":"article","og_title":"VASKO LIPOVAC - Galerija umjetnina","og_description":"Slikar, kipar i grafi\u010dar, ro\u0111en je 14. lipnja 1931. godine u Kotoru. \u0160kolovao se na zagreba\u010dkoj Akademiji primjenjenih umjetnosti gdje je stekao izrazito kvalitetno obrazovanje. Nakon zavr\u0161ene Akademije, &nbsp;u razdoblju od 1955. do 1959. godine, bio je polaznik Majstorske radionice Krste Hegedu\u0161i\u0107a. Vasko nije izlagao bilo kada i bilo gdje. Njegove izlo\u017ebe su se doga\u0111ale [&hellip;]","og_url":"https:\/\/galerijakaptol.hr\/index.php\/2023\/09\/20\/vasko-lipovac\/","og_site_name":"Galerija umjetnina","article_published_time":"2023-09-20T19:42:01+00:00","article_modified_time":"2025-06-23T08:37:02+00:00","og_image":[{"width":1310,"height":1310,"url":"https:\/\/galerijakaptol.hr\/wp-content\/uploads\/2025\/04\/IMG_2764.jpeg","type":"image\/jpeg"}],"author":"admin","twitter_card":"summary_large_image","twitter_misc":{"Napisao\/la":"admin","Procijenjeno vrijeme \u010ditanja":"1 minuta"},"schema":{"@context":"https:\/\/schema.org","@graph":[{"@type":"Article","@id":"https:\/\/galerijakaptol.hr\/index.php\/2023\/09\/20\/vasko-lipovac\/#article","isPartOf":{"@id":"https:\/\/galerijakaptol.hr\/index.php\/2023\/09\/20\/vasko-lipovac\/"},"author":{"name":"admin","@id":"https:\/\/galerijakaptol.hr\/#\/schema\/person\/f3d1dc228981eca5894740a7ccd795df"},"headline":"VASKO LIPOVAC","datePublished":"2023-09-20T19:42:01+00:00","dateModified":"2025-06-23T08:37:02+00:00","mainEntityOfPage":{"@id":"https:\/\/galerijakaptol.hr\/index.php\/2023\/09\/20\/vasko-lipovac\/"},"wordCount":115,"publisher":{"@id":"https:\/\/galerijakaptol.hr\/#organization"},"image":{"@id":"https:\/\/galerijakaptol.hr\/index.php\/2023\/09\/20\/vasko-lipovac\/#primaryimage"},"thumbnailUrl":"https:\/\/galerijakaptol.hr\/wp-content\/uploads\/2025\/04\/IMG_2764.jpeg","articleSection":["Blog"],"inLanguage":"hr"},{"@type":"WebPage","@id":"https:\/\/galerijakaptol.hr\/index.php\/2023\/09\/20\/vasko-lipovac\/","url":"https:\/\/galerijakaptol.hr\/index.php\/2023\/09\/20\/vasko-lipovac\/","name":"VASKO LIPOVAC - Galerija umjetnina","isPartOf":{"@id":"https:\/\/galerijakaptol.hr\/#website"},"primaryImageOfPage":{"@id":"https:\/\/galerijakaptol.hr\/index.php\/2023\/09\/20\/vasko-lipovac\/#primaryimage"},"image":{"@id":"https:\/\/galerijakaptol.hr\/index.php\/2023\/09\/20\/vasko-lipovac\/#primaryimage"},"thumbnailUrl":"https:\/\/galerijakaptol.hr\/wp-content\/uploads\/2025\/04\/IMG_2764.jpeg","datePublished":"2023-09-20T19:42:01+00:00","dateModified":"2025-06-23T08:37:02+00:00","breadcrumb":{"@id":"https:\/\/galerijakaptol.hr\/index.php\/2023\/09\/20\/vasko-lipovac\/#breadcrumb"},"inLanguage":"hr","potentialAction":[{"@type":"ReadAction","target":["https:\/\/galerijakaptol.hr\/index.php\/2023\/09\/20\/vasko-lipovac\/"]}]},{"@type":"ImageObject","inLanguage":"hr","@id":"https:\/\/galerijakaptol.hr\/index.php\/2023\/09\/20\/vasko-lipovac\/#primaryimage","url":"https:\/\/galerijakaptol.hr\/wp-content\/uploads\/2025\/04\/IMG_2764.jpeg","contentUrl":"https:\/\/galerijakaptol.hr\/wp-content\/uploads\/2025\/04\/IMG_2764.jpeg","width":1310,"height":1310,"caption":"Penelopa Tehnika: tempera Dimenzije: 17 x 17 cm"},{"@type":"BreadcrumbList","@id":"https:\/\/galerijakaptol.hr\/index.php\/2023\/09\/20\/vasko-lipovac\/#breadcrumb","itemListElement":[{"@type":"ListItem","position":1,"name":"Po\u010detna stranica","item":"https:\/\/galerijakaptol.hr\/"},{"@type":"ListItem","position":2,"name":"VASKO LIPOVAC"}]},{"@type":"WebSite","@id":"https:\/\/galerijakaptol.hr\/#website","url":"https:\/\/galerijakaptol.hr\/","name":"Galerija umjetnina","description":"","publisher":{"@id":"https:\/\/galerijakaptol.hr\/#organization"},"potentialAction":[{"@type":"SearchAction","target":{"@type":"EntryPoint","urlTemplate":"https:\/\/galerijakaptol.hr\/?s={search_term_string}"},"query-input":{"@type":"PropertyValueSpecification","valueRequired":true,"valueName":"search_term_string"}}],"inLanguage":"hr"},{"@type":"Organization","@id":"https:\/\/galerijakaptol.hr\/#organization","name":"Galerija umjetnina","url":"https:\/\/galerijakaptol.hr\/","logo":{"@type":"ImageObject","inLanguage":"hr","@id":"https:\/\/galerijakaptol.hr\/#\/schema\/logo\/image\/","url":"https:\/\/galerijakaptol.hr\/wp-content\/uploads\/2023\/09\/logo-Kaptol-Galerija.png","contentUrl":"https:\/\/galerijakaptol.hr\/wp-content\/uploads\/2023\/09\/logo-Kaptol-Galerija.png","width":342,"height":72,"caption":"Galerija umjetnina"},"image":{"@id":"https:\/\/galerijakaptol.hr\/#\/schema\/logo\/image\/"}},{"@type":"Person","@id":"https:\/\/galerijakaptol.hr\/#\/schema\/person\/f3d1dc228981eca5894740a7ccd795df","name":"admin","sameAs":["https:\/\/galerijakaptol.hr"],"url":"https:\/\/galerijakaptol.hr\/index.php\/author\/admin_gk\/"}]}},"jetpack_featured_media_url":"https:\/\/galerijakaptol.hr\/wp-content\/uploads\/2025\/04\/IMG_2764.jpeg","jetpack_sharing_enabled":true,"_links":{"self":[{"href":"https:\/\/galerijakaptol.hr\/index.php\/wp-json\/wp\/v2\/posts\/698","targetHints":{"allow":["GET"]}}],"collection":[{"href":"https:\/\/galerijakaptol.hr\/index.php\/wp-json\/wp\/v2\/posts"}],"about":[{"href":"https:\/\/galerijakaptol.hr\/index.php\/wp-json\/wp\/v2\/types\/post"}],"author":[{"embeddable":true,"href":"https:\/\/galerijakaptol.hr\/index.php\/wp-json\/wp\/v2\/users\/1"}],"replies":[{"embeddable":true,"href":"https:\/\/galerijakaptol.hr\/index.php\/wp-json\/wp\/v2\/comments?post=698"}],"version-history":[{"count":8,"href":"https:\/\/galerijakaptol.hr\/index.php\/wp-json\/wp\/v2\/posts\/698\/revisions"}],"predecessor-version":[{"id":3691,"href":"https:\/\/galerijakaptol.hr\/index.php\/wp-json\/wp\/v2\/posts\/698\/revisions\/3691"}],"wp:featuredmedia":[{"embeddable":true,"href":"https:\/\/galerijakaptol.hr\/index.php\/wp-json\/wp\/v2\/media\/3644"}],"wp:attachment":[{"href":"https:\/\/galerijakaptol.hr\/index.php\/wp-json\/wp\/v2\/media?parent=698"}],"wp:term":[{"taxonomy":"category","embeddable":true,"href":"https:\/\/galerijakaptol.hr\/index.php\/wp-json\/wp\/v2\/categories?post=698"},{"taxonomy":"post_tag","embeddable":true,"href":"https:\/\/galerijakaptol.hr\/index.php\/wp-json\/wp\/v2\/tags?post=698"}],"curies":[{"name":"wp","href":"https:\/\/api.w.org\/{rel}","templated":true}]}}