{"id":716,"date":"2023-09-20T20:06:42","date_gmt":"2023-09-20T20:06:42","guid":{"rendered":"https:\/\/galerijakaptol.hr\/?p=716"},"modified":"2025-10-09T09:45:09","modified_gmt":"2025-10-09T09:45:09","slug":"vjekoslav-parac","status":"publish","type":"post","link":"https:\/\/galerijakaptol.hr\/index.php\/2023\/09\/20\/vjekoslav-parac\/","title":{"rendered":"VJEKOSLAV PARA\u0106"},"content":{"rendered":"\n<p>Para\u0107, Vjekoslav,&nbsp;hrvatski&nbsp;slikar&nbsp;(Solin,&nbsp;2.&nbsp;II.&nbsp;1904&nbsp;\u2013&nbsp;Zagreb,&nbsp;4.&nbsp;VIII.&nbsp;1986). Zavr\u0161io Akademiju likovnih umjetnosti 1926. u Zagrebu (Lj. Babi\u0107), usavr\u0161avao se 1929\u201331. u Parizu (A. Lhote), u\u010dio fresko-slikarstvo na Akademiji u Rimu 1935. Bio je profesor na zagreba\u010dkoj Akademiji (1950\u201372); \u010dlan JAZU (danas HAZU) od 1973. Isprva je slikao pod utjecajem impresionista (<em>Kavana La Coupole,<\/em>&nbsp;1931), potom je sigurnim crte\u017eom, blagom stilizacijom i zagasitom skalom boja, ve\u0107inom u ulju, radio mrtve prirode, dalmatinske krajolike i motive iz \u017eivota dalmatinskih te\u017eaka.&nbsp;<\/p>\n\n\n<figure id=\"attachment_717\" aria-describedby=\"caption-attachment-717\" style=\"width: 300px\" class=\"wp-caption aligncenter\"><a href=\"https:\/\/galerijakaptol.hr\/wp-content\/uploads\/2023\/09\/VJEKOSLAV-PARAC-Mrtva-priroda-s-dinjom-kruskama-i-vrcem.jpg\"><img loading=\"lazy\" decoding=\"async\" class=\"size-medium wp-image-717\" src=\"https:\/\/galerijakaptol.hr\/wp-content\/uploads\/2023\/09\/VJEKOSLAV-PARAC-Mrtva-priroda-s-dinjom-kruskama-i-vrcem-300x239.jpg\" alt=\"\" width=\"300\" height=\"239\" srcset=\"https:\/\/galerijakaptol.hr\/wp-content\/uploads\/2023\/09\/VJEKOSLAV-PARAC-Mrtva-priroda-s-dinjom-kruskama-i-vrcem-300x239.jpg 300w, https:\/\/galerijakaptol.hr\/wp-content\/uploads\/2023\/09\/VJEKOSLAV-PARAC-Mrtva-priroda-s-dinjom-kruskama-i-vrcem-1024x815.jpg 1024w, https:\/\/galerijakaptol.hr\/wp-content\/uploads\/2023\/09\/VJEKOSLAV-PARAC-Mrtva-priroda-s-dinjom-kruskama-i-vrcem-768x611.jpg 768w, https:\/\/galerijakaptol.hr\/wp-content\/uploads\/2023\/09\/VJEKOSLAV-PARAC-Mrtva-priroda-s-dinjom-kruskama-i-vrcem.jpg 1430w\" sizes=\"auto, (max-width: 300px) 100vw, 300px\" \/><\/a><figcaption id=\"caption-attachment-717\" class=\"wp-caption-text\"><strong>Mrtva priroda s dinjom, kru\u0161kama i vr\u010dem<\/strong><br \/>Tehnika: ulje na panelu<br \/>Dimenzije: 48&#215;58 cm<\/figcaption><\/figure>","protected":false},"excerpt":{"rendered":"<p>Para\u0107, Vjekoslav,&nbsp;hrvatski&nbsp;slikar&nbsp;(Solin,&nbsp;2.&nbsp;II.&nbsp;1904&nbsp;\u2013&nbsp;Zagreb,&nbsp;4.&nbsp;VIII.&nbsp;1986). Zavr\u0161io Akademiju likovnih umjetnosti 1926. u Zagrebu (Lj. Babi\u0107), usavr\u0161avao se 1929\u201331. u Parizu (A. Lhote), u\u010dio fresko-slikarstvo na Akademiji u Rimu 1935. Bio je profesor na zagreba\u010dkoj Akademiji (1950\u201372); \u010dlan JAZU (danas HAZU) od 1973. Isprva je slikao pod utjecajem impresionista (Kavana La Coupole,&nbsp;1931), potom je sigurnim crte\u017eom, blagom stilizacijom i zagasitom [&hellip;]<\/p>\n","protected":false},"author":1,"featured_media":717,"comment_status":"closed","ping_status":"open","sticky":false,"template":"blank","format":"standard","meta":{"_jetpack_memberships_contains_paid_content":false,"footnotes":""},"categories":[1],"tags":[],"class_list":["post-716","post","type-post","status-publish","format-standard","has-post-thumbnail","hentry","category-uncategorized"],"yoast_head":"<!-- This site is optimized with the Yoast SEO plugin v27.5 - https:\/\/yoast.com\/product\/yoast-seo-wordpress\/ -->\n<title>VJEKOSLAV PARA\u0106 - Galerija umjetnina<\/title>\n<meta name=\"robots\" content=\"index, follow, max-snippet:-1, max-image-preview:large, max-video-preview:-1\" \/>\n<link rel=\"canonical\" href=\"https:\/\/galerijakaptol.hr\/index.php\/2023\/09\/20\/vjekoslav-parac\/\" \/>\n<meta property=\"og:locale\" content=\"hr_HR\" \/>\n<meta property=\"og:type\" content=\"article\" \/>\n<meta property=\"og:title\" content=\"VJEKOSLAV PARA\u0106 - Galerija umjetnina\" \/>\n<meta property=\"og:description\" content=\"Para\u0107, Vjekoslav,&nbsp;hrvatski&nbsp;slikar&nbsp;(Solin,&nbsp;2.&nbsp;II.&nbsp;1904&nbsp;\u2013&nbsp;Zagreb,&nbsp;4.&nbsp;VIII.&nbsp;1986). Zavr\u0161io Akademiju likovnih umjetnosti 1926. u Zagrebu (Lj. Babi\u0107), usavr\u0161avao se 1929\u201331. u Parizu (A. Lhote), u\u010dio fresko-slikarstvo na Akademiji u Rimu 1935. Bio je profesor na zagreba\u010dkoj Akademiji (1950\u201372); \u010dlan JAZU (danas HAZU) od 1973. Isprva je slikao pod utjecajem impresionista (Kavana La Coupole,&nbsp;1931), potom je sigurnim crte\u017eom, blagom stilizacijom i zagasitom [&hellip;]\" \/>\n<meta property=\"og:url\" content=\"https:\/\/galerijakaptol.hr\/index.php\/2023\/09\/20\/vjekoslav-parac\/\" \/>\n<meta property=\"og:site_name\" content=\"Galerija umjetnina\" \/>\n<meta property=\"article:published_time\" content=\"2023-09-20T20:06:42+00:00\" \/>\n<meta property=\"article:modified_time\" content=\"2025-10-09T09:45:09+00:00\" \/>\n<meta property=\"og:image\" content=\"https:\/\/galerijakaptol.hr\/wp-content\/uploads\/2023\/09\/VJEKOSLAV-PARAC-Mrtva-priroda-s-dinjom-kruskama-i-vrcem.jpg\" \/>\n\t<meta property=\"og:image:width\" content=\"1430\" \/>\n\t<meta property=\"og:image:height\" content=\"1138\" \/>\n\t<meta property=\"og:image:type\" content=\"image\/jpeg\" \/>\n<meta name=\"author\" content=\"admin\" \/>\n<meta name=\"twitter:card\" content=\"summary_large_image\" \/>\n<meta name=\"twitter:label1\" content=\"Napisao\/la\" \/>\n\t<meta name=\"twitter:data1\" content=\"admin\" \/>\n\t<meta name=\"twitter:label2\" content=\"Procijenjeno vrijeme \u010ditanja\" \/>\n\t<meta name=\"twitter:data2\" content=\"1 minuta\" \/>\n<script type=\"application\/ld+json\" class=\"yoast-schema-graph\">{\"@context\":\"https:\\\/\\\/schema.org\",\"@graph\":[{\"@type\":\"Article\",\"@id\":\"https:\\\/\\\/galerijakaptol.hr\\\/index.php\\\/2023\\\/09\\\/20\\\/vjekoslav-parac\\\/#article\",\"isPartOf\":{\"@id\":\"https:\\\/\\\/galerijakaptol.hr\\\/index.php\\\/2023\\\/09\\\/20\\\/vjekoslav-parac\\\/\"},\"author\":{\"name\":\"admin\",\"@id\":\"https:\\\/\\\/galerijakaptol.hr\\\/#\\\/schema\\\/person\\\/f3d1dc228981eca5894740a7ccd795df\"},\"headline\":\"VJEKOSLAV PARA\u0106\",\"datePublished\":\"2023-09-20T20:06:42+00:00\",\"dateModified\":\"2025-10-09T09:45:09+00:00\",\"mainEntityOfPage\":{\"@id\":\"https:\\\/\\\/galerijakaptol.hr\\\/index.php\\\/2023\\\/09\\\/20\\\/vjekoslav-parac\\\/\"},\"wordCount\":116,\"publisher\":{\"@id\":\"https:\\\/\\\/galerijakaptol.hr\\\/#organization\"},\"image\":{\"@id\":\"https:\\\/\\\/galerijakaptol.hr\\\/index.php\\\/2023\\\/09\\\/20\\\/vjekoslav-parac\\\/#primaryimage\"},\"thumbnailUrl\":\"https:\\\/\\\/galerijakaptol.hr\\\/wp-content\\\/uploads\\\/2023\\\/09\\\/VJEKOSLAV-PARAC-Mrtva-priroda-s-dinjom-kruskama-i-vrcem.jpg\",\"articleSection\":[\"Blog\"],\"inLanguage\":\"hr\"},{\"@type\":\"WebPage\",\"@id\":\"https:\\\/\\\/galerijakaptol.hr\\\/index.php\\\/2023\\\/09\\\/20\\\/vjekoslav-parac\\\/\",\"url\":\"https:\\\/\\\/galerijakaptol.hr\\\/index.php\\\/2023\\\/09\\\/20\\\/vjekoslav-parac\\\/\",\"name\":\"VJEKOSLAV PARA\u0106 - Galerija umjetnina\",\"isPartOf\":{\"@id\":\"https:\\\/\\\/galerijakaptol.hr\\\/#website\"},\"primaryImageOfPage\":{\"@id\":\"https:\\\/\\\/galerijakaptol.hr\\\/index.php\\\/2023\\\/09\\\/20\\\/vjekoslav-parac\\\/#primaryimage\"},\"image\":{\"@id\":\"https:\\\/\\\/galerijakaptol.hr\\\/index.php\\\/2023\\\/09\\\/20\\\/vjekoslav-parac\\\/#primaryimage\"},\"thumbnailUrl\":\"https:\\\/\\\/galerijakaptol.hr\\\/wp-content\\\/uploads\\\/2023\\\/09\\\/VJEKOSLAV-PARAC-Mrtva-priroda-s-dinjom-kruskama-i-vrcem.jpg\",\"datePublished\":\"2023-09-20T20:06:42+00:00\",\"dateModified\":\"2025-10-09T09:45:09+00:00\",\"breadcrumb\":{\"@id\":\"https:\\\/\\\/galerijakaptol.hr\\\/index.php\\\/2023\\\/09\\\/20\\\/vjekoslav-parac\\\/#breadcrumb\"},\"inLanguage\":\"hr\",\"potentialAction\":[{\"@type\":\"ReadAction\",\"target\":[\"https:\\\/\\\/galerijakaptol.hr\\\/index.php\\\/2023\\\/09\\\/20\\\/vjekoslav-parac\\\/\"]}]},{\"@type\":\"ImageObject\",\"inLanguage\":\"hr\",\"@id\":\"https:\\\/\\\/galerijakaptol.hr\\\/index.php\\\/2023\\\/09\\\/20\\\/vjekoslav-parac\\\/#primaryimage\",\"url\":\"https:\\\/\\\/galerijakaptol.hr\\\/wp-content\\\/uploads\\\/2023\\\/09\\\/VJEKOSLAV-PARAC-Mrtva-priroda-s-dinjom-kruskama-i-vrcem.jpg\",\"contentUrl\":\"https:\\\/\\\/galerijakaptol.hr\\\/wp-content\\\/uploads\\\/2023\\\/09\\\/VJEKOSLAV-PARAC-Mrtva-priroda-s-dinjom-kruskama-i-vrcem.jpg\",\"width\":1430,\"height\":1138,\"caption\":\"Mrtva priroda s dinjom, kru\u0161kama i vr\u010dem Tehnika: ulje na panelu Dimenzije: 48x58 cm\"},{\"@type\":\"BreadcrumbList\",\"@id\":\"https:\\\/\\\/galerijakaptol.hr\\\/index.php\\\/2023\\\/09\\\/20\\\/vjekoslav-parac\\\/#breadcrumb\",\"itemListElement\":[{\"@type\":\"ListItem\",\"position\":1,\"name\":\"Po\u010detna stranica\",\"item\":\"https:\\\/\\\/galerijakaptol.hr\\\/\"},{\"@type\":\"ListItem\",\"position\":2,\"name\":\"VJEKOSLAV PARA\u0106\"}]},{\"@type\":\"WebSite\",\"@id\":\"https:\\\/\\\/galerijakaptol.hr\\\/#website\",\"url\":\"https:\\\/\\\/galerijakaptol.hr\\\/\",\"name\":\"Galerija umjetnina\",\"description\":\"\",\"publisher\":{\"@id\":\"https:\\\/\\\/galerijakaptol.hr\\\/#organization\"},\"potentialAction\":[{\"@type\":\"SearchAction\",\"target\":{\"@type\":\"EntryPoint\",\"urlTemplate\":\"https:\\\/\\\/galerijakaptol.hr\\\/?s={search_term_string}\"},\"query-input\":{\"@type\":\"PropertyValueSpecification\",\"valueRequired\":true,\"valueName\":\"search_term_string\"}}],\"inLanguage\":\"hr\"},{\"@type\":\"Organization\",\"@id\":\"https:\\\/\\\/galerijakaptol.hr\\\/#organization\",\"name\":\"Galerija umjetnina\",\"url\":\"https:\\\/\\\/galerijakaptol.hr\\\/\",\"logo\":{\"@type\":\"ImageObject\",\"inLanguage\":\"hr\",\"@id\":\"https:\\\/\\\/galerijakaptol.hr\\\/#\\\/schema\\\/logo\\\/image\\\/\",\"url\":\"https:\\\/\\\/galerijakaptol.hr\\\/wp-content\\\/uploads\\\/2023\\\/09\\\/logo-Kaptol-Galerija.png\",\"contentUrl\":\"https:\\\/\\\/galerijakaptol.hr\\\/wp-content\\\/uploads\\\/2023\\\/09\\\/logo-Kaptol-Galerija.png\",\"width\":342,\"height\":72,\"caption\":\"Galerija umjetnina\"},\"image\":{\"@id\":\"https:\\\/\\\/galerijakaptol.hr\\\/#\\\/schema\\\/logo\\\/image\\\/\"}},{\"@type\":\"Person\",\"@id\":\"https:\\\/\\\/galerijakaptol.hr\\\/#\\\/schema\\\/person\\\/f3d1dc228981eca5894740a7ccd795df\",\"name\":\"admin\",\"sameAs\":[\"https:\\\/\\\/galerijakaptol.hr\"],\"url\":\"https:\\\/\\\/galerijakaptol.hr\\\/index.php\\\/author\\\/admin_gk\\\/\"}]}<\/script>\n<!-- \/ Yoast SEO plugin. -->","yoast_head_json":{"title":"VJEKOSLAV PARA\u0106 - Galerija umjetnina","robots":{"index":"index","follow":"follow","max-snippet":"max-snippet:-1","max-image-preview":"max-image-preview:large","max-video-preview":"max-video-preview:-1"},"canonical":"https:\/\/galerijakaptol.hr\/index.php\/2023\/09\/20\/vjekoslav-parac\/","og_locale":"hr_HR","og_type":"article","og_title":"VJEKOSLAV PARA\u0106 - Galerija umjetnina","og_description":"Para\u0107, Vjekoslav,&nbsp;hrvatski&nbsp;slikar&nbsp;(Solin,&nbsp;2.&nbsp;II.&nbsp;1904&nbsp;\u2013&nbsp;Zagreb,&nbsp;4.&nbsp;VIII.&nbsp;1986). Zavr\u0161io Akademiju likovnih umjetnosti 1926. u Zagrebu (Lj. Babi\u0107), usavr\u0161avao se 1929\u201331. u Parizu (A. Lhote), u\u010dio fresko-slikarstvo na Akademiji u Rimu 1935. Bio je profesor na zagreba\u010dkoj Akademiji (1950\u201372); \u010dlan JAZU (danas HAZU) od 1973. Isprva je slikao pod utjecajem impresionista (Kavana La Coupole,&nbsp;1931), potom je sigurnim crte\u017eom, blagom stilizacijom i zagasitom [&hellip;]","og_url":"https:\/\/galerijakaptol.hr\/index.php\/2023\/09\/20\/vjekoslav-parac\/","og_site_name":"Galerija umjetnina","article_published_time":"2023-09-20T20:06:42+00:00","article_modified_time":"2025-10-09T09:45:09+00:00","og_image":[{"width":1430,"height":1138,"url":"https:\/\/galerijakaptol.hr\/wp-content\/uploads\/2023\/09\/VJEKOSLAV-PARAC-Mrtva-priroda-s-dinjom-kruskama-i-vrcem.jpg","type":"image\/jpeg"}],"author":"admin","twitter_card":"summary_large_image","twitter_misc":{"Napisao\/la":"admin","Procijenjeno vrijeme \u010ditanja":"1 minuta"},"schema":{"@context":"https:\/\/schema.org","@graph":[{"@type":"Article","@id":"https:\/\/galerijakaptol.hr\/index.php\/2023\/09\/20\/vjekoslav-parac\/#article","isPartOf":{"@id":"https:\/\/galerijakaptol.hr\/index.php\/2023\/09\/20\/vjekoslav-parac\/"},"author":{"name":"admin","@id":"https:\/\/galerijakaptol.hr\/#\/schema\/person\/f3d1dc228981eca5894740a7ccd795df"},"headline":"VJEKOSLAV PARA\u0106","datePublished":"2023-09-20T20:06:42+00:00","dateModified":"2025-10-09T09:45:09+00:00","mainEntityOfPage":{"@id":"https:\/\/galerijakaptol.hr\/index.php\/2023\/09\/20\/vjekoslav-parac\/"},"wordCount":116,"publisher":{"@id":"https:\/\/galerijakaptol.hr\/#organization"},"image":{"@id":"https:\/\/galerijakaptol.hr\/index.php\/2023\/09\/20\/vjekoslav-parac\/#primaryimage"},"thumbnailUrl":"https:\/\/galerijakaptol.hr\/wp-content\/uploads\/2023\/09\/VJEKOSLAV-PARAC-Mrtva-priroda-s-dinjom-kruskama-i-vrcem.jpg","articleSection":["Blog"],"inLanguage":"hr"},{"@type":"WebPage","@id":"https:\/\/galerijakaptol.hr\/index.php\/2023\/09\/20\/vjekoslav-parac\/","url":"https:\/\/galerijakaptol.hr\/index.php\/2023\/09\/20\/vjekoslav-parac\/","name":"VJEKOSLAV PARA\u0106 - Galerija umjetnina","isPartOf":{"@id":"https:\/\/galerijakaptol.hr\/#website"},"primaryImageOfPage":{"@id":"https:\/\/galerijakaptol.hr\/index.php\/2023\/09\/20\/vjekoslav-parac\/#primaryimage"},"image":{"@id":"https:\/\/galerijakaptol.hr\/index.php\/2023\/09\/20\/vjekoslav-parac\/#primaryimage"},"thumbnailUrl":"https:\/\/galerijakaptol.hr\/wp-content\/uploads\/2023\/09\/VJEKOSLAV-PARAC-Mrtva-priroda-s-dinjom-kruskama-i-vrcem.jpg","datePublished":"2023-09-20T20:06:42+00:00","dateModified":"2025-10-09T09:45:09+00:00","breadcrumb":{"@id":"https:\/\/galerijakaptol.hr\/index.php\/2023\/09\/20\/vjekoslav-parac\/#breadcrumb"},"inLanguage":"hr","potentialAction":[{"@type":"ReadAction","target":["https:\/\/galerijakaptol.hr\/index.php\/2023\/09\/20\/vjekoslav-parac\/"]}]},{"@type":"ImageObject","inLanguage":"hr","@id":"https:\/\/galerijakaptol.hr\/index.php\/2023\/09\/20\/vjekoslav-parac\/#primaryimage","url":"https:\/\/galerijakaptol.hr\/wp-content\/uploads\/2023\/09\/VJEKOSLAV-PARAC-Mrtva-priroda-s-dinjom-kruskama-i-vrcem.jpg","contentUrl":"https:\/\/galerijakaptol.hr\/wp-content\/uploads\/2023\/09\/VJEKOSLAV-PARAC-Mrtva-priroda-s-dinjom-kruskama-i-vrcem.jpg","width":1430,"height":1138,"caption":"Mrtva priroda s dinjom, kru\u0161kama i vr\u010dem Tehnika: ulje na panelu Dimenzije: 48x58 cm"},{"@type":"BreadcrumbList","@id":"https:\/\/galerijakaptol.hr\/index.php\/2023\/09\/20\/vjekoslav-parac\/#breadcrumb","itemListElement":[{"@type":"ListItem","position":1,"name":"Po\u010detna stranica","item":"https:\/\/galerijakaptol.hr\/"},{"@type":"ListItem","position":2,"name":"VJEKOSLAV PARA\u0106"}]},{"@type":"WebSite","@id":"https:\/\/galerijakaptol.hr\/#website","url":"https:\/\/galerijakaptol.hr\/","name":"Galerija umjetnina","description":"","publisher":{"@id":"https:\/\/galerijakaptol.hr\/#organization"},"potentialAction":[{"@type":"SearchAction","target":{"@type":"EntryPoint","urlTemplate":"https:\/\/galerijakaptol.hr\/?s={search_term_string}"},"query-input":{"@type":"PropertyValueSpecification","valueRequired":true,"valueName":"search_term_string"}}],"inLanguage":"hr"},{"@type":"Organization","@id":"https:\/\/galerijakaptol.hr\/#organization","name":"Galerija umjetnina","url":"https:\/\/galerijakaptol.hr\/","logo":{"@type":"ImageObject","inLanguage":"hr","@id":"https:\/\/galerijakaptol.hr\/#\/schema\/logo\/image\/","url":"https:\/\/galerijakaptol.hr\/wp-content\/uploads\/2023\/09\/logo-Kaptol-Galerija.png","contentUrl":"https:\/\/galerijakaptol.hr\/wp-content\/uploads\/2023\/09\/logo-Kaptol-Galerija.png","width":342,"height":72,"caption":"Galerija umjetnina"},"image":{"@id":"https:\/\/galerijakaptol.hr\/#\/schema\/logo\/image\/"}},{"@type":"Person","@id":"https:\/\/galerijakaptol.hr\/#\/schema\/person\/f3d1dc228981eca5894740a7ccd795df","name":"admin","sameAs":["https:\/\/galerijakaptol.hr"],"url":"https:\/\/galerijakaptol.hr\/index.php\/author\/admin_gk\/"}]}},"jetpack_featured_media_url":"https:\/\/galerijakaptol.hr\/wp-content\/uploads\/2023\/09\/VJEKOSLAV-PARAC-Mrtva-priroda-s-dinjom-kruskama-i-vrcem.jpg","jetpack_sharing_enabled":true,"_links":{"self":[{"href":"https:\/\/galerijakaptol.hr\/index.php\/wp-json\/wp\/v2\/posts\/716","targetHints":{"allow":["GET"]}}],"collection":[{"href":"https:\/\/galerijakaptol.hr\/index.php\/wp-json\/wp\/v2\/posts"}],"about":[{"href":"https:\/\/galerijakaptol.hr\/index.php\/wp-json\/wp\/v2\/types\/post"}],"author":[{"embeddable":true,"href":"https:\/\/galerijakaptol.hr\/index.php\/wp-json\/wp\/v2\/users\/1"}],"replies":[{"embeddable":true,"href":"https:\/\/galerijakaptol.hr\/index.php\/wp-json\/wp\/v2\/comments?post=716"}],"version-history":[{"count":4,"href":"https:\/\/galerijakaptol.hr\/index.php\/wp-json\/wp\/v2\/posts\/716\/revisions"}],"predecessor-version":[{"id":3657,"href":"https:\/\/galerijakaptol.hr\/index.php\/wp-json\/wp\/v2\/posts\/716\/revisions\/3657"}],"wp:featuredmedia":[{"embeddable":true,"href":"https:\/\/galerijakaptol.hr\/index.php\/wp-json\/wp\/v2\/media\/717"}],"wp:attachment":[{"href":"https:\/\/galerijakaptol.hr\/index.php\/wp-json\/wp\/v2\/media?parent=716"}],"wp:term":[{"taxonomy":"category","embeddable":true,"href":"https:\/\/galerijakaptol.hr\/index.php\/wp-json\/wp\/v2\/categories?post=716"},{"taxonomy":"post_tag","embeddable":true,"href":"https:\/\/galerijakaptol.hr\/index.php\/wp-json\/wp\/v2\/tags?post=716"}],"curies":[{"name":"wp","href":"https:\/\/api.w.org\/{rel}","templated":true}]}}