{"id":759,"date":"2023-09-20T20:29:06","date_gmt":"2023-09-20T20:29:06","guid":{"rendered":"https:\/\/galerijakaptol.hr\/?p=759"},"modified":"2024-01-15T22:20:58","modified_gmt":"2024-01-15T22:20:58","slug":"zlatko-prica","status":"publish","type":"post","link":"https:\/\/galerijakaptol.hr\/index.php\/2023\/09\/20\/zlatko-prica\/","title":{"rendered":"ZLATKO PRICA"},"content":{"rendered":"\n<p>(Pe\u010duh 1916. &#8211; Samobor 2003.)<\/p>\n\n\n\n<p>Diplomirao na Akademiji u Zagrebu 1940. (Lj. Babi\u0107). \u010clan grupe &#8220;Mart&#8221; od 1957.<\/p>\n\n\n\n<p> Samostalno izlagao u New Delhiju, Sao Paolu, Veneciji, Londonu, Be\u010du, Berlinu, Milanu, Bologni, Firenci, Ljubljani, Beogradu, Zagrebu, Splitu&#8230;&nbsp; <\/p>\n\n\n\n<p>Monografije; D. \u0160epi\u0107 &#8220;Zlatko Prica&#8221; izdava\u010d: Naprijed Zagreb 1958. : Ive \u0160imat Banov &#8220;Zlatko Prica&#8221; izdava\u010d Art studio Azinovi\u0107, Zagreb 1994.<\/p>\n","protected":false},"excerpt":{"rendered":"<p>(Pe\u010duh 1916. &#8211; Samobor 2003.) Diplomirao na Akademiji u Zagrebu 1940. (Lj. Babi\u0107). \u010clan grupe &#8220;Mart&#8221; od 1957. Samostalno izlagao u New Delhiju, Sao Paolu, Veneciji, Londonu, Be\u010du, Berlinu, Milanu, Bologni, Firenci, Ljubljani, Beogradu, Zagrebu, Splitu&#8230;&nbsp; Monografije; D. \u0160epi\u0107 &#8220;Zlatko Prica&#8221; izdava\u010d: Naprijed Zagreb 1958. : Ive \u0160imat Banov &#8220;Zlatko Prica&#8221; izdava\u010d Art studio Azinovi\u0107, [&hellip;]<\/p>\n","protected":false},"author":1,"featured_media":0,"comment_status":"closed","ping_status":"open","sticky":false,"template":"blank","format":"standard","meta":{"_jetpack_memberships_contains_paid_content":false,"footnotes":""},"categories":[1],"tags":[],"class_list":["post-759","post","type-post","status-publish","format-standard","hentry","category-uncategorized"],"yoast_head":"<!-- This site is optimized with the Yoast SEO plugin v27.5 - https:\/\/yoast.com\/product\/yoast-seo-wordpress\/ -->\n<title>ZLATKO PRICA - Galerija umjetnina<\/title>\n<meta name=\"description\" content=\"ZLATKO PRICA (Pe\u010duh 1916. - Samobor 2003). Diplomirao na Akademiji u Zagrebu 1940. (Lj. Babi\u0107). \u010clan grupe &quot;Mart&quot; od 1957. Samostalno izlagao u New Delhiju, Sao Paolu, Veneciji, Londonu, Be\u010du, Berlinu, Milanu, Bologni, Firenci, Ljubljani, Beogradu, Zagrebu, Splitu...\u00a0 Monografije; D. \u0160epi\u0107 &quot;Zlatko Prica&quot; izdava\u010d: Naprijed Zagreb 1958. : Ive \u0160imat Banov &quot;Zlatko Prica&quot; izdava\u010d Art studio Azinovi\u0107, Zagreb 1994.\" \/>\n<meta name=\"robots\" content=\"index, follow, max-snippet:-1, max-image-preview:large, max-video-preview:-1\" \/>\n<link rel=\"canonical\" href=\"https:\/\/galerijakaptol.hr\/index.php\/2023\/09\/20\/zlatko-prica\/\" \/>\n<meta property=\"og:locale\" content=\"hr_HR\" \/>\n<meta property=\"og:type\" content=\"article\" \/>\n<meta property=\"og:title\" content=\"ZLATKO PRICA - Galerija umjetnina\" \/>\n<meta property=\"og:description\" content=\"ZLATKO PRICA (Pe\u010duh 1916. - Samobor 2003). Diplomirao na Akademiji u Zagrebu 1940. (Lj. Babi\u0107). \u010clan grupe &quot;Mart&quot; od 1957. Samostalno izlagao u New Delhiju, Sao Paolu, Veneciji, Londonu, Be\u010du, Berlinu, Milanu, Bologni, Firenci, Ljubljani, Beogradu, Zagrebu, Splitu...\u00a0 Monografije; D. \u0160epi\u0107 &quot;Zlatko Prica&quot; izdava\u010d: Naprijed Zagreb 1958. : Ive \u0160imat Banov &quot;Zlatko Prica&quot; izdava\u010d Art studio Azinovi\u0107, Zagreb 1994.\" \/>\n<meta property=\"og:url\" content=\"https:\/\/galerijakaptol.hr\/index.php\/2023\/09\/20\/zlatko-prica\/\" \/>\n<meta property=\"og:site_name\" content=\"Galerija umjetnina\" \/>\n<meta property=\"article:published_time\" content=\"2023-09-20T20:29:06+00:00\" \/>\n<meta property=\"article:modified_time\" content=\"2024-01-15T22:20:58+00:00\" \/>\n<meta name=\"author\" content=\"admin\" \/>\n<meta name=\"twitter:card\" content=\"summary_large_image\" \/>\n<meta name=\"twitter:label1\" content=\"Napisao\/la\" \/>\n\t<meta name=\"twitter:data1\" content=\"admin\" \/>\n\t<meta name=\"twitter:label2\" content=\"Procijenjeno vrijeme \u010ditanja\" \/>\n\t<meta name=\"twitter:data2\" content=\"1 minuta\" \/>\n<script type=\"application\/ld+json\" class=\"yoast-schema-graph\">{\"@context\":\"https:\\\/\\\/schema.org\",\"@graph\":[{\"@type\":\"Article\",\"@id\":\"https:\\\/\\\/galerijakaptol.hr\\\/index.php\\\/2023\\\/09\\\/20\\\/zlatko-prica\\\/#article\",\"isPartOf\":{\"@id\":\"https:\\\/\\\/galerijakaptol.hr\\\/index.php\\\/2023\\\/09\\\/20\\\/zlatko-prica\\\/\"},\"author\":{\"name\":\"admin\",\"@id\":\"https:\\\/\\\/galerijakaptol.hr\\\/#\\\/schema\\\/person\\\/f3d1dc228981eca5894740a7ccd795df\"},\"headline\":\"ZLATKO PRICA\",\"datePublished\":\"2023-09-20T20:29:06+00:00\",\"dateModified\":\"2024-01-15T22:20:58+00:00\",\"mainEntityOfPage\":{\"@id\":\"https:\\\/\\\/galerijakaptol.hr\\\/index.php\\\/2023\\\/09\\\/20\\\/zlatko-prica\\\/\"},\"wordCount\":55,\"publisher\":{\"@id\":\"https:\\\/\\\/galerijakaptol.hr\\\/#organization\"},\"articleSection\":[\"Blog\"],\"inLanguage\":\"hr\"},{\"@type\":\"WebPage\",\"@id\":\"https:\\\/\\\/galerijakaptol.hr\\\/index.php\\\/2023\\\/09\\\/20\\\/zlatko-prica\\\/\",\"url\":\"https:\\\/\\\/galerijakaptol.hr\\\/index.php\\\/2023\\\/09\\\/20\\\/zlatko-prica\\\/\",\"name\":\"ZLATKO PRICA - Galerija umjetnina\",\"isPartOf\":{\"@id\":\"https:\\\/\\\/galerijakaptol.hr\\\/#website\"},\"datePublished\":\"2023-09-20T20:29:06+00:00\",\"dateModified\":\"2024-01-15T22:20:58+00:00\",\"description\":\"ZLATKO PRICA (Pe\u010duh 1916. - Samobor 2003). Diplomirao na Akademiji u Zagrebu 1940. (Lj. Babi\u0107). \u010clan grupe \\\"Mart\\\" od 1957. Samostalno izlagao u New Delhiju, Sao Paolu, Veneciji, Londonu, Be\u010du, Berlinu, Milanu, Bologni, Firenci, Ljubljani, Beogradu, Zagrebu, Splitu...\u00a0 Monografije; D. \u0160epi\u0107 \\\"Zlatko Prica\\\" izdava\u010d: Naprijed Zagreb 1958. : Ive \u0160imat Banov \\\"Zlatko Prica\\\" izdava\u010d Art studio Azinovi\u0107, Zagreb 1994.\",\"breadcrumb\":{\"@id\":\"https:\\\/\\\/galerijakaptol.hr\\\/index.php\\\/2023\\\/09\\\/20\\\/zlatko-prica\\\/#breadcrumb\"},\"inLanguage\":\"hr\",\"potentialAction\":[{\"@type\":\"ReadAction\",\"target\":[\"https:\\\/\\\/galerijakaptol.hr\\\/index.php\\\/2023\\\/09\\\/20\\\/zlatko-prica\\\/\"]}]},{\"@type\":\"BreadcrumbList\",\"@id\":\"https:\\\/\\\/galerijakaptol.hr\\\/index.php\\\/2023\\\/09\\\/20\\\/zlatko-prica\\\/#breadcrumb\",\"itemListElement\":[{\"@type\":\"ListItem\",\"position\":1,\"name\":\"Po\u010detna stranica\",\"item\":\"https:\\\/\\\/galerijakaptol.hr\\\/\"},{\"@type\":\"ListItem\",\"position\":2,\"name\":\"ZLATKO PRICA\"}]},{\"@type\":\"WebSite\",\"@id\":\"https:\\\/\\\/galerijakaptol.hr\\\/#website\",\"url\":\"https:\\\/\\\/galerijakaptol.hr\\\/\",\"name\":\"Galerija umjetnina\",\"description\":\"\",\"publisher\":{\"@id\":\"https:\\\/\\\/galerijakaptol.hr\\\/#organization\"},\"potentialAction\":[{\"@type\":\"SearchAction\",\"target\":{\"@type\":\"EntryPoint\",\"urlTemplate\":\"https:\\\/\\\/galerijakaptol.hr\\\/?s={search_term_string}\"},\"query-input\":{\"@type\":\"PropertyValueSpecification\",\"valueRequired\":true,\"valueName\":\"search_term_string\"}}],\"inLanguage\":\"hr\"},{\"@type\":\"Organization\",\"@id\":\"https:\\\/\\\/galerijakaptol.hr\\\/#organization\",\"name\":\"Galerija umjetnina\",\"url\":\"https:\\\/\\\/galerijakaptol.hr\\\/\",\"logo\":{\"@type\":\"ImageObject\",\"inLanguage\":\"hr\",\"@id\":\"https:\\\/\\\/galerijakaptol.hr\\\/#\\\/schema\\\/logo\\\/image\\\/\",\"url\":\"https:\\\/\\\/galerijakaptol.hr\\\/wp-content\\\/uploads\\\/2023\\\/09\\\/logo-Kaptol-Galerija.png\",\"contentUrl\":\"https:\\\/\\\/galerijakaptol.hr\\\/wp-content\\\/uploads\\\/2023\\\/09\\\/logo-Kaptol-Galerija.png\",\"width\":342,\"height\":72,\"caption\":\"Galerija umjetnina\"},\"image\":{\"@id\":\"https:\\\/\\\/galerijakaptol.hr\\\/#\\\/schema\\\/logo\\\/image\\\/\"}},{\"@type\":\"Person\",\"@id\":\"https:\\\/\\\/galerijakaptol.hr\\\/#\\\/schema\\\/person\\\/f3d1dc228981eca5894740a7ccd795df\",\"name\":\"admin\",\"sameAs\":[\"https:\\\/\\\/galerijakaptol.hr\"],\"url\":\"https:\\\/\\\/galerijakaptol.hr\\\/index.php\\\/author\\\/admin_gk\\\/\"}]}<\/script>\n<!-- \/ Yoast SEO plugin. -->","yoast_head_json":{"title":"ZLATKO PRICA - Galerija umjetnina","description":"ZLATKO PRICA (Pe\u010duh 1916. - Samobor 2003). Diplomirao na Akademiji u Zagrebu 1940. (Lj. Babi\u0107). \u010clan grupe \"Mart\" od 1957. Samostalno izlagao u New Delhiju, Sao Paolu, Veneciji, Londonu, Be\u010du, Berlinu, Milanu, Bologni, Firenci, Ljubljani, Beogradu, Zagrebu, Splitu...\u00a0 Monografije; D. \u0160epi\u0107 \"Zlatko Prica\" izdava\u010d: Naprijed Zagreb 1958. : Ive \u0160imat Banov \"Zlatko Prica\" izdava\u010d Art studio Azinovi\u0107, Zagreb 1994.","robots":{"index":"index","follow":"follow","max-snippet":"max-snippet:-1","max-image-preview":"max-image-preview:large","max-video-preview":"max-video-preview:-1"},"canonical":"https:\/\/galerijakaptol.hr\/index.php\/2023\/09\/20\/zlatko-prica\/","og_locale":"hr_HR","og_type":"article","og_title":"ZLATKO PRICA - Galerija umjetnina","og_description":"ZLATKO PRICA (Pe\u010duh 1916. - Samobor 2003). Diplomirao na Akademiji u Zagrebu 1940. (Lj. Babi\u0107). \u010clan grupe \"Mart\" od 1957. Samostalno izlagao u New Delhiju, Sao Paolu, Veneciji, Londonu, Be\u010du, Berlinu, Milanu, Bologni, Firenci, Ljubljani, Beogradu, Zagrebu, Splitu...\u00a0 Monografije; D. \u0160epi\u0107 \"Zlatko Prica\" izdava\u010d: Naprijed Zagreb 1958. : Ive \u0160imat Banov \"Zlatko Prica\" izdava\u010d Art studio Azinovi\u0107, Zagreb 1994.","og_url":"https:\/\/galerijakaptol.hr\/index.php\/2023\/09\/20\/zlatko-prica\/","og_site_name":"Galerija umjetnina","article_published_time":"2023-09-20T20:29:06+00:00","article_modified_time":"2024-01-15T22:20:58+00:00","author":"admin","twitter_card":"summary_large_image","twitter_misc":{"Napisao\/la":"admin","Procijenjeno vrijeme \u010ditanja":"1 minuta"},"schema":{"@context":"https:\/\/schema.org","@graph":[{"@type":"Article","@id":"https:\/\/galerijakaptol.hr\/index.php\/2023\/09\/20\/zlatko-prica\/#article","isPartOf":{"@id":"https:\/\/galerijakaptol.hr\/index.php\/2023\/09\/20\/zlatko-prica\/"},"author":{"name":"admin","@id":"https:\/\/galerijakaptol.hr\/#\/schema\/person\/f3d1dc228981eca5894740a7ccd795df"},"headline":"ZLATKO PRICA","datePublished":"2023-09-20T20:29:06+00:00","dateModified":"2024-01-15T22:20:58+00:00","mainEntityOfPage":{"@id":"https:\/\/galerijakaptol.hr\/index.php\/2023\/09\/20\/zlatko-prica\/"},"wordCount":55,"publisher":{"@id":"https:\/\/galerijakaptol.hr\/#organization"},"articleSection":["Blog"],"inLanguage":"hr"},{"@type":"WebPage","@id":"https:\/\/galerijakaptol.hr\/index.php\/2023\/09\/20\/zlatko-prica\/","url":"https:\/\/galerijakaptol.hr\/index.php\/2023\/09\/20\/zlatko-prica\/","name":"ZLATKO PRICA - Galerija umjetnina","isPartOf":{"@id":"https:\/\/galerijakaptol.hr\/#website"},"datePublished":"2023-09-20T20:29:06+00:00","dateModified":"2024-01-15T22:20:58+00:00","description":"ZLATKO PRICA (Pe\u010duh 1916. - Samobor 2003). Diplomirao na Akademiji u Zagrebu 1940. (Lj. Babi\u0107). \u010clan grupe \"Mart\" od 1957. Samostalno izlagao u New Delhiju, Sao Paolu, Veneciji, Londonu, Be\u010du, Berlinu, Milanu, Bologni, Firenci, Ljubljani, Beogradu, Zagrebu, Splitu...\u00a0 Monografije; D. \u0160epi\u0107 \"Zlatko Prica\" izdava\u010d: Naprijed Zagreb 1958. : Ive \u0160imat Banov \"Zlatko Prica\" izdava\u010d Art studio Azinovi\u0107, Zagreb 1994.","breadcrumb":{"@id":"https:\/\/galerijakaptol.hr\/index.php\/2023\/09\/20\/zlatko-prica\/#breadcrumb"},"inLanguage":"hr","potentialAction":[{"@type":"ReadAction","target":["https:\/\/galerijakaptol.hr\/index.php\/2023\/09\/20\/zlatko-prica\/"]}]},{"@type":"BreadcrumbList","@id":"https:\/\/galerijakaptol.hr\/index.php\/2023\/09\/20\/zlatko-prica\/#breadcrumb","itemListElement":[{"@type":"ListItem","position":1,"name":"Po\u010detna stranica","item":"https:\/\/galerijakaptol.hr\/"},{"@type":"ListItem","position":2,"name":"ZLATKO PRICA"}]},{"@type":"WebSite","@id":"https:\/\/galerijakaptol.hr\/#website","url":"https:\/\/galerijakaptol.hr\/","name":"Galerija umjetnina","description":"","publisher":{"@id":"https:\/\/galerijakaptol.hr\/#organization"},"potentialAction":[{"@type":"SearchAction","target":{"@type":"EntryPoint","urlTemplate":"https:\/\/galerijakaptol.hr\/?s={search_term_string}"},"query-input":{"@type":"PropertyValueSpecification","valueRequired":true,"valueName":"search_term_string"}}],"inLanguage":"hr"},{"@type":"Organization","@id":"https:\/\/galerijakaptol.hr\/#organization","name":"Galerija umjetnina","url":"https:\/\/galerijakaptol.hr\/","logo":{"@type":"ImageObject","inLanguage":"hr","@id":"https:\/\/galerijakaptol.hr\/#\/schema\/logo\/image\/","url":"https:\/\/galerijakaptol.hr\/wp-content\/uploads\/2023\/09\/logo-Kaptol-Galerija.png","contentUrl":"https:\/\/galerijakaptol.hr\/wp-content\/uploads\/2023\/09\/logo-Kaptol-Galerija.png","width":342,"height":72,"caption":"Galerija umjetnina"},"image":{"@id":"https:\/\/galerijakaptol.hr\/#\/schema\/logo\/image\/"}},{"@type":"Person","@id":"https:\/\/galerijakaptol.hr\/#\/schema\/person\/f3d1dc228981eca5894740a7ccd795df","name":"admin","sameAs":["https:\/\/galerijakaptol.hr"],"url":"https:\/\/galerijakaptol.hr\/index.php\/author\/admin_gk\/"}]}},"jetpack_featured_media_url":"","jetpack_sharing_enabled":true,"_links":{"self":[{"href":"https:\/\/galerijakaptol.hr\/index.php\/wp-json\/wp\/v2\/posts\/759","targetHints":{"allow":["GET"]}}],"collection":[{"href":"https:\/\/galerijakaptol.hr\/index.php\/wp-json\/wp\/v2\/posts"}],"about":[{"href":"https:\/\/galerijakaptol.hr\/index.php\/wp-json\/wp\/v2\/types\/post"}],"author":[{"embeddable":true,"href":"https:\/\/galerijakaptol.hr\/index.php\/wp-json\/wp\/v2\/users\/1"}],"replies":[{"embeddable":true,"href":"https:\/\/galerijakaptol.hr\/index.php\/wp-json\/wp\/v2\/comments?post=759"}],"version-history":[{"count":6,"href":"https:\/\/galerijakaptol.hr\/index.php\/wp-json\/wp\/v2\/posts\/759\/revisions"}],"predecessor-version":[{"id":1796,"href":"https:\/\/galerijakaptol.hr\/index.php\/wp-json\/wp\/v2\/posts\/759\/revisions\/1796"}],"wp:attachment":[{"href":"https:\/\/galerijakaptol.hr\/index.php\/wp-json\/wp\/v2\/media?parent=759"}],"wp:term":[{"taxonomy":"category","embeddable":true,"href":"https:\/\/galerijakaptol.hr\/index.php\/wp-json\/wp\/v2\/categories?post=759"},{"taxonomy":"post_tag","embeddable":true,"href":"https:\/\/galerijakaptol.hr\/index.php\/wp-json\/wp\/v2\/tags?post=759"}],"curies":[{"name":"wp","href":"https:\/\/api.w.org\/{rel}","templated":true}]}}