{"id":774,"date":"2023-09-20T20:37:56","date_gmt":"2023-09-20T20:37:56","guid":{"rendered":"https:\/\/galerijakaptol.hr\/?p=774"},"modified":"2023-10-05T09:02:17","modified_gmt":"2023-10-05T09:02:17","slug":"zoran-milisa","status":"publish","type":"post","link":"https:\/\/galerijakaptol.hr\/index.php\/2023\/09\/20\/zoran-milisa\/","title":{"rendered":"ZORAN MILI\u0160A"},"content":{"rendered":"\n<p>Zoran&nbsp;Mili\u0161a&nbsp;godinama koristi poeziju i sliku kao dnevnik svog \u017eivota. Kroz stihove i tehnikom&nbsp;akrila na relativno velikim formatima&nbsp;umjetnik pro\u017eivljava svoj i \u017eivot svoga grada Hvara te ostavlja trajni zapis svog vremena.&nbsp;Njegove slike su iskrene i agresivne, a vje\u0161tim kombiniranjem&nbsp;realnih&nbsp;iprepoznatljivih&nbsp;elementa&nbsp;stvarnosti s inventarom simbola&nbsp;njegova djela predstavljaju pri\u010du u slici. Njegovi crte\u017ei su borbeni,&nbsp;a likovi&nbsp;morbidni, oni su prikaz dru\u0161tva u trenucima ugroze.&nbsp;<\/p>\n\n\n<figure id=\"attachment_775\" aria-describedby=\"caption-attachment-775\" style=\"width: 300px\" class=\"wp-caption aligncenter\"><a href=\"https:\/\/galerijakaptol.hr\/wp-content\/uploads\/2023\/09\/ZORAN-MILISA-Bez-naziva-2.jpg\"><img loading=\"lazy\" decoding=\"async\" class=\"size-medium wp-image-775\" src=\"https:\/\/galerijakaptol.hr\/wp-content\/uploads\/2023\/09\/ZORAN-MILISA-Bez-naziva-2-300x300.jpg\" alt=\"\" width=\"300\" height=\"300\" srcset=\"https:\/\/galerijakaptol.hr\/wp-content\/uploads\/2023\/09\/ZORAN-MILISA-Bez-naziva-2-300x300.jpg 300w, https:\/\/galerijakaptol.hr\/wp-content\/uploads\/2023\/09\/ZORAN-MILISA-Bez-naziva-2-1020x1024.jpg 1020w, https:\/\/galerijakaptol.hr\/wp-content\/uploads\/2023\/09\/ZORAN-MILISA-Bez-naziva-2-250x250.jpg 250w, https:\/\/galerijakaptol.hr\/wp-content\/uploads\/2023\/09\/ZORAN-MILISA-Bez-naziva-2-768x771.jpg 768w, https:\/\/galerijakaptol.hr\/wp-content\/uploads\/2023\/09\/ZORAN-MILISA-Bez-naziva-2.jpg 1430w\" sizes=\"auto, (max-width: 300px) 100vw, 300px\" \/><\/a><figcaption id=\"caption-attachment-775\" class=\"wp-caption-text\"><strong>Bez naziva 2<\/strong><br \/>Tehnika: ulje na platnu<br \/>Dimenzije: 110&#215;110 cm<br \/>Godina: 2020.<\/figcaption><\/figure>\n<figure id=\"attachment_776\" aria-describedby=\"caption-attachment-776\" style=\"width: 289px\" class=\"wp-caption aligncenter\"><a href=\"https:\/\/galerijakaptol.hr\/wp-content\/uploads\/2023\/09\/ZORAN-MILISA-Baustela.jpg\"><img loading=\"lazy\" decoding=\"async\" class=\"size-medium wp-image-776\" src=\"https:\/\/galerijakaptol.hr\/wp-content\/uploads\/2023\/09\/ZORAN-MILISA-Baustela-289x300.jpg\" alt=\"\" width=\"289\" height=\"300\" srcset=\"https:\/\/galerijakaptol.hr\/wp-content\/uploads\/2023\/09\/ZORAN-MILISA-Baustela-289x300.jpg 289w, https:\/\/galerijakaptol.hr\/wp-content\/uploads\/2023\/09\/ZORAN-MILISA-Baustela-986x1024.jpg 986w, https:\/\/galerijakaptol.hr\/wp-content\/uploads\/2023\/09\/ZORAN-MILISA-Baustela-768x798.jpg 768w, https:\/\/galerijakaptol.hr\/wp-content\/uploads\/2023\/09\/ZORAN-MILISA-Baustela.jpg 1430w\" sizes=\"auto, (max-width: 289px) 100vw, 289px\" \/><\/a><figcaption id=\"caption-attachment-776\" class=\"wp-caption-text\"><\/strong> <strong>Bau\u0161tela<\/strong><br \/>Tehnika: ulje na platnu<br \/>Dimenzije: 110&#215;105 cm<br \/>Godina: 2020.<\/figcaption><\/figure>\n<figure id=\"attachment_777\" aria-describedby=\"caption-attachment-777\" style=\"width: 297px\" class=\"wp-caption aligncenter\"><a href=\"https:\/\/galerijakaptol.hr\/wp-content\/uploads\/2023\/09\/ZORAN-MILISA-Gledam-bagere.jpg\"><img loading=\"lazy\" decoding=\"async\" class=\"size-medium wp-image-777\" src=\"https:\/\/galerijakaptol.hr\/wp-content\/uploads\/2023\/09\/ZORAN-MILISA-Gledam-bagere-297x300.jpg\" alt=\"\" width=\"297\" height=\"300\" srcset=\"https:\/\/galerijakaptol.hr\/wp-content\/uploads\/2023\/09\/ZORAN-MILISA-Gledam-bagere-297x300.jpg 297w, https:\/\/galerijakaptol.hr\/wp-content\/uploads\/2023\/09\/ZORAN-MILISA-Gledam-bagere-1013x1024.jpg 1013w, https:\/\/galerijakaptol.hr\/wp-content\/uploads\/2023\/09\/ZORAN-MILISA-Gledam-bagere-768x777.jpg 768w, https:\/\/galerijakaptol.hr\/wp-content\/uploads\/2023\/09\/ZORAN-MILISA-Gledam-bagere.jpg 1430w\" sizes=\"auto, (max-width: 297px) 100vw, 297px\" \/><\/a><figcaption id=\"caption-attachment-777\" class=\"wp-caption-text\"><strong>Gledam bagere<\/strong><br \/>Tehnika: ulje na platnu<br \/>Dimenzije: 110&#215;110 cm<br \/>Godina: 2020<\/figcaption><\/figure>\n<figure id=\"attachment_778\" aria-describedby=\"caption-attachment-778\" style=\"width: 300px\" class=\"wp-caption aligncenter\"><a href=\"https:\/\/galerijakaptol.hr\/wp-content\/uploads\/2023\/09\/ZORAN-MILISA-Bez-naziva-1.jpg\"><img loading=\"lazy\" decoding=\"async\" class=\"size-medium wp-image-778\" src=\"https:\/\/galerijakaptol.hr\/wp-content\/uploads\/2023\/09\/ZORAN-MILISA-Bez-naziva-1-300x295.jpg\" alt=\"\" width=\"300\" height=\"295\" srcset=\"https:\/\/galerijakaptol.hr\/wp-content\/uploads\/2023\/09\/ZORAN-MILISA-Bez-naziva-1-300x295.jpg 300w, https:\/\/galerijakaptol.hr\/wp-content\/uploads\/2023\/09\/ZORAN-MILISA-Bez-naziva-1-1024x1008.jpg 1024w, https:\/\/galerijakaptol.hr\/wp-content\/uploads\/2023\/09\/ZORAN-MILISA-Bez-naziva-1-768x756.jpg 768w, https:\/\/galerijakaptol.hr\/wp-content\/uploads\/2023\/09\/ZORAN-MILISA-Bez-naziva-1.jpg 1430w\" sizes=\"auto, (max-width: 300px) 100vw, 300px\" \/><\/a><figcaption id=\"caption-attachment-778\" class=\"wp-caption-text\"><strong>Bez naziva 1<\/strong><br \/>Tehnika: ulje na platnu<br \/>Dimenzije: 110&#215;110 cm<br \/>Godina: 2020.<\/figcaption><\/figure>","protected":false},"excerpt":{"rendered":"<p>Zoran&nbsp;Mili\u0161a&nbsp;godinama koristi poeziju i sliku kao dnevnik svog \u017eivota. Kroz stihove i tehnikom&nbsp;akrila na relativno velikim formatima&nbsp;umjetnik pro\u017eivljava svoj i \u017eivot svoga grada Hvara te ostavlja trajni zapis svog vremena.&nbsp;Njegove slike su iskrene i agresivne, a vje\u0161tim kombiniranjem&nbsp;realnih&nbsp;iprepoznatljivih&nbsp;elementa&nbsp;stvarnosti s inventarom simbola&nbsp;njegova djela predstavljaju pri\u010du u slici. Njegovi crte\u017ei su borbeni,&nbsp;a likovi&nbsp;morbidni, oni su prikaz dru\u0161tva [&hellip;]<\/p>\n","protected":false},"author":1,"featured_media":776,"comment_status":"closed","ping_status":"open","sticky":false,"template":"blank","format":"standard","meta":{"_jetpack_memberships_contains_paid_content":false,"footnotes":""},"categories":[9],"tags":[],"class_list":["post-774","post","type-post","status-publish","format-standard","has-post-thumbnail","hentry","category-fundus"],"yoast_head":"<!-- This site is optimized with the Yoast SEO plugin v27.5 - https:\/\/yoast.com\/product\/yoast-seo-wordpress\/ -->\n<title>ZORAN MILI\u0160A - Galerija umjetnina<\/title>\n<meta name=\"robots\" content=\"index, follow, max-snippet:-1, max-image-preview:large, max-video-preview:-1\" \/>\n<link rel=\"canonical\" href=\"https:\/\/galerijakaptol.hr\/index.php\/2023\/09\/20\/zoran-milisa\/\" \/>\n<meta property=\"og:locale\" content=\"hr_HR\" \/>\n<meta property=\"og:type\" content=\"article\" \/>\n<meta property=\"og:title\" content=\"ZORAN MILI\u0160A - Galerija umjetnina\" \/>\n<meta property=\"og:description\" content=\"Zoran&nbsp;Mili\u0161a&nbsp;godinama koristi poeziju i sliku kao dnevnik svog \u017eivota. Kroz stihove i tehnikom&nbsp;akrila na relativno velikim formatima&nbsp;umjetnik pro\u017eivljava svoj i \u017eivot svoga grada Hvara te ostavlja trajni zapis svog vremena.&nbsp;Njegove slike su iskrene i agresivne, a vje\u0161tim kombiniranjem&nbsp;realnih&nbsp;iprepoznatljivih&nbsp;elementa&nbsp;stvarnosti s inventarom simbola&nbsp;njegova djela predstavljaju pri\u010du u slici. Njegovi crte\u017ei su borbeni,&nbsp;a likovi&nbsp;morbidni, oni su prikaz dru\u0161tva [&hellip;]\" \/>\n<meta property=\"og:url\" content=\"https:\/\/galerijakaptol.hr\/index.php\/2023\/09\/20\/zoran-milisa\/\" \/>\n<meta property=\"og:site_name\" content=\"Galerija umjetnina\" \/>\n<meta property=\"article:published_time\" content=\"2023-09-20T20:37:56+00:00\" \/>\n<meta property=\"article:modified_time\" content=\"2023-10-05T09:02:17+00:00\" \/>\n<meta property=\"og:image\" content=\"https:\/\/galerijakaptol.hr\/wp-content\/uploads\/2023\/09\/ZORAN-MILISA-Baustela.jpg\" \/>\n\t<meta property=\"og:image:width\" content=\"1430\" \/>\n\t<meta property=\"og:image:height\" content=\"1485\" \/>\n\t<meta property=\"og:image:type\" content=\"image\/jpeg\" \/>\n<meta name=\"author\" content=\"admin\" \/>\n<meta name=\"twitter:card\" content=\"summary_large_image\" \/>\n<meta name=\"twitter:label1\" content=\"Napisao\/la\" \/>\n\t<meta name=\"twitter:data1\" content=\"admin\" \/>\n\t<meta name=\"twitter:label2\" content=\"Procijenjeno vrijeme \u010ditanja\" \/>\n\t<meta name=\"twitter:data2\" content=\"2 minute\" \/>\n<script type=\"application\/ld+json\" class=\"yoast-schema-graph\">{\"@context\":\"https:\\\/\\\/schema.org\",\"@graph\":[{\"@type\":\"Article\",\"@id\":\"https:\\\/\\\/galerijakaptol.hr\\\/index.php\\\/2023\\\/09\\\/20\\\/zoran-milisa\\\/#article\",\"isPartOf\":{\"@id\":\"https:\\\/\\\/galerijakaptol.hr\\\/index.php\\\/2023\\\/09\\\/20\\\/zoran-milisa\\\/\"},\"author\":{\"name\":\"admin\",\"@id\":\"https:\\\/\\\/galerijakaptol.hr\\\/#\\\/schema\\\/person\\\/f3d1dc228981eca5894740a7ccd795df\"},\"headline\":\"ZORAN MILI\u0160A\",\"datePublished\":\"2023-09-20T20:37:56+00:00\",\"dateModified\":\"2023-10-05T09:02:17+00:00\",\"mainEntityOfPage\":{\"@id\":\"https:\\\/\\\/galerijakaptol.hr\\\/index.php\\\/2023\\\/09\\\/20\\\/zoran-milisa\\\/\"},\"wordCount\":152,\"publisher\":{\"@id\":\"https:\\\/\\\/galerijakaptol.hr\\\/#organization\"},\"image\":{\"@id\":\"https:\\\/\\\/galerijakaptol.hr\\\/index.php\\\/2023\\\/09\\\/20\\\/zoran-milisa\\\/#primaryimage\"},\"thumbnailUrl\":\"https:\\\/\\\/galerijakaptol.hr\\\/wp-content\\\/uploads\\\/2023\\\/09\\\/ZORAN-MILISA-Baustela.jpg\",\"articleSection\":[\"Fundus\"],\"inLanguage\":\"hr\"},{\"@type\":\"WebPage\",\"@id\":\"https:\\\/\\\/galerijakaptol.hr\\\/index.php\\\/2023\\\/09\\\/20\\\/zoran-milisa\\\/\",\"url\":\"https:\\\/\\\/galerijakaptol.hr\\\/index.php\\\/2023\\\/09\\\/20\\\/zoran-milisa\\\/\",\"name\":\"ZORAN MILI\u0160A - Galerija umjetnina\",\"isPartOf\":{\"@id\":\"https:\\\/\\\/galerijakaptol.hr\\\/#website\"},\"primaryImageOfPage\":{\"@id\":\"https:\\\/\\\/galerijakaptol.hr\\\/index.php\\\/2023\\\/09\\\/20\\\/zoran-milisa\\\/#primaryimage\"},\"image\":{\"@id\":\"https:\\\/\\\/galerijakaptol.hr\\\/index.php\\\/2023\\\/09\\\/20\\\/zoran-milisa\\\/#primaryimage\"},\"thumbnailUrl\":\"https:\\\/\\\/galerijakaptol.hr\\\/wp-content\\\/uploads\\\/2023\\\/09\\\/ZORAN-MILISA-Baustela.jpg\",\"datePublished\":\"2023-09-20T20:37:56+00:00\",\"dateModified\":\"2023-10-05T09:02:17+00:00\",\"breadcrumb\":{\"@id\":\"https:\\\/\\\/galerijakaptol.hr\\\/index.php\\\/2023\\\/09\\\/20\\\/zoran-milisa\\\/#breadcrumb\"},\"inLanguage\":\"hr\",\"potentialAction\":[{\"@type\":\"ReadAction\",\"target\":[\"https:\\\/\\\/galerijakaptol.hr\\\/index.php\\\/2023\\\/09\\\/20\\\/zoran-milisa\\\/\"]}]},{\"@type\":\"ImageObject\",\"inLanguage\":\"hr\",\"@id\":\"https:\\\/\\\/galerijakaptol.hr\\\/index.php\\\/2023\\\/09\\\/20\\\/zoran-milisa\\\/#primaryimage\",\"url\":\"https:\\\/\\\/galerijakaptol.hr\\\/wp-content\\\/uploads\\\/2023\\\/09\\\/ZORAN-MILISA-Baustela.jpg\",\"contentUrl\":\"https:\\\/\\\/galerijakaptol.hr\\\/wp-content\\\/uploads\\\/2023\\\/09\\\/ZORAN-MILISA-Baustela.jpg\",\"width\":1430,\"height\":1485,\"caption\":\"Bau\u0161tela Tehnika: ulje na platnu Dimenzije: 110x105 cm Godina: 2020.\"},{\"@type\":\"BreadcrumbList\",\"@id\":\"https:\\\/\\\/galerijakaptol.hr\\\/index.php\\\/2023\\\/09\\\/20\\\/zoran-milisa\\\/#breadcrumb\",\"itemListElement\":[{\"@type\":\"ListItem\",\"position\":1,\"name\":\"Po\u010detna stranica\",\"item\":\"https:\\\/\\\/galerijakaptol.hr\\\/\"},{\"@type\":\"ListItem\",\"position\":2,\"name\":\"ZORAN MILI\u0160A\"}]},{\"@type\":\"WebSite\",\"@id\":\"https:\\\/\\\/galerijakaptol.hr\\\/#website\",\"url\":\"https:\\\/\\\/galerijakaptol.hr\\\/\",\"name\":\"Galerija umjetnina\",\"description\":\"\",\"publisher\":{\"@id\":\"https:\\\/\\\/galerijakaptol.hr\\\/#organization\"},\"potentialAction\":[{\"@type\":\"SearchAction\",\"target\":{\"@type\":\"EntryPoint\",\"urlTemplate\":\"https:\\\/\\\/galerijakaptol.hr\\\/?s={search_term_string}\"},\"query-input\":{\"@type\":\"PropertyValueSpecification\",\"valueRequired\":true,\"valueName\":\"search_term_string\"}}],\"inLanguage\":\"hr\"},{\"@type\":\"Organization\",\"@id\":\"https:\\\/\\\/galerijakaptol.hr\\\/#organization\",\"name\":\"Galerija umjetnina\",\"url\":\"https:\\\/\\\/galerijakaptol.hr\\\/\",\"logo\":{\"@type\":\"ImageObject\",\"inLanguage\":\"hr\",\"@id\":\"https:\\\/\\\/galerijakaptol.hr\\\/#\\\/schema\\\/logo\\\/image\\\/\",\"url\":\"https:\\\/\\\/galerijakaptol.hr\\\/wp-content\\\/uploads\\\/2023\\\/09\\\/logo-Kaptol-Galerija.png\",\"contentUrl\":\"https:\\\/\\\/galerijakaptol.hr\\\/wp-content\\\/uploads\\\/2023\\\/09\\\/logo-Kaptol-Galerija.png\",\"width\":342,\"height\":72,\"caption\":\"Galerija umjetnina\"},\"image\":{\"@id\":\"https:\\\/\\\/galerijakaptol.hr\\\/#\\\/schema\\\/logo\\\/image\\\/\"}},{\"@type\":\"Person\",\"@id\":\"https:\\\/\\\/galerijakaptol.hr\\\/#\\\/schema\\\/person\\\/f3d1dc228981eca5894740a7ccd795df\",\"name\":\"admin\",\"sameAs\":[\"https:\\\/\\\/galerijakaptol.hr\"],\"url\":\"https:\\\/\\\/galerijakaptol.hr\\\/index.php\\\/author\\\/admin_gk\\\/\"}]}<\/script>\n<!-- \/ Yoast SEO plugin. -->","yoast_head_json":{"title":"ZORAN MILI\u0160A - Galerija umjetnina","robots":{"index":"index","follow":"follow","max-snippet":"max-snippet:-1","max-image-preview":"max-image-preview:large","max-video-preview":"max-video-preview:-1"},"canonical":"https:\/\/galerijakaptol.hr\/index.php\/2023\/09\/20\/zoran-milisa\/","og_locale":"hr_HR","og_type":"article","og_title":"ZORAN MILI\u0160A - Galerija umjetnina","og_description":"Zoran&nbsp;Mili\u0161a&nbsp;godinama koristi poeziju i sliku kao dnevnik svog \u017eivota. Kroz stihove i tehnikom&nbsp;akrila na relativno velikim formatima&nbsp;umjetnik pro\u017eivljava svoj i \u017eivot svoga grada Hvara te ostavlja trajni zapis svog vremena.&nbsp;Njegove slike su iskrene i agresivne, a vje\u0161tim kombiniranjem&nbsp;realnih&nbsp;iprepoznatljivih&nbsp;elementa&nbsp;stvarnosti s inventarom simbola&nbsp;njegova djela predstavljaju pri\u010du u slici. Njegovi crte\u017ei su borbeni,&nbsp;a likovi&nbsp;morbidni, oni su prikaz dru\u0161tva [&hellip;]","og_url":"https:\/\/galerijakaptol.hr\/index.php\/2023\/09\/20\/zoran-milisa\/","og_site_name":"Galerija umjetnina","article_published_time":"2023-09-20T20:37:56+00:00","article_modified_time":"2023-10-05T09:02:17+00:00","og_image":[{"width":1430,"height":1485,"url":"https:\/\/galerijakaptol.hr\/wp-content\/uploads\/2023\/09\/ZORAN-MILISA-Baustela.jpg","type":"image\/jpeg"}],"author":"admin","twitter_card":"summary_large_image","twitter_misc":{"Napisao\/la":"admin","Procijenjeno vrijeme \u010ditanja":"2 minute"},"schema":{"@context":"https:\/\/schema.org","@graph":[{"@type":"Article","@id":"https:\/\/galerijakaptol.hr\/index.php\/2023\/09\/20\/zoran-milisa\/#article","isPartOf":{"@id":"https:\/\/galerijakaptol.hr\/index.php\/2023\/09\/20\/zoran-milisa\/"},"author":{"name":"admin","@id":"https:\/\/galerijakaptol.hr\/#\/schema\/person\/f3d1dc228981eca5894740a7ccd795df"},"headline":"ZORAN MILI\u0160A","datePublished":"2023-09-20T20:37:56+00:00","dateModified":"2023-10-05T09:02:17+00:00","mainEntityOfPage":{"@id":"https:\/\/galerijakaptol.hr\/index.php\/2023\/09\/20\/zoran-milisa\/"},"wordCount":152,"publisher":{"@id":"https:\/\/galerijakaptol.hr\/#organization"},"image":{"@id":"https:\/\/galerijakaptol.hr\/index.php\/2023\/09\/20\/zoran-milisa\/#primaryimage"},"thumbnailUrl":"https:\/\/galerijakaptol.hr\/wp-content\/uploads\/2023\/09\/ZORAN-MILISA-Baustela.jpg","articleSection":["Fundus"],"inLanguage":"hr"},{"@type":"WebPage","@id":"https:\/\/galerijakaptol.hr\/index.php\/2023\/09\/20\/zoran-milisa\/","url":"https:\/\/galerijakaptol.hr\/index.php\/2023\/09\/20\/zoran-milisa\/","name":"ZORAN MILI\u0160A - Galerija umjetnina","isPartOf":{"@id":"https:\/\/galerijakaptol.hr\/#website"},"primaryImageOfPage":{"@id":"https:\/\/galerijakaptol.hr\/index.php\/2023\/09\/20\/zoran-milisa\/#primaryimage"},"image":{"@id":"https:\/\/galerijakaptol.hr\/index.php\/2023\/09\/20\/zoran-milisa\/#primaryimage"},"thumbnailUrl":"https:\/\/galerijakaptol.hr\/wp-content\/uploads\/2023\/09\/ZORAN-MILISA-Baustela.jpg","datePublished":"2023-09-20T20:37:56+00:00","dateModified":"2023-10-05T09:02:17+00:00","breadcrumb":{"@id":"https:\/\/galerijakaptol.hr\/index.php\/2023\/09\/20\/zoran-milisa\/#breadcrumb"},"inLanguage":"hr","potentialAction":[{"@type":"ReadAction","target":["https:\/\/galerijakaptol.hr\/index.php\/2023\/09\/20\/zoran-milisa\/"]}]},{"@type":"ImageObject","inLanguage":"hr","@id":"https:\/\/galerijakaptol.hr\/index.php\/2023\/09\/20\/zoran-milisa\/#primaryimage","url":"https:\/\/galerijakaptol.hr\/wp-content\/uploads\/2023\/09\/ZORAN-MILISA-Baustela.jpg","contentUrl":"https:\/\/galerijakaptol.hr\/wp-content\/uploads\/2023\/09\/ZORAN-MILISA-Baustela.jpg","width":1430,"height":1485,"caption":"Bau\u0161tela Tehnika: ulje na platnu Dimenzije: 110x105 cm Godina: 2020."},{"@type":"BreadcrumbList","@id":"https:\/\/galerijakaptol.hr\/index.php\/2023\/09\/20\/zoran-milisa\/#breadcrumb","itemListElement":[{"@type":"ListItem","position":1,"name":"Po\u010detna stranica","item":"https:\/\/galerijakaptol.hr\/"},{"@type":"ListItem","position":2,"name":"ZORAN MILI\u0160A"}]},{"@type":"WebSite","@id":"https:\/\/galerijakaptol.hr\/#website","url":"https:\/\/galerijakaptol.hr\/","name":"Galerija umjetnina","description":"","publisher":{"@id":"https:\/\/galerijakaptol.hr\/#organization"},"potentialAction":[{"@type":"SearchAction","target":{"@type":"EntryPoint","urlTemplate":"https:\/\/galerijakaptol.hr\/?s={search_term_string}"},"query-input":{"@type":"PropertyValueSpecification","valueRequired":true,"valueName":"search_term_string"}}],"inLanguage":"hr"},{"@type":"Organization","@id":"https:\/\/galerijakaptol.hr\/#organization","name":"Galerija umjetnina","url":"https:\/\/galerijakaptol.hr\/","logo":{"@type":"ImageObject","inLanguage":"hr","@id":"https:\/\/galerijakaptol.hr\/#\/schema\/logo\/image\/","url":"https:\/\/galerijakaptol.hr\/wp-content\/uploads\/2023\/09\/logo-Kaptol-Galerija.png","contentUrl":"https:\/\/galerijakaptol.hr\/wp-content\/uploads\/2023\/09\/logo-Kaptol-Galerija.png","width":342,"height":72,"caption":"Galerija umjetnina"},"image":{"@id":"https:\/\/galerijakaptol.hr\/#\/schema\/logo\/image\/"}},{"@type":"Person","@id":"https:\/\/galerijakaptol.hr\/#\/schema\/person\/f3d1dc228981eca5894740a7ccd795df","name":"admin","sameAs":["https:\/\/galerijakaptol.hr"],"url":"https:\/\/galerijakaptol.hr\/index.php\/author\/admin_gk\/"}]}},"jetpack_featured_media_url":"https:\/\/galerijakaptol.hr\/wp-content\/uploads\/2023\/09\/ZORAN-MILISA-Baustela.jpg","jetpack_sharing_enabled":true,"_links":{"self":[{"href":"https:\/\/galerijakaptol.hr\/index.php\/wp-json\/wp\/v2\/posts\/774","targetHints":{"allow":["GET"]}}],"collection":[{"href":"https:\/\/galerijakaptol.hr\/index.php\/wp-json\/wp\/v2\/posts"}],"about":[{"href":"https:\/\/galerijakaptol.hr\/index.php\/wp-json\/wp\/v2\/types\/post"}],"author":[{"embeddable":true,"href":"https:\/\/galerijakaptol.hr\/index.php\/wp-json\/wp\/v2\/users\/1"}],"replies":[{"embeddable":true,"href":"https:\/\/galerijakaptol.hr\/index.php\/wp-json\/wp\/v2\/comments?post=774"}],"version-history":[{"count":3,"href":"https:\/\/galerijakaptol.hr\/index.php\/wp-json\/wp\/v2\/posts\/774\/revisions"}],"predecessor-version":[{"id":1213,"href":"https:\/\/galerijakaptol.hr\/index.php\/wp-json\/wp\/v2\/posts\/774\/revisions\/1213"}],"wp:featuredmedia":[{"embeddable":true,"href":"https:\/\/galerijakaptol.hr\/index.php\/wp-json\/wp\/v2\/media\/776"}],"wp:attachment":[{"href":"https:\/\/galerijakaptol.hr\/index.php\/wp-json\/wp\/v2\/media?parent=774"}],"wp:term":[{"taxonomy":"category","embeddable":true,"href":"https:\/\/galerijakaptol.hr\/index.php\/wp-json\/wp\/v2\/categories?post=774"},{"taxonomy":"post_tag","embeddable":true,"href":"https:\/\/galerijakaptol.hr\/index.php\/wp-json\/wp\/v2\/tags?post=774"}],"curies":[{"name":"wp","href":"https:\/\/api.w.org\/{rel}","templated":true}]}}