{"id":800,"date":"2023-09-20T20:48:42","date_gmt":"2023-09-20T20:48:42","guid":{"rendered":"https:\/\/galerijakaptol.hr\/?p=800"},"modified":"2024-02-27T11:16:42","modified_gmt":"2024-02-27T11:16:42","slug":"zeljko-senecic","status":"publish","type":"post","link":"https:\/\/galerijakaptol.hr\/index.php\/2023\/09\/20\/zeljko-senecic\/","title":{"rendered":"\u017dELJKO SENE\u010cI\u0106"},"content":{"rendered":"\n<p>Hrvatski&nbsp;slikar, filmski scenograf i redatelj&nbsp;(Zagreb,&nbsp;18.&nbsp;I.&nbsp;1933&nbsp;\u2013&nbsp;Zagreb,&nbsp;2.&nbsp;I.&nbsp;2018). U Zagrebu diplomirao slikarstvo na Akademiji likovnih umjetnosti (M. Detoni) 1956. te scenografiju na Kazali\u0161noj akademiji 1960. Bio je suradnik Majstorske radionice K. Hegedu\u0161i\u0107a (1956\u201360). Prete\u017eno tehnikom ulja na platnu ili staklu slikao lirske vizije gradova, osobito Zagreba, prizore iz cirkusa i likove klaunova (ciklusi&nbsp;<em>Moj grad,<\/em>&nbsp;1988;&nbsp;<em>Sene\u010di\u0107eve vedute,<\/em>&nbsp;2003). Sna\u017enim kontrastima tamnih i svijetlih boja te nagla\u0161enim crte\u017eom postizao dramati\u010dnost i ekspresivnost.&nbsp;<\/p>\n\n\n<figure id=\"attachment_801\" aria-describedby=\"caption-attachment-801\" style=\"width: 300px\" class=\"wp-caption aligncenter\"><a href=\"https:\/\/galerijakaptol.hr\/wp-content\/uploads\/2023\/09\/ZELJKO-SENECIC-Pogled-s-Dolca.jpg\"><img loading=\"lazy\" decoding=\"async\" class=\"size-medium wp-image-801\" src=\"https:\/\/galerijakaptol.hr\/wp-content\/uploads\/2023\/09\/ZELJKO-SENECIC-Pogled-s-Dolca-300x225.jpg\" alt=\"\" width=\"300\" height=\"225\" srcset=\"https:\/\/galerijakaptol.hr\/wp-content\/uploads\/2023\/09\/ZELJKO-SENECIC-Pogled-s-Dolca-300x225.jpg 300w, https:\/\/galerijakaptol.hr\/wp-content\/uploads\/2023\/09\/ZELJKO-SENECIC-Pogled-s-Dolca.jpg 624w\" sizes=\"auto, (max-width: 300px) 100vw, 300px\" \/><\/a><figcaption id=\"caption-attachment-801\" class=\"wp-caption-text\"><strong>Pogled s Dolca<\/strong><br \/>Tehnika: ulje na platnu<br \/>Dimenzije: 75&#215;95 cm<\/figcaption><\/figure>","protected":false},"excerpt":{"rendered":"<p>Hrvatski&nbsp;slikar, filmski scenograf i redatelj&nbsp;(Zagreb,&nbsp;18.&nbsp;I.&nbsp;1933&nbsp;\u2013&nbsp;Zagreb,&nbsp;2.&nbsp;I.&nbsp;2018). U Zagrebu diplomirao slikarstvo na Akademiji likovnih umjetnosti (M. Detoni) 1956. te scenografiju na Kazali\u0161noj akademiji 1960. Bio je suradnik Majstorske radionice K. Hegedu\u0161i\u0107a (1956\u201360). Prete\u017eno tehnikom ulja na platnu ili staklu slikao lirske vizije gradova, osobito Zagreba, prizore iz cirkusa i likove klaunova (ciklusi&nbsp;Moj grad,&nbsp;1988;&nbsp;Sene\u010di\u0107eve vedute,&nbsp;2003). Sna\u017enim kontrastima tamnih [&hellip;]<\/p>\n","protected":false},"author":1,"featured_media":801,"comment_status":"closed","ping_status":"open","sticky":false,"template":"blank","format":"standard","meta":{"_jetpack_memberships_contains_paid_content":false,"footnotes":""},"categories":[1],"tags":[],"class_list":["post-800","post","type-post","status-publish","format-standard","has-post-thumbnail","hentry","category-uncategorized"],"yoast_head":"<!-- This site is optimized with the Yoast SEO plugin v27.5 - https:\/\/yoast.com\/product\/yoast-seo-wordpress\/ -->\n<title>\u017dELJKO SENE\u010cI\u0106 - Galerija umjetnina<\/title>\n<meta name=\"description\" content=\"Hrvatski\u00a0slikar, filmski scenograf i redatelj\u00a0(Zagreb,\u00a018.\u00a0I.\u00a01933\u00a0\u2013\u00a0Zagreb,\u00a02.\u00a0I.\u00a02018). U Zagrebu diplomirao slikarstvo na Akademiji likovnih umjetnosti (M. Detoni) 1956. te scenografiju na Kazali\u0161noj akademiji 1960. Bio je suradnik Majstorske radionice K. Hegedu\u0161i\u0107a (1956\u201360). Prete\u017eno tehnikom ulja na platnu ili staklu slikao lirske vizije gradova, osobito Zagreba, prizore iz cirkusa i likove klaunova (ciklusi\u00a0Moj grad,\u00a01988;\u00a0Sene\u010di\u0107eve vedute,\u00a02003). Sna\u017enim kontrastima tamnih i svijetlih boja te nagla\u0161enim crte\u017eom postizao dramati\u010dnost i ekspresivnost.\u00a0\" \/>\n<meta name=\"robots\" content=\"index, follow, max-snippet:-1, max-image-preview:large, max-video-preview:-1\" \/>\n<link rel=\"canonical\" href=\"https:\/\/galerijakaptol.hr\/index.php\/2023\/09\/20\/zeljko-senecic\/\" \/>\n<meta property=\"og:locale\" content=\"hr_HR\" \/>\n<meta property=\"og:type\" content=\"article\" \/>\n<meta property=\"og:title\" content=\"\u017dELJKO SENE\u010cI\u0106 - Galerija umjetnina\" \/>\n<meta property=\"og:description\" content=\"Hrvatski\u00a0slikar, filmski scenograf i redatelj\u00a0(Zagreb,\u00a018.\u00a0I.\u00a01933\u00a0\u2013\u00a0Zagreb,\u00a02.\u00a0I.\u00a02018). U Zagrebu diplomirao slikarstvo na Akademiji likovnih umjetnosti (M. Detoni) 1956. te scenografiju na Kazali\u0161noj akademiji 1960. Bio je suradnik Majstorske radionice K. Hegedu\u0161i\u0107a (1956\u201360). Prete\u017eno tehnikom ulja na platnu ili staklu slikao lirske vizije gradova, osobito Zagreba, prizore iz cirkusa i likove klaunova (ciklusi\u00a0Moj grad,\u00a01988;\u00a0Sene\u010di\u0107eve vedute,\u00a02003). Sna\u017enim kontrastima tamnih i svijetlih boja te nagla\u0161enim crte\u017eom postizao dramati\u010dnost i ekspresivnost.\u00a0\" \/>\n<meta property=\"og:url\" content=\"https:\/\/galerijakaptol.hr\/index.php\/2023\/09\/20\/zeljko-senecic\/\" \/>\n<meta property=\"og:site_name\" content=\"Galerija umjetnina\" \/>\n<meta property=\"article:published_time\" content=\"2023-09-20T20:48:42+00:00\" \/>\n<meta property=\"article:modified_time\" content=\"2024-02-27T11:16:42+00:00\" \/>\n<meta property=\"og:image\" content=\"https:\/\/galerijakaptol.hr\/wp-content\/uploads\/2023\/09\/ZELJKO-SENECIC-Pogled-s-Dolca.jpg\" \/>\n\t<meta property=\"og:image:width\" content=\"624\" \/>\n\t<meta property=\"og:image:height\" content=\"469\" \/>\n\t<meta property=\"og:image:type\" content=\"image\/jpeg\" \/>\n<meta name=\"author\" content=\"admin\" \/>\n<meta name=\"twitter:card\" content=\"summary_large_image\" \/>\n<meta name=\"twitter:label1\" content=\"Napisao\/la\" \/>\n\t<meta name=\"twitter:data1\" content=\"admin\" \/>\n\t<meta name=\"twitter:label2\" content=\"Procijenjeno vrijeme \u010ditanja\" \/>\n\t<meta name=\"twitter:data2\" content=\"1 minuta\" \/>\n<script type=\"application\/ld+json\" class=\"yoast-schema-graph\">{\"@context\":\"https:\\\/\\\/schema.org\",\"@graph\":[{\"@type\":\"Article\",\"@id\":\"https:\\\/\\\/galerijakaptol.hr\\\/index.php\\\/2023\\\/09\\\/20\\\/zeljko-senecic\\\/#article\",\"isPartOf\":{\"@id\":\"https:\\\/\\\/galerijakaptol.hr\\\/index.php\\\/2023\\\/09\\\/20\\\/zeljko-senecic\\\/\"},\"author\":{\"name\":\"admin\",\"@id\":\"https:\\\/\\\/galerijakaptol.hr\\\/#\\\/schema\\\/person\\\/f3d1dc228981eca5894740a7ccd795df\"},\"headline\":\"\u017dELJKO SENE\u010cI\u0106\",\"datePublished\":\"2023-09-20T20:48:42+00:00\",\"dateModified\":\"2024-02-27T11:16:42+00:00\",\"mainEntityOfPage\":{\"@id\":\"https:\\\/\\\/galerijakaptol.hr\\\/index.php\\\/2023\\\/09\\\/20\\\/zeljko-senecic\\\/\"},\"wordCount\":113,\"publisher\":{\"@id\":\"https:\\\/\\\/galerijakaptol.hr\\\/#organization\"},\"image\":{\"@id\":\"https:\\\/\\\/galerijakaptol.hr\\\/index.php\\\/2023\\\/09\\\/20\\\/zeljko-senecic\\\/#primaryimage\"},\"thumbnailUrl\":\"https:\\\/\\\/galerijakaptol.hr\\\/wp-content\\\/uploads\\\/2023\\\/09\\\/ZELJKO-SENECIC-Pogled-s-Dolca.jpg\",\"articleSection\":[\"Blog\"],\"inLanguage\":\"hr\"},{\"@type\":\"WebPage\",\"@id\":\"https:\\\/\\\/galerijakaptol.hr\\\/index.php\\\/2023\\\/09\\\/20\\\/zeljko-senecic\\\/\",\"url\":\"https:\\\/\\\/galerijakaptol.hr\\\/index.php\\\/2023\\\/09\\\/20\\\/zeljko-senecic\\\/\",\"name\":\"\u017dELJKO SENE\u010cI\u0106 - Galerija umjetnina\",\"isPartOf\":{\"@id\":\"https:\\\/\\\/galerijakaptol.hr\\\/#website\"},\"primaryImageOfPage\":{\"@id\":\"https:\\\/\\\/galerijakaptol.hr\\\/index.php\\\/2023\\\/09\\\/20\\\/zeljko-senecic\\\/#primaryimage\"},\"image\":{\"@id\":\"https:\\\/\\\/galerijakaptol.hr\\\/index.php\\\/2023\\\/09\\\/20\\\/zeljko-senecic\\\/#primaryimage\"},\"thumbnailUrl\":\"https:\\\/\\\/galerijakaptol.hr\\\/wp-content\\\/uploads\\\/2023\\\/09\\\/ZELJKO-SENECIC-Pogled-s-Dolca.jpg\",\"datePublished\":\"2023-09-20T20:48:42+00:00\",\"dateModified\":\"2024-02-27T11:16:42+00:00\",\"description\":\"Hrvatski\u00a0slikar, filmski scenograf i redatelj\u00a0(Zagreb,\u00a018.\u00a0I.\u00a01933\u00a0\u2013\u00a0Zagreb,\u00a02.\u00a0I.\u00a02018). U Zagrebu diplomirao slikarstvo na Akademiji likovnih umjetnosti (M. Detoni) 1956. te scenografiju na Kazali\u0161noj akademiji 1960. Bio je suradnik Majstorske radionice K. Hegedu\u0161i\u0107a (1956\u201360). Prete\u017eno tehnikom ulja na platnu ili staklu slikao lirske vizije gradova, osobito Zagreba, prizore iz cirkusa i likove klaunova (ciklusi\u00a0Moj grad,\u00a01988;\u00a0Sene\u010di\u0107eve vedute,\u00a02003). Sna\u017enim kontrastima tamnih i svijetlih boja te nagla\u0161enim crte\u017eom postizao dramati\u010dnost i ekspresivnost.\u00a0\",\"breadcrumb\":{\"@id\":\"https:\\\/\\\/galerijakaptol.hr\\\/index.php\\\/2023\\\/09\\\/20\\\/zeljko-senecic\\\/#breadcrumb\"},\"inLanguage\":\"hr\",\"potentialAction\":[{\"@type\":\"ReadAction\",\"target\":[\"https:\\\/\\\/galerijakaptol.hr\\\/index.php\\\/2023\\\/09\\\/20\\\/zeljko-senecic\\\/\"]}]},{\"@type\":\"ImageObject\",\"inLanguage\":\"hr\",\"@id\":\"https:\\\/\\\/galerijakaptol.hr\\\/index.php\\\/2023\\\/09\\\/20\\\/zeljko-senecic\\\/#primaryimage\",\"url\":\"https:\\\/\\\/galerijakaptol.hr\\\/wp-content\\\/uploads\\\/2023\\\/09\\\/ZELJKO-SENECIC-Pogled-s-Dolca.jpg\",\"contentUrl\":\"https:\\\/\\\/galerijakaptol.hr\\\/wp-content\\\/uploads\\\/2023\\\/09\\\/ZELJKO-SENECIC-Pogled-s-Dolca.jpg\",\"width\":624,\"height\":469,\"caption\":\"Pogled s Dolca Tehnika: ulje na platnu Dimenzije: 75x95 cm\"},{\"@type\":\"BreadcrumbList\",\"@id\":\"https:\\\/\\\/galerijakaptol.hr\\\/index.php\\\/2023\\\/09\\\/20\\\/zeljko-senecic\\\/#breadcrumb\",\"itemListElement\":[{\"@type\":\"ListItem\",\"position\":1,\"name\":\"Po\u010detna stranica\",\"item\":\"https:\\\/\\\/galerijakaptol.hr\\\/\"},{\"@type\":\"ListItem\",\"position\":2,\"name\":\"\u017dELJKO SENE\u010cI\u0106\"}]},{\"@type\":\"WebSite\",\"@id\":\"https:\\\/\\\/galerijakaptol.hr\\\/#website\",\"url\":\"https:\\\/\\\/galerijakaptol.hr\\\/\",\"name\":\"Galerija umjetnina\",\"description\":\"\",\"publisher\":{\"@id\":\"https:\\\/\\\/galerijakaptol.hr\\\/#organization\"},\"potentialAction\":[{\"@type\":\"SearchAction\",\"target\":{\"@type\":\"EntryPoint\",\"urlTemplate\":\"https:\\\/\\\/galerijakaptol.hr\\\/?s={search_term_string}\"},\"query-input\":{\"@type\":\"PropertyValueSpecification\",\"valueRequired\":true,\"valueName\":\"search_term_string\"}}],\"inLanguage\":\"hr\"},{\"@type\":\"Organization\",\"@id\":\"https:\\\/\\\/galerijakaptol.hr\\\/#organization\",\"name\":\"Galerija umjetnina\",\"url\":\"https:\\\/\\\/galerijakaptol.hr\\\/\",\"logo\":{\"@type\":\"ImageObject\",\"inLanguage\":\"hr\",\"@id\":\"https:\\\/\\\/galerijakaptol.hr\\\/#\\\/schema\\\/logo\\\/image\\\/\",\"url\":\"https:\\\/\\\/galerijakaptol.hr\\\/wp-content\\\/uploads\\\/2023\\\/09\\\/logo-Kaptol-Galerija.png\",\"contentUrl\":\"https:\\\/\\\/galerijakaptol.hr\\\/wp-content\\\/uploads\\\/2023\\\/09\\\/logo-Kaptol-Galerija.png\",\"width\":342,\"height\":72,\"caption\":\"Galerija umjetnina\"},\"image\":{\"@id\":\"https:\\\/\\\/galerijakaptol.hr\\\/#\\\/schema\\\/logo\\\/image\\\/\"}},{\"@type\":\"Person\",\"@id\":\"https:\\\/\\\/galerijakaptol.hr\\\/#\\\/schema\\\/person\\\/f3d1dc228981eca5894740a7ccd795df\",\"name\":\"admin\",\"sameAs\":[\"https:\\\/\\\/galerijakaptol.hr\"],\"url\":\"https:\\\/\\\/galerijakaptol.hr\\\/index.php\\\/author\\\/admin_gk\\\/\"}]}<\/script>\n<!-- \/ Yoast SEO plugin. -->","yoast_head_json":{"title":"\u017dELJKO SENE\u010cI\u0106 - Galerija umjetnina","description":"Hrvatski\u00a0slikar, filmski scenograf i redatelj\u00a0(Zagreb,\u00a018.\u00a0I.\u00a01933\u00a0\u2013\u00a0Zagreb,\u00a02.\u00a0I.\u00a02018). U Zagrebu diplomirao slikarstvo na Akademiji likovnih umjetnosti (M. Detoni) 1956. te scenografiju na Kazali\u0161noj akademiji 1960. Bio je suradnik Majstorske radionice K. Hegedu\u0161i\u0107a (1956\u201360). Prete\u017eno tehnikom ulja na platnu ili staklu slikao lirske vizije gradova, osobito Zagreba, prizore iz cirkusa i likove klaunova (ciklusi\u00a0Moj grad,\u00a01988;\u00a0Sene\u010di\u0107eve vedute,\u00a02003). Sna\u017enim kontrastima tamnih i svijetlih boja te nagla\u0161enim crte\u017eom postizao dramati\u010dnost i ekspresivnost.\u00a0","robots":{"index":"index","follow":"follow","max-snippet":"max-snippet:-1","max-image-preview":"max-image-preview:large","max-video-preview":"max-video-preview:-1"},"canonical":"https:\/\/galerijakaptol.hr\/index.php\/2023\/09\/20\/zeljko-senecic\/","og_locale":"hr_HR","og_type":"article","og_title":"\u017dELJKO SENE\u010cI\u0106 - Galerija umjetnina","og_description":"Hrvatski\u00a0slikar, filmski scenograf i redatelj\u00a0(Zagreb,\u00a018.\u00a0I.\u00a01933\u00a0\u2013\u00a0Zagreb,\u00a02.\u00a0I.\u00a02018). U Zagrebu diplomirao slikarstvo na Akademiji likovnih umjetnosti (M. Detoni) 1956. te scenografiju na Kazali\u0161noj akademiji 1960. Bio je suradnik Majstorske radionice K. Hegedu\u0161i\u0107a (1956\u201360). Prete\u017eno tehnikom ulja na platnu ili staklu slikao lirske vizije gradova, osobito Zagreba, prizore iz cirkusa i likove klaunova (ciklusi\u00a0Moj grad,\u00a01988;\u00a0Sene\u010di\u0107eve vedute,\u00a02003). Sna\u017enim kontrastima tamnih i svijetlih boja te nagla\u0161enim crte\u017eom postizao dramati\u010dnost i ekspresivnost.\u00a0","og_url":"https:\/\/galerijakaptol.hr\/index.php\/2023\/09\/20\/zeljko-senecic\/","og_site_name":"Galerija umjetnina","article_published_time":"2023-09-20T20:48:42+00:00","article_modified_time":"2024-02-27T11:16:42+00:00","og_image":[{"width":624,"height":469,"url":"https:\/\/galerijakaptol.hr\/wp-content\/uploads\/2023\/09\/ZELJKO-SENECIC-Pogled-s-Dolca.jpg","type":"image\/jpeg"}],"author":"admin","twitter_card":"summary_large_image","twitter_misc":{"Napisao\/la":"admin","Procijenjeno vrijeme \u010ditanja":"1 minuta"},"schema":{"@context":"https:\/\/schema.org","@graph":[{"@type":"Article","@id":"https:\/\/galerijakaptol.hr\/index.php\/2023\/09\/20\/zeljko-senecic\/#article","isPartOf":{"@id":"https:\/\/galerijakaptol.hr\/index.php\/2023\/09\/20\/zeljko-senecic\/"},"author":{"name":"admin","@id":"https:\/\/galerijakaptol.hr\/#\/schema\/person\/f3d1dc228981eca5894740a7ccd795df"},"headline":"\u017dELJKO SENE\u010cI\u0106","datePublished":"2023-09-20T20:48:42+00:00","dateModified":"2024-02-27T11:16:42+00:00","mainEntityOfPage":{"@id":"https:\/\/galerijakaptol.hr\/index.php\/2023\/09\/20\/zeljko-senecic\/"},"wordCount":113,"publisher":{"@id":"https:\/\/galerijakaptol.hr\/#organization"},"image":{"@id":"https:\/\/galerijakaptol.hr\/index.php\/2023\/09\/20\/zeljko-senecic\/#primaryimage"},"thumbnailUrl":"https:\/\/galerijakaptol.hr\/wp-content\/uploads\/2023\/09\/ZELJKO-SENECIC-Pogled-s-Dolca.jpg","articleSection":["Blog"],"inLanguage":"hr"},{"@type":"WebPage","@id":"https:\/\/galerijakaptol.hr\/index.php\/2023\/09\/20\/zeljko-senecic\/","url":"https:\/\/galerijakaptol.hr\/index.php\/2023\/09\/20\/zeljko-senecic\/","name":"\u017dELJKO SENE\u010cI\u0106 - Galerija umjetnina","isPartOf":{"@id":"https:\/\/galerijakaptol.hr\/#website"},"primaryImageOfPage":{"@id":"https:\/\/galerijakaptol.hr\/index.php\/2023\/09\/20\/zeljko-senecic\/#primaryimage"},"image":{"@id":"https:\/\/galerijakaptol.hr\/index.php\/2023\/09\/20\/zeljko-senecic\/#primaryimage"},"thumbnailUrl":"https:\/\/galerijakaptol.hr\/wp-content\/uploads\/2023\/09\/ZELJKO-SENECIC-Pogled-s-Dolca.jpg","datePublished":"2023-09-20T20:48:42+00:00","dateModified":"2024-02-27T11:16:42+00:00","description":"Hrvatski\u00a0slikar, filmski scenograf i redatelj\u00a0(Zagreb,\u00a018.\u00a0I.\u00a01933\u00a0\u2013\u00a0Zagreb,\u00a02.\u00a0I.\u00a02018). U Zagrebu diplomirao slikarstvo na Akademiji likovnih umjetnosti (M. Detoni) 1956. te scenografiju na Kazali\u0161noj akademiji 1960. Bio je suradnik Majstorske radionice K. Hegedu\u0161i\u0107a (1956\u201360). Prete\u017eno tehnikom ulja na platnu ili staklu slikao lirske vizije gradova, osobito Zagreba, prizore iz cirkusa i likove klaunova (ciklusi\u00a0Moj grad,\u00a01988;\u00a0Sene\u010di\u0107eve vedute,\u00a02003). Sna\u017enim kontrastima tamnih i svijetlih boja te nagla\u0161enim crte\u017eom postizao dramati\u010dnost i ekspresivnost.\u00a0","breadcrumb":{"@id":"https:\/\/galerijakaptol.hr\/index.php\/2023\/09\/20\/zeljko-senecic\/#breadcrumb"},"inLanguage":"hr","potentialAction":[{"@type":"ReadAction","target":["https:\/\/galerijakaptol.hr\/index.php\/2023\/09\/20\/zeljko-senecic\/"]}]},{"@type":"ImageObject","inLanguage":"hr","@id":"https:\/\/galerijakaptol.hr\/index.php\/2023\/09\/20\/zeljko-senecic\/#primaryimage","url":"https:\/\/galerijakaptol.hr\/wp-content\/uploads\/2023\/09\/ZELJKO-SENECIC-Pogled-s-Dolca.jpg","contentUrl":"https:\/\/galerijakaptol.hr\/wp-content\/uploads\/2023\/09\/ZELJKO-SENECIC-Pogled-s-Dolca.jpg","width":624,"height":469,"caption":"Pogled s Dolca Tehnika: ulje na platnu Dimenzije: 75x95 cm"},{"@type":"BreadcrumbList","@id":"https:\/\/galerijakaptol.hr\/index.php\/2023\/09\/20\/zeljko-senecic\/#breadcrumb","itemListElement":[{"@type":"ListItem","position":1,"name":"Po\u010detna stranica","item":"https:\/\/galerijakaptol.hr\/"},{"@type":"ListItem","position":2,"name":"\u017dELJKO SENE\u010cI\u0106"}]},{"@type":"WebSite","@id":"https:\/\/galerijakaptol.hr\/#website","url":"https:\/\/galerijakaptol.hr\/","name":"Galerija umjetnina","description":"","publisher":{"@id":"https:\/\/galerijakaptol.hr\/#organization"},"potentialAction":[{"@type":"SearchAction","target":{"@type":"EntryPoint","urlTemplate":"https:\/\/galerijakaptol.hr\/?s={search_term_string}"},"query-input":{"@type":"PropertyValueSpecification","valueRequired":true,"valueName":"search_term_string"}}],"inLanguage":"hr"},{"@type":"Organization","@id":"https:\/\/galerijakaptol.hr\/#organization","name":"Galerija umjetnina","url":"https:\/\/galerijakaptol.hr\/","logo":{"@type":"ImageObject","inLanguage":"hr","@id":"https:\/\/galerijakaptol.hr\/#\/schema\/logo\/image\/","url":"https:\/\/galerijakaptol.hr\/wp-content\/uploads\/2023\/09\/logo-Kaptol-Galerija.png","contentUrl":"https:\/\/galerijakaptol.hr\/wp-content\/uploads\/2023\/09\/logo-Kaptol-Galerija.png","width":342,"height":72,"caption":"Galerija umjetnina"},"image":{"@id":"https:\/\/galerijakaptol.hr\/#\/schema\/logo\/image\/"}},{"@type":"Person","@id":"https:\/\/galerijakaptol.hr\/#\/schema\/person\/f3d1dc228981eca5894740a7ccd795df","name":"admin","sameAs":["https:\/\/galerijakaptol.hr"],"url":"https:\/\/galerijakaptol.hr\/index.php\/author\/admin_gk\/"}]}},"jetpack_featured_media_url":"https:\/\/galerijakaptol.hr\/wp-content\/uploads\/2023\/09\/ZELJKO-SENECIC-Pogled-s-Dolca.jpg","jetpack_sharing_enabled":true,"_links":{"self":[{"href":"https:\/\/galerijakaptol.hr\/index.php\/wp-json\/wp\/v2\/posts\/800","targetHints":{"allow":["GET"]}}],"collection":[{"href":"https:\/\/galerijakaptol.hr\/index.php\/wp-json\/wp\/v2\/posts"}],"about":[{"href":"https:\/\/galerijakaptol.hr\/index.php\/wp-json\/wp\/v2\/types\/post"}],"author":[{"embeddable":true,"href":"https:\/\/galerijakaptol.hr\/index.php\/wp-json\/wp\/v2\/users\/1"}],"replies":[{"embeddable":true,"href":"https:\/\/galerijakaptol.hr\/index.php\/wp-json\/wp\/v2\/comments?post=800"}],"version-history":[{"count":4,"href":"https:\/\/galerijakaptol.hr\/index.php\/wp-json\/wp\/v2\/posts\/800\/revisions"}],"predecessor-version":[{"id":1241,"href":"https:\/\/galerijakaptol.hr\/index.php\/wp-json\/wp\/v2\/posts\/800\/revisions\/1241"}],"wp:featuredmedia":[{"embeddable":true,"href":"https:\/\/galerijakaptol.hr\/index.php\/wp-json\/wp\/v2\/media\/801"}],"wp:attachment":[{"href":"https:\/\/galerijakaptol.hr\/index.php\/wp-json\/wp\/v2\/media?parent=800"}],"wp:term":[{"taxonomy":"category","embeddable":true,"href":"https:\/\/galerijakaptol.hr\/index.php\/wp-json\/wp\/v2\/categories?post=800"},{"taxonomy":"post_tag","embeddable":true,"href":"https:\/\/galerijakaptol.hr\/index.php\/wp-json\/wp\/v2\/tags?post=800"}],"curies":[{"name":"wp","href":"https:\/\/api.w.org\/{rel}","templated":true}]}}