{"id":85,"date":"2023-09-10T17:04:11","date_gmt":"2023-09-10T17:04:11","guid":{"rendered":"https:\/\/galerijakaptol.hr\/?p=85"},"modified":"2023-10-05T08:29:43","modified_gmt":"2023-10-05T08:29:43","slug":"duje-juric","status":"publish","type":"post","link":"https:\/\/galerijakaptol.hr\/index.php\/2023\/09\/10\/duje-juric\/","title":{"rendered":"DUJE JURI\u0106"},"content":{"rendered":"<p style=\"text-align: justify;\"><span style=\"font-family: 'Open Sans',sans-serif; color: #77777e;\">Ro\u0111en na dana\u0161nji dan (18.04.) 1956., suvremeni slikar poznat po svojim geometrijskim motivima,\u00a0apstraktnim i minimalisti\u010dkim tendencijama. Diplomirao je 1981. godine na Odsjeku za\u00a0slikarstvo Akademije likovnih umjetnosti u Zagrebu, u klasi prof. Vasilija Jordana. Od 1982.\u00a0do 1985.bio je suradnik majstorske radionice prof. Ljube Ivan\u010di\u0107a i Nikole Reisera. Nakon\u00a0studija\u00a0radi i djeluje kao slobodni umjetnik, a od 1984. bilje\u017ei i prve samostalne izlo\u017ebe u\u00a0zemlji i inozemstvu.<\/span><\/p>\n<p style=\"text-align: justify;\"><span style=\"font-family: 'Open Sans',sans-serif; color: #77777e;\">Djueluje i kao Kniferov asistent, ali za razliku od svog mentora koristi \u017earke boje u svojim\u00a0geometrijskim slikama.<\/span><\/p>\n<p style=\"text-align: justify;\"><span style=\"font-family: 'Open Sans',sans-serif; color: #77777e;\">Od 2000. godine radi kao docent, a potom kao izvanredni i redovni profesor na ALU u\u00a0Zagrebu.<\/span><\/p>\n<p style=\"text-align: justify;\"><span style=\"font-family: 'Open Sans',sans-serif; color: #77777e;\">Tijekom vi\u0161e od trideset godina umjetni\u010dke prakse Juri\u0107 je izlagao na preko osamdeset\u00a0samostalnih i sudjelovao u vi\u0161e od stotinu i pedeset skupnih izlo\u017eaba u zemlji i u inozemstvu.<\/span><\/p>\n<p style=\"text-align: justify;\"><span style=\"font-family: 'Open Sans',sans-serif; color: #77777e;\">Autor je brojnih akcija i umjetni\u010dkih projekata, me\u0111u kojima se isti\u010du njegovi ambijenti\u00a0(svjetlosne instalacije) i scenografsko-slikarski radovi u okviru projekata \u201eKugla glumi\u0161ta\u201d.<\/span><\/p>\n<p style=\"text-align: justify;\"><span style=\"font-family: 'Open Sans',sans-serif; color: #77777e;\">Boravio je na brojnim studijskim putovanjima u Francuskoj, Njema\u010dkoj, Engleskoj, Italiji,\u00a0Albaniji, \u0160panjolskoj, Poljskoj, SAD-u, Ma\u0111arskoj, \u010ce\u0161koj, \u0160vicarskoj, Sloveniji, Egiptu,\u00a0Indiji\u2026<\/span><\/p>\n<p style=\"text-align: justify;\"><span style=\"font-family: 'Open Sans',sans-serif; color: #77777e;\">2020.\/2021. Juri\u0107 izla\u017ee u MSU &#8216;Mre\u017ea oprostorene slike&#8217; i u Laubi.\u00a0<\/span><\/p>\n<div id='gallery-1' class='gallery galleryid-85 gallery-columns-3 gallery-size-full'><figure class='gallery-item'>\n\t\t\t<div class='gallery-icon portrait'>\n\t\t\t\t<a href='https:\/\/galerijakaptol.hr\/index.php\/2023\/09\/10\/duje-juric\/duje-juric-1\/'><img loading=\"lazy\" decoding=\"async\" width=\"1073\" height=\"1430\" src=\"https:\/\/galerijakaptol.hr\/wp-content\/uploads\/2023\/09\/Duje-Juric-1.jpg\" class=\"attachment-full size-full\" alt=\"\" srcset=\"https:\/\/galerijakaptol.hr\/wp-content\/uploads\/2023\/09\/Duje-Juric-1.jpg 1073w, https:\/\/galerijakaptol.hr\/wp-content\/uploads\/2023\/09\/Duje-Juric-1-225x300.jpg 225w, https:\/\/galerijakaptol.hr\/wp-content\/uploads\/2023\/09\/Duje-Juric-1-768x1024.jpg 768w\" sizes=\"auto, (max-width: 1073px) 100vw, 1073px\" \/><\/a>\n\t\t\t<\/div><\/figure><figure class='gallery-item'>\n\t\t\t<div class='gallery-icon landscape'>\n\t\t\t\t<a href='https:\/\/galerijakaptol.hr\/index.php\/2023\/09\/10\/duje-juric\/duje-juric-2\/'><img loading=\"lazy\" decoding=\"async\" width=\"624\" height=\"527\" src=\"https:\/\/galerijakaptol.hr\/wp-content\/uploads\/2023\/09\/Duje-Juric-2.jpg\" class=\"attachment-full size-full\" alt=\"\" srcset=\"https:\/\/galerijakaptol.hr\/wp-content\/uploads\/2023\/09\/Duje-Juric-2.jpg 624w, https:\/\/galerijakaptol.hr\/wp-content\/uploads\/2023\/09\/Duje-Juric-2-300x253.jpg 300w\" sizes=\"auto, (max-width: 624px) 100vw, 624px\" \/><\/a>\n\t\t\t<\/div><\/figure>\n\t\t<\/div>\n\n","protected":false},"excerpt":{"rendered":"<p>Ro\u0111en na dana\u0161nji dan (18.04.) 1956., suvremeni slikar poznat po svojim geometrijskim motivima,\u00a0apstraktnim i minimalisti\u010dkim tendencijama. Diplomirao je 1981. godine na Odsjeku za\u00a0slikarstvo Akademije likovnih umjetnosti u Zagrebu, u klasi prof. Vasilija Jordana. Od 1982.\u00a0do 1985.bio je suradnik majstorske radionice prof. Ljube Ivan\u010di\u0107a i Nikole Reisera. Nakon\u00a0studija\u00a0radi i djeluje kao slobodni umjetnik, a od 1984. [&hellip;]<\/p>\n","protected":false},"author":1,"featured_media":86,"comment_status":"closed","ping_status":"open","sticky":false,"template":"single-no-separators","format":"standard","meta":{"_jetpack_memberships_contains_paid_content":false,"footnotes":""},"categories":[1],"tags":[],"class_list":["post-85","post","type-post","status-publish","format-standard","has-post-thumbnail","hentry","category-uncategorized"],"yoast_head":"<!-- This site is optimized with the Yoast SEO plugin v27.5 - https:\/\/yoast.com\/product\/yoast-seo-wordpress\/ -->\n<title>DUJE JURI\u0106 - Galerija umjetnina<\/title>\n<meta name=\"robots\" content=\"index, follow, max-snippet:-1, max-image-preview:large, max-video-preview:-1\" \/>\n<link rel=\"canonical\" href=\"https:\/\/galerijakaptol.hr\/index.php\/2023\/09\/10\/duje-juric\/\" \/>\n<meta property=\"og:locale\" content=\"hr_HR\" \/>\n<meta property=\"og:type\" content=\"article\" \/>\n<meta property=\"og:title\" content=\"DUJE JURI\u0106 - Galerija umjetnina\" \/>\n<meta property=\"og:description\" content=\"Ro\u0111en na dana\u0161nji dan (18.04.) 1956., suvremeni slikar poznat po svojim geometrijskim motivima,\u00a0apstraktnim i minimalisti\u010dkim tendencijama. Diplomirao je 1981. godine na Odsjeku za\u00a0slikarstvo Akademije likovnih umjetnosti u Zagrebu, u klasi prof. Vasilija Jordana. Od 1982.\u00a0do 1985.bio je suradnik majstorske radionice prof. Ljube Ivan\u010di\u0107a i Nikole Reisera. Nakon\u00a0studija\u00a0radi i djeluje kao slobodni umjetnik, a od 1984. [&hellip;]\" \/>\n<meta property=\"og:url\" content=\"https:\/\/galerijakaptol.hr\/index.php\/2023\/09\/10\/duje-juric\/\" \/>\n<meta property=\"og:site_name\" content=\"Galerija umjetnina\" \/>\n<meta property=\"article:published_time\" content=\"2023-09-10T17:04:11+00:00\" \/>\n<meta property=\"article:modified_time\" content=\"2023-10-05T08:29:43+00:00\" \/>\n<meta property=\"og:image\" content=\"https:\/\/galerijakaptol.hr\/wp-content\/uploads\/2023\/09\/Duje-Juric-1.jpg\" \/>\n\t<meta property=\"og:image:width\" content=\"1073\" \/>\n\t<meta property=\"og:image:height\" content=\"1430\" \/>\n\t<meta property=\"og:image:type\" content=\"image\/jpeg\" \/>\n<meta name=\"author\" content=\"admin\" \/>\n<meta name=\"twitter:card\" content=\"summary_large_image\" \/>\n<meta name=\"twitter:label1\" content=\"Napisao\/la\" \/>\n\t<meta name=\"twitter:data1\" content=\"admin\" \/>\n\t<meta name=\"twitter:label2\" content=\"Procijenjeno vrijeme \u010ditanja\" \/>\n\t<meta name=\"twitter:data2\" content=\"2 minute\" \/>\n<script type=\"application\/ld+json\" class=\"yoast-schema-graph\">{\"@context\":\"https:\\\/\\\/schema.org\",\"@graph\":[{\"@type\":\"Article\",\"@id\":\"https:\\\/\\\/galerijakaptol.hr\\\/index.php\\\/2023\\\/09\\\/10\\\/duje-juric\\\/#article\",\"isPartOf\":{\"@id\":\"https:\\\/\\\/galerijakaptol.hr\\\/index.php\\\/2023\\\/09\\\/10\\\/duje-juric\\\/\"},\"author\":{\"name\":\"admin\",\"@id\":\"https:\\\/\\\/galerijakaptol.hr\\\/#\\\/schema\\\/person\\\/f3d1dc228981eca5894740a7ccd795df\"},\"headline\":\"DUJE JURI\u0106\",\"datePublished\":\"2023-09-10T17:04:11+00:00\",\"dateModified\":\"2023-10-05T08:29:43+00:00\",\"mainEntityOfPage\":{\"@id\":\"https:\\\/\\\/galerijakaptol.hr\\\/index.php\\\/2023\\\/09\\\/10\\\/duje-juric\\\/\"},\"wordCount\":207,\"publisher\":{\"@id\":\"https:\\\/\\\/galerijakaptol.hr\\\/#organization\"},\"image\":{\"@id\":\"https:\\\/\\\/galerijakaptol.hr\\\/index.php\\\/2023\\\/09\\\/10\\\/duje-juric\\\/#primaryimage\"},\"thumbnailUrl\":\"https:\\\/\\\/galerijakaptol.hr\\\/wp-content\\\/uploads\\\/2023\\\/09\\\/Duje-Juric-1.jpg\",\"articleSection\":[\"Blog\"],\"inLanguage\":\"hr\"},{\"@type\":\"WebPage\",\"@id\":\"https:\\\/\\\/galerijakaptol.hr\\\/index.php\\\/2023\\\/09\\\/10\\\/duje-juric\\\/\",\"url\":\"https:\\\/\\\/galerijakaptol.hr\\\/index.php\\\/2023\\\/09\\\/10\\\/duje-juric\\\/\",\"name\":\"DUJE JURI\u0106 - Galerija umjetnina\",\"isPartOf\":{\"@id\":\"https:\\\/\\\/galerijakaptol.hr\\\/#website\"},\"primaryImageOfPage\":{\"@id\":\"https:\\\/\\\/galerijakaptol.hr\\\/index.php\\\/2023\\\/09\\\/10\\\/duje-juric\\\/#primaryimage\"},\"image\":{\"@id\":\"https:\\\/\\\/galerijakaptol.hr\\\/index.php\\\/2023\\\/09\\\/10\\\/duje-juric\\\/#primaryimage\"},\"thumbnailUrl\":\"https:\\\/\\\/galerijakaptol.hr\\\/wp-content\\\/uploads\\\/2023\\\/09\\\/Duje-Juric-1.jpg\",\"datePublished\":\"2023-09-10T17:04:11+00:00\",\"dateModified\":\"2023-10-05T08:29:43+00:00\",\"breadcrumb\":{\"@id\":\"https:\\\/\\\/galerijakaptol.hr\\\/index.php\\\/2023\\\/09\\\/10\\\/duje-juric\\\/#breadcrumb\"},\"inLanguage\":\"hr\",\"potentialAction\":[{\"@type\":\"ReadAction\",\"target\":[\"https:\\\/\\\/galerijakaptol.hr\\\/index.php\\\/2023\\\/09\\\/10\\\/duje-juric\\\/\"]}]},{\"@type\":\"ImageObject\",\"inLanguage\":\"hr\",\"@id\":\"https:\\\/\\\/galerijakaptol.hr\\\/index.php\\\/2023\\\/09\\\/10\\\/duje-juric\\\/#primaryimage\",\"url\":\"https:\\\/\\\/galerijakaptol.hr\\\/wp-content\\\/uploads\\\/2023\\\/09\\\/Duje-Juric-1.jpg\",\"contentUrl\":\"https:\\\/\\\/galerijakaptol.hr\\\/wp-content\\\/uploads\\\/2023\\\/09\\\/Duje-Juric-1.jpg\",\"width\":1073,\"height\":1430},{\"@type\":\"BreadcrumbList\",\"@id\":\"https:\\\/\\\/galerijakaptol.hr\\\/index.php\\\/2023\\\/09\\\/10\\\/duje-juric\\\/#breadcrumb\",\"itemListElement\":[{\"@type\":\"ListItem\",\"position\":1,\"name\":\"Po\u010detna stranica\",\"item\":\"https:\\\/\\\/galerijakaptol.hr\\\/\"},{\"@type\":\"ListItem\",\"position\":2,\"name\":\"DUJE JURI\u0106\"}]},{\"@type\":\"WebSite\",\"@id\":\"https:\\\/\\\/galerijakaptol.hr\\\/#website\",\"url\":\"https:\\\/\\\/galerijakaptol.hr\\\/\",\"name\":\"Galerija umjetnina\",\"description\":\"\",\"publisher\":{\"@id\":\"https:\\\/\\\/galerijakaptol.hr\\\/#organization\"},\"potentialAction\":[{\"@type\":\"SearchAction\",\"target\":{\"@type\":\"EntryPoint\",\"urlTemplate\":\"https:\\\/\\\/galerijakaptol.hr\\\/?s={search_term_string}\"},\"query-input\":{\"@type\":\"PropertyValueSpecification\",\"valueRequired\":true,\"valueName\":\"search_term_string\"}}],\"inLanguage\":\"hr\"},{\"@type\":\"Organization\",\"@id\":\"https:\\\/\\\/galerijakaptol.hr\\\/#organization\",\"name\":\"Galerija umjetnina\",\"url\":\"https:\\\/\\\/galerijakaptol.hr\\\/\",\"logo\":{\"@type\":\"ImageObject\",\"inLanguage\":\"hr\",\"@id\":\"https:\\\/\\\/galerijakaptol.hr\\\/#\\\/schema\\\/logo\\\/image\\\/\",\"url\":\"https:\\\/\\\/galerijakaptol.hr\\\/wp-content\\\/uploads\\\/2023\\\/09\\\/logo-Kaptol-Galerija.png\",\"contentUrl\":\"https:\\\/\\\/galerijakaptol.hr\\\/wp-content\\\/uploads\\\/2023\\\/09\\\/logo-Kaptol-Galerija.png\",\"width\":342,\"height\":72,\"caption\":\"Galerija umjetnina\"},\"image\":{\"@id\":\"https:\\\/\\\/galerijakaptol.hr\\\/#\\\/schema\\\/logo\\\/image\\\/\"}},{\"@type\":\"Person\",\"@id\":\"https:\\\/\\\/galerijakaptol.hr\\\/#\\\/schema\\\/person\\\/f3d1dc228981eca5894740a7ccd795df\",\"name\":\"admin\",\"sameAs\":[\"https:\\\/\\\/galerijakaptol.hr\"],\"url\":\"https:\\\/\\\/galerijakaptol.hr\\\/index.php\\\/author\\\/admin_gk\\\/\"}]}<\/script>\n<!-- \/ Yoast SEO plugin. -->","yoast_head_json":{"title":"DUJE JURI\u0106 - Galerija umjetnina","robots":{"index":"index","follow":"follow","max-snippet":"max-snippet:-1","max-image-preview":"max-image-preview:large","max-video-preview":"max-video-preview:-1"},"canonical":"https:\/\/galerijakaptol.hr\/index.php\/2023\/09\/10\/duje-juric\/","og_locale":"hr_HR","og_type":"article","og_title":"DUJE JURI\u0106 - Galerija umjetnina","og_description":"Ro\u0111en na dana\u0161nji dan (18.04.) 1956., suvremeni slikar poznat po svojim geometrijskim motivima,\u00a0apstraktnim i minimalisti\u010dkim tendencijama. Diplomirao je 1981. godine na Odsjeku za\u00a0slikarstvo Akademije likovnih umjetnosti u Zagrebu, u klasi prof. Vasilija Jordana. Od 1982.\u00a0do 1985.bio je suradnik majstorske radionice prof. Ljube Ivan\u010di\u0107a i Nikole Reisera. Nakon\u00a0studija\u00a0radi i djeluje kao slobodni umjetnik, a od 1984. [&hellip;]","og_url":"https:\/\/galerijakaptol.hr\/index.php\/2023\/09\/10\/duje-juric\/","og_site_name":"Galerija umjetnina","article_published_time":"2023-09-10T17:04:11+00:00","article_modified_time":"2023-10-05T08:29:43+00:00","og_image":[{"width":1073,"height":1430,"url":"https:\/\/galerijakaptol.hr\/wp-content\/uploads\/2023\/09\/Duje-Juric-1.jpg","type":"image\/jpeg"}],"author":"admin","twitter_card":"summary_large_image","twitter_misc":{"Napisao\/la":"admin","Procijenjeno vrijeme \u010ditanja":"2 minute"},"schema":{"@context":"https:\/\/schema.org","@graph":[{"@type":"Article","@id":"https:\/\/galerijakaptol.hr\/index.php\/2023\/09\/10\/duje-juric\/#article","isPartOf":{"@id":"https:\/\/galerijakaptol.hr\/index.php\/2023\/09\/10\/duje-juric\/"},"author":{"name":"admin","@id":"https:\/\/galerijakaptol.hr\/#\/schema\/person\/f3d1dc228981eca5894740a7ccd795df"},"headline":"DUJE JURI\u0106","datePublished":"2023-09-10T17:04:11+00:00","dateModified":"2023-10-05T08:29:43+00:00","mainEntityOfPage":{"@id":"https:\/\/galerijakaptol.hr\/index.php\/2023\/09\/10\/duje-juric\/"},"wordCount":207,"publisher":{"@id":"https:\/\/galerijakaptol.hr\/#organization"},"image":{"@id":"https:\/\/galerijakaptol.hr\/index.php\/2023\/09\/10\/duje-juric\/#primaryimage"},"thumbnailUrl":"https:\/\/galerijakaptol.hr\/wp-content\/uploads\/2023\/09\/Duje-Juric-1.jpg","articleSection":["Blog"],"inLanguage":"hr"},{"@type":"WebPage","@id":"https:\/\/galerijakaptol.hr\/index.php\/2023\/09\/10\/duje-juric\/","url":"https:\/\/galerijakaptol.hr\/index.php\/2023\/09\/10\/duje-juric\/","name":"DUJE JURI\u0106 - Galerija umjetnina","isPartOf":{"@id":"https:\/\/galerijakaptol.hr\/#website"},"primaryImageOfPage":{"@id":"https:\/\/galerijakaptol.hr\/index.php\/2023\/09\/10\/duje-juric\/#primaryimage"},"image":{"@id":"https:\/\/galerijakaptol.hr\/index.php\/2023\/09\/10\/duje-juric\/#primaryimage"},"thumbnailUrl":"https:\/\/galerijakaptol.hr\/wp-content\/uploads\/2023\/09\/Duje-Juric-1.jpg","datePublished":"2023-09-10T17:04:11+00:00","dateModified":"2023-10-05T08:29:43+00:00","breadcrumb":{"@id":"https:\/\/galerijakaptol.hr\/index.php\/2023\/09\/10\/duje-juric\/#breadcrumb"},"inLanguage":"hr","potentialAction":[{"@type":"ReadAction","target":["https:\/\/galerijakaptol.hr\/index.php\/2023\/09\/10\/duje-juric\/"]}]},{"@type":"ImageObject","inLanguage":"hr","@id":"https:\/\/galerijakaptol.hr\/index.php\/2023\/09\/10\/duje-juric\/#primaryimage","url":"https:\/\/galerijakaptol.hr\/wp-content\/uploads\/2023\/09\/Duje-Juric-1.jpg","contentUrl":"https:\/\/galerijakaptol.hr\/wp-content\/uploads\/2023\/09\/Duje-Juric-1.jpg","width":1073,"height":1430},{"@type":"BreadcrumbList","@id":"https:\/\/galerijakaptol.hr\/index.php\/2023\/09\/10\/duje-juric\/#breadcrumb","itemListElement":[{"@type":"ListItem","position":1,"name":"Po\u010detna stranica","item":"https:\/\/galerijakaptol.hr\/"},{"@type":"ListItem","position":2,"name":"DUJE JURI\u0106"}]},{"@type":"WebSite","@id":"https:\/\/galerijakaptol.hr\/#website","url":"https:\/\/galerijakaptol.hr\/","name":"Galerija umjetnina","description":"","publisher":{"@id":"https:\/\/galerijakaptol.hr\/#organization"},"potentialAction":[{"@type":"SearchAction","target":{"@type":"EntryPoint","urlTemplate":"https:\/\/galerijakaptol.hr\/?s={search_term_string}"},"query-input":{"@type":"PropertyValueSpecification","valueRequired":true,"valueName":"search_term_string"}}],"inLanguage":"hr"},{"@type":"Organization","@id":"https:\/\/galerijakaptol.hr\/#organization","name":"Galerija umjetnina","url":"https:\/\/galerijakaptol.hr\/","logo":{"@type":"ImageObject","inLanguage":"hr","@id":"https:\/\/galerijakaptol.hr\/#\/schema\/logo\/image\/","url":"https:\/\/galerijakaptol.hr\/wp-content\/uploads\/2023\/09\/logo-Kaptol-Galerija.png","contentUrl":"https:\/\/galerijakaptol.hr\/wp-content\/uploads\/2023\/09\/logo-Kaptol-Galerija.png","width":342,"height":72,"caption":"Galerija umjetnina"},"image":{"@id":"https:\/\/galerijakaptol.hr\/#\/schema\/logo\/image\/"}},{"@type":"Person","@id":"https:\/\/galerijakaptol.hr\/#\/schema\/person\/f3d1dc228981eca5894740a7ccd795df","name":"admin","sameAs":["https:\/\/galerijakaptol.hr"],"url":"https:\/\/galerijakaptol.hr\/index.php\/author\/admin_gk\/"}]}},"jetpack_featured_media_url":"https:\/\/galerijakaptol.hr\/wp-content\/uploads\/2023\/09\/Duje-Juric-1.jpg","jetpack_sharing_enabled":true,"_links":{"self":[{"href":"https:\/\/galerijakaptol.hr\/index.php\/wp-json\/wp\/v2\/posts\/85","targetHints":{"allow":["GET"]}}],"collection":[{"href":"https:\/\/galerijakaptol.hr\/index.php\/wp-json\/wp\/v2\/posts"}],"about":[{"href":"https:\/\/galerijakaptol.hr\/index.php\/wp-json\/wp\/v2\/types\/post"}],"author":[{"embeddable":true,"href":"https:\/\/galerijakaptol.hr\/index.php\/wp-json\/wp\/v2\/users\/1"}],"replies":[{"embeddable":true,"href":"https:\/\/galerijakaptol.hr\/index.php\/wp-json\/wp\/v2\/comments?post=85"}],"version-history":[{"count":2,"href":"https:\/\/galerijakaptol.hr\/index.php\/wp-json\/wp\/v2\/posts\/85\/revisions"}],"predecessor-version":[{"id":94,"href":"https:\/\/galerijakaptol.hr\/index.php\/wp-json\/wp\/v2\/posts\/85\/revisions\/94"}],"wp:featuredmedia":[{"embeddable":true,"href":"https:\/\/galerijakaptol.hr\/index.php\/wp-json\/wp\/v2\/media\/86"}],"wp:attachment":[{"href":"https:\/\/galerijakaptol.hr\/index.php\/wp-json\/wp\/v2\/media?parent=85"}],"wp:term":[{"taxonomy":"category","embeddable":true,"href":"https:\/\/galerijakaptol.hr\/index.php\/wp-json\/wp\/v2\/categories?post=85"},{"taxonomy":"post_tag","embeddable":true,"href":"https:\/\/galerijakaptol.hr\/index.php\/wp-json\/wp\/v2\/tags?post=85"}],"curies":[{"name":"wp","href":"https:\/\/api.w.org\/{rel}","templated":true}]}}