{"id":95,"date":"2023-09-10T17:29:12","date_gmt":"2023-09-10T17:29:12","guid":{"rendered":"https:\/\/galerijakaptol.hr\/?p=95"},"modified":"2023-09-10T17:29:12","modified_gmt":"2023-09-10T17:29:12","slug":"umjetnicko-stvaralastvo-aleksandra-bezinovica","status":"publish","type":"post","link":"https:\/\/galerijakaptol.hr\/index.php\/2023\/09\/10\/umjetnicko-stvaralastvo-aleksandra-bezinovica\/","title":{"rendered":"UMJETNI\u010cKO STVARALA\u0160TVO ALEKSANDRA BEZINOVI\u0106A"},"content":{"rendered":"<p><img loading=\"lazy\" decoding=\"async\" class=\"aligncenter wp-image-97 size-full\" src=\"https:\/\/galerijakaptol.hr\/wp-content\/uploads\/2023\/09\/Aleksandar-Bezinovic-1.jpg\" alt=\"\" width=\"624\" height=\"408\" srcset=\"https:\/\/galerijakaptol.hr\/wp-content\/uploads\/2023\/09\/Aleksandar-Bezinovic-1.jpg 624w, https:\/\/galerijakaptol.hr\/wp-content\/uploads\/2023\/09\/Aleksandar-Bezinovic-1-300x196.jpg 300w\" sizes=\"auto, (max-width: 624px) 100vw, 624px\" \/><\/p>\n<p style=\"text-align: center;\"><span style=\"font-family: 'Open Sans',sans-serif; color: #77777e;\">\u00a0 Foto album: A. Bezinovi\u0107<\/span><\/p>\n<p style=\"text-align: justify;\"><span style=\"font-family: 'Open Sans',sans-serif; color: #77777e;\">U drugom broju kolumne o umjetnosti predstavit \u0107u hrvatskog slikara srednje generacije,\u00a0 Aleksandra Bezinovi\u0107a \u010dije se likovno putovanje kre\u0107e izme\u0111u nekoliko stilova, ali u posljednjih nekoliko godina ostaje dosljedno istra\u017eivanju geometrijske apstrakcije te minimalizma. Bezinovi\u0107evi radovi uglavnom su monokromatski uz zanimljive detalje koji ga razlikuju od umjetnika na svjetskoj sceni koji naizgled prate sli\u010dne motive\/trendove stvaranja.\u00a0<\/span><\/p>\n<p style=\"text-align: justify;\"><span style=\"font-family: 'Open Sans',sans-serif; color: #77777e;\">Njegove slike nikada nisu vi\u0111ena crno bijela tematika, ve\u0107 ogled zakrivljenog geometrijskog modernizma s utjecajem kaligrafije i tipografskog dizajna, kao i drugih \u017eivotnih inspiracija.<br \/>\n<\/span><\/p>\n<p style=\"text-align: justify;\"><span style=\"font-family: 'Open Sans',sans-serif; color: #77777e;\">U protekloj izazovnoj godini izolacije i neizvjesnosti, vizualne umjetnosti nudile su neprocjenjiv izvor utjehe, rastresenosti i radosti. Od duhovnih veza do aktivizma u zajednici i dobrodo\u0161le doze humora, Aleksandar je zasigurno jedan od umjetnika koji su obilje\u017eili moju 2020. godinu. Uz projekte koje je imao tijekom godine, redovno stvaranje, organizaciju velike izlo\u017ebe &#8216;Forgotten Passwords&#8217; u jednoj dubrova\u010dkoj galeriji, izlo\u017ebe u austrijskoj Gans galeriji te suradnju sa studijima za prodaju vintage dizajnerskog namje\u0161taja i umjetnina u LA i NY koji opskrbljuje svojim radovima obzirom da su se zapadnjaci ve\u0107 ranije zaljubili u njegovo stvarala\u0161tvo, Bezinovi\u0107 je me\u0111u prvima iskazao \u017eelju za sudjelovanjem u organiziranoj pomo\u0107i za Petrovu bolnicu nakon potresa donacijom prekrasnog rada ve\u0107eg formata &#8216;Petlja&#8217;.<\/span><\/p>\n<p><img loading=\"lazy\" decoding=\"async\" class=\"aligncenter wp-image-96 size-full\" src=\"https:\/\/galerijakaptol.hr\/wp-content\/uploads\/2023\/09\/Aleksandar-Bezinovic-2.jpg\" alt=\"\" width=\"580\" height=\"580\" srcset=\"https:\/\/galerijakaptol.hr\/wp-content\/uploads\/2023\/09\/Aleksandar-Bezinovic-2.jpg 580w, https:\/\/galerijakaptol.hr\/wp-content\/uploads\/2023\/09\/Aleksandar-Bezinovic-2-300x300.jpg 300w, https:\/\/galerijakaptol.hr\/wp-content\/uploads\/2023\/09\/Aleksandar-Bezinovic-2-150x150.jpg 150w\" sizes=\"auto, (max-width: 580px) 100vw, 580px\" \/><\/p>\n<p style=\"text-align: justify;\"><span style=\"font-family: 'Open Sans',sans-serif; color: #77777e;\">Jedinstvenost Bezinovi\u0107evog stvarala\u0161tva nalazi se u slo\u017eeno slojevitoj povr\u0161ini njegovih slika. Na prvi pogled mo\u017eda nevidljivi, odre\u0111eni elementi postepeno su urezivani u teksturu umjetni\u010dkog rada raznim alatima koji kompoziciji pridaju izvornost i pomalo sugeriraju postupak stvarne, osobne izrade.<\/span><\/p>\n<p style=\"text-align: justify;\"><span style=\"font-family: 'Open Sans',sans-serif; color: #77777e;\">\u00a0<\/span><\/p>\n<p style=\"text-align: justify;\"><span style=\"font-family: 'Open Sans',sans-serif; color: #77777e;\">U godini kada su klubovi i glazbena mjesta ostali jezivo prazni zbog globalne pandemije, smatram da je va\u017ean trenutak za proslavu zajednica koje ih \u010dine, a tu je utjecaj glazbenog stvarala\u0161tva kako na mnoge slikare, tako i na Bezinovi\u0107a ostavio traga. Uz to, moram priznati da me nerijetko Aleksandrove Petlje podsje\u0107aju upravo na note i slobodu stvaranja novih melodija.<\/span><\/p>\n<p style=\"text-align: justify;\"><span style=\"font-family: 'Open Sans',sans-serif; color: #77777e;\">Iako sam u prilici da svaki dan gledam njegove slike, Bezinovi\u0107ev rad i dalje me privla\u010di i uzbu\u0111uje. Prikazuju\u0107i apstraktne motive, Bezinovi\u0107 proporcije i &#8216;repertoar&#8217; slike odre\u0111uje postavljanjem krugova unutar koordinatnog sustava, odnosno kri\u017ea, povezivanjem tih krugova raznim pokretima razvijaju se uvijek originalni oblici.\u00a0<\/span><\/p>\n<p style=\"text-align: justify;\"><span style=\"font-family: 'Open Sans',sans-serif; color: #77777e;\">U stvaranju, Bezinovi\u0107 uspjeva posti\u0107i odli\u010dnu ravnote\u017eu izme\u0111u kontrole i improvizacije, a tako i povr\u0161ina njegovih radova ostavlja dojam konzistencije sirovog i slojevitog.\u00a0\u00a0<\/span><\/p>\n<p style=\"text-align: justify;\"><span style=\"font-family: 'Open Sans',sans-serif; color: #77777e;\"><img loading=\"lazy\" decoding=\"async\" class=\"aligncenter wp-image-102 size-full\" src=\"https:\/\/galerijakaptol.hr\/wp-content\/uploads\/2023\/09\/Aleksandar-Bezinovic-3.jpg\" alt=\"\" width=\"560\" height=\"374\" srcset=\"https:\/\/galerijakaptol.hr\/wp-content\/uploads\/2023\/09\/Aleksandar-Bezinovic-3.jpg 560w, https:\/\/galerijakaptol.hr\/wp-content\/uploads\/2023\/09\/Aleksandar-Bezinovic-3-300x200.jpg 300w\" sizes=\"auto, (max-width: 560px) 100vw, 560px\" \/><\/span><\/p>\n<p style=\"text-align: center;\"><span style=\"font-family: 'Open Sans',sans-serif; color: #77777e;\">Foto album: A. Bezinovi\u0107<\/span><\/p>\n<p style=\"text-align: justify;\"><span style=\"font-family: 'Open Sans',sans-serif; color: #77777e;\">Bezinovi\u0107eva tehnika slikanja toliko je dobra, kao i njegov ukusan, inteligentan na\u010din odabira elemenata i organiziranja u sliku.\u00a0<\/span><\/p>\n<p style=\"text-align: justify;\"><span style=\"font-family: 'Open Sans',sans-serif; color: #77777e;\">Protekle godine dok sam se skrivala u svome stanu \u010desto osje\u0107aju\u0107i nemirno, pogled na Bezinovi\u0107eve slike pomogao mi je da zalutam u neki drugi svijet.\u00a0<\/span><\/p>\n<p><img loading=\"lazy\" decoding=\"async\" class=\"aligncenter wp-image-101 size-full\" src=\"https:\/\/galerijakaptol.hr\/wp-content\/uploads\/2023\/09\/Aleksandar-Bezinovic-4.jpg\" alt=\"\" width=\"624\" height=\"468\" srcset=\"https:\/\/galerijakaptol.hr\/wp-content\/uploads\/2023\/09\/Aleksandar-Bezinovic-4.jpg 624w, https:\/\/galerijakaptol.hr\/wp-content\/uploads\/2023\/09\/Aleksandar-Bezinovic-4-300x225.jpg 300w\" sizes=\"auto, (max-width: 624px) 100vw, 624px\" \/><\/p>\n<p style=\"text-align: justify;\"><span style=\"font-family: 'Open Sans',sans-serif; color: #77777e;\">Za razliku od drugih suvremenih umjetnika koji \u010desto stvaraju za galerije, Bezinovi\u0107eva praksa, na sre\u0107u, postoji i izvan granica zatvorenog prostora, ali i izvan granica vremena. A tome pridodaje \u010dinjenica Bezinovi\u0107eve \u0161irine kreiranja koji je dugo godina radio kao scenski <\/span><span style=\"font-family: 'Open Sans',sans-serif; color: #77777e;\">slikar na kazali\u0161nim i filmskim projektima od nezavisnih studentskih produkcija do Ratova zvijezda.<\/span><\/p>\n<p><img loading=\"lazy\" decoding=\"async\" class=\"aligncenter wp-image-100 size-full\" src=\"https:\/\/galerijakaptol.hr\/wp-content\/uploads\/2023\/09\/Aleksandar-Bezinovic-5.jpg\" alt=\"\" width=\"586\" height=\"740\" srcset=\"https:\/\/galerijakaptol.hr\/wp-content\/uploads\/2023\/09\/Aleksandar-Bezinovic-5.jpg 586w, https:\/\/galerijakaptol.hr\/wp-content\/uploads\/2023\/09\/Aleksandar-Bezinovic-5-238x300.jpg 238w\" sizes=\"auto, (max-width: 586px) 100vw, 586px\" \/><\/p>\n<p style=\"text-align: justify;\"><span style=\"font-family: 'Open Sans',sans-serif; color: #77777e;\">Elegantni ritam, puni oblik i (ne)formalni, minimalisti\u010dki jezik jest ono \u0161to, po meni, predstavlja divan element Bezinovi\u0107eva stvarala\u0161tva i mogu\u0107nost da se gledatelj upusti u meditativno, odnosno esejisti\u010dko promatranje slike.\u00a0<\/span><\/p>\n<p style=\"text-align: justify;\"><span style=\"font-family: 'Open Sans',sans-serif; color: #77777e;\">\u00a0<\/span><\/p>\n<p style=\"text-align: justify;\"><span style=\"font-family: 'Open Sans',sans-serif; color: #77777e;\">Ovaj umjetnik stekao je zavidnu vidljivost, od izlaganja na hrvatskim sajmovima umjetnina, preko me\u0111unarodnih galerija do toga da se njegovi radovi nalaze u brojnim privatnim kolekcijama, \u010dak i na drugim kontinentima. Bezinovi\u0107 daje primjer, nadahnjuju\u0107i nas sve da izravnom akcijom premostimo praznine izme\u0111u umjetnosti i vrijednosti. Jedno jest zasigurno jasno, a to je da Bezinovi\u0107 pripada me\u0111u cijenjene autore 21. stolje\u0107a pa \u0107e tako i vrijednost njegovih slika s vremenom samo rasti.<\/span><\/p>\n<p><img loading=\"lazy\" decoding=\"async\" class=\"aligncenter wp-image-99 size-full\" src=\"https:\/\/galerijakaptol.hr\/wp-content\/uploads\/2023\/09\/Aleksandar-Bezinovic-6.jpg\" alt=\"\" width=\"624\" height=\"530\" srcset=\"https:\/\/galerijakaptol.hr\/wp-content\/uploads\/2023\/09\/Aleksandar-Bezinovic-6.jpg 624w, https:\/\/galerijakaptol.hr\/wp-content\/uploads\/2023\/09\/Aleksandar-Bezinovic-6-300x255.jpg 300w\" sizes=\"auto, (max-width: 624px) 100vw, 624px\" \/><\/p>\n<p style=\"text-align: justify;\"><span style=\"font-family: 'Open Sans',sans-serif; color: #77777e;\">Vi\u0161e sam puta u protekloj godini spomenula Bezinovi\u0107evo ime u razgovorima, jer mi je njegov rad ostavio traga na umu, ne\u0161to \u0161to je mo\u017eda ponekad u potpunosti neshvatljivo, a opet tako opu\u0161taju\u0107e i sigurno.\u00a0<\/span><\/p>\n<p style=\"text-align: justify;\"><span style=\"font-family: 'Open Sans',sans-serif; color: #77777e;\">Ako i vi \u017eelite otputovati u neke druge galaksije, makar i nakratko, predla\u017eem da posjetite Galeriju Kaptol gdje radove mo\u017eete vidjeti u\u017eivo.<\/span><\/p>\n<p><img loading=\"lazy\" decoding=\"async\" class=\"aligncenter wp-image-98 size-full\" src=\"https:\/\/galerijakaptol.hr\/wp-content\/uploads\/2023\/09\/Aleksandar-Bezinovic-7.jpg\" alt=\"\" width=\"624\" height=\"825\" srcset=\"https:\/\/galerijakaptol.hr\/wp-content\/uploads\/2023\/09\/Aleksandar-Bezinovic-7.jpg 624w, https:\/\/galerijakaptol.hr\/wp-content\/uploads\/2023\/09\/Aleksandar-Bezinovic-7-227x300.jpg 227w\" sizes=\"auto, (max-width: 624px) 100vw, 624px\" \/><\/p>\n","protected":false},"excerpt":{"rendered":"<p>\u00a0 Foto album: A. Bezinovi\u0107 U drugom broju kolumne o umjetnosti predstavit \u0107u hrvatskog slikara srednje generacije,\u00a0 Aleksandra Bezinovi\u0107a \u010dije se likovno putovanje kre\u0107e izme\u0111u nekoliko stilova, ali u posljednjih nekoliko godina ostaje dosljedno istra\u017eivanju geometrijske apstrakcije te minimalizma. Bezinovi\u0107evi radovi uglavnom su monokromatski uz zanimljive detalje koji ga razlikuju od umjetnika na svjetskoj sceni [&hellip;]<\/p>\n","protected":false},"author":1,"featured_media":97,"comment_status":"closed","ping_status":"open","sticky":false,"template":"single-no-separators","format":"standard","meta":{"_jetpack_memberships_contains_paid_content":false,"footnotes":""},"categories":[1],"tags":[],"class_list":["post-95","post","type-post","status-publish","format-standard","has-post-thumbnail","hentry","category-uncategorized"],"yoast_head":"<!-- This site is optimized with the Yoast SEO plugin v27.5 - https:\/\/yoast.com\/product\/yoast-seo-wordpress\/ -->\n<title>UMJETNI\u010cKO STVARALA\u0160TVO ALEKSANDRA BEZINOVI\u0106A - Galerija umjetnina<\/title>\n<meta name=\"robots\" content=\"index, follow, max-snippet:-1, max-image-preview:large, max-video-preview:-1\" \/>\n<link rel=\"canonical\" href=\"https:\/\/galerijakaptol.hr\/index.php\/2023\/09\/10\/umjetnicko-stvaralastvo-aleksandra-bezinovica\/\" \/>\n<meta property=\"og:locale\" content=\"hr_HR\" \/>\n<meta property=\"og:type\" content=\"article\" \/>\n<meta property=\"og:title\" content=\"UMJETNI\u010cKO STVARALA\u0160TVO ALEKSANDRA BEZINOVI\u0106A - Galerija umjetnina\" \/>\n<meta property=\"og:description\" content=\"\u00a0 Foto album: A. Bezinovi\u0107 U drugom broju kolumne o umjetnosti predstavit \u0107u hrvatskog slikara srednje generacije,\u00a0 Aleksandra Bezinovi\u0107a \u010dije se likovno putovanje kre\u0107e izme\u0111u nekoliko stilova, ali u posljednjih nekoliko godina ostaje dosljedno istra\u017eivanju geometrijske apstrakcije te minimalizma. Bezinovi\u0107evi radovi uglavnom su monokromatski uz zanimljive detalje koji ga razlikuju od umjetnika na svjetskoj sceni [&hellip;]\" \/>\n<meta property=\"og:url\" content=\"https:\/\/galerijakaptol.hr\/index.php\/2023\/09\/10\/umjetnicko-stvaralastvo-aleksandra-bezinovica\/\" \/>\n<meta property=\"og:site_name\" content=\"Galerija umjetnina\" \/>\n<meta property=\"article:published_time\" content=\"2023-09-10T17:29:12+00:00\" \/>\n<meta property=\"og:image\" content=\"https:\/\/galerijakaptol.hr\/wp-content\/uploads\/2023\/09\/Aleksandar-Bezinovic-1.jpg\" \/>\n\t<meta property=\"og:image:width\" content=\"624\" \/>\n\t<meta property=\"og:image:height\" content=\"408\" \/>\n\t<meta property=\"og:image:type\" content=\"image\/jpeg\" \/>\n<meta name=\"author\" content=\"admin\" \/>\n<meta name=\"twitter:card\" content=\"summary_large_image\" \/>\n<meta name=\"twitter:label1\" content=\"Napisao\/la\" \/>\n\t<meta name=\"twitter:data1\" content=\"admin\" \/>\n\t<meta name=\"twitter:label2\" content=\"Procijenjeno vrijeme \u010ditanja\" \/>\n\t<meta name=\"twitter:data2\" content=\"5 minuta\" \/>\n<script type=\"application\/ld+json\" class=\"yoast-schema-graph\">{\"@context\":\"https:\\\/\\\/schema.org\",\"@graph\":[{\"@type\":\"Article\",\"@id\":\"https:\\\/\\\/galerijakaptol.hr\\\/index.php\\\/2023\\\/09\\\/10\\\/umjetnicko-stvaralastvo-aleksandra-bezinovica\\\/#article\",\"isPartOf\":{\"@id\":\"https:\\\/\\\/galerijakaptol.hr\\\/index.php\\\/2023\\\/09\\\/10\\\/umjetnicko-stvaralastvo-aleksandra-bezinovica\\\/\"},\"author\":{\"name\":\"admin\",\"@id\":\"https:\\\/\\\/galerijakaptol.hr\\\/#\\\/schema\\\/person\\\/f3d1dc228981eca5894740a7ccd795df\"},\"headline\":\"UMJETNI\u010cKO STVARALA\u0160TVO ALEKSANDRA BEZINOVI\u0106A\",\"datePublished\":\"2023-09-10T17:29:12+00:00\",\"mainEntityOfPage\":{\"@id\":\"https:\\\/\\\/galerijakaptol.hr\\\/index.php\\\/2023\\\/09\\\/10\\\/umjetnicko-stvaralastvo-aleksandra-bezinovica\\\/\"},\"wordCount\":695,\"publisher\":{\"@id\":\"https:\\\/\\\/galerijakaptol.hr\\\/#organization\"},\"image\":{\"@id\":\"https:\\\/\\\/galerijakaptol.hr\\\/index.php\\\/2023\\\/09\\\/10\\\/umjetnicko-stvaralastvo-aleksandra-bezinovica\\\/#primaryimage\"},\"thumbnailUrl\":\"https:\\\/\\\/galerijakaptol.hr\\\/wp-content\\\/uploads\\\/2023\\\/09\\\/Aleksandar-Bezinovic-1.jpg\",\"articleSection\":[\"Blog\"],\"inLanguage\":\"hr\"},{\"@type\":\"WebPage\",\"@id\":\"https:\\\/\\\/galerijakaptol.hr\\\/index.php\\\/2023\\\/09\\\/10\\\/umjetnicko-stvaralastvo-aleksandra-bezinovica\\\/\",\"url\":\"https:\\\/\\\/galerijakaptol.hr\\\/index.php\\\/2023\\\/09\\\/10\\\/umjetnicko-stvaralastvo-aleksandra-bezinovica\\\/\",\"name\":\"UMJETNI\u010cKO STVARALA\u0160TVO ALEKSANDRA BEZINOVI\u0106A - Galerija umjetnina\",\"isPartOf\":{\"@id\":\"https:\\\/\\\/galerijakaptol.hr\\\/#website\"},\"primaryImageOfPage\":{\"@id\":\"https:\\\/\\\/galerijakaptol.hr\\\/index.php\\\/2023\\\/09\\\/10\\\/umjetnicko-stvaralastvo-aleksandra-bezinovica\\\/#primaryimage\"},\"image\":{\"@id\":\"https:\\\/\\\/galerijakaptol.hr\\\/index.php\\\/2023\\\/09\\\/10\\\/umjetnicko-stvaralastvo-aleksandra-bezinovica\\\/#primaryimage\"},\"thumbnailUrl\":\"https:\\\/\\\/galerijakaptol.hr\\\/wp-content\\\/uploads\\\/2023\\\/09\\\/Aleksandar-Bezinovic-1.jpg\",\"datePublished\":\"2023-09-10T17:29:12+00:00\",\"breadcrumb\":{\"@id\":\"https:\\\/\\\/galerijakaptol.hr\\\/index.php\\\/2023\\\/09\\\/10\\\/umjetnicko-stvaralastvo-aleksandra-bezinovica\\\/#breadcrumb\"},\"inLanguage\":\"hr\",\"potentialAction\":[{\"@type\":\"ReadAction\",\"target\":[\"https:\\\/\\\/galerijakaptol.hr\\\/index.php\\\/2023\\\/09\\\/10\\\/umjetnicko-stvaralastvo-aleksandra-bezinovica\\\/\"]}]},{\"@type\":\"ImageObject\",\"inLanguage\":\"hr\",\"@id\":\"https:\\\/\\\/galerijakaptol.hr\\\/index.php\\\/2023\\\/09\\\/10\\\/umjetnicko-stvaralastvo-aleksandra-bezinovica\\\/#primaryimage\",\"url\":\"https:\\\/\\\/galerijakaptol.hr\\\/wp-content\\\/uploads\\\/2023\\\/09\\\/Aleksandar-Bezinovic-1.jpg\",\"contentUrl\":\"https:\\\/\\\/galerijakaptol.hr\\\/wp-content\\\/uploads\\\/2023\\\/09\\\/Aleksandar-Bezinovic-1.jpg\",\"width\":624,\"height\":408},{\"@type\":\"BreadcrumbList\",\"@id\":\"https:\\\/\\\/galerijakaptol.hr\\\/index.php\\\/2023\\\/09\\\/10\\\/umjetnicko-stvaralastvo-aleksandra-bezinovica\\\/#breadcrumb\",\"itemListElement\":[{\"@type\":\"ListItem\",\"position\":1,\"name\":\"Po\u010detna stranica\",\"item\":\"https:\\\/\\\/galerijakaptol.hr\\\/\"},{\"@type\":\"ListItem\",\"position\":2,\"name\":\"UMJETNI\u010cKO STVARALA\u0160TVO ALEKSANDRA BEZINOVI\u0106A\"}]},{\"@type\":\"WebSite\",\"@id\":\"https:\\\/\\\/galerijakaptol.hr\\\/#website\",\"url\":\"https:\\\/\\\/galerijakaptol.hr\\\/\",\"name\":\"Galerija umjetnina\",\"description\":\"\",\"publisher\":{\"@id\":\"https:\\\/\\\/galerijakaptol.hr\\\/#organization\"},\"potentialAction\":[{\"@type\":\"SearchAction\",\"target\":{\"@type\":\"EntryPoint\",\"urlTemplate\":\"https:\\\/\\\/galerijakaptol.hr\\\/?s={search_term_string}\"},\"query-input\":{\"@type\":\"PropertyValueSpecification\",\"valueRequired\":true,\"valueName\":\"search_term_string\"}}],\"inLanguage\":\"hr\"},{\"@type\":\"Organization\",\"@id\":\"https:\\\/\\\/galerijakaptol.hr\\\/#organization\",\"name\":\"Galerija umjetnina\",\"url\":\"https:\\\/\\\/galerijakaptol.hr\\\/\",\"logo\":{\"@type\":\"ImageObject\",\"inLanguage\":\"hr\",\"@id\":\"https:\\\/\\\/galerijakaptol.hr\\\/#\\\/schema\\\/logo\\\/image\\\/\",\"url\":\"https:\\\/\\\/galerijakaptol.hr\\\/wp-content\\\/uploads\\\/2023\\\/09\\\/logo-Kaptol-Galerija.png\",\"contentUrl\":\"https:\\\/\\\/galerijakaptol.hr\\\/wp-content\\\/uploads\\\/2023\\\/09\\\/logo-Kaptol-Galerija.png\",\"width\":342,\"height\":72,\"caption\":\"Galerija umjetnina\"},\"image\":{\"@id\":\"https:\\\/\\\/galerijakaptol.hr\\\/#\\\/schema\\\/logo\\\/image\\\/\"}},{\"@type\":\"Person\",\"@id\":\"https:\\\/\\\/galerijakaptol.hr\\\/#\\\/schema\\\/person\\\/f3d1dc228981eca5894740a7ccd795df\",\"name\":\"admin\",\"sameAs\":[\"https:\\\/\\\/galerijakaptol.hr\"],\"url\":\"https:\\\/\\\/galerijakaptol.hr\\\/index.php\\\/author\\\/admin_gk\\\/\"}]}<\/script>\n<!-- \/ Yoast SEO plugin. -->","yoast_head_json":{"title":"UMJETNI\u010cKO STVARALA\u0160TVO ALEKSANDRA BEZINOVI\u0106A - Galerija umjetnina","robots":{"index":"index","follow":"follow","max-snippet":"max-snippet:-1","max-image-preview":"max-image-preview:large","max-video-preview":"max-video-preview:-1"},"canonical":"https:\/\/galerijakaptol.hr\/index.php\/2023\/09\/10\/umjetnicko-stvaralastvo-aleksandra-bezinovica\/","og_locale":"hr_HR","og_type":"article","og_title":"UMJETNI\u010cKO STVARALA\u0160TVO ALEKSANDRA BEZINOVI\u0106A - Galerija umjetnina","og_description":"\u00a0 Foto album: A. Bezinovi\u0107 U drugom broju kolumne o umjetnosti predstavit \u0107u hrvatskog slikara srednje generacije,\u00a0 Aleksandra Bezinovi\u0107a \u010dije se likovno putovanje kre\u0107e izme\u0111u nekoliko stilova, ali u posljednjih nekoliko godina ostaje dosljedno istra\u017eivanju geometrijske apstrakcije te minimalizma. Bezinovi\u0107evi radovi uglavnom su monokromatski uz zanimljive detalje koji ga razlikuju od umjetnika na svjetskoj sceni [&hellip;]","og_url":"https:\/\/galerijakaptol.hr\/index.php\/2023\/09\/10\/umjetnicko-stvaralastvo-aleksandra-bezinovica\/","og_site_name":"Galerija umjetnina","article_published_time":"2023-09-10T17:29:12+00:00","og_image":[{"width":624,"height":408,"url":"https:\/\/galerijakaptol.hr\/wp-content\/uploads\/2023\/09\/Aleksandar-Bezinovic-1.jpg","type":"image\/jpeg"}],"author":"admin","twitter_card":"summary_large_image","twitter_misc":{"Napisao\/la":"admin","Procijenjeno vrijeme \u010ditanja":"5 minuta"},"schema":{"@context":"https:\/\/schema.org","@graph":[{"@type":"Article","@id":"https:\/\/galerijakaptol.hr\/index.php\/2023\/09\/10\/umjetnicko-stvaralastvo-aleksandra-bezinovica\/#article","isPartOf":{"@id":"https:\/\/galerijakaptol.hr\/index.php\/2023\/09\/10\/umjetnicko-stvaralastvo-aleksandra-bezinovica\/"},"author":{"name":"admin","@id":"https:\/\/galerijakaptol.hr\/#\/schema\/person\/f3d1dc228981eca5894740a7ccd795df"},"headline":"UMJETNI\u010cKO STVARALA\u0160TVO ALEKSANDRA BEZINOVI\u0106A","datePublished":"2023-09-10T17:29:12+00:00","mainEntityOfPage":{"@id":"https:\/\/galerijakaptol.hr\/index.php\/2023\/09\/10\/umjetnicko-stvaralastvo-aleksandra-bezinovica\/"},"wordCount":695,"publisher":{"@id":"https:\/\/galerijakaptol.hr\/#organization"},"image":{"@id":"https:\/\/galerijakaptol.hr\/index.php\/2023\/09\/10\/umjetnicko-stvaralastvo-aleksandra-bezinovica\/#primaryimage"},"thumbnailUrl":"https:\/\/galerijakaptol.hr\/wp-content\/uploads\/2023\/09\/Aleksandar-Bezinovic-1.jpg","articleSection":["Blog"],"inLanguage":"hr"},{"@type":"WebPage","@id":"https:\/\/galerijakaptol.hr\/index.php\/2023\/09\/10\/umjetnicko-stvaralastvo-aleksandra-bezinovica\/","url":"https:\/\/galerijakaptol.hr\/index.php\/2023\/09\/10\/umjetnicko-stvaralastvo-aleksandra-bezinovica\/","name":"UMJETNI\u010cKO STVARALA\u0160TVO ALEKSANDRA BEZINOVI\u0106A - Galerija umjetnina","isPartOf":{"@id":"https:\/\/galerijakaptol.hr\/#website"},"primaryImageOfPage":{"@id":"https:\/\/galerijakaptol.hr\/index.php\/2023\/09\/10\/umjetnicko-stvaralastvo-aleksandra-bezinovica\/#primaryimage"},"image":{"@id":"https:\/\/galerijakaptol.hr\/index.php\/2023\/09\/10\/umjetnicko-stvaralastvo-aleksandra-bezinovica\/#primaryimage"},"thumbnailUrl":"https:\/\/galerijakaptol.hr\/wp-content\/uploads\/2023\/09\/Aleksandar-Bezinovic-1.jpg","datePublished":"2023-09-10T17:29:12+00:00","breadcrumb":{"@id":"https:\/\/galerijakaptol.hr\/index.php\/2023\/09\/10\/umjetnicko-stvaralastvo-aleksandra-bezinovica\/#breadcrumb"},"inLanguage":"hr","potentialAction":[{"@type":"ReadAction","target":["https:\/\/galerijakaptol.hr\/index.php\/2023\/09\/10\/umjetnicko-stvaralastvo-aleksandra-bezinovica\/"]}]},{"@type":"ImageObject","inLanguage":"hr","@id":"https:\/\/galerijakaptol.hr\/index.php\/2023\/09\/10\/umjetnicko-stvaralastvo-aleksandra-bezinovica\/#primaryimage","url":"https:\/\/galerijakaptol.hr\/wp-content\/uploads\/2023\/09\/Aleksandar-Bezinovic-1.jpg","contentUrl":"https:\/\/galerijakaptol.hr\/wp-content\/uploads\/2023\/09\/Aleksandar-Bezinovic-1.jpg","width":624,"height":408},{"@type":"BreadcrumbList","@id":"https:\/\/galerijakaptol.hr\/index.php\/2023\/09\/10\/umjetnicko-stvaralastvo-aleksandra-bezinovica\/#breadcrumb","itemListElement":[{"@type":"ListItem","position":1,"name":"Po\u010detna stranica","item":"https:\/\/galerijakaptol.hr\/"},{"@type":"ListItem","position":2,"name":"UMJETNI\u010cKO STVARALA\u0160TVO ALEKSANDRA BEZINOVI\u0106A"}]},{"@type":"WebSite","@id":"https:\/\/galerijakaptol.hr\/#website","url":"https:\/\/galerijakaptol.hr\/","name":"Galerija umjetnina","description":"","publisher":{"@id":"https:\/\/galerijakaptol.hr\/#organization"},"potentialAction":[{"@type":"SearchAction","target":{"@type":"EntryPoint","urlTemplate":"https:\/\/galerijakaptol.hr\/?s={search_term_string}"},"query-input":{"@type":"PropertyValueSpecification","valueRequired":true,"valueName":"search_term_string"}}],"inLanguage":"hr"},{"@type":"Organization","@id":"https:\/\/galerijakaptol.hr\/#organization","name":"Galerija umjetnina","url":"https:\/\/galerijakaptol.hr\/","logo":{"@type":"ImageObject","inLanguage":"hr","@id":"https:\/\/galerijakaptol.hr\/#\/schema\/logo\/image\/","url":"https:\/\/galerijakaptol.hr\/wp-content\/uploads\/2023\/09\/logo-Kaptol-Galerija.png","contentUrl":"https:\/\/galerijakaptol.hr\/wp-content\/uploads\/2023\/09\/logo-Kaptol-Galerija.png","width":342,"height":72,"caption":"Galerija umjetnina"},"image":{"@id":"https:\/\/galerijakaptol.hr\/#\/schema\/logo\/image\/"}},{"@type":"Person","@id":"https:\/\/galerijakaptol.hr\/#\/schema\/person\/f3d1dc228981eca5894740a7ccd795df","name":"admin","sameAs":["https:\/\/galerijakaptol.hr"],"url":"https:\/\/galerijakaptol.hr\/index.php\/author\/admin_gk\/"}]}},"jetpack_featured_media_url":"https:\/\/galerijakaptol.hr\/wp-content\/uploads\/2023\/09\/Aleksandar-Bezinovic-1.jpg","jetpack_sharing_enabled":true,"_links":{"self":[{"href":"https:\/\/galerijakaptol.hr\/index.php\/wp-json\/wp\/v2\/posts\/95","targetHints":{"allow":["GET"]}}],"collection":[{"href":"https:\/\/galerijakaptol.hr\/index.php\/wp-json\/wp\/v2\/posts"}],"about":[{"href":"https:\/\/galerijakaptol.hr\/index.php\/wp-json\/wp\/v2\/types\/post"}],"author":[{"embeddable":true,"href":"https:\/\/galerijakaptol.hr\/index.php\/wp-json\/wp\/v2\/users\/1"}],"replies":[{"embeddable":true,"href":"https:\/\/galerijakaptol.hr\/index.php\/wp-json\/wp\/v2\/comments?post=95"}],"version-history":[{"count":1,"href":"https:\/\/galerijakaptol.hr\/index.php\/wp-json\/wp\/v2\/posts\/95\/revisions"}],"predecessor-version":[{"id":103,"href":"https:\/\/galerijakaptol.hr\/index.php\/wp-json\/wp\/v2\/posts\/95\/revisions\/103"}],"wp:featuredmedia":[{"embeddable":true,"href":"https:\/\/galerijakaptol.hr\/index.php\/wp-json\/wp\/v2\/media\/97"}],"wp:attachment":[{"href":"https:\/\/galerijakaptol.hr\/index.php\/wp-json\/wp\/v2\/media?parent=95"}],"wp:term":[{"taxonomy":"category","embeddable":true,"href":"https:\/\/galerijakaptol.hr\/index.php\/wp-json\/wp\/v2\/categories?post=95"},{"taxonomy":"post_tag","embeddable":true,"href":"https:\/\/galerijakaptol.hr\/index.php\/wp-json\/wp\/v2\/tags?post=95"}],"curies":[{"name":"wp","href":"https:\/\/api.w.org\/{rel}","templated":true}]}}